{"id":16617,"date":"2018-05-02T10:27:01","date_gmt":"2018-05-02T08:27:01","guid":{"rendered":"https:\/\/www.fahrrad-xxl.at\/blog\/?p=16617"},"modified":"2024-09-02T18:35:21","modified_gmt":"2024-09-02T16:35:21","slug":"alpe-du-zwift","status":"publish","type":"post","link":"https:\/\/www.fahrrad-xxl.at\/blog\/alpe-du-zwift\/","title":{"rendered":"Ab in die Berge mit Alpe du Zwift"},"content":{"rendered":"<section class=\"wpb-content-wrapper\"><p>[vc_row][vc_column][vc_column_text]Sind die Entwickler jetzt komplett verr\u00fcckt geworden? Alpe du Zwift? Wie es der Name der neuen Strecke schon erahnen l\u00e4sst, wurde der legend\u00e4re und von der Tour de France bekannte Anstieg Alpe d&#8217;Huez nachgebaut. Was bedeutet das in Worten? Insgesamt 12,2 km Anstieg mit insgesamt 1036 H\u00f6henmetern. Das ist eine Steigung von 8,5% im Schnitt. Verr\u00fcckt, betrug die H\u00f6hendifferenz des bis dato l\u00e4ngsten Anstiegs (Epic KOM) gerade einmal \u00fcberschaubare 414 H\u00f6henmeter. Das Sch\u00f6ne an Alpe du Zwift sind die 21 Kehren, denn diese machen den Anstieg erst recht zu einem echten Erlebnis.<\/p>\n<p>Daraus sind drei neue Routen entstanden:<\/p>\n<ul>\n<li>Four Horsemen: 89,3 km und 2112 H\u00f6henmeter<\/li>\n<li>Road to Sky: 19,9 km und 1144 H\u00f6henmeter<\/li>\n<li>Tour of Fire and Ice: 25,1 km und 1166 H\u00f6henmeter<\/li>\n<\/ul>\n<p>[\/vc_column_text][\/vc_column][\/vc_row][vc_row][vc_column width=&#8220;1\/1&#8243;]<div class=\"flexslider wpb_content_element\"><ul class=\"slides\"><li><img src=\"https:\/\/www.fahrrad-xxl.at\/blog\/wp-content\/uploads\/2018\/05\/Alp-du-Zwift-2.jpg\" alt=\"Ein Bergdorf in Alp du Zwift\" \/><\/li><li><img src=\"https:\/\/www.fahrrad-xxl.at\/blog\/wp-content\/uploads\/2018\/05\/Alp-du-Zwift-3.jpg\" alt=\"Alp du Zwift\" \/><\/li><\/ul><\/div>[\/vc_column][\/vc_row][vc_row][vc_column][vc_column_text]<\/p>\n<div class=\"uk-width-1-1 grid-element\" data-ope-key=\"app_17_4544\">\n<p id=\"Neuerungen\">Habt ihr nach l\u00e4ngerer oder k\u00fcrzerer Qu\u00e4lerei den Gipfel erreicht, wartet ein Gl\u00fccksrad auf euch. Dort k\u00f6nnt ihr verschiedene Ausr\u00fcstungsgegenst\u00e4nde wie Laufr\u00e4der, Helme u.\u00c4. gewinnen. Und das jedes Mal, wenn ihr den Anstieg bezwingt! Solltet ihr den Gegenstand schon besitzen, erhaltet ihr 250 XP und geht damit nicht leer aus.<\/p>\n<\/div>\n<p>[\/vc_column_text][\/vc_column][\/vc_row][vc_row][vc_column width=&#8220;1\/1&#8243;]<div class=\"flexslider wpb_content_element\"><ul class=\"slides\"><li><img src=\"https:\/\/www.fahrrad-xxl.at\/blog\/wp-content\/uploads\/2018\/05\/Alp-du-Zwift-Gl\u00fccksrad.jpg\" alt=\"Alp du Zwift Gl\u00fccksrad\" \/><\/li><li><img src=\"https:\/\/www.fahrrad-xxl.at\/blog\/wp-content\/uploads\/2018\/05\/Alp-du-Zwift-4.jpg\" alt=\"Alp du Zwift zeigt die verbleibenden Kehren an\" \/><\/li><\/ul><\/div>[\/vc_column][\/vc_row][vc_row][vc_column][vc_column_text]Zu dem ganzen Spektakel kommen noch zwei neue Auszeichnungen dazu.<\/p>\n<ul>\n<li>Avid Climber: Hierf\u00fcr m\u00fcsst ihr den Anstieg insgesamt 5 mal bezwingen.<\/li>\n<li>Masochist: F\u00fcr die ganz Harten gibt es zudem den Masochist. Diese Auszeichnung erhaltet ihr, nachdem ihr Alp du Zwift insgesamt 25 mal gefahren seid. Ja, richtig gelesen, 25!<\/li>\n<\/ul>\n<p>Als kleiner Tipp: Das beste Setup f\u00fcr Alpe du Zwift ist Folgendes:<\/p>\n<ol>\n<li>Trek Emonda Frameset mit Lightweight Laufr\u00e4dern<\/li>\n<li>Specialized Tarmac mit Lightweight Laufr\u00e4dern<\/li>\n<li>Tron Bike<\/li>\n<\/ol>\n<p>Wer noch keine Lightweight Laufr\u00e4der besitzt, kann als Alternative die Zipp 202 verwenden.<\/p>\n<p>Leider gibt es auch eine nicht ganz erfreuliche Nachricht. Es wird mindestens Level 12 ben\u00f6tigt, damit Alpe du Zwift gefahren werden kann.[\/vc_column_text]<div class=\"spacer\" style=\"height: 20px;\"><\/div>[vc_row_inner][vc_column_inner width=&#8220;1\/2&#8243;]<a href=\"https:\/\/www.fahrrad-xxl.at\/fahrradzubehoer\/rollentrainer\/?fxxlint=blog-zwift-du-alpe-cta-1\" target=\"_blank\" class=\"button button-appear custom large \" style=\"background-color: #a82323; border-color: #a82323;border-radius: 30px;\"><span>Jetzt g\u00fcnstig unsere Rollentrainer entdecken entdecken<i class='fa fas fa-chevron-circle-right'><\/i><\/span><\/a>[\/vc_column_inner][vc_column_inner width=&#8220;1\/2&#8243;]<a href=\"https:\/\/www.fahrrad-xxl.at\/blog\/zwift\/?fxxlint=blog-zwift-du-alpe-cta-2\" target=\"_self\" class=\"button button-appear color-2 large \" style=\"border-radius: 30px;\"><span>N\u00fctzliche Informationen in unserem gro\u00dfen Zwift Beitrag erhalten<i class='fa fas fa-chevron-circle-right'><\/i><\/span><\/a>[\/vc_column_inner][\/vc_row_inner][\/vc_column][\/vc_row][vc_section][vc_row][vc_column width=&#8220;1\/12&#8243;][\/vc_column][vc_column width=&#8220;10\/12&#8243;][vc_column_text]<span class=\"dkdai-headline\">Das k\u00f6nnte dich auch interessieren<\/span>[\/vc_column_text]<div class=\"latest-blog style-white\"\"><div class=\"blog-carousel\"><div class=\"blog-item\"><a href=\"https:\/\/www.fahrrad-xxl.at\/blog\/giant-anytour-x-e1-im-test\/\" title=\"Giant Anytour X E+1 im Test: Ein Allrounder f\u00fcr Alltag und Abenteuer\" class=\"blog-pic\"><img src=\"https:\/\/www.fahrrad-xxl.at\/blog\/wp-content\/uploads\/2025\/01\/Giant-Anytour-X-E1-Test-600x400.jpg\" alt=\"Giant Anytour X E+1 im Test: Ein Allrounder f\u00fcr Alltag und Abenteuer\" \/><span class=\"blog-overlay\"><\/span><i class=\"fa fa-align-left\"><\/i><\/a><div class=\"blog-item-description\">\n\t\t\t\t\t\t\t<h4><a href=\"https:\/\/www.fahrrad-xxl.at\/blog\/giant-anytour-x-e1-im-test\/\" title=\"Giant Anytour X E+1 im Test: Ein Allrounder f\u00fcr Alltag und Abenteuer\">Giant Anytour X E+1 im Test: Ein Allrounder f\u00fcr Alltag und Abenteuer<\/a><\/h4>\n\t\t\t\t\t  \t\t<div>[vc_row][vc_column width=\"1\/1\"][vc_column_text]Lange Wochenendtouren durch die Natur oder kurze Strecken in der Stadt - E-Bikes sind l\u00e4ngst mehr als nur ein... <a class=\"read-more-link\" href=\"https:\/\/www.fahrrad-xxl.at\/blog\/giant-anytour-x-e1-im-test\/\">weiterlesen  &rarr;<\/a><\/div>\n\t\t\t\t\t  \t\t<span>28. Januar 2025<\/span>\n\t\t\t\t  \t\t<\/div><\/div><div class=\"blog-item\"><a href=\"https:\/\/www.fahrrad-xxl.at\/blog\/die-besten-city-bikes-und-city-e-bikes-2024-im-test\/\" title=\"Die besten City-Bikes und City-E-Bikes 2024 im Test\" class=\"blog-pic\"><img src=\"https:\/\/www.fahrrad-xxl.at\/blog\/wp-content\/uploads\/2025\/01\/2434-Header-Blog-City-Bike-Test-03-600x400.jpg\" alt=\"Die besten City-Bikes und City-E-Bikes 2024 im Test\" \/><span class=\"blog-overlay\"><\/span><i class=\"fa fa-align-left\"><\/i><\/a><div class=\"blog-item-description\">\n\t\t\t\t\t\t\t<h4><a href=\"https:\/\/www.fahrrad-xxl.at\/blog\/die-besten-city-bikes-und-city-e-bikes-2024-im-test\/\" title=\"Die besten City-Bikes und City-E-Bikes 2024 im Test\">Die besten City-Bikes und City-E-Bikes 2024 im Test<\/a><\/h4>\n\t\t\t\t\t  \t\t<div>[vc_section][vc_row][vc_column width=\"1\/1\"][vc_column_text]Du suchst das perfekte City-Bike oder City-E-Bike f\u00fcr den urbanen Alltag? Du bist auf der richtigen Spur. Hier erf\u00e4hrst... <a class=\"read-more-link\" href=\"https:\/\/www.fahrrad-xxl.at\/blog\/die-besten-city-bikes-und-city-e-bikes-2024-im-test\/\">weiterlesen  &rarr;<\/a><\/div>\n\t\t\t\t\t  \t\t<span>28. Januar 2025<\/span>\n\t\t\t\t  \t\t<\/div><\/div><div class=\"blog-item\"><a href=\"https:\/\/www.fahrrad-xxl.at\/blog\/bosch-e-bike-neuheiten\/\" title=\"Bosch E-Bike Neuheiten 2025: Der Bosch Performance Line SX 2.0 Motor\" class=\"blog-pic\"><img src=\"https:\/\/www.fahrrad-xxl.at\/blog\/wp-content\/uploads\/2023\/07\/Bosch-Neuheiten-2024-600x400.jpg\" alt=\"Bosch E-Bike Neuheiten 2025: Der Bosch Performance Line SX 2.0 Motor\" \/><span class=\"blog-overlay\"><\/span><i class=\"fa fa-align-left\"><\/i><\/a><div class=\"blog-item-description\">\n\t\t\t\t\t\t\t<h4><a href=\"https:\/\/www.fahrrad-xxl.at\/blog\/bosch-e-bike-neuheiten\/\" title=\"Bosch E-Bike Neuheiten 2025: Der Bosch Performance Line SX 2.0 Motor\">Bosch E-Bike Neuheiten 2025: Der Bosch Performance Line SX 2.0 Motor<\/a><\/h4>\n\t\t\t\t\t  \t\t<div>[vc_row][vc_column width=\"1\/1\"][vc_column_text]2025 bringt Bosch frischen Wind in die E-Bike-Welt. Weniger Gewicht, mehr Reichweite und smarte Technik machen dein Bike nicht... <a class=\"read-more-link\" href=\"https:\/\/www.fahrrad-xxl.at\/blog\/bosch-e-bike-neuheiten\/\">weiterlesen  &rarr;<\/a><\/div>\n\t\t\t\t\t  \t\t<span>28. Januar 2025<\/span>\n\t\t\t\t  \t\t<\/div><\/div><div class=\"blog-item\"><a href=\"https:\/\/www.fahrrad-xxl.at\/blog\/cube-neuheiten\/\" title=\"Cube Neuheiten 2025 &#8211; Alle Infos &#038; Highlights der neuen (E-)Bikes\" class=\"blog-pic\"><img src=\"https:\/\/www.fahrrad-xxl.at\/blog\/wp-content\/uploads\/2024\/12\/Cube_2023_12_06266_low-600x400.jpg\" alt=\"Cube Neuheiten 2025 &#8211; Alle Infos &#038; Highlights der neuen (E-)Bikes\" \/><span class=\"blog-overlay\"><\/span><i class=\"fa fa-align-left\"><\/i><\/a><div class=\"blog-item-description\">\n\t\t\t\t\t\t\t<h4><a href=\"https:\/\/www.fahrrad-xxl.at\/blog\/cube-neuheiten\/\" title=\"Cube Neuheiten 2025 &#8211; Alle Infos &#038; Highlights der neuen (E-)Bikes\">Cube Neuheiten 2025 &#8211; Alle Infos &#038; Highlights der neuen (E-)Bikes<\/a><\/h4>\n\t\t\t\t\t  \t\t<div>Cube bringt auch 2025 wieder frischen Wind auf den Fahrradmarkt. Mit \u00fcberarbeiteten Technologien, innovativen Designs und einer Modellvielfalt f\u00fcr unterschiedlichste... <a class=\"read-more-link\" href=\"https:\/\/www.fahrrad-xxl.at\/blog\/cube-neuheiten\/\">weiterlesen  &rarr;<\/a><\/div>\n\t\t\t\t\t  \t\t<span>28. Januar 2025<\/span>\n\t\t\t\t  \t\t<\/div><\/div><div class=\"blog-item\"><a href=\"https:\/\/www.fahrrad-xxl.at\/blog\/mobile-fahrradwerkstatt\/\" title=\"Die mobile Fahrradwerkstatt &#8211; nie wieder zur Werkstatt fahren\" class=\"blog-pic\"><img src=\"https:\/\/www.fahrrad-xxl.at\/blog\/wp-content\/uploads\/2018\/10\/AdobeStock_168449576-min-600x400.jpeg\" alt=\"Die mobile Fahrradwerkstatt &#8211; nie wieder zur Werkstatt fahren\" \/><span class=\"blog-overlay\"><\/span><i class=\"fa fa-align-left\"><\/i><\/a><div class=\"blog-item-description\">\n\t\t\t\t\t\t\t<h4><a href=\"https:\/\/www.fahrrad-xxl.at\/blog\/mobile-fahrradwerkstatt\/\" title=\"Die mobile Fahrradwerkstatt &#8211; nie wieder zur Werkstatt fahren\">Die mobile Fahrradwerkstatt &#8211; nie wieder zur Werkstatt fahren<\/a><\/h4>\n\t\t\t\t\t  \t\t<div>[vc_row][vc_column width=\"1\/1\"][vc_column_text]Hach, was ist das sch\u00f6n,\u00a0bei Fahrrad XXL zu arbeiten. Wir haben hier alles, was man zur\u00a0Rad-Reparatur\u00a0braucht, selbst so richtig... <a class=\"read-more-link\" href=\"https:\/\/www.fahrrad-xxl.at\/blog\/mobile-fahrradwerkstatt\/\">weiterlesen  &rarr;<\/a><\/div>\n\t\t\t\t\t  \t\t<span>26. August 2024<\/span>\n\t\t\t\t  \t\t<\/div><\/div><div class=\"blog-item\"><a href=\"https:\/\/www.fahrrad-xxl.at\/blog\/die-besten-fahrrad-apps-als-navi-fahrradcomputer\/\" title=\"Die besten Fahrrad Apps als Navi &#038; Fahrradcomputer\" class=\"blog-pic\"><img src=\"https:\/\/www.fahrrad-xxl.at\/blog\/wp-content\/uploads\/2015\/07\/man-2733048_1920-600x400.jpg\" alt=\"Die besten Fahrrad Apps als Navi &#038; Fahrradcomputer\" \/><span class=\"blog-overlay\"><\/span><i class=\"fa fa-align-left\"><\/i><\/a><div class=\"blog-item-description\">\n\t\t\t\t\t\t\t<h4><a href=\"https:\/\/www.fahrrad-xxl.at\/blog\/die-besten-fahrrad-apps-als-navi-fahrradcomputer\/\" title=\"Die besten Fahrrad Apps als Navi &#038; Fahrradcomputer\">Die besten Fahrrad Apps als Navi &#038; Fahrradcomputer<\/a><\/h4>\n\t\t\t\t\t  \t\t<div>[vc_section][vc_row][vc_column width=\"1\/1\"][vc_column_text]Sie sind aus unserer heutigen Zeit nicht mehr wegzudenken, begleiten uns auf Schritt und Tritt und sorgen f\u00fcr Unmut,... <a class=\"read-more-link\" href=\"https:\/\/www.fahrrad-xxl.at\/blog\/die-besten-fahrrad-apps-als-navi-fahrradcomputer\/\">weiterlesen  &rarr;<\/a><\/div>\n\t\t\t\t\t  \t\t<span>3. August 2024<\/span>\n\t\t\t\t  \t\t<\/div><\/div><\/div><\/div><div class=\"clear\"><\/div>[\/vc_column][vc_column width=&#8220;1\/12&#8243;][\/vc_column][\/vc_row][\/vc_section][vc_section][vc_row][vc_column width=&#8220;1\/1&#8243;][vc_column_text]<a href=\"#comments\" target=\"_self\" class=\"button color-1 full \" style=\"border-radius: 2px;\">Wer hat den Vergleich, wie realistisch ist Alpe d&#8217;Huez f\u00fcr die Rolle?<\/a>[\/vc_column_text][\/vc_column][\/vc_row][vc_row][vc_column width=&#8220;1\/1&#8243;]<div class=\"newdivider align-left\" style=\"border-bottom-style: solid; border-color: #eaeaea; border-bottom-width: 1px; margin-top: 20px; margin-bottom: 0; width: 100%; \"><\/div><div class=\"clear\"><\/div>[\/vc_column][\/vc_row][vc_row][vc_column width=&#8220;1\/1&#8243;][vc_column_text]<span class=\"dkdai-headline\">Das k\u00f6nnte dich auch interessieren<\/span>[\/vc_column_text][vc_column_text]<div class=\"rpbt_shortcode\">\n\n<style type=\"text\/css\">\n\t\t\t#rpbt-related-gallery-1 {\n\t\t\t\tmargin: auto;\n\t\t\t}\n\t\t\t#rpbt-related-gallery-1 .gallery-item {\n\t\t\t\tfloat: left;\n\t\t\t\tmargin-top: 10px;\n\t\t\t\ttext-align: center;\n\t\t\t\twidth: 33%;\n\t\t\t}\n\t\t\t#rpbt-related-gallery-1 img {\n\t\t\t\tborder: 2px solid #cfcfcf;\n\t\t\t}\n\t\t\t#rpbt-related-gallery-1 .gallery-caption {\n\t\t\t\tmargin-left: 0;\n\t\t\t}\n\t\t\t\/* see gallery_shortcode() in wp-includes\/media.php *\/\n\t\t<\/style>\n\t\t<div id='rpbt-related-gallery-1' class='gallery related-gallery related-galleryid-18691 gallery-columns-3 gallery-size-medium'><dl class='gallery-item' role='figure' aria-label='Mountainbike vs. Trekkingrad &#8211; was passt zu dir?'>\n\t\t\t<dt class='gallery-icon landscape'>\n\t\t\t\t<a href='https:\/\/www.fahrrad-xxl.at\/blog\/mountainbike-oder-trekkingrad\/'><img width=\"300\" height=\"200\" src=\"https:\/\/www.fahrrad-xxl.at\/blog\/wp-content\/uploads\/2014\/08\/MTB-oder-Trekking-300x200.jpg\" class=\"attachment-medium size-medium\" alt=\"Die besten Fahrrad Apps als Navi &amp; Fahrradcomputer\" decoding=\"async\" loading=\"lazy\" aria-describedby=\"rpbt-related-gallery-1-2847\" srcset=\"https:\/\/www.fahrrad-xxl.at\/blog\/wp-content\/uploads\/2014\/08\/MTB-oder-Trekking-300x200.jpg 300w, https:\/\/www.fahrrad-xxl.at\/blog\/wp-content\/uploads\/2014\/08\/MTB-oder-Trekking-768x512.jpg 768w, https:\/\/www.fahrrad-xxl.at\/blog\/wp-content\/uploads\/2014\/08\/MTB-oder-Trekking-1024x683.jpg 1024w, https:\/\/www.fahrrad-xxl.at\/blog\/wp-content\/uploads\/2014\/08\/MTB-oder-Trekking-600x400.jpg 600w\" sizes=\"(max-width: 300px) 100vw, 300px\" title=\"Die besten Fahrrad Apps als Navi &amp; Fahrradcomputer\" \/><\/a>\n\t\t\t<\/dt>\n\t\t\t\t<dd class='wp-caption-text gallery-caption' id='rpbt-related-gallery-1-2847'>\n\t\t\t\tMountainbike vs. Trekkingrad &#8211; was passt zu dir?\n\t\t\t\t<\/dd><\/dl><dl class='gallery-item' role='figure' aria-label='Die 8 besten E-Gravel Bikes 2024'>\n\t\t\t<dt class='gallery-icon landscape'>\n\t\t\t\t<a href='https:\/\/www.fahrrad-xxl.at\/blog\/gravel-e-bikes\/'><img width=\"300\" height=\"200\" src=\"https:\/\/www.fahrrad-xxl.at\/blog\/wp-content\/uploads\/2024\/07\/2431-Header-Blog-01-300x200.jpg\" class=\"attachment-medium size-medium\" alt=\"E-Gravel Bikes\" decoding=\"async\" loading=\"lazy\" aria-describedby=\"rpbt-related-gallery-1-27851\" srcset=\"https:\/\/www.fahrrad-xxl.at\/blog\/wp-content\/uploads\/2024\/07\/2431-Header-Blog-01-300x200.jpg 300w, https:\/\/www.fahrrad-xxl.at\/blog\/wp-content\/uploads\/2024\/07\/2431-Header-Blog-01-1024x683.jpg 1024w, https:\/\/www.fahrrad-xxl.at\/blog\/wp-content\/uploads\/2024\/07\/2431-Header-Blog-01-768x512.jpg 768w, https:\/\/www.fahrrad-xxl.at\/blog\/wp-content\/uploads\/2024\/07\/2431-Header-Blog-01-1536x1024.jpg 1536w, https:\/\/www.fahrrad-xxl.at\/blog\/wp-content\/uploads\/2024\/07\/2431-Header-Blog-01-2048x1365.jpg 2048w, https:\/\/www.fahrrad-xxl.at\/blog\/wp-content\/uploads\/2024\/07\/2431-Header-Blog-01-600x400.jpg 600w\" sizes=\"(max-width: 300px) 100vw, 300px\" title=\"Die 8 besten E-Gravel Bikes 2024\" \/><\/a>\n\t\t\t<\/dt>\n\t\t\t\t<dd class='wp-caption-text gallery-caption' id='rpbt-related-gallery-1-27851'>\n\t\t\t\tDie 8 besten E-Gravel Bikes 2024\n\t\t\t\t<\/dd><\/dl><dl class='gallery-item' role='figure' aria-label='Gravel Bike Test 2023 &#8211; Kauftipps, Testsieger &#038; mehr'>\n\t\t\t<dt class='gallery-icon landscape'>\n\t\t\t\t<a href='https:\/\/www.fahrrad-xxl.at\/blog\/gravel-bike-test-kauftipps-testsieger\/'><img width=\"300\" height=\"200\" src=\"https:\/\/www.fahrrad-xxl.at\/blog\/wp-content\/uploads\/2020\/08\/Blog-Header-300x200.jpg\" class=\"attachment-medium size-medium\" alt=\"Gravel Bike Test 2023 - Kauftipps, Testsieger &amp; mehr\" decoding=\"async\" loading=\"lazy\" aria-describedby=\"rpbt-related-gallery-1-29588\" srcset=\"https:\/\/www.fahrrad-xxl.at\/blog\/wp-content\/uploads\/2020\/08\/Blog-Header-300x200.jpg 300w, https:\/\/www.fahrrad-xxl.at\/blog\/wp-content\/uploads\/2020\/08\/Blog-Header-1024x683.jpg 1024w, https:\/\/www.fahrrad-xxl.at\/blog\/wp-content\/uploads\/2020\/08\/Blog-Header-768x512.jpg 768w, https:\/\/www.fahrrad-xxl.at\/blog\/wp-content\/uploads\/2020\/08\/Blog-Header-1536x1024.jpg 1536w, https:\/\/www.fahrrad-xxl.at\/blog\/wp-content\/uploads\/2020\/08\/Blog-Header-2048x1366.jpg 2048w, https:\/\/www.fahrrad-xxl.at\/blog\/wp-content\/uploads\/2020\/08\/Blog-Header-600x400.jpg 600w\" sizes=\"(max-width: 300px) 100vw, 300px\" title=\"Gravel Bike Test 2023 - Kauftipps, Testsieger &amp; mehr\" \/><\/a>\n\t\t\t<\/dt>\n\t\t\t\t<dd class='wp-caption-text gallery-caption' id='rpbt-related-gallery-1-29588'>\n\t\t\t\tGravel Bike Test 2023 &#8211; Kauftipps, Testsieger &#038; mehr\n\t\t\t\t<\/dd><\/dl><br style=\"clear: both\" \/>\n\t\t<\/div>\n<\/div>[\/vc_column_text][\/vc_column][\/vc_row][\/vc_section]<\/p>\n\n\n<div class=\"kk-star-ratings kksr-auto kksr-align-left kksr-valign-bottom\"\n    data-payload='{&quot;align&quot;:&quot;left&quot;,&quot;id&quot;:&quot;18691&quot;,&quot;slug&quot;:&quot;default&quot;,&quot;valign&quot;:&quot;bottom&quot;,&quot;ignore&quot;:&quot;&quot;,&quot;reference&quot;:&quot;auto&quot;,&quot;class&quot;:&quot;&quot;,&quot;count&quot;:&quot;11&quot;,&quot;legendonly&quot;:&quot;&quot;,&quot;readonly&quot;:&quot;&quot;,&quot;score&quot;:&quot;4.5&quot;,&quot;starsonly&quot;:&quot;&quot;,&quot;best&quot;:&quot;5&quot;,&quot;gap&quot;:&quot;5&quot;,&quot;greet&quot;:&quot;Rate this post&quot;,&quot;legend&quot;:&quot;4.5\\\/5 - (11 votes)&quot;,&quot;size&quot;:&quot;22&quot;,&quot;title&quot;:&quot;Die besten Fahrrad Apps als Navi \\u0026amp; Fahrradcomputer&quot;,&quot;width&quot;:&quot;119&quot;,&quot;_legend&quot;:&quot;{score}\\\/{best} - ({count} {votes})&quot;,&quot;font_factor&quot;:&quot;1.25&quot;}'>\n            \n<div class=\"kksr-stars\">\n    \n<div class=\"kksr-stars-inactive\">\n            <div class=\"kksr-star\" data-star=\"1\" style=\"padding-right: 5px\">\n            \n\n<div class=\"kksr-icon\" style=\"width: 22px; height: 22px;\"><\/div>\n        <\/div>\n            <div class=\"kksr-star\" data-star=\"2\" style=\"padding-right: 5px\">\n            \n\n<div class=\"kksr-icon\" style=\"width: 22px; height: 22px;\"><\/div>\n        <\/div>\n            <div class=\"kksr-star\" data-star=\"3\" style=\"padding-right: 5px\">\n            \n\n<div class=\"kksr-icon\" style=\"width: 22px; height: 22px;\"><\/div>\n        <\/div>\n            <div class=\"kksr-star\" data-star=\"4\" style=\"padding-right: 5px\">\n            \n\n<div class=\"kksr-icon\" style=\"width: 22px; height: 22px;\"><\/div>\n        <\/div>\n            <div class=\"kksr-star\" data-star=\"5\" style=\"padding-right: 5px\">\n            \n\n<div class=\"kksr-icon\" style=\"width: 22px; height: 22px;\"><\/div>\n        <\/div>\n    <\/div>\n    \n<div class=\"kksr-stars-active\" style=\"width: 119px;\">\n            <div class=\"kksr-star\" style=\"padding-right: 5px\">\n            \n\n<div class=\"kksr-icon\" style=\"width: 22px; height: 22px;\"><\/div>\n        <\/div>\n            <div class=\"kksr-star\" style=\"padding-right: 5px\">\n            \n\n<div class=\"kksr-icon\" style=\"width: 22px; height: 22px;\"><\/div>\n        <\/div>\n            <div class=\"kksr-star\" style=\"padding-right: 5px\">\n            \n\n<div class=\"kksr-icon\" style=\"width: 22px; height: 22px;\"><\/div>\n        <\/div>\n            <div class=\"kksr-star\" style=\"padding-right: 5px\">\n            \n\n<div class=\"kksr-icon\" style=\"width: 22px; height: 22px;\"><\/div>\n        <\/div>\n            <div class=\"kksr-star\" style=\"padding-right: 5px\">\n            \n\n<div class=\"kksr-icon\" style=\"width: 22px; height: 22px;\"><\/div>\n        <\/div>\n    <\/div>\n<\/div>\n                \n\n<div class=\"kksr-legend\" style=\"font-size: 17.6px;\">\n            4.5\/5 - (11 votes)    <\/div>\n    <\/div>\n<\/section>","protected":false},"excerpt":{"rendered":"<p>[vc_row][vc_column][vc_column_text]Sind die Entwickler jetzt komplett verr\u00fcckt geworden? Alpe du Zwift? Wie es der Name der neuen Strecke schon erahnen l\u00e4sst, wurde der legend\u00e4re und von der Tour de France bekannte Anstieg Alpe d&#8217;Huez nachgebaut. Was bedeutet das in Worten? Insgesamt 12,2 km Anstieg mit insgesamt 1036 H\u00f6henmetern. Das ist eine Steigung von 8,5% im Schnitt. Verr\u00fcckt, betrug die H\u00f6hendifferenz des bis dato l\u00e4ngsten Anstiegs (Epic KOM) gerade einmal \u00fcberschaubare 414 H\u00f6henmeter. Das Sch\u00f6ne an Alpe du Zwift sind die 21 Kehren, denn diese machen den Anstieg erst recht zu einem echten Erlebnis. Daraus sind drei neue Routen entstanden: Four Horsemen: 89,3 km und 2112 H\u00f6henmeter Road to Sky: 19,9 km und 1144 H\u00f6henmeter Tour of Fire and Ice: 25,1 km und 1166 H\u00f6henmeter [\/vc_column_text][\/vc_column][\/vc_row][vc_row][vc_column width=&#8220;1\/1&#8243;][\/vc_column][\/vc_row][vc_row][vc_column][vc_column_text] Habt ihr nach l\u00e4ngerer oder k\u00fcrzerer Qu\u00e4lerei den Gipfel erreicht, wartet ein Gl\u00fccksrad auf euch. Dort k\u00f6nnt ihr verschiedene Ausr\u00fcstungsgegenst\u00e4nde wie Laufr\u00e4der, Helme u.\u00c4. gewinnen. Und das jedes Mal, wenn ihr den Anstieg bezwingt! Solltet ihr den Gegenstand schon besitzen, erhaltet ihr 250 XP und geht damit nicht leer aus. [\/vc_column_text][\/vc_column][\/vc_row][vc_row][vc_column width=&#8220;1\/1&#8243;][\/vc_column][\/vc_row][vc_row][vc_column][vc_column_text]Zu dem ganzen Spektakel kommen noch zwei neue Auszeichnungen dazu. Avid Climber: Hierf\u00fcr m\u00fcsst ihr den Anstieg insgesamt 5 mal bezwingen. Masochist: F\u00fcr die [&hellip;]<\/p>\n","protected":false},"author":29,"featured_media":16619,"comment_status":"open","ping_status":"open","sticky":false,"template":"","format":"standard","meta":[],"categories":[29],"tags":[],"yoast_head":"<!-- This site is optimized with the Yoast SEO plugin v19.10 - https:\/\/yoast.com\/wordpress\/plugins\/seo\/ -->\n<title>Ab in die Berge mit Alpe du Zwift - Fahrrad XXL AT Blog<\/title>\n<meta name=\"description\" content=\"Sind die Entwickler von Zwift jetzt komplett verr\u00fcckt geworden? Sie haben den legend\u00e4re Anstieg Alpe d&#039;Huez nachgebaut und ihm den Namen Alpe du Zwift gegeben. Insgesamt 12,2 km Anstieg mit insgesamt 1036 H\u00f6henmetern. Das ist eine Steigung von 8,5% im Schnitt. Hole dir alle wichtigen Informationen jetzt hier bei uns!\" \/>\n<meta name=\"robots\" content=\"index, follow, max-snippet:-1, max-image-preview:large, max-video-preview:-1\" \/>\n<link rel=\"canonical\" href=\"https:\/\/www.fahrrad-xxl.at\/blog\/alpe-du-zwift\/\" \/>\n<meta property=\"og:locale\" content=\"de_DE\" \/>\n<meta property=\"og:type\" content=\"article\" \/>\n<meta property=\"og:title\" content=\"Ab in die Berge mit Alpe du Zwift - Fahrrad XXL AT Blog\" \/>\n<meta property=\"og:description\" content=\"Sind die Entwickler von Zwift jetzt komplett verr\u00fcckt geworden? Sie haben den legend\u00e4re Anstieg Alpe d&#039;Huez nachgebaut und ihm den Namen Alpe du Zwift gegeben. Insgesamt 12,2 km Anstieg mit insgesamt 1036 H\u00f6henmetern. Das ist eine Steigung von 8,5% im Schnitt. Hole dir alle wichtigen Informationen jetzt hier bei uns!\" \/>\n<meta property=\"og:url\" content=\"https:\/\/www.fahrrad-xxl.at\/blog\/alpe-du-zwift\/\" \/>\n<meta property=\"og:site_name\" content=\"Fahrrad XXL AT Blog\" \/>\n<meta property=\"article:publisher\" content=\"https:\/\/www.facebook.com\/FahrradXXL\" \/>\n<meta property=\"article:published_time\" content=\"2018-05-02T08:27:01+00:00\" \/>\n<meta property=\"article:modified_time\" content=\"2024-09-02T16:35:21+00:00\" \/>\n<meta property=\"og:image\" content=\"https:\/\/www.fahrrad-xxl.at\/blog\/wp-content\/uploads\/2018\/05\/Alp-du-Zwift-1.jpg\" \/>\n\t<meta property=\"og:image:width\" content=\"1355\" \/>\n\t<meta property=\"og:image:height\" content=\"746\" \/>\n\t<meta property=\"og:image:type\" content=\"image\/jpeg\" \/>\n<meta name=\"author\" content=\"Alicia\" \/>\n<meta name=\"twitter:card\" content=\"summary_large_image\" \/>\n<meta name=\"twitter:label1\" content=\"Verfasst von\" \/>\n\t<meta name=\"twitter:data1\" content=\"Alicia\" \/>\n\t<meta name=\"twitter:label2\" content=\"Gesch\u00e4tzte Lesezeit\" \/>\n\t<meta name=\"twitter:data2\" content=\"3\u00a0Minuten\" \/>\n<script type=\"application\/ld+json\" class=\"yoast-schema-graph\">{\"@context\":\"https:\/\/schema.org\",\"@graph\":[{\"@type\":\"Article\",\"@id\":\"https:\/\/www.fahrrad-xxl.at\/blog\/alpe-du-zwift\/#article\",\"isPartOf\":{\"@id\":\"https:\/\/www.fahrrad-xxl.at\/blog\/alpe-du-zwift\/\"},\"author\":{\"name\":\"Alicia\",\"@id\":\"https:\/\/www.fahrrad-xxl.at\/blog\/#\/schema\/person\/f4b754915dd65ad37f37994cdd21b14a\"},\"headline\":\"Ab in die Berge mit Alpe du Zwift\",\"datePublished\":\"2018-05-02T08:27:01+00:00\",\"dateModified\":\"2024-09-02T16:35:21+00:00\",\"mainEntityOfPage\":{\"@id\":\"https:\/\/www.fahrrad-xxl.at\/blog\/alpe-du-zwift\/\"},\"wordCount\":610,\"commentCount\":4,\"publisher\":{\"@id\":\"https:\/\/www.fahrrad-xxl.at\/blog\/#organization\"},\"articleSection\":[\"News\/Interessantes\"],\"inLanguage\":\"de\",\"potentialAction\":[{\"@type\":\"CommentAction\",\"name\":\"Comment\",\"target\":[\"https:\/\/www.fahrrad-xxl.at\/blog\/alpe-du-zwift\/#respond\"]}]},{\"@type\":\"WebPage\",\"@id\":\"https:\/\/www.fahrrad-xxl.at\/blog\/alpe-du-zwift\/\",\"url\":\"https:\/\/www.fahrrad-xxl.at\/blog\/alpe-du-zwift\/\",\"name\":\"Ab in die Berge mit Alpe du Zwift - Fahrrad XXL AT Blog\",\"isPartOf\":{\"@id\":\"https:\/\/www.fahrrad-xxl.at\/blog\/#website\"},\"datePublished\":\"2018-05-02T08:27:01+00:00\",\"dateModified\":\"2024-09-02T16:35:21+00:00\",\"description\":\"Sind die Entwickler von Zwift jetzt komplett verr\u00fcckt geworden? Sie haben den legend\u00e4re Anstieg Alpe d'Huez nachgebaut und ihm den Namen Alpe du Zwift gegeben. Insgesamt 12,2 km Anstieg mit insgesamt 1036 H\u00f6henmetern. Das ist eine Steigung von 8,5% im Schnitt. Hole dir alle wichtigen Informationen jetzt hier bei uns!\",\"breadcrumb\":{\"@id\":\"https:\/\/www.fahrrad-xxl.at\/blog\/alpe-du-zwift\/#breadcrumb\"},\"inLanguage\":\"de\",\"potentialAction\":[{\"@type\":\"ReadAction\",\"target\":[\"https:\/\/www.fahrrad-xxl.at\/blog\/alpe-du-zwift\/\"]}]},{\"@type\":\"BreadcrumbList\",\"@id\":\"https:\/\/www.fahrrad-xxl.at\/blog\/alpe-du-zwift\/#breadcrumb\",\"itemListElement\":[{\"@type\":\"ListItem\",\"position\":1,\"name\":\"Startseite\",\"item\":\"https:\/\/www.fahrrad-xxl.at\/blog\/\"},{\"@type\":\"ListItem\",\"position\":2,\"name\":\"Ab in die Berge mit Alpe du Zwift\"}]},{\"@type\":\"WebSite\",\"@id\":\"https:\/\/www.fahrrad-xxl.at\/blog\/#website\",\"url\":\"https:\/\/www.fahrrad-xxl.at\/blog\/\",\"name\":\"Fahrrad XXL AT Blog\",\"description\":\"Erleben | Testen | Losfahren\",\"publisher\":{\"@id\":\"https:\/\/www.fahrrad-xxl.at\/blog\/#organization\"},\"potentialAction\":[{\"@type\":\"SearchAction\",\"target\":{\"@type\":\"EntryPoint\",\"urlTemplate\":\"https:\/\/www.fahrrad-xxl.at\/blog\/?s={search_term_string}\"},\"query-input\":\"required name=search_term_string\"}],\"inLanguage\":\"de\"},{\"@type\":\"Organization\",\"@id\":\"https:\/\/www.fahrrad-xxl.at\/blog\/#organization\",\"name\":\"Fahrrad XXL\",\"url\":\"https:\/\/www.fahrrad-xxl.at\/blog\/\",\"logo\":{\"@type\":\"ImageObject\",\"inLanguage\":\"de\",\"@id\":\"https:\/\/www.fahrrad-xxl.at\/blog\/#\/schema\/logo\/image\/\",\"url\":\"https:\/\/www.fahrrad-xxl.at\/blog\/wp-content\/uploads\/2018\/03\/FXXL-Blog-Logo-100-c.png\",\"contentUrl\":\"https:\/\/www.fahrrad-xxl.at\/blog\/wp-content\/uploads\/2018\/03\/FXXL-Blog-Logo-100-c.png\",\"width\":450,\"height\":100,\"caption\":\"Fahrrad XXL\"},\"image\":{\"@id\":\"https:\/\/www.fahrrad-xxl.at\/blog\/#\/schema\/logo\/image\/\"},\"sameAs\":[\"https:\/\/www.instagram.com\/fahrradxxl\/\",\"https:\/\/www.youtube.com\/user\/FahrradXXLde\",\"https:\/\/www.facebook.com\/FahrradXXL\"]},{\"@type\":\"Person\",\"@id\":\"https:\/\/www.fahrrad-xxl.at\/blog\/#\/schema\/person\/f4b754915dd65ad37f37994cdd21b14a\",\"name\":\"Alicia\",\"description\":\"F\u00e4hrt gerne:\u00a0Stra\u00dfe, Feldwege Bikes:\u00a0Cube Nuroad, Canyon Endurace, Bianchi Aria Lieblings-Radrevier: Mallorca\",\"url\":\"https:\/\/www.fahrrad-xxl.at\/blog\/author\/a-freyfahrrad-xxl-de\/\"}]}<\/script>\n<!-- \/ Yoast SEO plugin. -->","yoast_head_json":{"title":"Ab in die Berge mit Alpe du Zwift - Fahrrad XXL AT Blog","description":"Sind die Entwickler von Zwift jetzt komplett verr\u00fcckt geworden? Sie haben den legend\u00e4re Anstieg Alpe d'Huez nachgebaut und ihm den Namen Alpe du Zwift gegeben. Insgesamt 12,2 km Anstieg mit insgesamt 1036 H\u00f6henmetern. Das ist eine Steigung von 8,5% im Schnitt. Hole dir alle wichtigen Informationen jetzt hier bei uns!","robots":{"index":"index","follow":"follow","max-snippet":"max-snippet:-1","max-image-preview":"max-image-preview:large","max-video-preview":"max-video-preview:-1"},"canonical":"https:\/\/www.fahrrad-xxl.at\/blog\/alpe-du-zwift\/","og_locale":"de_DE","og_type":"article","og_title":"Ab in die Berge mit Alpe du Zwift - Fahrrad XXL AT Blog","og_description":"Sind die Entwickler von Zwift jetzt komplett verr\u00fcckt geworden? Sie haben den legend\u00e4re Anstieg Alpe d'Huez nachgebaut und ihm den Namen Alpe du Zwift gegeben. Insgesamt 12,2 km Anstieg mit insgesamt 1036 H\u00f6henmetern. Das ist eine Steigung von 8,5% im Schnitt. Hole dir alle wichtigen Informationen jetzt hier bei uns!","og_url":"https:\/\/www.fahrrad-xxl.at\/blog\/alpe-du-zwift\/","og_site_name":"Fahrrad XXL AT Blog","article_publisher":"https:\/\/www.facebook.com\/FahrradXXL","article_published_time":"2018-05-02T08:27:01+00:00","article_modified_time":"2024-09-02T16:35:21+00:00","og_image":[{"width":1355,"height":746,"url":"https:\/\/www.fahrrad-xxl.at\/blog\/wp-content\/uploads\/2018\/05\/Alp-du-Zwift-1.jpg","type":"image\/jpeg"}],"author":"Alicia","twitter_card":"summary_large_image","twitter_misc":{"Verfasst von":"Alicia","Gesch\u00e4tzte Lesezeit":"3\u00a0Minuten"},"schema":{"@context":"https:\/\/schema.org","@graph":[{"@type":"Article","@id":"https:\/\/www.fahrrad-xxl.at\/blog\/alpe-du-zwift\/#article","isPartOf":{"@id":"https:\/\/www.fahrrad-xxl.at\/blog\/alpe-du-zwift\/"},"author":{"name":"Alicia","@id":"https:\/\/www.fahrrad-xxl.at\/blog\/#\/schema\/person\/f4b754915dd65ad37f37994cdd21b14a"},"headline":"Ab in die Berge mit Alpe du Zwift","datePublished":"2018-05-02T08:27:01+00:00","dateModified":"2024-09-02T16:35:21+00:00","mainEntityOfPage":{"@id":"https:\/\/www.fahrrad-xxl.at\/blog\/alpe-du-zwift\/"},"wordCount":610,"commentCount":4,"publisher":{"@id":"https:\/\/www.fahrrad-xxl.at\/blog\/#organization"},"articleSection":["News\/Interessantes"],"inLanguage":"de","potentialAction":[{"@type":"CommentAction","name":"Comment","target":["https:\/\/www.fahrrad-xxl.at\/blog\/alpe-du-zwift\/#respond"]}]},{"@type":"WebPage","@id":"https:\/\/www.fahrrad-xxl.at\/blog\/alpe-du-zwift\/","url":"https:\/\/www.fahrrad-xxl.at\/blog\/alpe-du-zwift\/","name":"Ab in die Berge mit Alpe du Zwift - Fahrrad XXL AT Blog","isPartOf":{"@id":"https:\/\/www.fahrrad-xxl.at\/blog\/#website"},"datePublished":"2018-05-02T08:27:01+00:00","dateModified":"2024-09-02T16:35:21+00:00","description":"Sind die Entwickler von Zwift jetzt komplett verr\u00fcckt geworden? Sie haben den legend\u00e4re Anstieg Alpe d'Huez nachgebaut und ihm den Namen Alpe du Zwift gegeben. Insgesamt 12,2 km Anstieg mit insgesamt 1036 H\u00f6henmetern. Das ist eine Steigung von 8,5% im Schnitt. Hole dir alle wichtigen Informationen jetzt hier bei uns!","breadcrumb":{"@id":"https:\/\/www.fahrrad-xxl.at\/blog\/alpe-du-zwift\/#breadcrumb"},"inLanguage":"de","potentialAction":[{"@type":"ReadAction","target":["https:\/\/www.fahrrad-xxl.at\/blog\/alpe-du-zwift\/"]}]},{"@type":"BreadcrumbList","@id":"https:\/\/www.fahrrad-xxl.at\/blog\/alpe-du-zwift\/#breadcrumb","itemListElement":[{"@type":"ListItem","position":1,"name":"Startseite","item":"https:\/\/www.fahrrad-xxl.at\/blog\/"},{"@type":"ListItem","position":2,"name":"Ab in die Berge mit Alpe du Zwift"}]},{"@type":"WebSite","@id":"https:\/\/www.fahrrad-xxl.at\/blog\/#website","url":"https:\/\/www.fahrrad-xxl.at\/blog\/","name":"Fahrrad XXL AT Blog","description":"Erleben | Testen | Losfahren","publisher":{"@id":"https:\/\/www.fahrrad-xxl.at\/blog\/#organization"},"potentialAction":[{"@type":"SearchAction","target":{"@type":"EntryPoint","urlTemplate":"https:\/\/www.fahrrad-xxl.at\/blog\/?s={search_term_string}"},"query-input":"required name=search_term_string"}],"inLanguage":"de"},{"@type":"Organization","@id":"https:\/\/www.fahrrad-xxl.at\/blog\/#organization","name":"Fahrrad XXL","url":"https:\/\/www.fahrrad-xxl.at\/blog\/","logo":{"@type":"ImageObject","inLanguage":"de","@id":"https:\/\/www.fahrrad-xxl.at\/blog\/#\/schema\/logo\/image\/","url":"https:\/\/www.fahrrad-xxl.at\/blog\/wp-content\/uploads\/2018\/03\/FXXL-Blog-Logo-100-c.png","contentUrl":"https:\/\/www.fahrrad-xxl.at\/blog\/wp-content\/uploads\/2018\/03\/FXXL-Blog-Logo-100-c.png","width":450,"height":100,"caption":"Fahrrad XXL"},"image":{"@id":"https:\/\/www.fahrrad-xxl.at\/blog\/#\/schema\/logo\/image\/"},"sameAs":["https:\/\/www.instagram.com\/fahrradxxl\/","https:\/\/www.youtube.com\/user\/FahrradXXLde","https:\/\/www.facebook.com\/FahrradXXL"]},{"@type":"Person","@id":"https:\/\/www.fahrrad-xxl.at\/blog\/#\/schema\/person\/f4b754915dd65ad37f37994cdd21b14a","name":"Alicia","description":"F\u00e4hrt gerne:\u00a0Stra\u00dfe, Feldwege Bikes:\u00a0Cube Nuroad, Canyon Endurace, Bianchi Aria Lieblings-Radrevier: Mallorca","url":"https:\/\/www.fahrrad-xxl.at\/blog\/author\/a-freyfahrrad-xxl-de\/"}]}},"_links":{"self":[{"href":"https:\/\/www.fahrrad-xxl.at\/blog\/wp-json\/wp\/v2\/posts\/16617"}],"collection":[{"href":"https:\/\/www.fahrrad-xxl.at\/blog\/wp-json\/wp\/v2\/posts"}],"about":[{"href":"https:\/\/www.fahrrad-xxl.at\/blog\/wp-json\/wp\/v2\/types\/post"}],"author":[{"embeddable":true,"href":"https:\/\/www.fahrrad-xxl.at\/blog\/wp-json\/wp\/v2\/users\/29"}],"replies":[{"embeddable":true,"href":"https:\/\/www.fahrrad-xxl.at\/blog\/wp-json\/wp\/v2\/comments?post=16617"}],"version-history":[{"count":2,"href":"https:\/\/www.fahrrad-xxl.at\/blog\/wp-json\/wp\/v2\/posts\/16617\/revisions"}],"predecessor-version":[{"id":34038,"href":"https:\/\/www.fahrrad-xxl.at\/blog\/wp-json\/wp\/v2\/posts\/16617\/revisions\/34038"}],"wp:featuredmedia":[{"embeddable":true,"href":"https:\/\/www.fahrrad-xxl.at\/blog\/wp-json\/wp\/v2\/media\/16619"}],"wp:attachment":[{"href":"https:\/\/www.fahrrad-xxl.at\/blog\/wp-json\/wp\/v2\/media?parent=16617"}],"wp:term":[{"taxonomy":"category","embeddable":true,"href":"https:\/\/www.fahrrad-xxl.at\/blog\/wp-json\/wp\/v2\/categories?post=16617"},{"taxonomy":"post_tag","embeddable":true,"href":"https:\/\/www.fahrrad-xxl.at\/blog\/wp-json\/wp\/v2\/tags?post=16617"}],"curies":[{"name":"wp","href":"https:\/\/api.w.org\/{rel}","templated":true}]}}