{"id":16880,"date":"2024-07-22T10:06:10","date_gmt":"2024-07-22T08:06:10","guid":{"rendered":"https:\/\/www.fahrrad-xxl.at\/blog\/?p=16880"},"modified":"2024-09-12T14:50:30","modified_gmt":"2024-09-12T12:50:30","slug":"wie-viele-kalorien-verbrenne-ich-beim-radfahren","status":"publish","type":"post","link":"https:\/\/www.fahrrad-xxl.at\/blog\/wie-viele-kalorien-verbrenne-ich-beim-radfahren\/","title":{"rendered":"Wie viele Kalorien verbrenne ich beim Radfahren &#038; mit E-Bike?"},"content":{"rendered":"<section class=\"wpb-content-wrapper\"><p>[vc_section][vc_row][vc_column width=&#8220;1\/1&#8243;][vc_column_text]<span class=\"TextRun SCXW66919150\" lang=\"DE-DE\" xml:lang=\"DE-DE\"><span class=\"NormalTextRun SCXW66919150\">Seien wir doch mal ehrlich. Wir alle treiben Sport doch nur aus einem Grund: Damit wir mehr futtern k\u00f6nnen! Ok, vielleicht sollte ich nicht von mir auf andere schlie\u00dfen, aber in nicht wenigen F\u00e4llen ist der Grund um mit Sport anzufangen doch der, dass man ein paar ungeliebte Kilos loswerden will. Und Fahrrad fahren bietet sich hier ja auch prima an. Es ist gelenkschonend, macht Spa\u00df und bietet Anf\u00e4ngern einen leichten Einstieg.\u00a0<\/span><\/span><span class=\"TextRun SCXW66919150\" lang=\"DE-DE\" xml:lang=\"DE-DE\"><span class=\"NormalTextRun SCXW66919150\">Jedenfalls hat man<\/span><\/span><span class=\"TextRun SCXW66919150\" lang=\"DE-DE\" xml:lang=\"DE-DE\"><span class=\"NormalTextRun SCXW66919150\">,\u00a0<\/span><\/span><span class=\"TextRun SCXW66919150\" lang=\"DE-DE\" xml:lang=\"DE-DE\"><span class=\"NormalTextRun SCXW66919150\">wenn man mit Sporttreiben beginnt,\u00a0<\/span><\/span><span class=\"TextRun SCXW66919150\" lang=\"DE-DE\" xml:lang=\"DE-DE\"><span class=\"NormalTextRun SCXW66919150\">schneller 20 km geradelt als 5 km gelaufen<\/span><\/span><span class=\"TextRun SCXW66919150\" lang=\"DE-DE\" xml:lang=\"DE-DE\"><span class=\"NormalTextRun SCXW66919150\">.\u00a0<\/span><\/span><span class=\"TextRun SCXW66919150\" lang=\"DE-DE\" xml:lang=\"DE-DE\"><span class=\"NormalTextRun SCXW66919150\">Das soll hier aber jetzt nicht zu einem\u00a0<\/span><\/span><span class=\"TextRun SCXW66919150\" lang=\"DE-DE\" xml:lang=\"DE-DE\"><span class=\"NormalTextRun SCXW66919150\">Abnehm<\/span><\/span><span class=\"TextRun SCXW66919150\" lang=\"DE-DE\" xml:lang=\"DE-DE\"><span class=\"NormalTextRun SCXW66919150\">-P<\/span><\/span><span class=\"TextRun SCXW66919150\" lang=\"DE-DE\" xml:lang=\"DE-DE\"><span class=\"NormalTextRun SCXW66919150\">ost abdriften. Vielmehr wollen wir uns einmal ganz n\u00fcchtern anschauen, wie viele Kalorien man auf dem Drahtesel so verbraucht und warum das so ist.<\/span><\/span><span class=\"EOP SCXW66919150\" data-ccp-props=\"{&quot;201341983&quot;:0,&quot;335559739&quot;:160,&quot;335559740&quot;:259}\">\u00a0<\/span>[\/vc_column_text][\/vc_column][\/vc_row][\/vc_section][vc_row][vc_column width=&#8220;1\/1&#8243;][vc_column_text]<\/p>\n<h2 aria-level=\"2\"><span class=\"ez-toc-section\" id=\"%f0%9f%92%a3-radfahren-%e2%80%93-der-kalorienkiller\"><\/span>&#x1f4a3; Radfahren &#8211; der Kalorienkiller?<span data-ccp-props=\"{&quot;201341983&quot;:0,&quot;335559738&quot;:40,&quot;335559739&quot;:0,&quot;335559740&quot;:259}\">\u00a0<\/span><span class=\"ez-toc-section-end\"><\/span><\/h2>\n<p>Um diese Frage zu beantworten,\u00a0schauen wir uns\u00a0zuallererst\u00a0einige\u00a0Parameter\u00a0an, die auf den Kalorienverbrauch beim Radfahren Einfluss nehmen:<span data-ccp-props=\"{&quot;201341983&quot;:0,&quot;335559739&quot;:160,&quot;335559740&quot;:259}\">\u00a0<\/span><\/p>\n<ul>\n<li data-leveltext=\"-\" data-font=\"Calibri\" data-listid=\"1\" aria-setsize=\"-1\" data-aria-posinset=\"0\" data-aria-level=\"1\"><b>Die Intensit\u00e4t:<\/b>\u00a0Klar, wenn ich ordentlich in die <a href=\"https:\/\/www.fahrrad-xxl.at\/fahrradzubehoer\/pedale\/\">Pedale<\/a> trete, dann verbrauche ich deutlich mehr Kalorien. Die Intensit\u00e4t kann aber auch durch nat\u00fcrliche\u00a0Ph\u00e4nomene erh\u00f6ht werden. Je welliger die Strecke ist oder je mehr Gegenwind sich uns in den Weg stellt, desto anstrengender wird das Ganze.<span data-ccp-props=\"{&quot;134233279&quot;:true,&quot;201341983&quot;:0,&quot;335559739&quot;:160,&quot;335559740&quot;:259}\">\u00a0<\/span><\/li>\n<li data-leveltext=\"-\" data-font=\"Calibri\" data-listid=\"1\" aria-setsize=\"-1\" data-aria-posinset=\"0\" data-aria-level=\"1\"><b>Der Trainingszustand:<\/b>\u00a0Sind wir gut in Form, verbrauchen wir auf gleicher Strecke, bei gleicher Intensit\u00e4t weniger Kalorien \u2013 zumindest in der Theorie.<span data-ccp-props=\"{&quot;134233279&quot;:true,&quot;201341983&quot;:0,&quot;335559739&quot;:160,&quot;335559740&quot;:259}\">\u00a0<\/span><\/li>\n<li data-leveltext=\"-\" data-font=\"Calibri\" data-listid=\"1\" aria-setsize=\"-1\" data-aria-posinset=\"0\" data-aria-level=\"1\"><b>Alter, Geschlecht und Gewicht:<\/b>\u00a0Ohne jetzt zu tief in das Thema \u201eEnergiestoffwechsel\u201c einzutauchen,\u00a0kann man festhalten, dass der Energieverbrauch auch von diesen Faktoren ma\u00dfgeblich bestimmt wird.<span data-ccp-props=\"{&quot;134233279&quot;:true,&quot;201341983&quot;:0,&quot;335559739&quot;:160,&quot;335559740&quot;:259}\">\u00a0<\/span><\/li>\n<\/ul>\n<p>Mit diesen\u00a0Parametern\u00a0im Hinterkopf k\u00f6nnen wir uns dem Thema etwas besser ann\u00e4hern und Grenzen definieren.\u00a0Ein\u00a080 kg\u00a0schwerer Mann verbrennt bei einer gem\u00fctlichen Radtour ca. 400-500 kcal. Bei intensiver Belastung d\u00fcrfte sich dieser Wert auf ca. 900-1000 kcal erh\u00f6hen.\u00a0Bei einer Frau um die\u00a060 kg\u00a0l\u00e4ge der Kalorienverbrauch bei ca. 350 \u2013 400 kcal (gem\u00fctlich) und 800-900 kcal (intensiv).<span data-ccp-props=\"{&quot;201341983&quot;:0,&quot;335559739&quot;:160,&quot;335559740&quot;:259}\">\u00a0<\/span><\/p>\n<p>In der Praxis\u00a0wird\u00a0das obere Ende des Kalorienverbrauchs\u00a0aber wohl nur dann\u00a0erreicht, wenn man gerade einen Wettkampf f\u00e4hrt oder ein Intervalltraining absolviert. Eine ganz normale\u00a0Radausfahrt\u00a0d\u00fcrfte immer in einem Kalorienverbrauch am unteren\u00a0Ende der Skala liegen.<span data-ccp-props=\"{&quot;201341983&quot;:0,&quot;335559739&quot;:160,&quot;335559740&quot;:259}\">\u00a0<\/span><\/p>\n<p>Warum? Ganz einfach: Wir treten in der Regel nicht permanent. Ich zumindest lasse es gerne mal rollen, gerade wenn es locker bergab geht.\u00a0W\u00e4hrend dieser Zeit verbrennen wir schlicht wenige Kalorien.<span data-ccp-props=\"{&quot;201341983&quot;:0,&quot;335559739&quot;:160,&quot;335559740&quot;:259}\">\u00a0<\/span><\/p>\n<p>Im Folgenden sind Zirkaangaben angeben, wie viele Kalorien du innerhalb 60 Minuten bei bestimmten Geschwindigkeiten verbrennst:[\/vc_column_text][vc_column_text]<div class=\"custom-table-1\">\n<table style=\"min-width: 600px;\" width=\"100%\">\n<thead>\n<tr>\n<td width=\"250\"><strong>Wie wird Rad gefahren?<\/strong><\/td>\n<td width=\"250\"><strong>Kalorienverbrauch (kcal)<\/strong> <strong>in 60 Minuten<\/strong><\/td>\n<\/tr>\n<tr>\n<td>langsamer als 15 km\/h<\/td>\n<td>280<\/td>\n<\/tr>\n<tr>\n<td>15-18 km\/h<\/td>\n<td>420<\/td>\n<\/tr>\n<tr>\n<td>18-21 km\/h<\/td>\n<td>550<\/td>\n<\/tr>\n<tr>\n<td>21-24 km\/h<\/td>\n<td>700<\/td>\n<\/tr>\n<tr>\n<td>24-28 km\/h<\/td>\n<td>850<\/td>\n<\/tr>\n<tr>\n<td>schneller als 28 km\/h<\/td>\n<td>950<\/td>\n<\/tr>\n<\/thead>\n<\/table>\n<\/div>[\/vc_column_text][\/vc_column][\/vc_row][vc_section][vc_row][vc_column width=&#8220;1\/1&#8243;][vc_column_text]<\/p>\n<h2 aria-level=\"2\"><span class=\"ez-toc-section\" id=\"%f0%9f%9a%b2-ist-der-kalorienverbrauch-abhaengig-vom-fahrrad\"><\/span>&#x1f6b2; Ist der Kalorienverbrauch abh\u00e4ngig vom Fahrrad?<span data-ccp-props=\"{&quot;201341983&quot;:0,&quot;335559738&quot;:40,&quot;335559739&quot;:0,&quot;335559740&quot;:259}\">\u00a0<\/span><span class=\"ez-toc-section-end\"><\/span><\/h2>\n<p>Die Frage liegt nahe, kann aber an sich auch verneint werden. Denn letztlich ist es ja egal, ob man auf dem <a href=\"https:\/\/www.fahrrad-xxl.at\/fahrraeder\/rennraeder\/\" target=\"_blank\" rel=\"noopener noreferrer\">Rennrad<\/a> oder <a href=\"https:\/\/www.fahrrad-xxl.at\/fahrraeder\/mountainbikes\/\" target=\"_blank\" rel=\"noopener noreferrer\">Mountainbike<\/a> sitzt. Wie wir schon gelernt haben, bestimmt die Intensit\u00e4t bzw. die Leistung den Kalorienverbrauch. Auf dem Rennrad f\u00e4hrt man halt nur etwas schneller, als auf den breiten Reifen des Mountainbikes.<span data-ccp-props=\"{&quot;201341983&quot;:0,&quot;335559739&quot;:160,&quot;335559740&quot;:259}\">\u00a0<\/span><\/p>\n<p>Nur eine kleine Ausnahme lasse ich gelten: Wenn man beim\u00a0Mountainbiken\u00a0oft\u00a0im Stehen f\u00e4hrt\u00a0und technische Passagen \u00fcberwinden muss. Denn hier ist nat\u00fcrlich auch der Oberk\u00f6rper gefragt\u00a0und je mehr Muskeln aktiviert werden, desto mehr Kalorien werden verbrannt.\u00a0<span data-ccp-props=\"{&quot;201341983&quot;:0,&quot;335559739&quot;:160,&quot;335559740&quot;:259}\">\u00a0<\/span>[\/vc_column_text]<div class=\"spacer\" style=\"height: 20px;\"><\/div><a href=\"https:\/\/www.fahrrad-xxl.atfahrraeder\/?fxxlint=blog-kalorien-cta-1\" target=\"_blank\" class=\"button button-appear custom large \" style=\"background-color: #a82323; border-color: #a82323;border-radius: 30px;\"><span>Jetzt unsere Fahrr\u00e4der entdecken<i class='fa fas fa-chevron-circle-right'><\/i><\/span><\/a><a href=\"https:\/\/www.fahrrad-xxl.at\/fahrraeder\/?fxxlint=blog-kalorien-cta-details-1#beratungstext\" target=\"_blank\" class=\"button button-appear color-2 large \" style=\"border-radius: 30px;\"><span>Erhalte mehr Infos<i class='fa fas fa-chevron-circle-right'><\/i><\/span><\/a><div class=\"spacer\" style=\"height: 40px;\"><\/div><div class=\"single_image wpb_content_element align-left    \" data-animation=\"none\" data-delay=\"0\"><img width=\"1920\" height=\"1078\" src=\"https:\/\/www.fahrrad-xxl.at\/blog\/wp-content\/uploads\/2018\/05\/bike-2934832_1920.jpg\" class=\"attachment-full\" alt=\"Wie viele Kalorien verbrenne ich beim Radfahren &amp; mit E-Bike?\" decoding=\"async\" loading=\"lazy\" title=\"Wie viele Kalorien verbrenne ich beim Radfahren &amp; mit E-Bike?\" srcset=\"https:\/\/www.fahrrad-xxl.at\/blog\/wp-content\/uploads\/2018\/05\/bike-2934832_1920.jpg 1920w, https:\/\/www.fahrrad-xxl.at\/blog\/wp-content\/uploads\/2018\/05\/bike-2934832_1920-300x168.jpg 300w, https:\/\/www.fahrrad-xxl.at\/blog\/wp-content\/uploads\/2018\/05\/bike-2934832_1920-768x431.jpg 768w, https:\/\/www.fahrrad-xxl.at\/blog\/wp-content\/uploads\/2018\/05\/bike-2934832_1920-1024x575.jpg 1024w\" sizes=\"(max-width: 1920px) 100vw, 1920px\" \/><\/div>[\/vc_column][\/vc_row][vc_row][vc_column width=&#8220;1\/1&#8243;][vc_column_text]<\/p>\n<h2><span class=\"ez-toc-section\" id=\"%e2%9a%a1-wie-ist-der-kalorienverbrauch-beim-e-bike-fahren\"><\/span>&#x26a1; Wie ist der Kalorienverbrauch beim E-Bike-Fahren?<span class=\"ez-toc-section-end\"><\/span><\/h2>\n<p>Jeder, der schon einmal auf einem <a href=\"https:\/\/www.fahrrad-xxl.at\/fahrraeder\/e-bike\/\" target=\"_blank\" rel=\"noopener noreferrer\">E-Bike<\/a> gesessen ist, m\u00fcsste den Unterschied zum Fahren mit einem herk\u00f6mmlichen Rad gesp\u00fcrt haben. F\u00fchlt es sich nicht irgendwie so an, als ob ein sanfter R\u00fcckenwind dich beim Vorankommen unterst\u00fctzt? Und da sind wir auch schon beim Thema: Unterst\u00fctzung. Mithilfe des installierten Elektroantriebs sparst du beim Vortrieb Kraft. So musst du, im Vergleich zur aufgebrachten Leistung auf einem herk\u00f6mmlichen Rad, je nach Unterst\u00fctzungsstufe deutlich weniger in die Pedale treten, um ein bestimmtes Stundenmittel zu erreichen. Klar, dass der K\u00f6rper unter diesen Bedingungen geringer belastet wird und dadurch weniger Kalorien als auf dem \u201enormalen\u201c Fahrrad verbrannt werden.<\/p>\n<p>Nat\u00fcrlich schl\u00e4gt sich auch die Nutzung der verschiedenen Unterst\u00fctzungsmodi auf den Kalorienverbrauch nieder. Wenn man permanent den st\u00e4rksten Unterst\u00fctzungsmodus einstellt, verbrennt der K\u00f6rper nat\u00fcrlich weniger, als wenn man sich im geringsten Modus helfen l\u00e4sst. Um eine konkrete Zahl zu nennen, geht man bei einer durchschnittlichen Nutzung der verschiedenen Unterst\u00fctzungsstufen von rund 300 kcal\/h (pro Stunde) aus.[\/vc_column_text]<div class=\"spacer\" style=\"height: 20px;\"><\/div><a href=\"https:\/\/www.fahrrad-xxl.at\/fahrraeder\/e-bike\/?fxxlint=blog-kalorien-cta-2\" target=\"_blank\" class=\"button button-appear custom large \" style=\"background-color: #a82323; border-color: #a82323;border-radius: 30px;\"><span>Jetzt unsere E-Bikes entdecken<i class='fa fas fa-chevron-circle-right'><\/i><\/span><\/a><a href=\"https:\/\/www.fahrrad-xxl.at\/fahrraeder\/e-bike\/?fxxlint=blog-kalorien-cta-details-2#beratungstext\" target=\"_blank\" class=\"button button-appear color-2 large \" style=\"border-radius: 30px;\"><span>Erhalte mehr Infos<i class='fa fas fa-chevron-circle-right'><\/i><\/span><\/a><div class=\"spacer\" style=\"height: 40px;\"><\/div><div class=\"single_image wpb_content_element align-center    \" data-animation=\"none\" data-delay=\"0\"><img width=\"1600\" height=\"1065\" src=\"https:\/\/www.fahrrad-xxl.at\/blog\/wp-content\/uploads\/2018\/06\/Genius-Tuned_SCOTT-Sports_bike_Action-image_2018_by-Keno-Derleyn_DSC_6139.jpg\" class=\"attachment-full\" alt=\"Wie viele Kalorien verbrenne ich beim Radfahren &amp; mit E-Bike?\" decoding=\"async\" loading=\"lazy\" title=\"Wie viele Kalorien verbrenne ich beim Radfahren &amp; mit E-Bike?\" srcset=\"https:\/\/www.fahrrad-xxl.at\/blog\/wp-content\/uploads\/2018\/06\/Genius-Tuned_SCOTT-Sports_bike_Action-image_2018_by-Keno-Derleyn_DSC_6139.jpg 1600w, https:\/\/www.fahrrad-xxl.at\/blog\/wp-content\/uploads\/2018\/06\/Genius-Tuned_SCOTT-Sports_bike_Action-image_2018_by-Keno-Derleyn_DSC_6139-300x200.jpg 300w, https:\/\/www.fahrrad-xxl.at\/blog\/wp-content\/uploads\/2018\/06\/Genius-Tuned_SCOTT-Sports_bike_Action-image_2018_by-Keno-Derleyn_DSC_6139-768x511.jpg 768w, https:\/\/www.fahrrad-xxl.at\/blog\/wp-content\/uploads\/2018\/06\/Genius-Tuned_SCOTT-Sports_bike_Action-image_2018_by-Keno-Derleyn_DSC_6139-1024x682.jpg 1024w, https:\/\/www.fahrrad-xxl.at\/blog\/wp-content\/uploads\/2018\/06\/Genius-Tuned_SCOTT-Sports_bike_Action-image_2018_by-Keno-Derleyn_DSC_6139-600x400.jpg 600w\" sizes=\"(max-width: 1600px) 100vw, 1600px\" \/><\/div>[\/vc_column][\/vc_row][vc_row][vc_column width=&#8220;1\/1&#8243;][vc_column_text]<\/p>\n<h2 aria-level=\"2\"><span class=\"ez-toc-section\" id=\"%f0%9f%8f%83-wie-schneidet-radfahren-im-vergleich-zu-anderen-sportarten-ab\"><\/span>&#x1f3c3; Wie schneidet Radfahren im Vergleich zu anderen Sportarten ab?<span data-ccp-props=\"{&quot;201341983&quot;:0,&quot;335559738&quot;:40,&quot;335559739&quot;:0,&quot;335559740&quot;:259}\">\u00a0<\/span><span class=\"ez-toc-section-end\"><\/span><\/h2>\n<p>Schaut man sich den Kalorienverbrauch beim Radfahren im Vergleich zu anderen Sportarten an, dann k\u00f6nnen wir feststellen: Wir liegen in einem gesunden Mittelfeld. Warum ist das so?<span data-ccp-props=\"{&quot;201341983&quot;:0,&quot;335559739&quot;:160,&quot;335559740&quot;:259}\">\u00a0<\/span><\/p>\n<p>Das kann man am besten durch den Vergleich mit zwei anderen beliebten Ausdauersportarten erl\u00e4utern: dem Laufen und dem Schwimmen.\u00a0<span data-ccp-props=\"{&quot;201341983&quot;:0,&quot;335559739&quot;:160,&quot;335559740&quot;:259}\">\u00a0<\/span><\/p>\n<p>Beim Laufen wird ein sehr gro\u00dfer Teil der Muskulatur aktiviert. Neben den Beinen arbeiten\u00a0die Arme und die Rumpfmuskulatur mit. So kommt der Autor des Artikels mit seinen 70 kg auf ca. 550-650 kcal\/h (pro Stunde) Joggen \u2013 gem\u00fctlich wohlgemerkt.\u00a0<span data-ccp-props=\"{&quot;201341983&quot;:0,&quot;335559739&quot;:160,&quot;335559740&quot;:259}\">\u00a0<\/span><\/p>\n<p>Am andere Ende der Skala liegt das Schwimmen. Gehen wir vom Brustschwimmen aus, verbrauche ich nur ca. 300-400 kcal pro Stunde. Klar, denn das Wasser sorgt f\u00fcr Auftrieb, meine Haltemuskulatur muss nicht so sehr arbeiten und es sind prim\u00e4r die Arme und Beine gefordert. Beim langsamen Kraulen hingegen liegen wir schon wieder bei etwa 450 kcal, denn um die Wasserlage zu halten, muss beim Kraulen auch die Rumpfmuskulatur\u00a0mitmachen.<span data-ccp-props=\"{&quot;201341983&quot;:0,&quot;335559739&quot;:160,&quot;335559740&quot;:259}\">\u00a0<\/span><\/p>\n<p>Veranschaulicht man sich das Radfahren, dann wird klar: Die Beine leisten die Hauptarbeit, w\u00e4hrend Arme und Rumpf eigentlich nur stabilisieren m\u00fcssen und dadurch wenig gefordert sind. Da die Muskulatur im Hintern und im Oberschenkel aber zu den gr\u00f6\u00dften im menschlichen K\u00f6rper\u00a0z\u00e4hlt, geht hier nat\u00fcrlich viel \u201eTreibstoff\u201c durch.\u00a0<span data-ccp-props=\"{&quot;201341983&quot;:0,&quot;335559739&quot;:160,&quot;335559740&quot;:259}\">\u00a0<\/span>[\/vc_column_text][vc_column_text]<div class=\"custom-table-1\">\n<table style=\"min-width: 600px;\" width=\"100%\">\n<thead>\n<tr>\n<td width=\"157\"><strong>Sportart<\/strong><\/td>\n<td width=\"542\"><strong>Kalorienverbrauch (kcal) in 60 Minuten (Durchschnittswerte f\u00fcr eine 80 kg schwere Person)<\/strong><\/td>\n<\/tr>\n<tr>\n<td>Rudern<\/td>\n<td>780<\/td>\n<\/tr>\n<tr>\n<td>Kraulschwimmen<\/td>\n<td>500<\/td>\n<\/tr>\n<tr>\n<td>Laufen<\/td>\n<td>480<\/td>\n<\/tr>\n<tr>\n<td>Aerobic<\/td>\n<td>450<\/td>\n<\/tr>\n<tr>\n<td>Badminton<\/td>\n<td>320<\/td>\n<\/tr>\n<\/thead>\n<\/table>\n<\/div>[\/vc_column_text][\/vc_column][\/vc_row][vc_row][vc_column width=&#8220;1\/1&#8243;][vc_column_text]<\/p>\n<h2><span class=\"ez-toc-section\" id=\"so-lange-musst-du-radfahren-um-deinen-lieblingssnack-zu-verbrennen\"><\/span>So lange musst du Radfahren, um deinen Lieblingssnack zu verbrennen<span class=\"ez-toc-section-end\"><\/span><\/h2>\n<p>Gegen den kleinen Hunger schnell ein Snickers zwischendurch und abends vor dem Fernseher die Lieblingsknabberei, w\u00e4hrend die Lieblingsserie l\u00e4uft. Es ist erwiesen: Naschen macht gl\u00fccklich, zumindest f\u00fcr den Moment. Weniger gl\u00fccklich d\u00fcrfte man dar\u00fcber sein, wenn Schokolade, Chips und Co. in kurzer Zeit zu ein paar Pfunden mehr f\u00fchren. Diesem Umstand k\u00f6nnen wir immerhin mit ausreichend Sporttreiben entgegenwirken. Doch es ist erstaunlich, wie lange man strampeln muss, um die Kalorien diverser S\u00fc\u00dfigkeiten wieder zu verbrennen. In folgender Tabelle gehen wir von einem Kalorienverbrauch von 450 kcal pro Stunde aus.[\/vc_column_text][vc_column_text]<div class=\"custom-table-1\">\n<table style=\"min-width: 600px;\" width=\"100%\">\n<thead>\n<tr>\n<td width=\"211\"><\/td>\n<td width=\"178\"><strong>N\u00e4hrwerte pro 100 g (in kcal)<\/strong><\/td>\n<td width=\"309\"><strong>So lange musst du daf\u00fcr Radfahren (in Minuten)<\/strong><\/td>\n<\/tr>\n<tr>\n<td>Milka Vollmilchschokolade<\/td>\n<td>530<\/td>\n<td>71<\/td>\n<\/tr>\n<tr>\n<td>Milka Wei\u00dfe Schokolade<\/td>\n<td>530<\/td>\n<td>71<\/td>\n<\/tr>\n<tr>\n<td>Lindt Excellence Mild 90 % Cacao<\/td>\n<td>592<\/td>\n<td>79<\/td>\n<\/tr>\n<tr>\n<td>Snickers<\/td>\n<td>481<\/td>\n<td>64<\/td>\n<\/tr>\n<tr>\n<td>Prinzen Rolle<\/td>\n<td>491<\/td>\n<td>65<\/td>\n<\/tr>\n<tr>\n<td>Nutella<\/td>\n<td>539<\/td>\n<td>72<\/td>\n<\/tr>\n<tr>\n<td>Haribo Gummib\u00e4rchen<\/td>\n<td>343<\/td>\n<td>46<\/td>\n<\/tr>\n<tr>\n<td>Funnyfrisch Chips<\/td>\n<td>539<\/td>\n<td>72<\/td>\n<\/tr>\n<tr>\n<td>Lorentz Erdn\u00fcsse<\/td>\n<td>620<\/td>\n<td>83<\/td>\n<\/tr>\n<tr>\n<td>Popcorn<\/td>\n<td>375<\/td>\n<td>50<\/td>\n<\/tr>\n<\/thead>\n<\/table>\n<\/div>[\/vc_column_text]<div class=\"single_image wpb_content_element align-center    \" data-animation=\"none\" data-delay=\"0\"><img width=\"1920\" height=\"1280\" src=\"https:\/\/www.fahrrad-xxl.at\/blog\/wp-content\/uploads\/2018\/05\/background-2554_1920-1.jpg\" class=\"attachment-full\" alt=\"Wie viele Kalorien verbrenne ich beim Radfahren &amp; mit E-Bike?\" decoding=\"async\" loading=\"lazy\" title=\"Wie viele Kalorien verbrenne ich beim Radfahren &amp; mit E-Bike?\" srcset=\"https:\/\/www.fahrrad-xxl.at\/blog\/wp-content\/uploads\/2018\/05\/background-2554_1920-1.jpg 1920w, https:\/\/www.fahrrad-xxl.at\/blog\/wp-content\/uploads\/2018\/05\/background-2554_1920-1-300x200.jpg 300w, https:\/\/www.fahrrad-xxl.at\/blog\/wp-content\/uploads\/2018\/05\/background-2554_1920-1-768x512.jpg 768w, https:\/\/www.fahrrad-xxl.at\/blog\/wp-content\/uploads\/2018\/05\/background-2554_1920-1-1024x683.jpg 1024w, https:\/\/www.fahrrad-xxl.at\/blog\/wp-content\/uploads\/2018\/05\/background-2554_1920-1-600x400.jpg 600w\" sizes=\"(max-width: 1920px) 100vw, 1920px\" \/><\/div>[\/vc_column][\/vc_row][vc_row][vc_column width=&#8220;1\/1&#8243;][vc_column_text]<\/p>\n<h2 aria-level=\"2\"><span class=\"ez-toc-section\" id=\"fazit\"><\/span>Fazit<span data-ccp-props=\"{&quot;201341983&quot;:0,&quot;335559738&quot;:40,&quot;335559739&quot;:0,&quot;335559740&quot;:259}\">\u00a0<\/span><span class=\"ez-toc-section-end\"><\/span><\/h2>\n<p>Um die Frage nach dem Kalorien-Killer zu beantworten: Nein, Fahrradfahren ist kein reinrassiger Kalorien-Killer. Es gibt durchaus Sportarten, bei denen pro Stunde mehr Energie verbraucht wird, als im Sattel.\u00a0<span data-ccp-props=\"{&quot;201341983&quot;:0,&quot;335559739&quot;:160,&quot;335559740&quot;:259}\">\u00a0<\/span><\/p>\n<p>Das ist aber auch nicht immer die Ma\u00dfgabe, denn\u00a0betrachtet man den gesamtgesundheitlichen Aspekt,\u00a0hat Fahrradfahren gegen\u00fcber dem Laufen den Vorteil, dass man schneller \u201ereinkommt\u201c und es deutlich gelenkschonender ist. Es ist somit bestens geeignet f\u00fcr Einsteiger oder Gelegenheitssportler, die sich fit halten\u00a0und schnelle Erfolge sehen wollen.<span data-ccp-props=\"{&quot;201341983&quot;:0,&quot;335559739&quot;:160,&quot;335559740&quot;:259}\">\u00a0<\/span><\/p>\n<p>Es soll allerdings nicht unerw\u00e4hnt bleiben, dass 450-500 kcal pro Stunde schon ein ganz ordentlicher Verbrauch sind, der durchaus sinnvoll zur Reduzierung des Gewichts sein kann.\u00a0<span data-ccp-props=\"{&quot;201341983&quot;:0,&quot;335559739&quot;:160,&quot;335559740&quot;:259}\">\u00a0<\/span><\/p>\n<p>Last but not least ist es f\u00fcr\u00a0Wettkampfsportler nat\u00fcrlich von Interesse, einen ungef\u00e4hren Kalorienverbrauch zu kennen. Gerade bei langen Radrennen ist es wichtig, diese Kalorien in Form von Riegeln oder ISO-Getr\u00e4nken wieder zuzuf\u00fchren, damit die Leistung nicht absinkt.\u00a0<span data-ccp-props=\"{&quot;201341983&quot;:0,&quot;335559739&quot;:160,&quot;335559740&quot;:259}\">\u00a0<\/span>[\/vc_column_text][\/vc_column][\/vc_row][\/vc_section][vc_section][vc_row][vc_column width=&#8220;1\/1&#8243;]<div class=\"newdivider align-left\" style=\"border-bottom-style: solid; border-color: #eaeaea; border-bottom-width: 1px; margin-top: 20px; margin-bottom: 0; width: 100%; \"><\/div><div class=\"clear\"><\/div>[\/vc_column][\/vc_row][vc_row][vc_column width=&#8220;1\/1&#8243;][vc_column_text]<span class=\"dkdai-headline\">Das k\u00f6nnte dich auch interessieren<\/span>[\/vc_column_text][vc_column_text]<div class=\"rpbt_shortcode\">\n\n<style type=\"text\/css\">\n\t\t\t#rpbt-related-gallery-1 {\n\t\t\t\tmargin: auto;\n\t\t\t}\n\t\t\t#rpbt-related-gallery-1 .gallery-item {\n\t\t\t\tfloat: left;\n\t\t\t\tmargin-top: 10px;\n\t\t\t\ttext-align: center;\n\t\t\t\twidth: 33%;\n\t\t\t}\n\t\t\t#rpbt-related-gallery-1 img {\n\t\t\t\tborder: 2px solid #cfcfcf;\n\t\t\t}\n\t\t\t#rpbt-related-gallery-1 .gallery-caption {\n\t\t\t\tmargin-left: 0;\n\t\t\t}\n\t\t\t\/* see gallery_shortcode() in wp-includes\/media.php *\/\n\t\t<\/style>\n\t\t<div id='rpbt-related-gallery-1' class='gallery related-gallery related-galleryid-16880 gallery-columns-3 gallery-size-medium'><dl class='gallery-item' role='figure' aria-label='Abnehmen durch Fahrradfahren &#8211; schlank und gesund mit Rad'>\n\t\t\t<dt class='gallery-icon landscape'>\n\t\t\t\t<a href='https:\/\/www.fahrrad-xxl.at\/blog\/abnehmen-durch-fahrrad-fahren\/'><img width=\"300\" height=\"200\" src=\"https:\/\/www.fahrrad-xxl.at\/blog\/wp-content\/uploads\/2018\/06\/apple-1189943_1920-300x200.jpeg\" class=\"attachment-medium size-medium\" alt=\"Abnehmen mit radfahren\" decoding=\"async\" loading=\"lazy\" aria-describedby=\"rpbt-related-gallery-1-17583\" srcset=\"https:\/\/www.fahrrad-xxl.at\/blog\/wp-content\/uploads\/2018\/06\/apple-1189943_1920-300x200.jpeg 300w, https:\/\/www.fahrrad-xxl.at\/blog\/wp-content\/uploads\/2018\/06\/apple-1189943_1920-768x512.jpeg 768w, https:\/\/www.fahrrad-xxl.at\/blog\/wp-content\/uploads\/2018\/06\/apple-1189943_1920-1024x683.jpeg 1024w, https:\/\/www.fahrrad-xxl.at\/blog\/wp-content\/uploads\/2018\/06\/apple-1189943_1920-600x400.jpeg 600w, https:\/\/www.fahrrad-xxl.at\/blog\/wp-content\/uploads\/2018\/06\/apple-1189943_1920.jpeg 1500w\" sizes=\"(max-width: 300px) 100vw, 300px\" title=\"Abnehmen durch Fahrradfahren - schlank und gesund mit Rad\" \/><\/a>\n\t\t\t<\/dt>\n\t\t\t\t<dd class='wp-caption-text gallery-caption' id='rpbt-related-gallery-1-17583'>\n\t\t\t\tAbnehmen durch Fahrradfahren &#8211; schlank und gesund mit Rad\n\t\t\t\t<\/dd><\/dl><dl class='gallery-item' role='figure' aria-label='E-Bike Test &#038; Vergleich 2023: Testsieger, Kauftipps &#038; mehr'>\n\t\t\t<dt class='gallery-icon landscape'>\n\t\t\t\t<a href='https:\/\/www.fahrrad-xxl.at\/blog\/e-bike-test-vergleich\/'><img width=\"300\" height=\"200\" src=\"https:\/\/www.fahrrad-xxl.at\/blog\/wp-content\/uploads\/2019\/05\/E-Bike-Testsieger-300x200.jpg\" class=\"attachment-medium size-medium\" alt=\"E-Bike Testsieger\" decoding=\"async\" loading=\"lazy\" aria-describedby=\"rpbt-related-gallery-1-24469\" srcset=\"https:\/\/www.fahrrad-xxl.at\/blog\/wp-content\/uploads\/2019\/05\/E-Bike-Testsieger-300x200.jpg 300w, https:\/\/www.fahrrad-xxl.at\/blog\/wp-content\/uploads\/2019\/05\/E-Bike-Testsieger-768x512.jpg 768w, https:\/\/www.fahrrad-xxl.at\/blog\/wp-content\/uploads\/2019\/05\/E-Bike-Testsieger-1024x683.jpg 1024w, https:\/\/www.fahrrad-xxl.at\/blog\/wp-content\/uploads\/2019\/05\/E-Bike-Testsieger-600x400.jpg 600w\" sizes=\"(max-width: 300px) 100vw, 300px\" title=\"E-Bike Test &amp; Vergleich 2023: Testsieger, Kauftipps &amp; mehr\" \/><\/a>\n\t\t\t<\/dt>\n\t\t\t\t<dd class='wp-caption-text gallery-caption' id='rpbt-related-gallery-1-24469'>\n\t\t\t\tE-Bike Test &#038; Vergleich 2023: Testsieger, Kauftipps &#038; mehr\n\t\t\t\t<\/dd><\/dl><dl class='gallery-item' role='figure' aria-label='Bosch E-Bike Neuheiten 2025: Der Bosch Performance Line SX 2.0 Motor'>\n\t\t\t<dt class='gallery-icon landscape'>\n\t\t\t\t<a href='https:\/\/www.fahrrad-xxl.at\/blog\/bosch-e-bike-neuheiten\/'><img width=\"300\" height=\"200\" src=\"https:\/\/www.fahrrad-xxl.at\/blog\/wp-content\/uploads\/2023\/07\/Bosch-Neuheiten-2024-300x200.jpg\" class=\"attachment-medium size-medium\" alt=\"Wie viele Kalorien verbrenne ich beim Radfahren &amp; mit E-Bike?\" decoding=\"async\" loading=\"lazy\" aria-describedby=\"rpbt-related-gallery-1-34078\" srcset=\"https:\/\/www.fahrrad-xxl.at\/blog\/wp-content\/uploads\/2023\/07\/Bosch-Neuheiten-2024-300x200.jpg 300w, https:\/\/www.fahrrad-xxl.at\/blog\/wp-content\/uploads\/2023\/07\/Bosch-Neuheiten-2024-1024x683.jpg 1024w, https:\/\/www.fahrrad-xxl.at\/blog\/wp-content\/uploads\/2023\/07\/Bosch-Neuheiten-2024-768x512.jpg 768w, https:\/\/www.fahrrad-xxl.at\/blog\/wp-content\/uploads\/2023\/07\/Bosch-Neuheiten-2024-1536x1024.jpg 1536w, https:\/\/www.fahrrad-xxl.at\/blog\/wp-content\/uploads\/2023\/07\/Bosch-Neuheiten-2024-2048x1365.jpg 2048w, https:\/\/www.fahrrad-xxl.at\/blog\/wp-content\/uploads\/2023\/07\/Bosch-Neuheiten-2024-600x400.jpg 600w\" sizes=\"(max-width: 300px) 100vw, 300px\" title=\"Wie viele Kalorien verbrenne ich beim Radfahren &amp; mit E-Bike?\" \/><\/a>\n\t\t\t<\/dt>\n\t\t\t\t<dd class='wp-caption-text gallery-caption' id='rpbt-related-gallery-1-34078'>\n\t\t\t\tBosch E-Bike Neuheiten 2025: Der Bosch Performance Line SX 2.0 Motor\n\t\t\t\t<\/dd><\/dl><br style=\"clear: both\" \/>\n\t\t<\/div>\n<\/div>[\/vc_column_text][\/vc_column][\/vc_row][\/vc_section][vc_row][vc_column width=&#8220;1\/1&#8243;][vc_raw_html]JTNDc2NyaXB0JTIwdHlwZSUzRCUyMmFwcGxpY2F0aW9uJTJGbGQlMkJqc29uJTIyJTNFJTIwJTIwJTBBJTdCJTIwJTIwJTIwJTIwJTIyJTQwY29udGV4dCUyMiUzQSUyMCUyMmh0dHBzJTNBJTJGJTJGc2NoZW1hLm9yZyUyMiUyQyUyMCUyMCUyMCUyMCUyMiU0MHR5cGUlMjIlM0ElMjAlMjJGQVFQYWdlJTIyJTJDJTIwJTIwJTIwJTIwJTIybWFpbkVudGl0eSUyMiUzQSUyMCUwQSUwQSU1QiU3QiUyMCUyMCUyMCUyMCUyMCUyMCUyMiU0MHR5cGUlMjIlM0ElMjAlMjJRdWVzdGlvbiUyMiUyQyUyMCUyMCUyMCUyMCUyMCUyMCUyMm5hbWUlMjIlM0ElMjAlMjIlRjAlOUYlOTIlQTMlMjBSYWRmYWhyZW4lMjAlRTIlODAlOTMlMjBkZXIlMjBLYWxvcmllbmtpbGxlciUzRiUyMCUyMiUyQyUyMCUyMCUyMCUyMCUyMCUyMCUyMmFjY2VwdGVkQW5zd2VyJTIyJTNBJTIwJTBBJTdCJTIwJTIwJTIwJTIwJTIwJTIwJTIwJTIwJTIyJTQwdHlwZSUyMiUzQSUyMCUyMkFuc3dlciUyMiUyQyUyMCUyMCUyMCUyMCUyMCUyMCUyMCUyMCUyMnRleHQlMjIlM0ElMjAlMjIlM0NwJTNFVW0lMjBkaWVzZSUyMEZyYWdlJTIwenUlMjBiZWFudHdvcnRlbiUyQyUyMHNjaGF1ZW4lMjB3aXIlMjB1bnMlMjB6dWFsbGVyZXJzdCUyMGVpbmlnZSUyMFBhcmFtZXRlciUyMGFuJTJDJTIwZGllJTIwYXVmJTIwZGVuJTIwS2Fsb3JpZW52ZXJicmF1Y2glMjBiZWltJTIwUmFkZmFocmVuJTIwRWluZmx1c3MlMjBuZWhtZW4lM0ElMjAlM0MlMkZwJTNFJTBBJTNDdWwlM0UlMEElM0NsaSUzRURpZSUyMEludGVuc2l0JUMzJUE0dCUzQSUyMEtsYXIlMkMlMjB3ZW5uJTIwaWNoJTIwb3JkZW50bGljaCUyMGluJTIwZGllJTIwUGVkYWxlJTIwdHJldGUlMkMlMjBkYW5uJTIwdmVyYnJhdWNoZSUyMGljaCUyMGRldXRsaWNoJTIwbWVociUyMEthbG9yaWVuLiUyMERpZSUyMEludGVuc2l0JUMzJUE0dCUyMGthbm4lMjBhYmVyJTIwYXVjaCUyMGR1cmNoJTIwbmF0JUMzJUJDcmxpY2hlJTIwUGglQzMlQTRub21lbmUlMjBlcmglQzMlQjZodCUyMHdlcmRlbi4lMjBKZSUyMHdlbGxpZ2VyJTIwZGllJTIwU3RyZWNrZSUyMGlzdCUyMG9kZXIlMjBqZSUyMG1laHIlMjBHZWdlbndpbmQlMjBzaWNoJTIwdW5zJTIwaW4lMjBkZW4lMjBXZWclMjBzdGVsbHQlMkMlMjBkZXN0byUyMGFuc3RyZW5nZW5kZXIlMjB3aXJkJTIwZGFzJTIwR2FuemUuJTIwJTNDJTJGbGklM0UlMEElM0NsaSUzRURlciUyMFRyYWluaW5nc3p1c3RhbmQlM0ElMjBTaW5kJTIwd2lyJTIwZ3V0JTIwaW4lMjBGb3JtJTJDJTIwdmVyYnJhdWNoZW4lMjB3aXIlMjBhdWYlMjBnbGVpY2hlciUyMFN0cmVja2UlMkMlMjBiZWklMjBnbGVpY2hlciUyMEludGVuc2l0JUMzJUE0dCUyMHdlbmlnZXIlMjBLYWxvcmllbiUyMCVFMiU4MCU5MyUyMHp1bWluZGVzdCUyMGluJTIwZGVyJTIwVGhlb3JpZS4lMjAlM0MlMkZsaSUzRSUwQSUzQ2xpJTNFQWx0ZXIlMkMlMjBHZXNjaGxlY2h0JTIwdW5kJTIwR2V3aWNodCUzQSUyME9obmUlMjBqZXR6dCUyMHp1JTIwdGllZiUyMGluJTIwZGFzJTIwVGhlbWElMjAlRTIlODAlOUVFbmVyZ2llc3RvZmZ3ZWNoc2VsJUUyJTgwJTlDJTIwZWluenV0YXVjaGVuJTJDJTIwa2FubiUyMG1hbiUyMGZlc3RoYWx0ZW4lMkMlMjBkYXNzJTIwZGVyJTIwRW5lcmdpZXZlcmJyYXVjaCUyMGF1Y2glMjB2b24lMjBkaWVzZW4lMjBGYWt0b3JlbiUyMG1hJUMzJTlGZ2VibGljaCUyMGJlc3RpbW10JTIwd2lyZC4lMjAlM0MlMkZsaSUzRSUwQSUzQ3AlM0VNaXQlMjBkaWVzZW4lMjBQYXJhbWV0ZXJuJTIwaW0lMjBIaW50ZXJrb3BmJTIwayVDMyVCNm5uZW4lMjB3aXIlMjB1bnMlMjBkZW0lMjBUaGVtYSUyMGV0d2FzJTIwYmVzc2VyJTIwYW5uJUMzJUE0aGVybiUyMHVuZCUyMEdyZW56ZW4lMjBkZWZpbmllcmVuLiUyMEVpbiUyMDgwJTIwa2clMjBzY2h3ZXJlciUyME1hbm4lMjB2ZXJicmVubnQlMjBiZWklMjBlaW5lciUyMGdlbSVDMyVCQ3RsaWNoZW4lMjBSYWR0b3VyJTIwY2EuJTIwNDAwLTUwMCUyMGtjYWwuJTIwQmVpJTIwaW50ZW5zaXZlciUyMEJlbGFzdHVuZyUyMGQlQzMlQkNyZnRlJTIwc2ljaCUyMGRpZXNlciUyMFdlcnQlMjBhdWYlMjBjYS4lMjA5MDAtMTAwMCUyMGtjYWwlMjBlcmglQzMlQjZoZW4uJTIwQmVpJTIwZWluZXIlMjBGcmF1JTIwdW0lMjBkaWUlMjA2MCUyMGtnJTIwbCVDMyVBNGdlJTIwZGVyJTIwS2Fsb3JpZW52ZXJicmF1Y2glMjBiZWklMjBjYS4lMjAzNTAlMjAlRTIlODAlOTMlMjA0MDAlMjBrY2FsJTIwJTI4Z2VtJUMzJUJDdGxpY2glMjklMjB1bmQlMjA4MDAtOTAwJTIwa2NhbCUyMCUyOGludGVuc2l2JTI5LiUyMCUzQyUyRnAlM0UlMEElMEElM0NwJTNFSW4lMjBkZXIlMjBQcmF4aXMlMjB3aXJkJTIwZGFzJTIwb2JlcmUlMjBFbmRlJTIwZGVzJTIwS2Fsb3JpZW52ZXJicmF1Y2hzJTIwYWJlciUyMHdvaGwlMjBudXIlMjBkYW5uJTIwZXJyZWljaHQlMkMlMjB3ZW5uJTIwbWFuJTIwZ2VyYWRlJTIwZWluZW4lMjBXZXR0a2FtcGYlMjBmJUMzJUE0aHJ0JTIwb2RlciUyMGVpbiUyMEludGVydmFsbHRyYWluaW5nJTIwYWJzb2x2aWVydC4lMjBFaW5lJTIwZ2FueiUyMG5vcm1hbGUlMjBSYWRhdXNmYWhydCUyMGQlQzMlQkNyZnRlJTIwaW1tZXIlMjBpbiUyMGVpbmVtJTIwS2Fsb3JpZW52ZXJicmF1Y2glMjBhbSUyMHVudGVyZW4lMjBFbmRlJTIwZGVyJTIwU2thbGElMjBsaWVnZW4uJTIwJTBBJTBBV2FydW0lM0YlMjBHYW56JTIwZWluZmFjaCUzQSUyMFdpciUyMHRyZXRlbiUyMGluJTIwZGVyJTIwUmVnZWwlMjBuaWNodCUyMHBlcm1hbmVudC4lMjBJY2glMjB6dW1pbmRlc3QlMjBsYXNzZSUyMGVzJTIwZ2VybmUlMjBtYWwlMjByb2xsZW4lMkMlMjBnZXJhZGUlMjB3ZW5uJTIwZXMlMjBsb2NrZXIlMjBiZXJnYWIlMjBnZWh0LiUyMFclQzMlQTRocmVuZCUyMGRpZXNlciUyMFplaXQlMjB2ZXJicmVubmVuJTIwd2lyJTIwc2NobGljaHQlMjB3ZW5pZ2UlMjBLYWxvcmllbi4lM0MlMkZwJTNFJTIwJTIyJTIwJTIwJTIwJTIwJTdEJTIwJTIwJTIwJTIwJTdEJTJDJTBBJTBBJTdCJTIwJTIwJTIwJTIwJTIwJTIwJTIyJTQwdHlwZSUyMiUzQSUyMCUyMlF1ZXN0aW9uJTIyJTJDJTIwJTIwJTIwJTIwJTIwJTIwJTIybmFtZSUyMiUzQSUyMCUyMiVGMCU5RiU5QSVCMiUyMElzdCUyMGRlciUyMEthbG9yaWVudmVyYnJhdWNoJTIwYWJoJUMzJUE0bmdpZyUyMHZvbSUyMEZhaHJyYWQlM0YlMjAlMjIlMkMlMjAlMjAlMjAlMjAlMjAlMjAlMjJhY2NlcHRlZEFuc3dlciUyMiUzQSUyMCUwQSU3QiUyMCUyMCUyMCUyMCUyMCUyMCUyMCUyMCUyMiU0MHR5cGUlMjIlM0ElMjAlMjJBbnN3ZXIlMjIlMkMlMjAlMjAlMjAlMjAlMjAlMjAlMjAlMjAlMjJ0ZXh0JTIyJTNBJTIwJTIyJTNDcCUzRUlzdCUyMGRlciUyMEthbG9yaWVudmVyYnJhdWNoJTIwYWJoJUMzJUE0bmdpZyUyMHZvbSUyMEZhaHJyYWQlM0YlMjAlMEFEaWUlMjBGcmFnZSUyMGxpZWd0JTIwbmFoZSUyQyUyMGthbm4lMjBhYmVyJTIwYW4lMjBzaWNoJTIwYXVjaCUyMHZlcm5laW50JTIwd2VyZGVuLiUyMERlbm4lMjBsZXR6dGxpY2glMjBpc3QlMjBlcyUyMGphJTIwZWdhbCUyQyUyMG9iJTIwbWFuJTIwYXVmJTIwZGVtJTIwUmVubnJhZCUyMG9kZXIlMjBNb3VudGFpbmJpa2UlMjBzaXR6dC4lMjBXaWUlMjB3aXIlMjBzY2hvbiUyMGdlbGVybnQlMjBoYWJlbiUyQyUyMGJlc3RpbW10JTIwZGllJTIwSW50ZW5zaXQlQzMlQTR0JTIwYnp3LiUyMGRpZSUyMExlaXN0dW5nJTIwZGVuJTIwS2Fsb3JpZW52ZXJicmF1Y2guJTIwQXVmJTIwZGVtJTIwUmVubnJhZCUyMGYlQzMlQTRocnQlMjBtYW4lMjBoYWx0JTIwbnVyJTIwZXR3YXMlMjBzY2huZWxsZXIlMkMlMjBhbHMlMjBhdWYlMjBkZW4lMjBicmVpdGVuJTIwUmVpZmVuJTIwZGVzJTIwTW91bnRhaW5iaWtlcy4lMjAlMEElMEFOdXIlMjBlaW5lJTIwa2xlaW5lJTIwQXVzbmFobWUlMjBsYXNzZSUyMGljaCUyMGdlbHRlbiUzQSUyMFdlbm4lMjBtYW4lMjBiZWltJTIwTW91bnRhaW5iaWtlbiUyMG9mdCUyMGltJTIwU3RlaGVuJTIwZiVDMyVBNGhydCUyMHVuZCUyMHRlY2huaXNjaGUlMjBQYXNzYWdlbiUyMCVDMyVCQ2JlcndpbmRlbiUyMG11c3MuJTIwRGVubiUyMGhpZXIlMjBpc3QlMjBuYXQlQzMlQkNybGljaCUyMGF1Y2glMjBkZXIlMjBPYmVyayVDMyVCNnJwZXIlMjBnZWZyYWd0JTIwdW5kJTIwamUlMjBtZWhyJTIwTXVza2VsbiUyMGFrdGl2aWVydCUyMHdlcmRlbiUyQyUyMGRlc3RvJTIwbWVociUyMEthbG9yaWVuJTIwd2VyZGVuJTIwdmVyYnJhbm50LiUyMCUyMCUzQyUyRnAlM0UlMjIlMjAlMjAlMjAlMjAlN0QlMjAlMjAlMjAlMjAlN0QlMkMlMEElMEElN0IlMjAlMjAlMjAlMjAlMjAlMjAlMjIlNDB0eXBlJTIyJTNBJTIwJTIyUXVlc3Rpb24lMjIlMkMlMjAlMjAlMjAlMjAlMjAlMjAlMjJuYW1lJTIyJTNBJTIwJTIyJUUyJTlBJUExJTIwV2llJTIwaXN0JTIwZGVyJTIwS2Fsb3JpZW52ZXJicmF1Y2glMjBiZWltJTIwRS1CaWtlLUZhaHJlbiUzRiUyMiUyQyUyMCUyMCUyMCUyMCUyMCUyMCUyMmFjY2VwdGVkQW5zd2VyJTIyJTNBJTIwJTBBJTdCJTIwJTIwJTIwJTIwJTIwJTIwJTIwJTIwJTIyJTQwdHlwZSUyMiUzQSUyMCUyMkFuc3dlciUyMiUyQyUyMCUyMCUyMCUyMCUyMCUyMCUyMCUyMCUyMnRleHQlMjIlM0ElMjAlMjIlM0NwJTNFV2llJTIwaXN0JTIwZGVyJTIwS2Fsb3JpZW52ZXJicmF1Y2glMjBiZWltJTIwRS1CaWtlLUZhaHJlbiUzRiUwQUplZGVyJTJDJTIwZGVyJTIwc2Nob24lMjBlaW5tYWwlMjBhdWYlMjBlaW5lbSUyMEUtQmlrZSUyMGdlc2Vzc2VuJTIwaXN0JTJDJTIwbSVDMyVCQ3NzdGUlMjBkZW4lMjBVbnRlcnNjaGllZCUyMHp1bSUyMEZhaHJlbiUyMG1pdCUyMGVpbmVtJTIwaGVyayVDMyVCNm1tbGljaGVuJTIwUmFkJTIwZ2VzcCVDMyVCQ3J0JTIwaGFiZW4uJTIwRiVDMyVCQ2hsdCUyMGVzJTIwc2ljaCUyMG5pY2h0JTIwaXJnZW5kd2llJTIwc28lMjBhbiUyQyUyMGFscyUyMG9iJTIwZWluJTIwc2FuZnRlciUyMFIlQzMlQkNja2Vud2luZCUyMGRpY2glMjBiZWltJTIwVm9yYW5rb21tZW4lMjB1bnRlcnN0JUMzJUJDdHp0JTNGJTIwVW5kJTIwZGElMjBzaW5kJTIwd2lyJTIwYXVjaCUyMHNjaG9uJTIwYmVpbSUyMFRoZW1hJTNBJTIwVW50ZXJzdCVDMyVCQ3R6dW5nLiUyME1pdGhpbGZlJTIwZGVzJTIwaW5zdGFsbGllcnRlbiUyMEVsZWt0cm9hbnRyaWVicyUyMHNwYXJzdCUyMGR1JTIwYmVpbSUyMFZvcnRyaWViJTIwS3JhZnQuJTIwU28lMjBtdXNzdCUyMGR1JTJDJTIwaW0lMjBWZXJnbGVpY2glMjB6dXIlMjBhdWZnZWJyYWNodGVuJTIwTGVpc3R1bmclMjBhdWYlMjBlaW5lbSUyMGhlcmslQzMlQjZtbWxpY2hlbiUyMFJhZCUyQyUyMGplJTIwbmFjaCUyMFVudGVyc3QlQzMlQkN0enVuZ3NzdHVmZSUyMGRldXRsaWNoJTIwd2VuaWdlciUyMGluJTIwZGllJTIwUGVkYWxlJTIwdHJldGVuJTJDJTIwdW0lMjBlaW4lMjBiZXN0aW1tdGVzJTIwU3R1bmRlbm1pdHRlbCUyMHp1JTIwZXJyZWljaGVuLiUyMEtsYXIlMkMlMjBkYXNzJTIwZGVyJTIwSyVDMyVCNnJwZXIlMjB1bnRlciUyMGRpZXNlbiUyMEJlZGluZ3VuZ2VuJTIwZ2VyaW5nZXIlMjBiZWxhc3RldCUyMHdpcmQlMjB1bmQlMjBkYWR1cmNoJTIwd2VuaWdlciUyMEthbG9yaWVuJTIwYWxzJTIwYXVmJTIwZGVtJTIwJUUyJTgwJTlFbm9ybWFsZW4lRTIlODAlOUMlMjBGYWhycmFkJTIwdmVyYnJhbm50JTIwd2VyZGVuLiUzQyUyRnAlM0UlMEElMEElM0NwJTNFTmF0JUMzJUJDcmxpY2glMjBzY2hsJUMzJUE0Z3QlMjBzaWNoJTIwYXVjaCUyMGRpZSUyME51dHp1bmclMjBkZXIlMjB2ZXJzY2hpZWRlbmVuJTIwVW50ZXJzdCVDMyVCQ3R6dW5nc21vZGklMjBhdWYlMjBkZW4lMjBLYWxvcmllbnZlcmJyYXVjaCUyMG5pZWRlci4lMjBXZW5uJTIwbWFuJTIwcGVybWFuZW50JTIwZGVuJTIwc3QlQzMlQTRya3N0ZW4lMjBVbnRlcnN0JUMzJUJDdHp1bmdzbW9kdXMlMjBlaW5zdGVsbHQlMkMlMjB2ZXJicmVubnQlMjBkZXIlMjBLJUMzJUI2cnBlciUyMG5hdCVDMyVCQ3JsaWNoJTIwd2VuaWdlciUyQyUyMGFscyUyMHdlbm4lMjBtYW4lMjBzaWNoJTIwaW0lMjBnZXJpbmdzdGVuJTIwTW9kdXMlMjBoZWxmZW4lMjBsJUMzJUE0c3N0LiUyMFVtJTIwZWluZSUyMGtvbmtyZXRlJTIwWmFobCUyMHp1JTIwbmVubmVuJTJDJTIwZ2VodCUyMG1hbiUyMGJlaSUyMGVpbmVyJTIwZHVyY2hzY2huaXR0bGljaGVuJTIwTnV0enVuZyUyMGRlciUyMHZlcnNjaGllZGVuZW4lMjBVbnRlcnN0JUMzJUJDdHp1bmdzc3R1ZmVuJTIwdm9uJTIwcnVuZCUyMDMwMCUyMGtjYWwlMkZoJTIwJTI4cHJvJTIwU3R1bmRlJTI5JTIwYXVzLiUzQyUyRnAlM0UlMjAlMjIlMjAlMjAlMjAlMjAlN0QlMjAlMjAlMjAlMjAlN0QlMkMlMEElMEElN0IlMjAlMjAlMjAlMjAlMjAlMjAlMjIlNDB0eXBlJTIyJTNBJTIwJTIyUXVlc3Rpb24lMjIlMkMlMjAlMjAlMjAlMjAlMjAlMjAlMjJuYW1lJTIyJTNBJTIwJTIyJUYwJTlGJThGJTgzJTIwV2llJTIwc2NobmVpZGV0JTIwUmFkZmFocmVuJTIwaW0lMjBWZXJnbGVpY2glMjB6dSUyMGFuZGVyZW4lMjBTcG9ydGFydGVuJTIwYWIlM0YlMjAlMjIlMkMlMjAlMjAlMjAlMjAlMjAlMjAlMjJhY2NlcHRlZEFuc3dlciUyMiUzQSUyMCUwQSU3QiUyMCUyMCUyMCUyMCUyMCUyMCUyMCUyMCUyMiU0MHR5cGUlMjIlM0ElMjAlMjJBbnN3ZXIlMjIlMkMlMjAlMjAlMjAlMjAlMjAlMjAlMjAlMjAlMjJ0ZXh0JTIyJTNBJTIwJTIyJTNDcCUzRVdpZSUyMHNjaG5laWRldCUyMFJhZGZhaHJlbiUyMGltJTIwVmVyZ2xlaWNoJTIwenUlMjBhbmRlcmVuJTIwU3BvcnRhcnRlbiUyMGFiJTNGJTIwJTBBU2NoYXV0JTIwbWFuJTIwc2ljaCUyMGRlbiUyMEthbG9yaWVudmVyYnJhdWNoJTIwYmVpbSUyMFJhZGZhaHJlbiUyMGltJTIwVmVyZ2xlaWNoJTIwenUlMjBhbmRlcmVuJTIwU3BvcnRhcnRlbiUyMGFuJTJDJTIwZGFubiUyMGslQzMlQjZubmVuJTIwd2lyJTIwZmVzdHN0ZWxsZW4lM0ElMjBXaXIlMjBsaWVnZW4lMjBpbiUyMGVpbmVtJTIwZ2VzdW5kZW4lMjBNaXR0ZWxmZWxkLiUyMFdhcnVtJTIwaXN0JTIwZGFzJTIwc28lM0YlMjAlM0MlMkZwJTNFJTBBJTBBJTNDcCUzRURhcyUyMGthbm4lMjBtYW4lMjBhbSUyMGJlc3RlbiUyMGR1cmNoJTIwZGVuJTIwVmVyZ2xlaWNoJTIwbWl0JTIwendlaSUyMGFuZGVyZW4lMjBiZWxpZWJ0ZW4lMjBBdXNkYXVlcnNwb3J0YXJ0ZW4lMjBlcmwlQzMlQTR1dGVybiUzQSUyMGRlbSUyMExhdWZlbiUyMHVuZCUyMGRlbSUyMFNjaHdpbW1lbi4lMjAlMjAlMEElMEFCZWltJTIwTGF1ZmVuJTIwd2lyZCUyMGVpbiUyMHNlaHIlMjBncm8lQzMlOUZlciUyMFRlaWwlMjBkZXIlMjBNdXNrdWxhdHVyJTIwYWt0aXZpZXJ0LiUyME5lYmVuJTIwZGVuJTIwQmVpbmVuJTIwYXJiZWl0ZW4lMjBkaWUlMjBBcm1lJTIwdW5kJTIwZGllJTIwUnVtcGZtdXNrdWxhdHVyJTIwbWl0LiUyMFNvJTIwa29tbXQlMjBkZXIlMjBBdXRvciUyMGRlcyUyMEFydGlrZWxzJTIwbWl0JTIwc2VpbmVuJTIwNzAlMjBrZyUyMGF1ZiUyMGNhLiUyMDU1MC02NTAlMjBrY2FsJTJGaCUyMCUyOHBybyUyMFN0dW5kZSUyOSUyMEpvZ2dlbiUyMCVFMiU4MCU5MyUyMGdlbSVDMyVCQ3RsaWNoJTIwd29obGdlbWVya3QuJTIwJTIwJTNDJTJGcCUzRSUwQSUwQSUzQ3AlM0VBbSUyMGFuZGVyZSUyMEVuZGUlMjBkZXIlMjBTa2FsYSUyMGxpZWd0JTIwZGFzJTIwU2Nod2ltbWVuLiUyMEdlaGVuJTIwd2lyJTIwdm9tJTIwQnJ1c3RzY2h3aW1tZW4lMjBhdXMlMkMlMjB2ZXJicmF1Y2hlJTIwaWNoJTIwbnVyJTIwY2EuJTIwMzAwLTQwMCUyMGtjYWwlMjBwcm8lMjBTdHVuZGUuJTIwS2xhciUyQyUyMGRlbm4lMjBkYXMlMjBXYXNzZXIlMjBzb3JndCUyMGYlQzMlQkNyJTIwQXVmdHJpZWIlMkMlMjBtZWluZSUyMEhhbHRlbXVza3VsYXR1ciUyMG11c3MlMjBuaWNodCUyMHNvJTIwc2VociUyMGFyYmVpdGVuJTIwdW5kJTIwZXMlMjBzaW5kJTIwcHJpbSVDMyVBNHIlMjBkaWUlMjBBcm1lJTIwdW5kJTIwQmVpbmUlMjBnZWZvcmRlcnQuJTIwQmVpbSUyMGxhbmdzYW1lbiUyMEtyYXVsZW4lMjBoaW5nZWdlbiUyMGxpZWdlbiUyMHdpciUyMHNjaG9uJTIwd2llZGVyJTIwYmVpJTIwZXR3YSUyMDQ1MCUyMGtjYWwlMkMlMjBkZW5uJTIwdW0lMjBkaWUlMjBXYXNzZXJsYWdlJTIwenUlMjBoYWx0ZW4lMkMlMjBtdXNzJTIwYmVpbSUyMEtyYXVsZW4lMjBhdWNoJTIwZGllJTIwUnVtcGZtdXNrdWxhdHVyJTIwbWl0bWFjaGVuLiUyMCUzQyUyRnAlM0UlMEElMEElM0NwJTNFVmVyYW5zY2hhdWxpY2h0JTIwbWFuJTIwc2ljaCUyMGRhcyUyMFJhZGZhaHJlbiUyQyUyMGRhbm4lMjB3aXJkJTIwa2xhciUzQSUyMERpZSUyMEJlaW5lJTIwbGVpc3RlbiUyMGRpZSUyMEhhdXB0YXJiZWl0JTJDJTIwdyVDMyVBNGhyZW5kJTIwQXJtZSUyMHVuZCUyMFJ1bXBmJTIwZWlnZW50bGljaCUyMG51ciUyMHN0YWJpbGlzaWVyZW4lMjBtJUMzJUJDc3NlbiUyMHVuZCUyMGRhZHVyY2glMjB3ZW5pZyUyMGdlZm9yZGVydCUyMHNpbmQuJTIwRGElMjBkaWUlMjBNdXNrdWxhdHVyJTIwaW0lMjBIaW50ZXJuJTIwdW5kJTIwaW0lMjBPYmVyc2NoZW5rZWwlMjBhYmVyJTIwenUlMjBkZW4lMjBnciVDMyVCNiVDMyU5RnRlbiUyMGltJTIwbWVuc2NobGljaGVuJTIwSyVDMyVCNnJwZXIlMjB6JUMzJUE0aGx0JTJDJTIwZ2VodCUyMGhpZXIlMjBuYXQlQzMlQkNybGljaCUyMHZpZWwlMjAlRTIlODAlOUVUcmVpYnN0b2ZmJUUyJTgwJTlDJTIwZHVyY2guJTIwJTIwJTNDJTJGcCUzRSUyMiUyMCUyMCUyMCUyMCU3RCUyMCUyMCUyMCUyMCU3RCUwQSUwQSU1RCUwQSUyMCUyMCUyMCU3RCUyMCUyMCUzQyUyRnNjcmlwdCUzRSVFMiU4MCU4Qg==[\/vc_raw_html][\/vc_column][\/vc_row]<\/p>\n\n\n<div class=\"kk-star-ratings kksr-auto kksr-align-left kksr-valign-bottom\"\n    data-payload='{&quot;align&quot;:&quot;left&quot;,&quot;id&quot;:&quot;16880&quot;,&quot;slug&quot;:&quot;default&quot;,&quot;valign&quot;:&quot;bottom&quot;,&quot;ignore&quot;:&quot;&quot;,&quot;reference&quot;:&quot;auto&quot;,&quot;class&quot;:&quot;&quot;,&quot;count&quot;:&quot;9&quot;,&quot;legendonly&quot;:&quot;&quot;,&quot;readonly&quot;:&quot;&quot;,&quot;score&quot;:&quot;4.1&quot;,&quot;starsonly&quot;:&quot;&quot;,&quot;best&quot;:&quot;5&quot;,&quot;gap&quot;:&quot;5&quot;,&quot;greet&quot;:&quot;Rate this post&quot;,&quot;legend&quot;:&quot;4.1\\\/5 - (9 votes)&quot;,&quot;size&quot;:&quot;22&quot;,&quot;title&quot;:&quot;Wie viele Kalorien verbrenne ich beim Radfahren \\u0026amp; mit E-Bike?&quot;,&quot;width&quot;:&quot;108.2&quot;,&quot;_legend&quot;:&quot;{score}\\\/{best} - ({count} {votes})&quot;,&quot;font_factor&quot;:&quot;1.25&quot;}'>\n            \n<div class=\"kksr-stars\">\n    \n<div class=\"kksr-stars-inactive\">\n            <div class=\"kksr-star\" data-star=\"1\" style=\"padding-right: 5px\">\n            \n\n<div class=\"kksr-icon\" style=\"width: 22px; height: 22px;\"><\/div>\n        <\/div>\n            <div class=\"kksr-star\" data-star=\"2\" style=\"padding-right: 5px\">\n            \n\n<div class=\"kksr-icon\" style=\"width: 22px; height: 22px;\"><\/div>\n        <\/div>\n            <div class=\"kksr-star\" data-star=\"3\" style=\"padding-right: 5px\">\n            \n\n<div class=\"kksr-icon\" style=\"width: 22px; height: 22px;\"><\/div>\n        <\/div>\n            <div class=\"kksr-star\" data-star=\"4\" style=\"padding-right: 5px\">\n            \n\n<div class=\"kksr-icon\" style=\"width: 22px; height: 22px;\"><\/div>\n        <\/div>\n            <div class=\"kksr-star\" data-star=\"5\" style=\"padding-right: 5px\">\n            \n\n<div class=\"kksr-icon\" style=\"width: 22px; height: 22px;\"><\/div>\n        <\/div>\n    <\/div>\n    \n<div class=\"kksr-stars-active\" style=\"width: 108.2px;\">\n            <div class=\"kksr-star\" style=\"padding-right: 5px\">\n            \n\n<div class=\"kksr-icon\" style=\"width: 22px; height: 22px;\"><\/div>\n        <\/div>\n            <div class=\"kksr-star\" style=\"padding-right: 5px\">\n            \n\n<div class=\"kksr-icon\" style=\"width: 22px; height: 22px;\"><\/div>\n        <\/div>\n            <div class=\"kksr-star\" style=\"padding-right: 5px\">\n            \n\n<div class=\"kksr-icon\" style=\"width: 22px; height: 22px;\"><\/div>\n        <\/div>\n            <div class=\"kksr-star\" style=\"padding-right: 5px\">\n            \n\n<div class=\"kksr-icon\" style=\"width: 22px; height: 22px;\"><\/div>\n        <\/div>\n            <div class=\"kksr-star\" style=\"padding-right: 5px\">\n            \n\n<div class=\"kksr-icon\" style=\"width: 22px; height: 22px;\"><\/div>\n        <\/div>\n    <\/div>\n<\/div>\n                \n\n<div class=\"kksr-legend\" style=\"font-size: 17.6px;\">\n            4.1\/5 - (9 votes)    <\/div>\n    <\/div>\n<\/section>","protected":false},"excerpt":{"rendered":"<p>[vc_section][vc_row][vc_column width=&#8220;1\/1&#8243;][vc_column_text]Seien wir doch mal ehrlich. Wir alle treiben Sport doch nur aus einem Grund: Damit wir mehr futtern k\u00f6nnen! Ok, vielleicht sollte ich nicht von mir auf andere schlie\u00dfen, aber in nicht wenigen F\u00e4llen ist der Grund um mit Sport anzufangen doch der, dass man ein paar ungeliebte Kilos loswerden will. Und Fahrrad fahren bietet sich hier ja auch prima an. Es ist gelenkschonend, macht Spa\u00df und bietet Anf\u00e4ngern einen leichten Einstieg.\u00a0Jedenfalls hat man,\u00a0wenn man mit Sporttreiben beginnt,\u00a0schneller 20 km geradelt als 5 km gelaufen.\u00a0Das soll hier aber jetzt nicht zu einem\u00a0Abnehm-Post abdriften. Vielmehr wollen wir uns einmal ganz n\u00fcchtern anschauen, wie viele Kalorien man auf dem Drahtesel so verbraucht und warum das so ist.\u00a0[\/vc_column_text][\/vc_column][\/vc_row][\/vc_section][vc_row][vc_column width=&#8220;1\/1&#8243;][vc_column_text] &#x1f4a3; Radfahren &#8211; der Kalorienkiller?\u00a0 Um diese Frage zu beantworten,\u00a0schauen wir uns\u00a0zuallererst\u00a0einige\u00a0Parameter\u00a0an, die auf den Kalorienverbrauch beim Radfahren Einfluss nehmen:\u00a0 Die Intensit\u00e4t:\u00a0Klar, wenn ich ordentlich in die Pedale trete, dann verbrauche ich deutlich mehr Kalorien. Die Intensit\u00e4t kann aber auch durch nat\u00fcrliche\u00a0Ph\u00e4nomene erh\u00f6ht werden. Je welliger die Strecke ist oder je mehr Gegenwind sich uns in den Weg stellt, desto anstrengender wird das Ganze.\u00a0 Der Trainingszustand:\u00a0Sind wir gut in Form, verbrauchen wir auf gleicher Strecke, bei gleicher Intensit\u00e4t weniger Kalorien \u2013 zumindest in [&hellip;]<\/p>\n","protected":false},"author":29,"featured_media":16894,"comment_status":"open","ping_status":"open","sticky":false,"template":"","format":"standard","meta":[],"categories":[29],"tags":[],"yoast_head":"<!-- This site is optimized with the Yoast SEO plugin v19.10 - https:\/\/yoast.com\/wordpress\/plugins\/seo\/ -->\n<title>Wie viele Kalorien verbrenne ich beim Radfahren &amp; mit E-Bike? - Fahrrad XXL AT Blog<\/title>\n<meta name=\"description\" content=\"Wie viele Kalorien sind es denn nun? H\u00e4ngt es vom Fahrrad ab? Wie schneidet das Fahrrad gegen andere Sportarten ab? Hier bekommst du die wichtigsten Fakten!\" \/>\n<meta name=\"robots\" content=\"index, follow, max-snippet:-1, max-image-preview:large, max-video-preview:-1\" \/>\n<link rel=\"canonical\" href=\"https:\/\/www.fahrrad-xxl.at\/blog\/wie-viele-kalorien-verbrenne-ich-beim-radfahren\/\" \/>\n<meta property=\"og:locale\" content=\"de_DE\" \/>\n<meta property=\"og:type\" content=\"article\" \/>\n<meta property=\"og:title\" content=\"Wie viele Kalorien verbrenne ich beim Radfahren &amp; mit E-Bike? - Fahrrad XXL AT Blog\" \/>\n<meta property=\"og:description\" content=\"Wie viele Kalorien sind es denn nun? H\u00e4ngt es vom Fahrrad ab? Wie schneidet das Fahrrad gegen andere Sportarten ab? Hier bekommst du die wichtigsten Fakten!\" \/>\n<meta property=\"og:url\" content=\"https:\/\/www.fahrrad-xxl.at\/blog\/wie-viele-kalorien-verbrenne-ich-beim-radfahren\/\" \/>\n<meta property=\"og:site_name\" content=\"Fahrrad XXL AT Blog\" \/>\n<meta property=\"article:publisher\" content=\"https:\/\/www.facebook.com\/FahrradXXL\" \/>\n<meta property=\"article:published_time\" content=\"2024-07-22T08:06:10+00:00\" \/>\n<meta property=\"article:modified_time\" content=\"2024-09-12T12:50:30+00:00\" \/>\n<meta property=\"og:image\" content=\"https:\/\/www.fahrrad-xxl.at\/blog\/wp-content\/uploads\/2018\/05\/sayan-nath-180616-unsplash.jpg\" \/>\n\t<meta property=\"og:image:width\" content=\"5472\" \/>\n\t<meta property=\"og:image:height\" content=\"3648\" \/>\n\t<meta property=\"og:image:type\" content=\"image\/jpeg\" \/>\n<meta name=\"author\" content=\"Alicia\" \/>\n<meta name=\"twitter:card\" content=\"summary_large_image\" \/>\n<meta name=\"twitter:label1\" content=\"Verfasst von\" \/>\n\t<meta name=\"twitter:data1\" content=\"Alicia\" \/>\n\t<meta name=\"twitter:label2\" content=\"Gesch\u00e4tzte Lesezeit\" \/>\n\t<meta name=\"twitter:data2\" content=\"8\u00a0Minuten\" \/>\n<script type=\"application\/ld+json\" class=\"yoast-schema-graph\">{\"@context\":\"https:\/\/schema.org\",\"@graph\":[{\"@type\":\"Article\",\"@id\":\"https:\/\/www.fahrrad-xxl.at\/blog\/wie-viele-kalorien-verbrenne-ich-beim-radfahren\/#article\",\"isPartOf\":{\"@id\":\"https:\/\/www.fahrrad-xxl.at\/blog\/wie-viele-kalorien-verbrenne-ich-beim-radfahren\/\"},\"author\":{\"name\":\"Alicia\",\"@id\":\"https:\/\/www.fahrrad-xxl.at\/blog\/#\/schema\/person\/f4b754915dd65ad37f37994cdd21b14a\"},\"headline\":\"Wie viele Kalorien verbrenne ich beim Radfahren &#038; mit E-Bike?\",\"datePublished\":\"2024-07-22T08:06:10+00:00\",\"dateModified\":\"2024-09-12T12:50:30+00:00\",\"mainEntityOfPage\":{\"@id\":\"https:\/\/www.fahrrad-xxl.at\/blog\/wie-viele-kalorien-verbrenne-ich-beim-radfahren\/\"},\"wordCount\":2353,\"commentCount\":4,\"publisher\":{\"@id\":\"https:\/\/www.fahrrad-xxl.at\/blog\/#organization\"},\"articleSection\":[\"News\/Interessantes\"],\"inLanguage\":\"de\",\"potentialAction\":[{\"@type\":\"CommentAction\",\"name\":\"Comment\",\"target\":[\"https:\/\/www.fahrrad-xxl.at\/blog\/wie-viele-kalorien-verbrenne-ich-beim-radfahren\/#respond\"]}]},{\"@type\":\"WebPage\",\"@id\":\"https:\/\/www.fahrrad-xxl.at\/blog\/wie-viele-kalorien-verbrenne-ich-beim-radfahren\/\",\"url\":\"https:\/\/www.fahrrad-xxl.at\/blog\/wie-viele-kalorien-verbrenne-ich-beim-radfahren\/\",\"name\":\"Wie viele Kalorien verbrenne ich beim Radfahren & mit E-Bike? - Fahrrad XXL AT Blog\",\"isPartOf\":{\"@id\":\"https:\/\/www.fahrrad-xxl.at\/blog\/#website\"},\"datePublished\":\"2024-07-22T08:06:10+00:00\",\"dateModified\":\"2024-09-12T12:50:30+00:00\",\"description\":\"Wie viele Kalorien sind es denn nun? H\u00e4ngt es vom Fahrrad ab? Wie schneidet das Fahrrad gegen andere Sportarten ab? Hier bekommst du die wichtigsten Fakten!\",\"breadcrumb\":{\"@id\":\"https:\/\/www.fahrrad-xxl.at\/blog\/wie-viele-kalorien-verbrenne-ich-beim-radfahren\/#breadcrumb\"},\"inLanguage\":\"de\",\"potentialAction\":[{\"@type\":\"ReadAction\",\"target\":[\"https:\/\/www.fahrrad-xxl.at\/blog\/wie-viele-kalorien-verbrenne-ich-beim-radfahren\/\"]}]},{\"@type\":\"BreadcrumbList\",\"@id\":\"https:\/\/www.fahrrad-xxl.at\/blog\/wie-viele-kalorien-verbrenne-ich-beim-radfahren\/#breadcrumb\",\"itemListElement\":[{\"@type\":\"ListItem\",\"position\":1,\"name\":\"Startseite\",\"item\":\"https:\/\/www.fahrrad-xxl.at\/blog\/\"},{\"@type\":\"ListItem\",\"position\":2,\"name\":\"Wie viele Kalorien verbrenne ich beim Radfahren &#038; mit E-Bike?\"}]},{\"@type\":\"WebSite\",\"@id\":\"https:\/\/www.fahrrad-xxl.at\/blog\/#website\",\"url\":\"https:\/\/www.fahrrad-xxl.at\/blog\/\",\"name\":\"Fahrrad XXL AT Blog\",\"description\":\"Erleben | Testen | Losfahren\",\"publisher\":{\"@id\":\"https:\/\/www.fahrrad-xxl.at\/blog\/#organization\"},\"potentialAction\":[{\"@type\":\"SearchAction\",\"target\":{\"@type\":\"EntryPoint\",\"urlTemplate\":\"https:\/\/www.fahrrad-xxl.at\/blog\/?s={search_term_string}\"},\"query-input\":\"required name=search_term_string\"}],\"inLanguage\":\"de\"},{\"@type\":\"Organization\",\"@id\":\"https:\/\/www.fahrrad-xxl.at\/blog\/#organization\",\"name\":\"Fahrrad XXL\",\"url\":\"https:\/\/www.fahrrad-xxl.at\/blog\/\",\"logo\":{\"@type\":\"ImageObject\",\"inLanguage\":\"de\",\"@id\":\"https:\/\/www.fahrrad-xxl.at\/blog\/#\/schema\/logo\/image\/\",\"url\":\"https:\/\/www.fahrrad-xxl.at\/blog\/wp-content\/uploads\/2018\/03\/FXXL-Blog-Logo-100-c.png\",\"contentUrl\":\"https:\/\/www.fahrrad-xxl.at\/blog\/wp-content\/uploads\/2018\/03\/FXXL-Blog-Logo-100-c.png\",\"width\":450,\"height\":100,\"caption\":\"Fahrrad XXL\"},\"image\":{\"@id\":\"https:\/\/www.fahrrad-xxl.at\/blog\/#\/schema\/logo\/image\/\"},\"sameAs\":[\"https:\/\/www.instagram.com\/fahrradxxl\/\",\"https:\/\/www.youtube.com\/user\/FahrradXXLde\",\"https:\/\/www.facebook.com\/FahrradXXL\"]},{\"@type\":\"Person\",\"@id\":\"https:\/\/www.fahrrad-xxl.at\/blog\/#\/schema\/person\/f4b754915dd65ad37f37994cdd21b14a\",\"name\":\"Alicia\",\"description\":\"F\u00e4hrt gerne:\u00a0Stra\u00dfe, Feldwege Bikes:\u00a0Cube Nuroad, Canyon Endurace, Bianchi Aria Lieblings-Radrevier: Mallorca\",\"url\":\"https:\/\/www.fahrrad-xxl.at\/blog\/author\/a-freyfahrrad-xxl-de\/\"}]}<\/script>\n<!-- \/ Yoast SEO plugin. -->","yoast_head_json":{"title":"Wie viele Kalorien verbrenne ich beim Radfahren & mit E-Bike? - Fahrrad XXL AT Blog","description":"Wie viele Kalorien sind es denn nun? H\u00e4ngt es vom Fahrrad ab? Wie schneidet das Fahrrad gegen andere Sportarten ab? Hier bekommst du die wichtigsten Fakten!","robots":{"index":"index","follow":"follow","max-snippet":"max-snippet:-1","max-image-preview":"max-image-preview:large","max-video-preview":"max-video-preview:-1"},"canonical":"https:\/\/www.fahrrad-xxl.at\/blog\/wie-viele-kalorien-verbrenne-ich-beim-radfahren\/","og_locale":"de_DE","og_type":"article","og_title":"Wie viele Kalorien verbrenne ich beim Radfahren & mit E-Bike? - Fahrrad XXL AT Blog","og_description":"Wie viele Kalorien sind es denn nun? H\u00e4ngt es vom Fahrrad ab? Wie schneidet das Fahrrad gegen andere Sportarten ab? Hier bekommst du die wichtigsten Fakten!","og_url":"https:\/\/www.fahrrad-xxl.at\/blog\/wie-viele-kalorien-verbrenne-ich-beim-radfahren\/","og_site_name":"Fahrrad XXL AT Blog","article_publisher":"https:\/\/www.facebook.com\/FahrradXXL","article_published_time":"2024-07-22T08:06:10+00:00","article_modified_time":"2024-09-12T12:50:30+00:00","og_image":[{"width":5472,"height":3648,"url":"https:\/\/www.fahrrad-xxl.at\/blog\/wp-content\/uploads\/2018\/05\/sayan-nath-180616-unsplash.jpg","type":"image\/jpeg"}],"author":"Alicia","twitter_card":"summary_large_image","twitter_misc":{"Verfasst von":"Alicia","Gesch\u00e4tzte Lesezeit":"8\u00a0Minuten"},"schema":{"@context":"https:\/\/schema.org","@graph":[{"@type":"Article","@id":"https:\/\/www.fahrrad-xxl.at\/blog\/wie-viele-kalorien-verbrenne-ich-beim-radfahren\/#article","isPartOf":{"@id":"https:\/\/www.fahrrad-xxl.at\/blog\/wie-viele-kalorien-verbrenne-ich-beim-radfahren\/"},"author":{"name":"Alicia","@id":"https:\/\/www.fahrrad-xxl.at\/blog\/#\/schema\/person\/f4b754915dd65ad37f37994cdd21b14a"},"headline":"Wie viele Kalorien verbrenne ich beim Radfahren &#038; mit E-Bike?","datePublished":"2024-07-22T08:06:10+00:00","dateModified":"2024-09-12T12:50:30+00:00","mainEntityOfPage":{"@id":"https:\/\/www.fahrrad-xxl.at\/blog\/wie-viele-kalorien-verbrenne-ich-beim-radfahren\/"},"wordCount":2353,"commentCount":4,"publisher":{"@id":"https:\/\/www.fahrrad-xxl.at\/blog\/#organization"},"articleSection":["News\/Interessantes"],"inLanguage":"de","potentialAction":[{"@type":"CommentAction","name":"Comment","target":["https:\/\/www.fahrrad-xxl.at\/blog\/wie-viele-kalorien-verbrenne-ich-beim-radfahren\/#respond"]}]},{"@type":"WebPage","@id":"https:\/\/www.fahrrad-xxl.at\/blog\/wie-viele-kalorien-verbrenne-ich-beim-radfahren\/","url":"https:\/\/www.fahrrad-xxl.at\/blog\/wie-viele-kalorien-verbrenne-ich-beim-radfahren\/","name":"Wie viele Kalorien verbrenne ich beim Radfahren & mit E-Bike? - Fahrrad XXL AT Blog","isPartOf":{"@id":"https:\/\/www.fahrrad-xxl.at\/blog\/#website"},"datePublished":"2024-07-22T08:06:10+00:00","dateModified":"2024-09-12T12:50:30+00:00","description":"Wie viele Kalorien sind es denn nun? H\u00e4ngt es vom Fahrrad ab? Wie schneidet das Fahrrad gegen andere Sportarten ab? Hier bekommst du die wichtigsten Fakten!","breadcrumb":{"@id":"https:\/\/www.fahrrad-xxl.at\/blog\/wie-viele-kalorien-verbrenne-ich-beim-radfahren\/#breadcrumb"},"inLanguage":"de","potentialAction":[{"@type":"ReadAction","target":["https:\/\/www.fahrrad-xxl.at\/blog\/wie-viele-kalorien-verbrenne-ich-beim-radfahren\/"]}]},{"@type":"BreadcrumbList","@id":"https:\/\/www.fahrrad-xxl.at\/blog\/wie-viele-kalorien-verbrenne-ich-beim-radfahren\/#breadcrumb","itemListElement":[{"@type":"ListItem","position":1,"name":"Startseite","item":"https:\/\/www.fahrrad-xxl.at\/blog\/"},{"@type":"ListItem","position":2,"name":"Wie viele Kalorien verbrenne ich beim Radfahren &#038; mit E-Bike?"}]},{"@type":"WebSite","@id":"https:\/\/www.fahrrad-xxl.at\/blog\/#website","url":"https:\/\/www.fahrrad-xxl.at\/blog\/","name":"Fahrrad XXL AT Blog","description":"Erleben | Testen | Losfahren","publisher":{"@id":"https:\/\/www.fahrrad-xxl.at\/blog\/#organization"},"potentialAction":[{"@type":"SearchAction","target":{"@type":"EntryPoint","urlTemplate":"https:\/\/www.fahrrad-xxl.at\/blog\/?s={search_term_string}"},"query-input":"required name=search_term_string"}],"inLanguage":"de"},{"@type":"Organization","@id":"https:\/\/www.fahrrad-xxl.at\/blog\/#organization","name":"Fahrrad XXL","url":"https:\/\/www.fahrrad-xxl.at\/blog\/","logo":{"@type":"ImageObject","inLanguage":"de","@id":"https:\/\/www.fahrrad-xxl.at\/blog\/#\/schema\/logo\/image\/","url":"https:\/\/www.fahrrad-xxl.at\/blog\/wp-content\/uploads\/2018\/03\/FXXL-Blog-Logo-100-c.png","contentUrl":"https:\/\/www.fahrrad-xxl.at\/blog\/wp-content\/uploads\/2018\/03\/FXXL-Blog-Logo-100-c.png","width":450,"height":100,"caption":"Fahrrad XXL"},"image":{"@id":"https:\/\/www.fahrrad-xxl.at\/blog\/#\/schema\/logo\/image\/"},"sameAs":["https:\/\/www.instagram.com\/fahrradxxl\/","https:\/\/www.youtube.com\/user\/FahrradXXLde","https:\/\/www.facebook.com\/FahrradXXL"]},{"@type":"Person","@id":"https:\/\/www.fahrrad-xxl.at\/blog\/#\/schema\/person\/f4b754915dd65ad37f37994cdd21b14a","name":"Alicia","description":"F\u00e4hrt gerne:\u00a0Stra\u00dfe, Feldwege Bikes:\u00a0Cube Nuroad, Canyon Endurace, Bianchi Aria Lieblings-Radrevier: Mallorca","url":"https:\/\/www.fahrrad-xxl.at\/blog\/author\/a-freyfahrrad-xxl-de\/"}]}},"_links":{"self":[{"href":"https:\/\/www.fahrrad-xxl.at\/blog\/wp-json\/wp\/v2\/posts\/16880"}],"collection":[{"href":"https:\/\/www.fahrrad-xxl.at\/blog\/wp-json\/wp\/v2\/posts"}],"about":[{"href":"https:\/\/www.fahrrad-xxl.at\/blog\/wp-json\/wp\/v2\/types\/post"}],"author":[{"embeddable":true,"href":"https:\/\/www.fahrrad-xxl.at\/blog\/wp-json\/wp\/v2\/users\/29"}],"replies":[{"embeddable":true,"href":"https:\/\/www.fahrrad-xxl.at\/blog\/wp-json\/wp\/v2\/comments?post=16880"}],"version-history":[{"count":2,"href":"https:\/\/www.fahrrad-xxl.at\/blog\/wp-json\/wp\/v2\/posts\/16880\/revisions"}],"predecessor-version":[{"id":34034,"href":"https:\/\/www.fahrrad-xxl.at\/blog\/wp-json\/wp\/v2\/posts\/16880\/revisions\/34034"}],"wp:featuredmedia":[{"embeddable":true,"href":"https:\/\/www.fahrrad-xxl.at\/blog\/wp-json\/wp\/v2\/media\/16894"}],"wp:attachment":[{"href":"https:\/\/www.fahrrad-xxl.at\/blog\/wp-json\/wp\/v2\/media?parent=16880"}],"wp:term":[{"taxonomy":"category","embeddable":true,"href":"https:\/\/www.fahrrad-xxl.at\/blog\/wp-json\/wp\/v2\/categories?post=16880"},{"taxonomy":"post_tag","embeddable":true,"href":"https:\/\/www.fahrrad-xxl.at\/blog\/wp-json\/wp\/v2\/tags?post=16880"}],"curies":[{"name":"wp","href":"https:\/\/api.w.org\/{rel}","templated":true}]}}