{"id":17346,"date":"2024-06-15T18:57:55","date_gmt":"2024-06-15T16:57:55","guid":{"rendered":"https:\/\/www.fahrrad-xxl.at\/blog\/?p=17346"},"modified":"2024-09-12T14:49:29","modified_gmt":"2024-09-12T12:49:29","slug":"e-bike-beleuchtung-nachruesten","status":"publish","type":"post","link":"https:\/\/www.fahrrad-xxl.at\/blog\/e-bike-beleuchtung-nachruesten\/","title":{"rendered":"E-Bike Beleuchtung nachr\u00fcsten &#8211; ist das &#8222;mal eben so&#8220; m\u00f6glich?"},"content":{"rendered":"<section class=\"wpb-content-wrapper\"><p>[vc_row][vc_column][vc_column_text]<\/p>\n<h2><span class=\"ez-toc-section\" id=\"%e2%80%9ees-werde-licht-%e2%80%93-oder-doch-nicht%e2%80%9c\"><\/span>&#8222;Es werde Licht \u2013 oder doch nicht?!&#8220;<span class=\"ez-toc-section-end\"><\/span><\/h2>\n<p>Du hast dich mal wieder leicht versch\u00e4tzt. Die Feierabendrunde ist doch etwas umfangreicher ausgefallen als geplant und heute wolltest du ja auch mal sehen, was der 500Wh Akku von deinem neuen E-Bike &#8222;so drauf hat&#8220;. <b><\/b>Hat auch so richtig Laune gemacht \u2013 nur noch &#8217;ne Viertelstunde bis nach Hause \u2013 aber irgendwie &#8222;fehlt dir der Durchblick&#8220;. Es &#8222;d\u00e4mmert dir&#8220;, dass es keine gute Idee war, ohne Beleuchtung loszufahren. Irgendwie hast du dich dann doch noch nach Hause gemogelt \u2013 aber das passiert dir kein zweites Mal, nimmst du dir vor. Und \u00fcberhaupt &#8211; da ist dir doch vorhin der Typ mit seinem City-Bike entgegengekommen. Sah fast so aus als h\u00e4tte der eine Flutlichtlampe vom Fu\u00dfballstadion zweckentfremdet. Das kannst du doch auch &#8211; schlie\u00dflich hat dein E-Bike ja Akku Power ohne Ende f\u00fcr so eine schicke\u00a0Designer Leuchte. Soweit die Theorie \u2013 zu Hause den Computer angeworfen \u2013 ja, Fahrradleuchten gibt\u2019s wie Sand am Meer \u2013 aber speziell f\u00fcr dein Bike \u2013 wie, da muss was gel\u00f6tet werden?<\/p>\n<h2><span class=\"ez-toc-section\" id=\"was-ist-denn-nun-fakt\"><\/span>Was ist denn nun Fakt?<span class=\"ez-toc-section-end\"><\/span><\/h2>\n<p><a href=\"https:\/\/www.fahrrad-xxl.at\/blog\/wp-content\/uploads\/2018\/06\/E-Bike-Beleuchtung.png\"><img decoding=\"async\" loading=\"lazy\" class=\"aligncenter wp-image-17458 size-full\" src=\"https:\/\/www.fahrrad-xxl.at\/blog\/wp-content\/uploads\/2018\/06\/E-Bike-Beleuchtung.png\" alt=\"E-Bike Beleuchtung nachr\u00fcsten - ist das &quot;mal eben so&quot; m\u00f6glich?\" width=\"1300\" height=\"425\" srcset=\"https:\/\/www.fahrrad-xxl.at\/blog\/wp-content\/uploads\/2018\/06\/E-Bike-Beleuchtung.png 1300w, https:\/\/www.fahrrad-xxl.at\/blog\/wp-content\/uploads\/2018\/06\/E-Bike-Beleuchtung-300x98.png 300w, https:\/\/www.fahrrad-xxl.at\/blog\/wp-content\/uploads\/2018\/06\/E-Bike-Beleuchtung-768x251.png 768w, https:\/\/www.fahrrad-xxl.at\/blog\/wp-content\/uploads\/2018\/06\/E-Bike-Beleuchtung-1024x335.png 1024w\" sizes=\"(max-width: 1300px) 100vw, 1300px\" \/><\/a><\/p>\n<p>Zun\u00e4chst ist zu sagen, dass nicht nur die drei \u201ePlatzhirsche\u201c unter den Anbietern von Fahrrad Beleuchtungseinrichtungen, die Firmen Busch &amp; M\u00fcller, Lupine und Supernova den Bedarf entdeckt und spezielle <a href=\"https:\/\/www.fahrrad-xxl.at\/fahrradzubehoer\/fahrradbeleuchtung\/e-bike-beleuchtung\/\">E-Bike-Beleuchtungen<\/a> in ihrem Produktportfolio umgesetzt haben. Neben einer ausgezeichneten Lichtausbeute punkten diese teilweise mit Features wie einem Tagfahrlicht sowie mit speziellen Haltern, die eine nahtlose Integration des Scheinwerfers in bestehende Displayl\u00f6sungen erm\u00f6glicht.<span data-ccp-props=\"{&quot;201341983&quot;:0,&quot;335559739&quot;:160,&quot;335559740&quot;:259}\">\u00a0<\/span>Dass solche L\u00f6sungen \u201eihren Preis kosten\u201c erschlie\u00dft sich beim n\u00e4heren Blick auf die hochwertigen, verbauten Materialien und die realisierte Lichtausbeute, die so manchem PKW die Show stehlen w\u00fcrde.[\/vc_column_text][vc_column_text]<\/p>\n<h2><span class=\"ez-toc-section\" id=\"du-hast-fragen-zur-beleuchtung-deines-e-bikes\"><\/span>Du hast Fragen zur Beleuchtung deines E-Bikes?<span class=\"ez-toc-section-end\"><\/span><\/h2>\n<div class=\"visibility-desktop\"><a href=\"https:\/\/www.facebook.com\/groups\/AllAboutEbikes\/\"><img decoding=\"async\" loading=\"lazy\" class=\"alignnone wp-image-27421 size-full\" src=\"https:\/\/www.fahrrad-xxl.at\/blog\/wp-content\/uploads\/2019\/10\/Facebook-Banner-1000x300-2-1.jpg\" alt=\"E-Bike Beleuchtung nachr\u00fcsten - ist das &quot;mal eben so&quot; m\u00f6glich?\" width=\"1000\" height=\"300\" srcset=\"https:\/\/www.fahrrad-xxl.at\/blog\/wp-content\/uploads\/2019\/10\/Facebook-Banner-1000x300-2-1.jpg 1000w, https:\/\/www.fahrrad-xxl.at\/blog\/wp-content\/uploads\/2019\/10\/Facebook-Banner-1000x300-2-1-300x90.jpg 300w, https:\/\/www.fahrrad-xxl.at\/blog\/wp-content\/uploads\/2019\/10\/Facebook-Banner-1000x300-2-1-768x230.jpg 768w\" sizes=\"(max-width: 1000px) 100vw, 1000px\" \/><\/a><\/div>\n<div class=\"visibility-mobile\"><a href=\"https:\/\/www.facebook.com\/groups\/AllAboutEbikes\/\"><img decoding=\"async\" loading=\"lazy\" class=\"alignnone wp-image-27420 size-medium\" src=\"https:\/\/www.fahrrad-xxl.at\/blog\/wp-content\/uploads\/2019\/10\/Facebook-Banner-300x200-2-1-300x200.jpg\" alt=\"E-Bike Beleuchtung nachr\u00fcsten - ist das &quot;mal eben so&quot; m\u00f6glich?\" width=\"300\" height=\"200\" \/><\/a><\/div>[\/vc_column_text][vc_column_text]<\/p>\n<h2><span class=\"ez-toc-section\" id=\"jetzt-zur-montage\"><\/span>Jetzt zur Montage<span class=\"ez-toc-section-end\"><\/span><\/h2>\n<p><strong>Ja &#8211; eigentlich naheliegend \u2013 so ein E-Bike Akku hat ja genug Power \u2013 einfach eine schicke Lampe kaufen, anschlie\u00dfen, fertig \u2013 oder?\u00a0<\/strong><\/p>\n<p>So einfach ist es leider nicht. Wie schaut\u2018s also mit der Nachr\u00fcstung im Do-it-yourself-Verfahren aus? Moment mal \u2013 da ist doch diese USB Buchse an deinem Display! Gute Idee, leider aber wird die geringe, dort anliegende Leistung deine Powerleuchte zum &#8222;Gl\u00fchw\u00fcrmchen&#8220; deklassieren. Also \u2013 sonst irgendwo \u201ebei klemmen\u201c?<span data-ccp-props=\"{&quot;201341983&quot;:0,&quot;335559739&quot;:160,&quot;335559740&quot;:259}\">\u00a0<\/span><\/p>\n<h2><span class=\"ez-toc-section\" id=\"leider%e2%80%a6\"><\/span>Leider&#8230;<span class=\"ez-toc-section-end\"><\/span><\/h2>\n<ul>\n<li>&#8230;gibt es bei den E-Bike Motoren Herstellern (noch) keine Norm, die ein \u201ePlug and Play\u201c erm\u00f6glicht. In der Regel muss die Spannung f\u00fcr die Leuchten direkt am Motor abgegriffen werden.<span data-ccp-props=\"{&quot;201341983&quot;:0,&quot;335559739&quot;:160,&quot;335559740&quot;:259}\">\u00a0<\/span><\/li>\n<li>&#8230;kann der Aufwand hierf\u00fcr vom Entfernen von Verkleidungsteilen hin bis fast zur kompletten Motordemontage reichen.<span data-ccp-props=\"{&quot;201341983&quot;:0,&quot;335559739&quot;:160,&quot;335559740&quot;:259}\">\u00a0<\/span><\/li>\n<li>&#8230;haben manche Hersteller dem finalen Erfolgserlebnis (neben dem richtigen Werkzeug und entsprechendem handwerklichen Geschick &#8211; bis hin zu L\u00f6tarbeiten) noch eine weitere H\u00fcrde entgegengesetzt &#8211; die entsprechende Schnittstelle zur Spannungsversorgung muss eventuell erst noch freigeschaltet werden.<\/li>\n<li>&#8230;kann eine Freischaltung (insofern erforderlich) nur durch den Fachh\u00e4ndler mit entsprechendem Equipment erfolgen&#8230;<\/li>\n<\/ul>\n<h2><span class=\"ez-toc-section\" id=\"der-vollstaendigkeit-halber%e2%80%a6\"><\/span>Der Vollst\u00e4ndigkeit halber&#8230;<span class=\"ez-toc-section-end\"><\/span><\/h2>\n<p>&#8230;ist noch zu erw\u00e4hnen, dass die von den Herstellern f\u00fcr den Betrieb von Beleuchtungseinrichtungen verf\u00fcgbaren Spannungen und Leistungsabgaben gleichfalls nicht genormt sind. Das w\u00e4re nicht so schlimm &#8211; leider h\u00e4ngt aber auch die theoretische machbare Lichtausbeute davon ab.<\/p>\n<h2><span class=\"ez-toc-section\" id=\"unser-rat\"><\/span>Unser Rat<span class=\"ez-toc-section-end\"><\/span><\/h2>\n<p><strong>Die Nachr\u00fcster haben erstklassige Produkte am Start &#8211; der Einbau kann aber selbst f\u00fcr ambitionierte Schrauber zur echten Herausforderung werden.<\/strong><\/p>\n<p>Sprich die Anbindung an den Akku deines E-Bikes und die damit verbundenen Kosten unbedingt mit deinem Fachh\u00e4ndler ab. M\u00f6glicherweise kann er dir auch eine preisg\u00fcnstigere Alternative aufzeigen \u2013 denn nach wie vor sind Pedelecs (bis 25 km\/h) in Sachen Beleuchtungseinrichtung vom Gesetz her ja dem Fahrrad gleichgestellt.<span data-ccp-props=\"{&quot;201341983&quot;:0,&quot;335559739&quot;:160,&quot;335559740&quot;:259}\">\u00a0<\/span><\/p>\n<p>Du denkst \u00fcber den Kauf eines E-Bikes nach und willst &#8222;auf Nummer Sicher&#8220; gehen?<\/p>\n<p>In unserem E-Bike Sortiment kannst du aus etwa 700 Modellen <a href=\"https:\/\/www.fahrrad-xxl.at\/fahrraeder\/e-bike\/beleuchtung.mit-beleuchtung\/\">mit serienm\u00e4\u00dfiger Beleuchtung<\/a> w\u00e4hlen.[\/vc_column_text]<a href=\"https:\/\/www.fahrrad-xxl.at\/fahrradzubehoer\/fahrradbeleuchtung\/e-bike-beleuchtung\/?fxxlint=blog-e-bike-beleuchtung-cta-1\" target=\"_blank\" class=\"button button-appear custom large \" style=\"background-color: #a82323; border-color: #a82323;border-radius: 30px;\"><span>Jetzt unsere E-Bike Beleuchtungen entdecken<i class='fa fas fa-chevron-circle-right'><\/i><\/span><\/a>[\/vc_column][\/vc_row][vc_row][vc_column width=&#8220;1\/1&#8243;]<div class=\"spacer\" style=\"height: 40px;\"><\/div><a href=\"https:\/\/www.fahrrad-xxl.at\/fahrraeder\/e-bike\/beleuchtung.mit-beleuchtung\/?fxxlint=blog-e-bike-beleuchtung-cta-2\" target=\"_blank\" class=\"button button-appear custom large \" style=\"background-color: #a82323; border-color: #a82323;border-radius: 30px;\"><span>Jetzt unsere E-Bikes mit serienm\u00e4\u00dfiger Beleuchtung entdecken<i class='fa fas fa-chevron-circle-right'><\/i><\/span><\/a><div class=\"spacer\" style=\"height: 40px;\"><\/div>[vc_column_text]Passende Kategorien im Shop:<\/p>\n<ul>\n<li><a href=\"https:\/\/www.fahrrad-xxl.at\/fahrraeder\/e-bike\/\">E-Bike \/ Pedelec<\/a><\/li>\n<li><a href=\"https:\/\/www.fahrrad-xxl.at\/fahrraeder\/e-bike\/e-bike-mtb\/\">E-Mountainbike<\/a><\/li>\n<li><a href=\"https:\/\/www.fahrrad-xxl.at\/fahrraeder\/e-bike\/e-bike-city\/\">E-Bike City<\/a><\/li>\n<li><a href=\"https:\/\/www.fahrrad-xxl.at\/fahrraeder\/e-bike\/e-bike-cross\/\">E-Bike Cross<\/a><\/li>\n<li><a href=\"https:\/\/www.fahrrad-xxl.at\/fahrraeder\/e-bike\/e-bike-trekking\/\">E-Bike Trekking<\/a><\/li>\n<li><a href=\"https:\/\/www.fahrrad-xxl.at\/fahrraeder\/e-bike\/e-bike-trekking\/e-bike-atb\/\">SUV E-Bike<\/a><\/li>\n<li><a href=\"https:\/\/www.fahrrad-xxl.at\/fahrraeder\/e-bike\/e-bike-rennraeder\/\">E-Rennrad<\/a><\/li>\n<li><a href=\"https:\/\/www.fahrrad-xxl.at\/fahrraeder\/e-bike\/e-bike-45km-h\/\">S-Pedelec<\/a><\/li>\n<li><a href=\"https:\/\/www.fahrrad-xxl.at\/fahrraeder\/e-bike\/e-bike-falt-klapprad\/\">E-Bike Klapprad<\/a><\/li>\n<li><a href=\"https:\/\/www.fahrrad-xxl.at\/fahrraeder\/e-bike\/e-bike-kinder-jugend\/\">E-Bike Kinder \/ Jugendliche<\/a><\/li>\n<\/ul>\n<p>&nbsp;<\/p>\n<p>Die passende Beleuchtung finden:<\/p>\n<ul>\n<li><a href=\"https:\/\/www.fahrrad-xxl.at\/fahrradzubehoer\/fahrradbeleuchtung\/\">Fahrradbeleuchtung<\/a><\/li>\n<li><a href=\"https:\/\/www.fahrrad-xxl.at\/fahrradzubehoer\/fahrradbeleuchtung\/beleuchtungsset\/\">Beleuchtungssets<\/a><\/li>\n<li><a href=\"https:\/\/www.fahrrad-xxl.at\/fahrradzubehoer\/fahrradbeleuchtung\/frontlicht\/\">Fahrrad Frontlicht<\/a><\/li>\n<li><a href=\"https:\/\/www.fahrrad-xxl.at\/fahrradzubehoer\/fahrradbeleuchtung\/ruecklicht\/\">Fahrrad R\u00fccklicht<\/a><\/li>\n<li><a href=\"https:\/\/www.fahrrad-xxl.at\/fahrradzubehoer\/fahrradbeleuchtung\/e-bike-beleuchtung\/\">E-Bike Beleuchtung<\/a><\/li>\n<\/ul>\n<p>[\/vc_column_text][\/vc_column][\/vc_row][vc_section][vc_row][vc_column width=&#8220;1\/1&#8243;]<div class=\"newdivider align-left\" style=\"border-bottom-style: solid; border-color: #eaeaea; border-bottom-width: 1px; margin-top: 20px; margin-bottom: 0; width: 100%; \"><\/div><div class=\"clear\"><\/div>[\/vc_column][\/vc_row][vc_row][vc_column width=&#8220;1\/1&#8243;][vc_column_text]<span class=\"dkdai-headline\">Das k\u00f6nnte dich auch interessieren<\/span>[\/vc_column_text][vc_column_text]<div class=\"rpbt_shortcode\">\n\n<style type=\"text\/css\">\n\t\t\t#rpbt-related-gallery-1 {\n\t\t\t\tmargin: auto;\n\t\t\t}\n\t\t\t#rpbt-related-gallery-1 .gallery-item {\n\t\t\t\tfloat: left;\n\t\t\t\tmargin-top: 10px;\n\t\t\t\ttext-align: center;\n\t\t\t\twidth: 33%;\n\t\t\t}\n\t\t\t#rpbt-related-gallery-1 img {\n\t\t\t\tborder: 2px solid #cfcfcf;\n\t\t\t}\n\t\t\t#rpbt-related-gallery-1 .gallery-caption {\n\t\t\t\tmargin-left: 0;\n\t\t\t}\n\t\t\t\/* see gallery_shortcode() in wp-includes\/media.php *\/\n\t\t<\/style>\n\t\t<div id='rpbt-related-gallery-1' class='gallery related-gallery related-galleryid-17346 gallery-columns-3 gallery-size-medium'><dl class='gallery-item' role='figure' aria-label='Light E-MTB Neuheiten 2024: Die Leichtgewichte der Saison'>\n\t\t\t<dt class='gallery-icon landscape'>\n\t\t\t\t<a href='https:\/\/www.fahrrad-xxl.at\/blog\/light-e-mtb-neuheiten\/'><img width=\"300\" height=\"200\" src=\"https:\/\/www.fahrrad-xxl.at\/blog\/wp-content\/uploads\/2023\/11\/E-MTB-Neuheiten-300x200.jpg\" class=\"attachment-medium size-medium\" alt=\"Light E-MTB Neuheiten 2024: Die Leichtgewichte der Saison\" decoding=\"async\" loading=\"lazy\" aria-describedby=\"rpbt-related-gallery-1-33256\" srcset=\"https:\/\/www.fahrrad-xxl.at\/blog\/wp-content\/uploads\/2023\/11\/E-MTB-Neuheiten-300x200.jpg 300w, https:\/\/www.fahrrad-xxl.at\/blog\/wp-content\/uploads\/2023\/11\/E-MTB-Neuheiten-1024x683.jpg 1024w, https:\/\/www.fahrrad-xxl.at\/blog\/wp-content\/uploads\/2023\/11\/E-MTB-Neuheiten-768x512.jpg 768w, https:\/\/www.fahrrad-xxl.at\/blog\/wp-content\/uploads\/2023\/11\/E-MTB-Neuheiten-1536x1024.jpg 1536w, https:\/\/www.fahrrad-xxl.at\/blog\/wp-content\/uploads\/2023\/11\/E-MTB-Neuheiten-2048x1365.jpg 2048w, https:\/\/www.fahrrad-xxl.at\/blog\/wp-content\/uploads\/2023\/11\/E-MTB-Neuheiten-600x400.jpg 600w\" sizes=\"(max-width: 300px) 100vw, 300px\" title=\"Light E-MTB Neuheiten 2024: Die Leichtgewichte der Saison\" \/><\/a>\n\t\t\t<\/dt>\n\t\t\t\t<dd class='wp-caption-text gallery-caption' id='rpbt-related-gallery-1-33256'>\n\t\t\t\tLight E-MTB Neuheiten 2024: Die Leichtgewichte der Saison\n\t\t\t\t<\/dd><\/dl><dl class='gallery-item' role='figure' aria-label='E-Bike Test &#038; Vergleich 2023: Testsieger, Kauftipps &#038; mehr'>\n\t\t\t<dt class='gallery-icon landscape'>\n\t\t\t\t<a href='https:\/\/www.fahrrad-xxl.at\/blog\/e-bike-test-vergleich\/'><img width=\"300\" height=\"200\" src=\"https:\/\/www.fahrrad-xxl.at\/blog\/wp-content\/uploads\/2019\/05\/E-Bike-Testsieger-300x200.jpg\" class=\"attachment-medium size-medium\" alt=\"E-Bike Testsieger\" decoding=\"async\" loading=\"lazy\" aria-describedby=\"rpbt-related-gallery-1-24469\" srcset=\"https:\/\/www.fahrrad-xxl.at\/blog\/wp-content\/uploads\/2019\/05\/E-Bike-Testsieger-300x200.jpg 300w, https:\/\/www.fahrrad-xxl.at\/blog\/wp-content\/uploads\/2019\/05\/E-Bike-Testsieger-768x512.jpg 768w, https:\/\/www.fahrrad-xxl.at\/blog\/wp-content\/uploads\/2019\/05\/E-Bike-Testsieger-1024x683.jpg 1024w, https:\/\/www.fahrrad-xxl.at\/blog\/wp-content\/uploads\/2019\/05\/E-Bike-Testsieger-600x400.jpg 600w\" sizes=\"(max-width: 300px) 100vw, 300px\" title=\"E-Bike Test &amp; Vergleich 2023: Testsieger, Kauftipps &amp; mehr\" \/><\/a>\n\t\t\t<\/dt>\n\t\t\t\t<dd class='wp-caption-text gallery-caption' id='rpbt-related-gallery-1-24469'>\n\t\t\t\tE-Bike Test &#038; Vergleich 2023: Testsieger, Kauftipps &#038; mehr\n\t\t\t\t<\/dd><\/dl><dl class='gallery-item' role='figure' aria-label='E-Bike Neuheiten 2024: Trends und Highlights der Saison'>\n\t\t\t<dt class='gallery-icon landscape'>\n\t\t\t\t<a href='https:\/\/www.fahrrad-xxl.at\/blog\/e-bike-neuheiten\/'><img width=\"300\" height=\"200\" src=\"https:\/\/www.fahrrad-xxl.at\/blog\/wp-content\/uploads\/2023\/02\/E-Bike-Neuheiten-2024-300x200.jpg\" class=\"attachment-medium size-medium\" alt=\"E-Bike Neuheiten 2024: Trends und Highlights der Saison\" decoding=\"async\" loading=\"lazy\" aria-describedby=\"rpbt-related-gallery-1-27608\" srcset=\"https:\/\/www.fahrrad-xxl.at\/blog\/wp-content\/uploads\/2023\/02\/E-Bike-Neuheiten-2024-300x200.jpg 300w, https:\/\/www.fahrrad-xxl.at\/blog\/wp-content\/uploads\/2023\/02\/E-Bike-Neuheiten-2024-1024x683.jpg 1024w, https:\/\/www.fahrrad-xxl.at\/blog\/wp-content\/uploads\/2023\/02\/E-Bike-Neuheiten-2024-768x512.jpg 768w, https:\/\/www.fahrrad-xxl.at\/blog\/wp-content\/uploads\/2023\/02\/E-Bike-Neuheiten-2024-1536x1024.jpg 1536w, https:\/\/www.fahrrad-xxl.at\/blog\/wp-content\/uploads\/2023\/02\/E-Bike-Neuheiten-2024-2048x1365.jpg 2048w, https:\/\/www.fahrrad-xxl.at\/blog\/wp-content\/uploads\/2023\/02\/E-Bike-Neuheiten-2024-600x400.jpg 600w\" sizes=\"(max-width: 300px) 100vw, 300px\" title=\"E-Bike Neuheiten 2024: Trends und Highlights der Saison\" \/><\/a>\n\t\t\t<\/dt>\n\t\t\t\t<dd class='wp-caption-text gallery-caption' id='rpbt-related-gallery-1-27608'>\n\t\t\t\tE-Bike Neuheiten 2024: Trends und Highlights der Saison\n\t\t\t\t<\/dd><\/dl><br style=\"clear: both\" \/>\n\t\t<\/div>\n<\/div>[\/vc_column_text][\/vc_column][\/vc_row][\/vc_section][vc_row][vc_column][\/vc_column][\/vc_row]<\/p>\n\n\n<div class=\"kk-star-ratings kksr-auto kksr-align-left kksr-valign-bottom\"\n    data-payload='{&quot;align&quot;:&quot;left&quot;,&quot;id&quot;:&quot;17346&quot;,&quot;slug&quot;:&quot;default&quot;,&quot;valign&quot;:&quot;bottom&quot;,&quot;ignore&quot;:&quot;&quot;,&quot;reference&quot;:&quot;auto&quot;,&quot;class&quot;:&quot;&quot;,&quot;count&quot;:&quot;46&quot;,&quot;legendonly&quot;:&quot;&quot;,&quot;readonly&quot;:&quot;&quot;,&quot;score&quot;:&quot;4.9&quot;,&quot;starsonly&quot;:&quot;&quot;,&quot;best&quot;:&quot;5&quot;,&quot;gap&quot;:&quot;5&quot;,&quot;greet&quot;:&quot;Rate this post&quot;,&quot;legend&quot;:&quot;4.9\\\/5 - (46 votes)&quot;,&quot;size&quot;:&quot;22&quot;,&quot;title&quot;:&quot;E-Bike Beleuchtung nachr\u00fcsten - ist das \\u0026quot;mal eben so\\u0026quot; m\u00f6glich?&quot;,&quot;width&quot;:&quot;129.8&quot;,&quot;_legend&quot;:&quot;{score}\\\/{best} - ({count} {votes})&quot;,&quot;font_factor&quot;:&quot;1.25&quot;}'>\n            \n<div class=\"kksr-stars\">\n    \n<div class=\"kksr-stars-inactive\">\n            <div class=\"kksr-star\" data-star=\"1\" style=\"padding-right: 5px\">\n            \n\n<div class=\"kksr-icon\" style=\"width: 22px; height: 22px;\"><\/div>\n        <\/div>\n            <div class=\"kksr-star\" data-star=\"2\" style=\"padding-right: 5px\">\n            \n\n<div class=\"kksr-icon\" style=\"width: 22px; height: 22px;\"><\/div>\n        <\/div>\n            <div class=\"kksr-star\" data-star=\"3\" style=\"padding-right: 5px\">\n            \n\n<div class=\"kksr-icon\" style=\"width: 22px; height: 22px;\"><\/div>\n        <\/div>\n            <div class=\"kksr-star\" data-star=\"4\" style=\"padding-right: 5px\">\n            \n\n<div class=\"kksr-icon\" style=\"width: 22px; height: 22px;\"><\/div>\n        <\/div>\n            <div class=\"kksr-star\" data-star=\"5\" style=\"padding-right: 5px\">\n            \n\n<div class=\"kksr-icon\" style=\"width: 22px; height: 22px;\"><\/div>\n        <\/div>\n    <\/div>\n    \n<div class=\"kksr-stars-active\" style=\"width: 129.8px;\">\n            <div class=\"kksr-star\" style=\"padding-right: 5px\">\n            \n\n<div class=\"kksr-icon\" style=\"width: 22px; height: 22px;\"><\/div>\n        <\/div>\n            <div class=\"kksr-star\" style=\"padding-right: 5px\">\n            \n\n<div class=\"kksr-icon\" style=\"width: 22px; height: 22px;\"><\/div>\n        <\/div>\n            <div class=\"kksr-star\" style=\"padding-right: 5px\">\n            \n\n<div class=\"kksr-icon\" style=\"width: 22px; height: 22px;\"><\/div>\n        <\/div>\n            <div class=\"kksr-star\" style=\"padding-right: 5px\">\n            \n\n<div class=\"kksr-icon\" style=\"width: 22px; height: 22px;\"><\/div>\n        <\/div>\n            <div class=\"kksr-star\" style=\"padding-right: 5px\">\n            \n\n<div class=\"kksr-icon\" style=\"width: 22px; height: 22px;\"><\/div>\n        <\/div>\n    <\/div>\n<\/div>\n                \n\n<div class=\"kksr-legend\" style=\"font-size: 17.6px;\">\n            4.9\/5 - (46 votes)    <\/div>\n    <\/div>\n<\/section>","protected":false},"excerpt":{"rendered":"<p>[vc_row][vc_column][vc_column_text] &#8222;Es werde Licht \u2013 oder doch nicht?!&#8220; Du hast dich mal wieder leicht versch\u00e4tzt. Die Feierabendrunde ist doch etwas umfangreicher ausgefallen als geplant und heute wolltest du ja auch mal sehen, was der 500Wh Akku von deinem neuen E-Bike &#8222;so drauf hat&#8220;. Hat auch so richtig Laune gemacht \u2013 nur noch &#8217;ne Viertelstunde bis nach Hause \u2013 aber irgendwie &#8222;fehlt dir der Durchblick&#8220;. Es &#8222;d\u00e4mmert dir&#8220;, dass es keine gute Idee war, ohne Beleuchtung loszufahren. Irgendwie hast du dich dann doch noch nach Hause gemogelt \u2013 aber das passiert dir kein zweites Mal, nimmst du dir vor. Und \u00fcberhaupt &#8211; da ist dir doch vorhin der Typ mit seinem City-Bike entgegengekommen. Sah fast so aus als h\u00e4tte der eine Flutlichtlampe vom Fu\u00dfballstadion zweckentfremdet. Das kannst du doch auch &#8211; schlie\u00dflich hat dein E-Bike ja Akku Power ohne Ende f\u00fcr so eine schicke\u00a0Designer Leuchte. Soweit die Theorie \u2013 zu Hause den Computer angeworfen \u2013 ja, Fahrradleuchten gibt\u2019s wie Sand am Meer \u2013 aber speziell f\u00fcr dein Bike \u2013 wie, da muss was gel\u00f6tet werden? Was ist denn nun Fakt? Zun\u00e4chst ist zu sagen, dass nicht nur die drei \u201ePlatzhirsche\u201c unter den Anbietern von Fahrrad Beleuchtungseinrichtungen, die Firmen Busch &amp; M\u00fcller, [&hellip;]<\/p>\n","protected":false},"author":29,"featured_media":17374,"comment_status":"open","ping_status":"open","sticky":false,"template":"","format":"standard","meta":[],"categories":[30],"tags":[],"yoast_head":"<!-- This site is optimized with the Yoast SEO plugin v19.10 - https:\/\/yoast.com\/wordpress\/plugins\/seo\/ -->\n<title>E-Bike Beleuchtung nachr\u00fcsten - ist das &quot;mal eben so&quot; m\u00f6glich? - Fahrrad XXL AT Blog<\/title>\n<meta name=\"description\" content=\"Die Nachr\u00fcstung einer E-Bike Beleuchtung kann zur echten Herausforderung werden \u261d Die wichtigsten Fakten \u2705 Erfahre mehr \u00fcber deine Sicherheit!\" \/>\n<meta name=\"robots\" content=\"index, follow, max-snippet:-1, max-image-preview:large, max-video-preview:-1\" \/>\n<link rel=\"canonical\" href=\"https:\/\/www.fahrrad-xxl.at\/blog\/e-bike-beleuchtung-nachruesten\/\" \/>\n<meta property=\"og:locale\" content=\"de_DE\" \/>\n<meta property=\"og:type\" content=\"article\" \/>\n<meta property=\"og:title\" content=\"E-Bike Beleuchtung nachr\u00fcsten - ist das &quot;mal eben so&quot; m\u00f6glich? - Fahrrad XXL AT Blog\" \/>\n<meta property=\"og:description\" content=\"Die Nachr\u00fcstung einer E-Bike Beleuchtung kann zur echten Herausforderung werden \u261d Die wichtigsten Fakten \u2705 Erfahre mehr \u00fcber deine Sicherheit!\" \/>\n<meta property=\"og:url\" content=\"https:\/\/www.fahrrad-xxl.at\/blog\/e-bike-beleuchtung-nachruesten\/\" \/>\n<meta property=\"og:site_name\" content=\"Fahrrad XXL AT Blog\" \/>\n<meta property=\"article:publisher\" content=\"https:\/\/www.facebook.com\/FahrradXXL\" \/>\n<meta property=\"article:published_time\" content=\"2024-06-15T16:57:55+00:00\" \/>\n<meta property=\"article:modified_time\" content=\"2024-09-12T12:49:29+00:00\" \/>\n<meta property=\"og:image\" content=\"https:\/\/www.fahrrad-xxl.at\/blog\/wp-content\/uploads\/2018\/06\/lights.jpg\" \/>\n\t<meta property=\"og:image:width\" content=\"1500\" \/>\n\t<meta property=\"og:image:height\" content=\"1111\" \/>\n\t<meta property=\"og:image:type\" content=\"image\/jpeg\" \/>\n<meta name=\"author\" content=\"Alicia\" \/>\n<meta name=\"twitter:card\" content=\"summary_large_image\" \/>\n<meta name=\"twitter:label1\" content=\"Verfasst von\" \/>\n\t<meta name=\"twitter:data1\" content=\"Alicia\" \/>\n\t<meta name=\"twitter:label2\" content=\"Gesch\u00e4tzte Lesezeit\" \/>\n\t<meta name=\"twitter:data2\" content=\"5\u00a0Minuten\" \/>\n<script type=\"application\/ld+json\" class=\"yoast-schema-graph\">{\"@context\":\"https:\/\/schema.org\",\"@graph\":[{\"@type\":\"Article\",\"@id\":\"https:\/\/www.fahrrad-xxl.at\/blog\/e-bike-beleuchtung-nachruesten\/#article\",\"isPartOf\":{\"@id\":\"https:\/\/www.fahrrad-xxl.at\/blog\/e-bike-beleuchtung-nachruesten\/\"},\"author\":{\"name\":\"Alicia\",\"@id\":\"https:\/\/www.fahrrad-xxl.at\/blog\/#\/schema\/person\/f4b754915dd65ad37f37994cdd21b14a\"},\"headline\":\"E-Bike Beleuchtung nachr\u00fcsten &#8211; ist das &#8222;mal eben so&#8220; m\u00f6glich?\",\"datePublished\":\"2024-06-15T16:57:55+00:00\",\"dateModified\":\"2024-09-12T12:49:29+00:00\",\"mainEntityOfPage\":{\"@id\":\"https:\/\/www.fahrrad-xxl.at\/blog\/e-bike-beleuchtung-nachruesten\/\"},\"wordCount\":863,\"commentCount\":3,\"publisher\":{\"@id\":\"https:\/\/www.fahrrad-xxl.at\/blog\/#organization\"},\"articleSection\":[\"E-Bike\"],\"inLanguage\":\"de\",\"potentialAction\":[{\"@type\":\"CommentAction\",\"name\":\"Comment\",\"target\":[\"https:\/\/www.fahrrad-xxl.at\/blog\/e-bike-beleuchtung-nachruesten\/#respond\"]}]},{\"@type\":\"WebPage\",\"@id\":\"https:\/\/www.fahrrad-xxl.at\/blog\/e-bike-beleuchtung-nachruesten\/\",\"url\":\"https:\/\/www.fahrrad-xxl.at\/blog\/e-bike-beleuchtung-nachruesten\/\",\"name\":\"E-Bike Beleuchtung nachr\u00fcsten - ist das \\\"mal eben so\\\" m\u00f6glich? - Fahrrad XXL AT Blog\",\"isPartOf\":{\"@id\":\"https:\/\/www.fahrrad-xxl.at\/blog\/#website\"},\"datePublished\":\"2024-06-15T16:57:55+00:00\",\"dateModified\":\"2024-09-12T12:49:29+00:00\",\"description\":\"Die Nachr\u00fcstung einer E-Bike Beleuchtung kann zur echten Herausforderung werden \u261d Die wichtigsten Fakten \u2705 Erfahre mehr \u00fcber deine Sicherheit!\",\"breadcrumb\":{\"@id\":\"https:\/\/www.fahrrad-xxl.at\/blog\/e-bike-beleuchtung-nachruesten\/#breadcrumb\"},\"inLanguage\":\"de\",\"potentialAction\":[{\"@type\":\"ReadAction\",\"target\":[\"https:\/\/www.fahrrad-xxl.at\/blog\/e-bike-beleuchtung-nachruesten\/\"]}]},{\"@type\":\"BreadcrumbList\",\"@id\":\"https:\/\/www.fahrrad-xxl.at\/blog\/e-bike-beleuchtung-nachruesten\/#breadcrumb\",\"itemListElement\":[{\"@type\":\"ListItem\",\"position\":1,\"name\":\"Startseite\",\"item\":\"https:\/\/www.fahrrad-xxl.at\/blog\/\"},{\"@type\":\"ListItem\",\"position\":2,\"name\":\"E-Bike Beleuchtung nachr\u00fcsten &#8211; ist das &#8222;mal eben so&#8220; m\u00f6glich?\"}]},{\"@type\":\"WebSite\",\"@id\":\"https:\/\/www.fahrrad-xxl.at\/blog\/#website\",\"url\":\"https:\/\/www.fahrrad-xxl.at\/blog\/\",\"name\":\"Fahrrad XXL AT Blog\",\"description\":\"Erleben | Testen | Losfahren\",\"publisher\":{\"@id\":\"https:\/\/www.fahrrad-xxl.at\/blog\/#organization\"},\"potentialAction\":[{\"@type\":\"SearchAction\",\"target\":{\"@type\":\"EntryPoint\",\"urlTemplate\":\"https:\/\/www.fahrrad-xxl.at\/blog\/?s={search_term_string}\"},\"query-input\":\"required name=search_term_string\"}],\"inLanguage\":\"de\"},{\"@type\":\"Organization\",\"@id\":\"https:\/\/www.fahrrad-xxl.at\/blog\/#organization\",\"name\":\"Fahrrad XXL\",\"url\":\"https:\/\/www.fahrrad-xxl.at\/blog\/\",\"logo\":{\"@type\":\"ImageObject\",\"inLanguage\":\"de\",\"@id\":\"https:\/\/www.fahrrad-xxl.at\/blog\/#\/schema\/logo\/image\/\",\"url\":\"https:\/\/www.fahrrad-xxl.at\/blog\/wp-content\/uploads\/2018\/03\/FXXL-Blog-Logo-100-c.png\",\"contentUrl\":\"https:\/\/www.fahrrad-xxl.at\/blog\/wp-content\/uploads\/2018\/03\/FXXL-Blog-Logo-100-c.png\",\"width\":450,\"height\":100,\"caption\":\"Fahrrad XXL\"},\"image\":{\"@id\":\"https:\/\/www.fahrrad-xxl.at\/blog\/#\/schema\/logo\/image\/\"},\"sameAs\":[\"https:\/\/www.instagram.com\/fahrradxxl\/\",\"https:\/\/www.youtube.com\/user\/FahrradXXLde\",\"https:\/\/www.facebook.com\/FahrradXXL\"]},{\"@type\":\"Person\",\"@id\":\"https:\/\/www.fahrrad-xxl.at\/blog\/#\/schema\/person\/f4b754915dd65ad37f37994cdd21b14a\",\"name\":\"Alicia\",\"description\":\"F\u00e4hrt gerne:\u00a0Stra\u00dfe, Feldwege Bikes:\u00a0Cube Nuroad, Canyon Endurace, Bianchi Aria Lieblings-Radrevier: Mallorca\",\"url\":\"https:\/\/www.fahrrad-xxl.at\/blog\/author\/a-freyfahrrad-xxl-de\/\"}]}<\/script>\n<!-- \/ Yoast SEO plugin. -->","yoast_head_json":{"title":"E-Bike Beleuchtung nachr\u00fcsten - ist das \"mal eben so\" m\u00f6glich? - Fahrrad XXL AT Blog","description":"Die Nachr\u00fcstung einer E-Bike Beleuchtung kann zur echten Herausforderung werden \u261d Die wichtigsten Fakten \u2705 Erfahre mehr \u00fcber deine Sicherheit!","robots":{"index":"index","follow":"follow","max-snippet":"max-snippet:-1","max-image-preview":"max-image-preview:large","max-video-preview":"max-video-preview:-1"},"canonical":"https:\/\/www.fahrrad-xxl.at\/blog\/e-bike-beleuchtung-nachruesten\/","og_locale":"de_DE","og_type":"article","og_title":"E-Bike Beleuchtung nachr\u00fcsten - ist das \"mal eben so\" m\u00f6glich? - Fahrrad XXL AT Blog","og_description":"Die Nachr\u00fcstung einer E-Bike Beleuchtung kann zur echten Herausforderung werden \u261d Die wichtigsten Fakten \u2705 Erfahre mehr \u00fcber deine Sicherheit!","og_url":"https:\/\/www.fahrrad-xxl.at\/blog\/e-bike-beleuchtung-nachruesten\/","og_site_name":"Fahrrad XXL AT Blog","article_publisher":"https:\/\/www.facebook.com\/FahrradXXL","article_published_time":"2024-06-15T16:57:55+00:00","article_modified_time":"2024-09-12T12:49:29+00:00","og_image":[{"width":1500,"height":1111,"url":"https:\/\/www.fahrrad-xxl.at\/blog\/wp-content\/uploads\/2018\/06\/lights.jpg","type":"image\/jpeg"}],"author":"Alicia","twitter_card":"summary_large_image","twitter_misc":{"Verfasst von":"Alicia","Gesch\u00e4tzte Lesezeit":"5\u00a0Minuten"},"schema":{"@context":"https:\/\/schema.org","@graph":[{"@type":"Article","@id":"https:\/\/www.fahrrad-xxl.at\/blog\/e-bike-beleuchtung-nachruesten\/#article","isPartOf":{"@id":"https:\/\/www.fahrrad-xxl.at\/blog\/e-bike-beleuchtung-nachruesten\/"},"author":{"name":"Alicia","@id":"https:\/\/www.fahrrad-xxl.at\/blog\/#\/schema\/person\/f4b754915dd65ad37f37994cdd21b14a"},"headline":"E-Bike Beleuchtung nachr\u00fcsten &#8211; ist das &#8222;mal eben so&#8220; m\u00f6glich?","datePublished":"2024-06-15T16:57:55+00:00","dateModified":"2024-09-12T12:49:29+00:00","mainEntityOfPage":{"@id":"https:\/\/www.fahrrad-xxl.at\/blog\/e-bike-beleuchtung-nachruesten\/"},"wordCount":863,"commentCount":3,"publisher":{"@id":"https:\/\/www.fahrrad-xxl.at\/blog\/#organization"},"articleSection":["E-Bike"],"inLanguage":"de","potentialAction":[{"@type":"CommentAction","name":"Comment","target":["https:\/\/www.fahrrad-xxl.at\/blog\/e-bike-beleuchtung-nachruesten\/#respond"]}]},{"@type":"WebPage","@id":"https:\/\/www.fahrrad-xxl.at\/blog\/e-bike-beleuchtung-nachruesten\/","url":"https:\/\/www.fahrrad-xxl.at\/blog\/e-bike-beleuchtung-nachruesten\/","name":"E-Bike Beleuchtung nachr\u00fcsten - ist das \"mal eben so\" m\u00f6glich? - Fahrrad XXL AT Blog","isPartOf":{"@id":"https:\/\/www.fahrrad-xxl.at\/blog\/#website"},"datePublished":"2024-06-15T16:57:55+00:00","dateModified":"2024-09-12T12:49:29+00:00","description":"Die Nachr\u00fcstung einer E-Bike Beleuchtung kann zur echten Herausforderung werden \u261d Die wichtigsten Fakten \u2705 Erfahre mehr \u00fcber deine Sicherheit!","breadcrumb":{"@id":"https:\/\/www.fahrrad-xxl.at\/blog\/e-bike-beleuchtung-nachruesten\/#breadcrumb"},"inLanguage":"de","potentialAction":[{"@type":"ReadAction","target":["https:\/\/www.fahrrad-xxl.at\/blog\/e-bike-beleuchtung-nachruesten\/"]}]},{"@type":"BreadcrumbList","@id":"https:\/\/www.fahrrad-xxl.at\/blog\/e-bike-beleuchtung-nachruesten\/#breadcrumb","itemListElement":[{"@type":"ListItem","position":1,"name":"Startseite","item":"https:\/\/www.fahrrad-xxl.at\/blog\/"},{"@type":"ListItem","position":2,"name":"E-Bike Beleuchtung nachr\u00fcsten &#8211; ist das &#8222;mal eben so&#8220; m\u00f6glich?"}]},{"@type":"WebSite","@id":"https:\/\/www.fahrrad-xxl.at\/blog\/#website","url":"https:\/\/www.fahrrad-xxl.at\/blog\/","name":"Fahrrad XXL AT Blog","description":"Erleben | Testen | Losfahren","publisher":{"@id":"https:\/\/www.fahrrad-xxl.at\/blog\/#organization"},"potentialAction":[{"@type":"SearchAction","target":{"@type":"EntryPoint","urlTemplate":"https:\/\/www.fahrrad-xxl.at\/blog\/?s={search_term_string}"},"query-input":"required name=search_term_string"}],"inLanguage":"de"},{"@type":"Organization","@id":"https:\/\/www.fahrrad-xxl.at\/blog\/#organization","name":"Fahrrad XXL","url":"https:\/\/www.fahrrad-xxl.at\/blog\/","logo":{"@type":"ImageObject","inLanguage":"de","@id":"https:\/\/www.fahrrad-xxl.at\/blog\/#\/schema\/logo\/image\/","url":"https:\/\/www.fahrrad-xxl.at\/blog\/wp-content\/uploads\/2018\/03\/FXXL-Blog-Logo-100-c.png","contentUrl":"https:\/\/www.fahrrad-xxl.at\/blog\/wp-content\/uploads\/2018\/03\/FXXL-Blog-Logo-100-c.png","width":450,"height":100,"caption":"Fahrrad XXL"},"image":{"@id":"https:\/\/www.fahrrad-xxl.at\/blog\/#\/schema\/logo\/image\/"},"sameAs":["https:\/\/www.instagram.com\/fahrradxxl\/","https:\/\/www.youtube.com\/user\/FahrradXXLde","https:\/\/www.facebook.com\/FahrradXXL"]},{"@type":"Person","@id":"https:\/\/www.fahrrad-xxl.at\/blog\/#\/schema\/person\/f4b754915dd65ad37f37994cdd21b14a","name":"Alicia","description":"F\u00e4hrt gerne:\u00a0Stra\u00dfe, Feldwege Bikes:\u00a0Cube Nuroad, Canyon Endurace, Bianchi Aria Lieblings-Radrevier: Mallorca","url":"https:\/\/www.fahrrad-xxl.at\/blog\/author\/a-freyfahrrad-xxl-de\/"}]}},"_links":{"self":[{"href":"https:\/\/www.fahrrad-xxl.at\/blog\/wp-json\/wp\/v2\/posts\/17346"}],"collection":[{"href":"https:\/\/www.fahrrad-xxl.at\/blog\/wp-json\/wp\/v2\/posts"}],"about":[{"href":"https:\/\/www.fahrrad-xxl.at\/blog\/wp-json\/wp\/v2\/types\/post"}],"author":[{"embeddable":true,"href":"https:\/\/www.fahrrad-xxl.at\/blog\/wp-json\/wp\/v2\/users\/29"}],"replies":[{"embeddable":true,"href":"https:\/\/www.fahrrad-xxl.at\/blog\/wp-json\/wp\/v2\/comments?post=17346"}],"version-history":[{"count":4,"href":"https:\/\/www.fahrrad-xxl.at\/blog\/wp-json\/wp\/v2\/posts\/17346\/revisions"}],"predecessor-version":[{"id":34032,"href":"https:\/\/www.fahrrad-xxl.at\/blog\/wp-json\/wp\/v2\/posts\/17346\/revisions\/34032"}],"wp:featuredmedia":[{"embeddable":true,"href":"https:\/\/www.fahrrad-xxl.at\/blog\/wp-json\/wp\/v2\/media\/17374"}],"wp:attachment":[{"href":"https:\/\/www.fahrrad-xxl.at\/blog\/wp-json\/wp\/v2\/media?parent=17346"}],"wp:term":[{"taxonomy":"category","embeddable":true,"href":"https:\/\/www.fahrrad-xxl.at\/blog\/wp-json\/wp\/v2\/categories?post=17346"},{"taxonomy":"post_tag","embeddable":true,"href":"https:\/\/www.fahrrad-xxl.at\/blog\/wp-json\/wp\/v2\/tags?post=17346"}],"curies":[{"name":"wp","href":"https:\/\/api.w.org\/{rel}","templated":true}]}}