{"id":24469,"date":"2023-08-10T10:00:18","date_gmt":"2023-08-10T08:00:18","guid":{"rendered":"https:\/\/www.fahrrad-xxl.at\/blog\/?p=24469"},"modified":"2024-09-02T09:10:34","modified_gmt":"2024-09-02T07:10:34","slug":"e-bike-test-vergleich","status":"publish","type":"post","link":"https:\/\/www.fahrrad-xxl.at\/blog\/e-bike-test-vergleich\/","title":{"rendered":"E-Bike Test &#038; Vergleich 2023: Testsieger, Kauftipps &#038; mehr"},"content":{"rendered":"<section class=\"wpb-content-wrapper\"><p>[vc_row][vc_column width=&#8220;1\/1&#8243;][vc_column_text]<\/p>\n<h2><span class=\"ez-toc-section\" id=\"cityurban-e-bike-tests-aus-2023\"><\/span>City\/Urban E-Bike Tests aus 2023<span class=\"ez-toc-section-end\"><\/span><\/h2>\n<p>[\/vc_column_text][vc_column_text]<\/p>\n<h3><strong>Specialized Turbo Como SL 5.0<\/strong><\/h3>\n<p>[\/vc_column_text]<div class=\"single_image wpb_content_element align-center    \" data-animation=\"none\" data-delay=\"0\"><img width=\"1119\" height=\"689\" src=\"https:\/\/www.fahrrad-xxl.at\/blog\/wp-content\/uploads\/2020\/02\/specialized_como_sl_50.jpg\" class=\"attachment-full\" alt=\"Specialized Como SL 5.0\" decoding=\"async\" loading=\"lazy\" title=\"E-Bike Test &amp; Vergleich 2023: Testsieger, Kauftipps &amp; mehr\" srcset=\"https:\/\/www.fahrrad-xxl.at\/blog\/wp-content\/uploads\/2020\/02\/specialized_como_sl_50.jpg 1119w, https:\/\/www.fahrrad-xxl.at\/blog\/wp-content\/uploads\/2020\/02\/specialized_como_sl_50-300x185.jpg 300w, https:\/\/www.fahrrad-xxl.at\/blog\/wp-content\/uploads\/2020\/02\/specialized_como_sl_50-1024x631.jpg 1024w, https:\/\/www.fahrrad-xxl.at\/blog\/wp-content\/uploads\/2020\/02\/specialized_como_sl_50-768x473.jpg 768w\" sizes=\"(max-width: 1119px) 100vw, 1119px\" \/><\/div>[\/vc_column][\/vc_row][vc_row][vc_column width=&#8220;1\/2&#8243;][vc_column_text css_animation=&#8220;none&#8220;]<em>Die Eigenschaften des Specialized Turbo Como 5.0<\/em><\/p>\n<ul>\n<li><span style=\"color: #008000;\">Komfortables Fahrverhalten<\/span><\/li>\n<li><span style=\"color: #008000;\">Sehr gute Komponenten<\/span><\/li>\n<li><span style=\"color: #008000;\">Gute Verarbeitungsqualit\u00e4t<\/span><\/li>\n<li><span style=\"color: #008000;\">Ansehnlicher und praktischer Korb<\/span><\/li>\n<li>Die Gr\u00f6\u00dfe ist Geschmackssache<\/li>\n<\/ul>\n<p>[\/vc_column_text][\/vc_column][vc_column width=&#8220;1\/2&#8243;][vc_column_text]<span class=\"TextRun SCXW125713152 BCX0\" lang=\"DE-DE\" xml:lang=\"DE-DE\" data-contrast=\"auto\"><span class=\"NormalTextRun SCXW125713152 BCX0\">Das neu<\/span><span class=\"NormalTextRun SCXW125713152 BCX0\">e <\/span><span class=\"NormalTextRun SCXW125713152 BCX0\">Specialized Turbo Como SL 5.0 ist ein E-Bike f\u00fcr den t\u00e4glichen Einsatz. <\/span><span class=\"NormalTextRun SCXW125713152 BCX0\">Es <\/span><span class=\"NormalTextRun SCXW125713152 BCX0\">eignet es sich ideal f\u00fcr <\/span><span class=\"NormalTextRun SCXW125713152 BCX0\">Ein<\/span><span class=\"NormalTextRun SCXW125713152 BCX0\">k\u00e4ufe <\/span><span class=\"NormalTextRun SCXW125713152 BCX0\">oder<\/span><span class=\"NormalTextRun SCXW125713152 BCX0\"> Shopping<\/span><span class=\"NormalTextRun SCXW125713152 BCX0\">touren<\/span><span class=\"NormalTextRun SCXW125713152 BCX0\">, denn der Hartplastikkorb an der Front bietet ausreichend Stauraum. <\/span><span class=\"NormalTextRun SCXW125713152 BCX0\">Das E-Bike besticht durch <\/span><span class=\"NormalTextRun SCXW125713152 BCX0\">sein <\/span><span class=\"NormalTextRun SCXW125713152 BCX0\">einfaches Handling und <\/span><span class=\"NormalTextRun SCXW125713152 BCX0\">der <\/span><span class=\"NormalTextRun SCXW125713152 BCX0\">Kombination aus integriertem Motor und Riemenantrieb.<\/span> <span class=\"NormalTextRun SCXW125713152 BCX0\">Das minimalistische Bedienkonzept und der geringe Wartungsaufwand machen es zum idealen Alltags-E-Bike f\u00fcr diejenigen, die das Auto \u00f6fter <\/span><span class=\"NormalTextRun SCXW125713152 BCX0\">mal <\/span><span class=\"NormalTextRun SCXW125713152 BCX0\">stehen<\/span> <span class=\"NormalTextRun SCXW125713152 BCX0\">lassen m\u00f6chten. D<\/span><span class=\"NormalTextRun SCXW125713152 BCX0\">aher<\/span> <span class=\"NormalTextRun SCXW125713152 BCX0\">verg<\/span><span class=\"NormalTextRun SCXW125713152 BCX0\">ibt <\/span><\/span><a class=\"Hyperlink SCXW125713152 BCX0\" href=\"https:\/\/thecycleverse.com\/de\/blog\/e-bike-test#Specialized-Turbo-Como-SL\" target=\"_blank\" rel=\"noreferrer noopener\"><span class=\"TextRun Underlined SCXW125713152 BCX0\" lang=\"DE-DE\" xml:lang=\"DE-DE\" data-contrast=\"none\"><span class=\"NormalTextRun SCXW125713152 BCX0\" data-ccp-charstyle=\"Hyperlink\">thecycleverse<\/span><\/span><\/a><span class=\"TextRun SCXW125713152 BCX0\" lang=\"DE-DE\" xml:lang=\"DE-DE\" data-contrast=\"auto\"><span class=\"NormalTextRun SCXW125713152 BCX0\"> 9 von 10 Punkten.<\/span><\/span><span class=\"EOP SCXW125713152 BCX0\" data-ccp-props=\"{&quot;201341983&quot;:0,&quot;335559739&quot;:160,&quot;335559740&quot;:259}\">\u00a0<\/span>[\/vc_column_text][\/vc_column][\/vc_row][vc_row][vc_column width=&#8220;1\/1&#8243;]<a href=\"https:\/\/www.fahrrad-xxl.at\/fahrraeder\/e-bike\/marke.specialized\/saison.2022\/?fxxlint=blog-e-bike-test-2022er-modelle-cta-1\" target=\"_blank\" class=\"button button-appear custom large \" style=\"background-color: #a82323; border-color: #a82323;border-radius: 30px;\"><span>Jetzt das Specialized Turbo Como SL 5.0 2022 entdecken!<i class='fa fas fa-chevron-circle-right'><\/i><\/span><\/a>[\/vc_column][\/vc_row][vc_row][vc_column width=&#8220;1\/1&#8243;][vc_column_text]<\/p>\n<h3><span class=\"TextRun SCXW175540126 BCX0\" lang=\"DE-DE\" xml:lang=\"DE-DE\" data-contrast=\"none\"><span class=\"NormalTextRun SCXW175540126 BCX0\" data-ccp-parastyle=\"heading 3\">Diamant <\/span><span class=\"NormalTextRun SpellingErrorV2Themed SCXW175540126 BCX0\" data-ccp-parastyle=\"heading 3\">Zouma<\/span><span class=\"NormalTextRun SCXW175540126 BCX0\" data-ccp-parastyle=\"heading 3\"> Deluxe+<\/span><\/span><span class=\"EOP SCXW175540126 BCX0\" data-ccp-props=\"{&quot;134245418&quot;:true,&quot;134245529&quot;:true,&quot;201341983&quot;:0,&quot;335559738&quot;:40,&quot;335559739&quot;:0,&quot;335559740&quot;:259}\">\u00a0<\/span><\/h3>\n<p>[\/vc_column_text]<div class=\"single_image wpb_content_element align-center    \" data-animation=\"none\" data-delay=\"0\"><a href=\"https:\/\/www.fahrrad-xxl.atdiamant-zouma-deluxe-x0047772\" target=\"_blank\"><img width=\"1920\" height=\"1280\" src=\"https:\/\/www.fahrrad-xxl.at\/blog\/wp-content\/uploads\/2020\/02\/Diamant-Zouma-Deluxe.jpg\" class=\"attachment-full\" alt=\"Diamant Zouma Deluxe+\" decoding=\"async\" loading=\"lazy\" title=\"E-Bike Test &amp; Vergleich 2023: Testsieger, Kauftipps &amp; mehr\" srcset=\"https:\/\/www.fahrrad-xxl.at\/blog\/wp-content\/uploads\/2020\/02\/Diamant-Zouma-Deluxe.jpg 1920w, https:\/\/www.fahrrad-xxl.at\/blog\/wp-content\/uploads\/2020\/02\/Diamant-Zouma-Deluxe-300x200.jpg 300w, https:\/\/www.fahrrad-xxl.at\/blog\/wp-content\/uploads\/2020\/02\/Diamant-Zouma-Deluxe-1024x683.jpg 1024w, https:\/\/www.fahrrad-xxl.at\/blog\/wp-content\/uploads\/2020\/02\/Diamant-Zouma-Deluxe-768x512.jpg 768w, https:\/\/www.fahrrad-xxl.at\/blog\/wp-content\/uploads\/2020\/02\/Diamant-Zouma-Deluxe-1536x1024.jpg 1536w, https:\/\/www.fahrrad-xxl.at\/blog\/wp-content\/uploads\/2020\/02\/Diamant-Zouma-Deluxe-600x400.jpg 600w\" sizes=\"(max-width: 1920px) 100vw, 1920px\" \/><\/a><span class=\"single_image_caption\">Diamant Zouma Deluxe+<\/span><\/div>[\/vc_column][\/vc_row][vc_row][vc_column width=&#8220;1\/2&#8243;][vc_column_text css_animation=&#8220;none&#8220;]<em>Die Eigenschaften des Diamant Zouma Deluxe+<\/em><\/p>\n<ul>\n<li><span style=\"color: #008000;\"><span class=\"TextRun SCXW26083820 BCX0\" lang=\"DE-DE\" xml:lang=\"DE-DE\" data-contrast=\"auto\"><span class=\"NormalTextRun SCXW26083820 BCX0\">Sportliches Fahrverhalten<\/span><\/span><span class=\"EOP SCXW26083820 BCX0\" data-ccp-props=\"{&quot;201341983&quot;:0,&quot;335559739&quot;:160,&quot;335559740&quot;:259}\">\u00a0<\/span><\/span><\/li>\n<li><span style=\"color: #008000;\"><span class=\"TextRun SCXW125567824 BCX0\" lang=\"DE-DE\" xml:lang=\"DE-DE\" data-contrast=\"auto\"><span class=\"NormalTextRun SpellingErrorV2Themed SCXW125567824 BCX0\">Gravel<\/span><span class=\"NormalTextRun SCXW125567824 BCX0\">&#8211;<\/span><span class=\"NormalTextRun SCXW125567824 BCX0\">Reifen<\/span><\/span><span class=\"EOP SCXW125567824 BCX0\" data-ccp-props=\"{&quot;201341983&quot;:0,&quot;335559739&quot;:160,&quot;335559740&quot;:259}\">\u00a0<\/span><\/span><\/li>\n<li><span style=\"color: #008000;\">Bosch Performance Line CX Motor<\/span><\/li>\n<li><span class=\"TextRun SCXW105675471 BCX0\" lang=\"DE-DE\" xml:lang=\"DE-DE\" data-contrast=\"auto\"><span class=\"NormalTextRun SCXW105675471 BCX0\">Klobiges Design<\/span><\/span><\/li>\n<\/ul>\n<p>[\/vc_column_text][\/vc_column][vc_column width=&#8220;1\/2&#8243;][vc_column_text css_animation=&#8220;none&#8220;]<span class=\"TextRun SCXW24254089 BCX0\" lang=\"DE-DE\" xml:lang=\"DE-DE\" data-contrast=\"auto\"><span class=\"NormalTextRun SCXW24254089 BCX0\">Diamant pr\u00e4sentiert das leistungsstarke E-Bike <\/span><strong><span class=\"NormalTextRun SpellingErrorV2Themed SCXW24254089 BCX0\">Zouma<\/span><\/strong><span class=\"NormalTextRun SCXW24254089 BCX0\"><strong> Deluxe+<\/strong>, <\/span><span class=\"NormalTextRun ContextualSpellingAndGrammarErrorV2Themed SCXW24254089 BCX0\">das<\/span><span class=\"NormalTextRun SCXW24254089 BCX0\"> sowohl im Stadtverkehr als auch auf Trekkingtouren ein zuverl\u00e4ssiger Begleiter ist. Mit seiner sportlich-komfortablen Sitzposition und der hochwertigen Ausstattung bietet es maximalen Fahrspa\u00df. Der Bosch Performance Line CX Mittelmotor unterst\u00fctzt mit bis zu 85 <\/span><span class=\"NormalTextRun SpellingErrorV2Themed SCXW24254089 BCX0\">Nm<\/span><span class=\"NormalTextRun SCXW24254089 BCX0\"> und erm\u00f6glicht sportliches Fahren auch in anspruchsvollem Gel\u00e4nde. Praktische Features wie Gep\u00e4cktr\u00e4ger, Seitenst\u00e4nder, Lichtanlage und Schutzbleche machen das E-Bike auch im urbanen Alltag \u00e4u\u00dferst vielseitig.<\/span><span class=\"NormalTextRun SCXW24254089 BCX0\">\u00a0Damit e<\/span><span class=\"NormalTextRun SCXW24254089 BCX0\">rh\u00e4lt <\/span><span class=\"NormalTextRun SCXW24254089 BCX0\">das Bike von <\/span><\/span><a class=\"Hyperlink SCXW24254089 BCX0\" href=\"https:\/\/thecycleverse.com\/de\/blog\/e-bike-test#Diamant-Zouma-Deluxe\" target=\"_blank\" rel=\"noreferrer noopener\"><span class=\"TextRun Underlined SCXW24254089 BCX0\" lang=\"DE-DE\" xml:lang=\"DE-DE\" data-contrast=\"none\"><span class=\"NormalTextRun SpellingErrorV2Themed SCXW24254089 BCX0\" data-ccp-charstyle=\"Hyperlink\">thecycleverse<\/span><\/span><\/a><span class=\"TextRun SCXW24254089 BCX0\" lang=\"DE-DE\" xml:lang=\"DE-DE\" data-contrast=\"auto\"><span class=\"NormalTextRun SCXW24254089 BCX0\"> 9 von 10 Punkte.<\/span><\/span><span class=\"EOP SCXW24254089 BCX0\" data-ccp-props=\"{&quot;201341983&quot;:0,&quot;335559739&quot;:160,&quot;335559740&quot;:259}\">\u00a0<\/span>[\/vc_column_text][\/vc_column][\/vc_row][vc_row][vc_column width=&#8220;1\/1&#8243;]<a href=\"https:\/\/www.fahrrad-xxl.at\/serie\/diamant-zouma-plus\/\" target=\"_blank\" class=\"button button-appear custom large \" style=\"background-color: #a82323; border-color: #a82323;border-radius: 30px;\"><span>Jetzt die Diamant Zouma+ Serie entdecken<i class='fa fas fa-chevron-circle-right'><\/i><\/span><\/a><div class=\"divider divider3\" style='margin:60px 0 60px 0 !important;'><\/div>[\/vc_column][\/vc_row][vc_row][vc_column width=&#8220;1\/1&#8243;][vc_column_text]<\/p>\n<h3><span class=\"TextRun SCXW144279233 BCX0\" lang=\"DE-DE\" xml:lang=\"DE-DE\" data-contrast=\"none\"><span class=\"NormalTextRun SCXW144279233 BCX0\" data-ccp-parastyle=\"heading 3\">Stromer ST7<\/span><\/span><span class=\"EOP SCXW144279233 BCX0\" data-ccp-props=\"{&quot;134245418&quot;:true,&quot;134245529&quot;:true,&quot;201341983&quot;:0,&quot;335559738&quot;:40,&quot;335559739&quot;:0,&quot;335559740&quot;:259}\">\u00a0<\/span><\/h3>\n<p>[\/vc_column_text]<div class=\"single_image wpb_content_element align-center    \" data-animation=\"none\" data-delay=\"0\"><a href=\"https:\/\/www.fahrrad-xxl.at\/stromer-st7-sspl-m000062929\" target=\"_blank\"><img width=\"1056\" height=\"633\" src=\"https:\/\/www.fahrrad-xxl.at\/blog\/wp-content\/uploads\/2020\/02\/Stromer-ST7-1-e1691670124681.jpg\" class=\"attachment-full\" alt=\"Stromer ST7\" decoding=\"async\" loading=\"lazy\" title=\"E-Bike Test &amp; Vergleich 2023: Testsieger, Kauftipps &amp; mehr\" srcset=\"https:\/\/www.fahrrad-xxl.at\/blog\/wp-content\/uploads\/2020\/02\/Stromer-ST7-1-e1691670124681.jpg 1056w, https:\/\/www.fahrrad-xxl.at\/blog\/wp-content\/uploads\/2020\/02\/Stromer-ST7-1-e1691670124681-300x180.jpg 300w, https:\/\/www.fahrrad-xxl.at\/blog\/wp-content\/uploads\/2020\/02\/Stromer-ST7-1-e1691670124681-1024x614.jpg 1024w, https:\/\/www.fahrrad-xxl.at\/blog\/wp-content\/uploads\/2020\/02\/Stromer-ST7-1-e1691670124681-768x460.jpg 768w\" sizes=\"(max-width: 1056px) 100vw, 1056px\" \/><\/a><span class=\"single_image_caption\">Stromer ST7<\/span><\/div>[\/vc_column][\/vc_row][vc_row][vc_column width=&#8220;1\/2&#8243;][vc_column_text css_animation=&#8220;none&#8220;]<em>Die Eigenschaften des <span class=\"TextRun SCXW79199351 BCX0\" lang=\"DE-DE\" xml:lang=\"DE-DE\" data-contrast=\"none\"><span class=\"NormalTextRun SCXW79199351 BCX0\" data-ccp-parastyle=\"heading 3\">Stromer ST7<\/span><\/span><span class=\"EOP SCXW79199351 BCX0\" data-ccp-props=\"{&quot;134245418&quot;:true,&quot;134245529&quot;:true,&quot;201341983&quot;:0,&quot;335559738&quot;:40,&quot;335559739&quot;:0,&quot;335559740&quot;:259}\">\u00a0<\/span><\/em><\/p>\n<ul>\n<li><span style=\"color: #008000;\"><span class=\"TextRun SCXW54559023 BCX0\" lang=\"DE-DE\" xml:lang=\"DE-DE\" data-contrast=\"auto\"><span class=\"NormalTextRun SCXW54559023 BCX0\">Sehr gute Ausstattung<\/span><\/span><span class=\"EOP SCXW54559023 BCX0\" data-ccp-props=\"{&quot;201341983&quot;:0,&quot;335559739&quot;:160,&quot;335559740&quot;:259}\">\u00a0<\/span><\/span><\/li>\n<li><span style=\"color: #008000;\"><span class=\"TextRun SCXW57428209 BCX0\" lang=\"DE-DE\" xml:lang=\"DE-DE\" data-contrast=\"auto\"><span class=\"NormalTextRun SCXW57428209 BCX0\">Hohe Reichweite<\/span><\/span><span class=\"EOP SCXW57428209 BCX0\" data-ccp-props=\"{&quot;201341983&quot;:0,&quot;335559739&quot;:160,&quot;335559740&quot;:259}\">\u00a0<\/span><\/span><\/li>\n<li><span style=\"color: #008000;\"><span class=\"TextRun SCXW203326891 BCX0\" lang=\"DE-DE\" xml:lang=\"DE-DE\" data-contrast=\"auto\"><span class=\"NormalTextRun SCXW203326891 BCX0\">Smarte Features<\/span><\/span><span class=\"EOP SCXW203326891 BCX0\" data-ccp-props=\"{&quot;201341983&quot;:0,&quot;335559739&quot;:160,&quot;335559740&quot;:259}\">\u00a0<\/span><\/span><\/li>\n<li><span class=\"TextRun SCXW46686740 BCX0\" lang=\"DE-DE\" xml:lang=\"DE-DE\" data-contrast=\"auto\"><span class=\"NormalTextRun SCXW46686740 BCX0\">Hoher Preis<\/span><\/span><span class=\"EOP SCXW46686740 BCX0\" data-ccp-props=\"{&quot;201341983&quot;:0,&quot;335559739&quot;:160,&quot;335559740&quot;:259}\">\u00a0<\/span><\/li>\n<\/ul>\n<p>[\/vc_column_text][\/vc_column][vc_column width=&#8220;1\/2&#8243;][vc_column_text css_animation=&#8220;none&#8220;]<span class=\"TextRun SCXW51747497 BCX0\" lang=\"DE-DE\" xml:lang=\"DE-DE\" data-contrast=\"auto\"><span class=\"NormalTextRun SCXW51747497 BCX0\">Das <strong>ST7<\/strong> von Stromer ist das erste S-Pedelec mit elektronischer Schaltung, bei dem die <\/span><span class=\"NormalTextRun SpellingErrorV2Themed SCXW51747497 BCX0\">Pinion<\/span> <span class=\"NormalTextRun SpellingErrorV2Themed SCXW51747497 BCX0\">Smart.Shift<\/span><span class=\"NormalTextRun SCXW51747497 BCX0\"> C1 12i f\u00fcr automatisierte Schaltvorg\u00e4nge zum Einsatz kommt. Mit einem 940-Watt-Heckmotor und einem leistungsstarken 1.440-Watt-Batteriepack ist das ST7 ideal f\u00fcr Pendler, w\u00e4hrend hochwertige Komponenten wie ABS-Bremsen und breite 27,5-Zoll-Reifen f\u00fcr Sicherheit und Komfort sorgen<\/span><span class=\"NormalTextRun SCXW51747497 BCX0\">. Die <\/span><span class=\"NormalTextRun SpellingErrorV2Themed SCXW51747497 BCX0\">Co<\/span><span class=\"NormalTextRun SpellingErrorV2Themed SCXW51747497 BCX0\">mmuter<\/span><span class=\"NormalTextRun SCXW51747497 BCX0\">-A<\/span><span class=\"NormalTextRun SCXW51747497 BCX0\">usstattung mit Schutzblechen, Gep\u00e4cktr\u00e4ger und einer hochwertigen Supernova Lichtanlage macht es zum perfekten Begleiter im urbanen Umfeld.<\/span><span class=\"NormalTextRun SCXW51747497 BCX0\">\u00a0<\/span><\/span><a class=\"Hyperlink SCXW51747497 BCX0\" href=\"https:\/\/thecycleverse.com\/de\/blog\/e-bike-test#Stromer-ST7\" target=\"_blank\" rel=\"noreferrer noopener\"><span class=\"TextRun Underlined SCXW51747497 BCX0\" lang=\"DE-DE\" xml:lang=\"DE-DE\" data-contrast=\"none\"><span class=\"NormalTextRun SpellingErrorV2Themed SCXW51747497 BCX0\" data-ccp-charstyle=\"Hyperlink\">thecycleverse<\/span><\/span><\/a><span class=\"TextRun SCXW51747497 BCX0\" lang=\"DE-DE\" xml:lang=\"DE-DE\" data-contrast=\"auto\"><span class=\"NormalTextRun SCXW51747497 BCX0\"> vergibt 9,5 Punkte.<\/span><\/span><span class=\"EOP SCXW51747497 BCX0\" data-ccp-props=\"{&quot;201341983&quot;:0,&quot;335559739&quot;:160,&quot;335559740&quot;:259}\">\u00a0<\/span>[\/vc_column_text][\/vc_column][\/vc_row][vc_row][vc_column width=&#8220;1\/1&#8243;]<a href=\"https:\/\/www.fahrrad-xxl.atfahrraeder\/e-bike\/e-bike-45km-h\/marke.stromer\/\" target=\"_blank\" class=\"button button-appear custom large \" style=\"background-color: #a82323; border-color: #a82323;border-radius: 30px;\"><span>Jetzt die Stromer 45 km\/h E-Bikes entdecken<i class='fa fas fa-chevron-circle-right'><\/i><\/span><\/a><div class=\"divider divider3\" style='margin:60px 0 60px 0 !important;'><\/div>[\/vc_column][\/vc_row][vc_row][vc_column width=&#8220;1\/1&#8243;][vc_column_text css_animation=&#8220;none&#8220;]<\/p>\n<h3><span class=\"TextRun SCXW11918783 BCX0\" lang=\"DE-DE\" xml:lang=\"DE-DE\" data-contrast=\"none\"><span class=\"NormalTextRun SCXW11918783 BCX0\" data-ccp-parastyle=\"heading 3\">Gazelle Ultimate C380 HMB<\/span><\/span><span class=\"EOP SCXW11918783 BCX0\" data-ccp-props=\"{&quot;134245418&quot;:true,&quot;134245529&quot;:true,&quot;201341983&quot;:0,&quot;335559738&quot;:40,&quot;335559739&quot;:0,&quot;335559740&quot;:259}\">\u00a0<\/span><\/h3>\n<p>[\/vc_column_text]<div class=\"single_image wpb_content_element align-center    \" data-animation=\"none\" data-delay=\"0\"><a href=\"https:\/\/www.fahrrad-xxl.atgazelle-ultimate-c380-hmb-m000066827\" target=\"_blank\"><img width=\"1920\" height=\"1280\" src=\"https:\/\/www.fahrrad-xxl.at\/blog\/wp-content\/uploads\/2020\/02\/Gazelle-Ultimate-C380-HMB.jpg\" class=\"attachment-full\" alt=\"Gazelle Ultimate C380 HMB\" decoding=\"async\" loading=\"lazy\" title=\"E-Bike Test &amp; Vergleich 2023: Testsieger, Kauftipps &amp; mehr\" srcset=\"https:\/\/www.fahrrad-xxl.at\/blog\/wp-content\/uploads\/2020\/02\/Gazelle-Ultimate-C380-HMB.jpg 1920w, https:\/\/www.fahrrad-xxl.at\/blog\/wp-content\/uploads\/2020\/02\/Gazelle-Ultimate-C380-HMB-300x200.jpg 300w, https:\/\/www.fahrrad-xxl.at\/blog\/wp-content\/uploads\/2020\/02\/Gazelle-Ultimate-C380-HMB-1024x683.jpg 1024w, https:\/\/www.fahrrad-xxl.at\/blog\/wp-content\/uploads\/2020\/02\/Gazelle-Ultimate-C380-HMB-768x512.jpg 768w, https:\/\/www.fahrrad-xxl.at\/blog\/wp-content\/uploads\/2020\/02\/Gazelle-Ultimate-C380-HMB-1536x1024.jpg 1536w, https:\/\/www.fahrrad-xxl.at\/blog\/wp-content\/uploads\/2020\/02\/Gazelle-Ultimate-C380-HMB-600x400.jpg 600w\" sizes=\"(max-width: 1920px) 100vw, 1920px\" \/><\/a><span class=\"single_image_caption\">Gazelle Ultimate C380 HMB<\/span><\/div>[\/vc_column][\/vc_row][vc_row][vc_column width=&#8220;1\/2&#8243;][vc_column_text css_animation=&#8220;none&#8220;]<em>Die Eigenschaften des <span class=\"TextRun SCXW250310666 BCX0\" lang=\"DE-DE\" xml:lang=\"DE-DE\" data-contrast=\"none\"><span class=\"NormalTextRun SCXW250310666 BCX0\" data-ccp-parastyle=\"heading 3\">Gazelle Ultimate C380 HMB<\/span><\/span><span class=\"EOP SCXW250310666 BCX0\" data-ccp-props=\"{&quot;134245418&quot;:true,&quot;134245529&quot;:true,&quot;201341983&quot;:0,&quot;335559738&quot;:40,&quot;335559739&quot;:0,&quot;335559740&quot;:259}\">\u00a0<\/span><\/em><\/p>\n<ul>\n<li><span style=\"color: #008000;\"><span class=\"TextRun SCXW115515909 BCX0\" lang=\"DE-DE\" xml:lang=\"DE-DE\" data-contrast=\"auto\"><span class=\"NormalTextRun SCXW115515909 BCX0\">Leistungsstarker <\/span><span class=\"NormalTextRun SCXW115515909 BCX0\">An<\/span><span class=\"NormalTextRun SCXW115515909 BCX0\">t<\/span><span class=\"NormalTextRun SCXW115515909 BCX0\">rieb<\/span><\/span><span class=\"EOP SCXW115515909 BCX0\" data-ccp-props=\"{&quot;201341983&quot;:0,&quot;335559739&quot;:160,&quot;335559740&quot;:259}\">\u00a0<\/span><\/span><\/li>\n<li><span style=\"color: #008000;\"><span class=\"TextRun SCXW20860020 BCX0\" lang=\"DE-DE\" xml:lang=\"DE-DE\" data-contrast=\"auto\"><span class=\"NormalTextRun SCXW20860020 BCX0\">Schickes Design<\/span><\/span><span class=\"EOP SCXW20860020 BCX0\" data-ccp-props=\"{&quot;201341983&quot;:0,&quot;335559739&quot;:160,&quot;335559740&quot;:259}\">\u00a0<\/span><\/span><\/li>\n<li><span style=\"color: #008000;\"><span class=\"TextRun SCXW142091247 BCX0\" lang=\"DE-DE\" xml:lang=\"DE-DE\" data-contrast=\"auto\"><span class=\"NormalTextRun SCXW142091247 BCX0\">Praktische Ausstattung<\/span><\/span><span class=\"EOP SCXW142091247 BCX0\" data-ccp-props=\"{&quot;201341983&quot;:0,&quot;335559739&quot;:160,&quot;335559740&quot;:259}\">\u00a0<\/span><\/span><\/li>\n<li><span class=\"TextRun SCXW122310650 BCX0\" lang=\"DE-DE\" xml:lang=\"DE-DE\" data-contrast=\"auto\"><span class=\"NormalTextRun SCXW122310650 BCX0\">Hoher Preis<\/span><\/span><span class=\"EOP SCXW122310650 BCX0\" data-ccp-props=\"{&quot;201341983&quot;:0,&quot;335559739&quot;:160,&quot;335559740&quot;:259}\">\u00a0<\/span><\/li>\n<\/ul>\n<p>[\/vc_column_text][\/vc_column][vc_column width=&#8220;1\/2&#8243;][vc_column_text css_animation=&#8220;none&#8220;]<span class=\"TextRun SCXW71083682 BCX0\" lang=\"DE-DE\" xml:lang=\"DE-DE\" data-contrast=\"auto\"><span class=\"NormalTextRun SCXW71083682 BCX0\">Das Gazelle Ultimate C380 <\/span><span class=\"NormalTextRun SCXW71083682 BCX0\">\u00fcberzeugt m<\/span><span class=\"NormalTextRun SCXW71083682 BCX0\">it einem schlanken 500-Wh-Akku im Unterrohr, zuverl\u00e4ssigen hydraulischen Scheibenbremsen und einer verstellbaren dynamobetriebenen Beleuchtung ist es durchdacht und hochwertig ausgestattet. Angetrieben von einem Bosch Performance Line 3.0 Mittelmotor erreicht das E-Bike bis zu 20 km\/h auf verschiedenen Stra\u00dfen. Der wartungsarme Riemenantrieb und die stufenlose <\/span><span class=\"NormalTextRun SpellingErrorV2Themed SCXW71083682 BCX0\">Enviolo<\/span><span class=\"NormalTextRun SCXW71083682 BCX0\"> Trekking Manual-Schaltung bieten Komfort und Bequemlichkeit.<\/span><span class=\"NormalTextRun SCXW71083682 BCX0\"> Das Gazelle Ultimate C380 ist die kluge Wahl f\u00fcr diejenigen, die ein E-Bike f\u00fcr die Innenstadt suchen. Es besticht nicht nur durch sein Aussehen, sondern auch durch seine Fahreigenschaften und hochwertige Ausstattung.<\/span><span class=\"NormalTextRun SCXW71083682 BCX0\"> F\u00fcr <\/span><\/span><a class=\"Hyperlink SCXW71083682 BCX0\" href=\"https:\/\/thecycleverse.com\/de\/blog\/e-bike-test#Gazelle-Ultimate-C380-HMB\" target=\"_blank\" rel=\"noreferrer noopener\"><span class=\"TextRun Underlined SCXW71083682 BCX0\" lang=\"DE-DE\" xml:lang=\"DE-DE\" data-contrast=\"none\"><span class=\"NormalTextRun SpellingErrorV2Themed SCXW71083682 BCX0\" data-ccp-charstyle=\"Hyperlink\">thecylceverse<\/span><\/span><\/a><span class=\"TextRun SCXW71083682 BCX0\" lang=\"DE-DE\" xml:lang=\"DE-DE\" data-contrast=\"auto\"><span class=\"NormalTextRun SCXW71083682 BCX0\"> eine 9,5 von 10.<\/span><\/span><span class=\"EOP SCXW71083682 BCX0\" data-ccp-props=\"{&quot;201341983&quot;:0,&quot;335559739&quot;:160,&quot;335559740&quot;:259}\">\u00a0<\/span>[\/vc_column_text][\/vc_column][\/vc_row][vc_row][vc_column width=&#8220;1\/1&#8243;]<a href=\"https:\/\/www.fahrrad-xxl.at\/serie\/gazelle-ultimate\/\" target=\"_blank\" class=\"button button-appear custom large \" style=\"background-color: #a82323; border-color: #a82323;border-radius: 30px;\"><span>Entdecke die Gazelle Ultimate Serie<i class='fa fas fa-chevron-circle-right'><\/i><\/span><\/a><div class=\"divider divider3\" style='margin:60px 0 60px 0 !important;'><\/div>[\/vc_column][\/vc_row][vc_row][vc_column width=&#8220;1\/1&#8243;][vc_column_text]<\/p>\n<h2><span class=\"ez-toc-section\" id=\"suv-e-bike-tests-aus-2023\"><\/span>SUV E-Bike Tests aus 2023<span class=\"ez-toc-section-end\"><\/span><\/h2>\n<p>[\/vc_column_text][vc_column_text css_animation=&#8220;none&#8220;]<\/p>\n<h3><span class=\"TextRun SCXW163438849 BCX0\" lang=\"DE-DE\" xml:lang=\"DE-DE\" data-contrast=\"none\"><span class=\"NormalTextRun SCXW163438849 BCX0\" data-ccp-parastyle=\"heading 3\">Giant <\/span><span class=\"NormalTextRun SpellingErrorV2Themed SCXW163438849 BCX0\" data-ccp-parastyle=\"heading 3\">Stormguard<\/span><span class=\"NormalTextRun SCXW163438849 BCX0\" data-ccp-parastyle=\"heading 3\"> E+ 2<\/span><\/span><span class=\"EOP SCXW163438849 BCX0\" data-ccp-props=\"{&quot;134245418&quot;:true,&quot;134245529&quot;:true,&quot;201341983&quot;:0,&quot;335559738&quot;:40,&quot;335559739&quot;:0,&quot;335559740&quot;:259}\">\u00a0<\/span><\/h3>\n<p>[\/vc_column_text]<div class=\"single_image wpb_content_element align-center    \" data-animation=\"none\" data-delay=\"0\"><a href=\"https:\/\/www.fahrrad-xxl.at\/giant-stormguard-e-2-m000068165\" target=\"_blank\"><img width=\"1920\" height=\"1280\" src=\"https:\/\/www.fahrrad-xxl.at\/blog\/wp-content\/uploads\/2020\/02\/Giant-Stormguard-E-2.jpg\" class=\"attachment-full\" alt=\"Giant Stormguard E+ 2\" decoding=\"async\" loading=\"lazy\" title=\"E-Bike Test &amp; Vergleich 2023: Testsieger, Kauftipps &amp; mehr\" srcset=\"https:\/\/www.fahrrad-xxl.at\/blog\/wp-content\/uploads\/2020\/02\/Giant-Stormguard-E-2.jpg 1920w, https:\/\/www.fahrrad-xxl.at\/blog\/wp-content\/uploads\/2020\/02\/Giant-Stormguard-E-2-300x200.jpg 300w, https:\/\/www.fahrrad-xxl.at\/blog\/wp-content\/uploads\/2020\/02\/Giant-Stormguard-E-2-1024x683.jpg 1024w, https:\/\/www.fahrrad-xxl.at\/blog\/wp-content\/uploads\/2020\/02\/Giant-Stormguard-E-2-768x512.jpg 768w, https:\/\/www.fahrrad-xxl.at\/blog\/wp-content\/uploads\/2020\/02\/Giant-Stormguard-E-2-1536x1024.jpg 1536w, https:\/\/www.fahrrad-xxl.at\/blog\/wp-content\/uploads\/2020\/02\/Giant-Stormguard-E-2-600x400.jpg 600w\" sizes=\"(max-width: 1920px) 100vw, 1920px\" \/><\/a><span class=\"single_image_caption\">Giant Stormguard E+ 2 <\/span><\/div>[\/vc_column][\/vc_row][vc_row][vc_column width=&#8220;1\/2&#8243;][vc_column_text css_animation=&#8220;none&#8220;]<em>Die Eigenschaften des\u00a0<span class=\"TextRun SCXW243784654 BCX0\" lang=\"DE-DE\" xml:lang=\"DE-DE\" data-contrast=\"none\"><span class=\"NormalTextRun SCXW243784654 BCX0\" data-ccp-parastyle=\"heading 3\">Giant <\/span><span class=\"NormalTextRun SpellingErrorV2Themed SCXW243784654 BCX0\" data-ccp-parastyle=\"heading 3\">Stormguard<\/span><span class=\"NormalTextRun SCXW243784654 BCX0\" data-ccp-parastyle=\"heading 3\"> E+ 2<\/span><\/span><span class=\"EOP SCXW243784654 BCX0\" data-ccp-props=\"{&quot;134245418&quot;:true,&quot;134245529&quot;:true,&quot;201341983&quot;:0,&quot;335559738&quot;:40,&quot;335559739&quot;:0,&quot;335559740&quot;:259}\">\u00a0<\/span><\/em><\/p>\n<ul>\n<li><span style=\"color: #008000;\"><span data-contrast=\"auto\">Hohe Reichweite<\/span><span data-ccp-props=\"{&quot;201341983&quot;:0,&quot;335559739&quot;:160,&quot;335559740&quot;:259}\">\u00a0<\/span><\/span><\/li>\n<li><span style=\"color: #008000;\"><span data-contrast=\"auto\">Sehr komfortabel<\/span><span data-ccp-props=\"{&quot;201341983&quot;:0,&quot;335559739&quot;:160,&quot;335559740&quot;:259}\">\u00a0<\/span><\/span><\/li>\n<li><span style=\"color: #008000;\"><span data-contrast=\"auto\">Vielf\u00e4ltige Einsatzm\u00f6glichkeiten<\/span><span data-ccp-props=\"{&quot;201341983&quot;:0,&quot;335559739&quot;:160,&quot;335559740&quot;:259}\">\u00a0<\/span><\/span><\/li>\n<li><span data-contrast=\"auto\">Hohes Gewicht\u00a0<\/span><span data-ccp-props=\"{&quot;201341983&quot;:0,&quot;335559739&quot;:160,&quot;335559740&quot;:259}\">\u00a0<\/span><\/li>\n<\/ul>\n<p>[\/vc_column_text][\/vc_column][vc_column width=&#8220;1\/2&#8243;][vc_column_text]<span class=\"TextRun SCXW221756786 BCX0\" lang=\"DE-DE\" xml:lang=\"DE-DE\" data-contrast=\"auto\"><span class=\"NormalTextRun SCXW221756786 BCX0\">Das Giant <\/span><span class=\"NormalTextRun SpellingErrorV2Themed SCXW221756786 BCX0\">Stormguard<\/span><span class=\"NormalTextRun SCXW221756786 BCX0\"> E+ 2 ist ein E-Bike mit vielen innovativen L\u00f6sungen. Die Kombination aus gefedertem Hinterbau, Gates<\/span> <span class=\"NormalTextRun SCXW221756786 BCX0\">Riemenantrieb und massivem Gep\u00e4cktr\u00e4ger macht es zum idealen Begleiter. Mit 100 mm Federweg an Gabel und <\/span><span class=\"NormalTextRun SCXW221756786 BCX0\">Hinterbau<\/span><span class=\"NormalTextRun SCXW221756786 BCX0\"> bietet es Komfort und erm\u00f6glicht <\/span><span class=\"NormalTextRun SCXW221756786 BCX0\">auch <\/span><span class=\"NormalTextRun SCXW221756786 BCX0\">Ausfl\u00fcge abseits ebener Wege. Der 800 Wh Akku kann sogar auf 1050 Wh erweitert werden. Das Rad ist komplett ausgestattet mit Schutzblechen, Seitenst\u00e4nder, Gep\u00e4cktr\u00e4ger und Lichtanlage inklusive Fernlicht.\u00a0<\/span><span class=\"NormalTextRun SCXW221756786 BCX0\">Der E-Bike-Test von <\/span><\/span><a class=\"Hyperlink SCXW221756786 BCX0\" href=\"https:\/\/www.radfahren.de\/test-technik\/giant-stormguard-e-2-test\/\" target=\"_blank\" rel=\"noreferrer noopener\"><span class=\"TextRun Underlined SCXW221756786 BCX0\" lang=\"DE-DE\" xml:lang=\"DE-DE\" data-contrast=\"none\"><span class=\"NormalTextRun ContextualSpellingAndGrammarErrorV2Themed SCXW221756786 BCX0\" data-ccp-charstyle=\"Hyperlink\">radfahren<\/span><span class=\"NormalTextRun SCXW221756786 BCX0\" data-ccp-charstyle=\"Hyperlink\">.de<\/span><\/span><\/a><span class=\"TextRun SCXW221756786 BCX0\" lang=\"DE-DE\" xml:lang=\"DE-DE\" data-contrast=\"auto\"> <span class=\"NormalTextRun SCXW221756786 BCX0\">vergibt deshalb die Note \u201csehr gut\u201d<\/span><span class=\"NormalTextRun SCXW221756786 BCX0\">.<\/span><\/span><span class=\"EOP SCXW221756786 BCX0\" data-ccp-props=\"{&quot;201341983&quot;:0,&quot;335559739&quot;:160,&quot;335559740&quot;:259}\">\u00a0<\/span>[\/vc_column_text][\/vc_column][\/vc_row][vc_row][vc_column width=&#8220;1\/1&#8243;]<a href=\"https:\/\/www.fahrrad-xxl.at\/serie\/giant-stormguard\/\" target=\"_blank\" class=\"button button-appear custom large \" style=\"background-color: #a82323; border-color: #a82323;border-radius: 30px;\"><span>Jetzt die Giant Stormguard Serie entdecken!<i class='fa fas fa-chevron-circle-right'><\/i><\/span><\/a><div class=\"divider divider3\" style='margin:60px 0 60px 0 !important;'><\/div>[\/vc_column][\/vc_row][vc_row][vc_column width=&#8220;1\/1&#8243;][vc_column_text css_animation=&#8220;none&#8220;]<\/p>\n<h3><span class=\"TextRun SCXW139980624 BCX0\" lang=\"DE-DE\" xml:lang=\"DE-DE\" data-contrast=\"none\"><span class=\"NormalTextRun SCXW139980624 BCX0\" data-ccp-parastyle=\"heading 3\">Flyer <\/span><span class=\"NormalTextRun SpellingErrorV2Themed SCXW139980624 BCX0\" data-ccp-parastyle=\"heading 3\">Goroc<\/span><span class=\"NormalTextRun SCXW139980624 BCX0\" data-ccp-parastyle=\"heading 3\"> X 6.70<\/span><\/span><span class=\"EOP SCXW139980624 BCX0\" data-ccp-props=\"{&quot;134245418&quot;:true,&quot;134245529&quot;:true,&quot;201341983&quot;:0,&quot;335559738&quot;:40,&quot;335559739&quot;:0,&quot;335559740&quot;:259}\">\u00a0<\/span><\/h3>\n<p>[\/vc_column_text]<div class=\"single_image wpb_content_element align-center    \" data-animation=\"none\" data-delay=\"0\"><a href=\"https:\/\/www.fahrrad-xxl.at\/flyer-goroc-x-6-70-m000042857\" target=\"_blank\"><img width=\"1920\" height=\"1280\" src=\"https:\/\/www.fahrrad-xxl.at\/blog\/wp-content\/uploads\/2020\/02\/Flyer-Goroc-X-6.70.jpg\" class=\"attachment-full\" alt=\"Flyer Goroc X 6.70\" decoding=\"async\" loading=\"lazy\" title=\"E-Bike Test &amp; Vergleich 2023: Testsieger, Kauftipps &amp; mehr\" srcset=\"https:\/\/www.fahrrad-xxl.at\/blog\/wp-content\/uploads\/2020\/02\/Flyer-Goroc-X-6.70.jpg 1920w, https:\/\/www.fahrrad-xxl.at\/blog\/wp-content\/uploads\/2020\/02\/Flyer-Goroc-X-6.70-300x200.jpg 300w, https:\/\/www.fahrrad-xxl.at\/blog\/wp-content\/uploads\/2020\/02\/Flyer-Goroc-X-6.70-1024x683.jpg 1024w, https:\/\/www.fahrrad-xxl.at\/blog\/wp-content\/uploads\/2020\/02\/Flyer-Goroc-X-6.70-768x512.jpg 768w, https:\/\/www.fahrrad-xxl.at\/blog\/wp-content\/uploads\/2020\/02\/Flyer-Goroc-X-6.70-1536x1024.jpg 1536w, https:\/\/www.fahrrad-xxl.at\/blog\/wp-content\/uploads\/2020\/02\/Flyer-Goroc-X-6.70-600x400.jpg 600w\" sizes=\"(max-width: 1920px) 100vw, 1920px\" \/><\/a><span class=\"single_image_caption\">Flyer Goroc X 6.70 <\/span><\/div>[\/vc_column][\/vc_row][vc_row][vc_column width=&#8220;1\/2&#8243;][vc_column_text css_animation=&#8220;none&#8220;]<em>Die Eigenschaften des <span class=\"TextRun SCXW170983261 BCX0\" lang=\"DE-DE\" xml:lang=\"DE-DE\" data-contrast=\"none\"><span class=\"NormalTextRun SCXW170983261 BCX0\" data-ccp-parastyle=\"heading 3\">Flyer <\/span><span class=\"NormalTextRun SpellingErrorV2Themed SCXW170983261 BCX0\" data-ccp-parastyle=\"heading 3\">Goroc<\/span><span class=\"NormalTextRun SCXW170983261 BCX0\" data-ccp-parastyle=\"heading 3\"> X 6.70<\/span><\/span><span class=\"EOP SCXW170983261 BCX0\" data-ccp-props=\"{&quot;134245418&quot;:true,&quot;134245529&quot;:true,&quot;201341983&quot;:0,&quot;335559738&quot;:40,&quot;335559739&quot;:0,&quot;335559740&quot;:259}\">\u00a0<\/span><\/em><\/p>\n<ul>\n<li><span style=\"color: #008000;\"><span class=\"TextRun SCXW115515909 BCX0\" lang=\"DE-DE\" xml:lang=\"DE-DE\" data-contrast=\"auto\"><span class=\"NormalTextRun SCXW115515909 BCX0\">Leistungsstarker <\/span><span class=\"NormalTextRun SCXW115515909 BCX0\">An<\/span><span class=\"NormalTextRun SCXW115515909 BCX0\">t<\/span><span class=\"NormalTextRun SCXW115515909 BCX0\">rieb<\/span><\/span><span class=\"EOP SCXW115515909 BCX0\" data-ccp-props=\"{&quot;201341983&quot;:0,&quot;335559739&quot;:160,&quot;335559740&quot;:259}\">\u00a0<\/span><\/span><\/li>\n<li><span style=\"color: #008000;\"><span class=\"TextRun SCXW20860020 BCX0\" lang=\"DE-DE\" xml:lang=\"DE-DE\" data-contrast=\"auto\"><span class=\"NormalTextRun SCXW20860020 BCX0\"><span data-contrast=\"auto\">Range Extender m\u00f6glich<\/span><span data-ccp-props=\"{&quot;201341983&quot;:0,&quot;335559739&quot;:160,&quot;335559740&quot;:259}\">\u00a0<\/span><\/span><\/span><\/span><\/li>\n<li><span style=\"color: #008000;\"><span class=\"TextRun SCXW142091247 BCX0\" lang=\"DE-DE\" xml:lang=\"DE-DE\" data-contrast=\"auto\"><span class=\"NormalTextRun SCXW142091247 BCX0\"><span data-contrast=\"auto\">Sportliches Fahrverhalten<\/span><\/span><\/span><\/span><\/li>\n<li><span data-ccp-props=\"{&quot;201341983&quot;:0,&quot;335559739&quot;:160,&quot;335559740&quot;:259}\">Hohes Gewicht\u00a0\u00a0<\/span><\/li>\n<\/ul>\n<p>[\/vc_column_text][\/vc_column][vc_column width=&#8220;1\/2&#8243;][vc_column_text css_animation=&#8220;none&#8220;]<span class=\"TextRun SCXW193238663 BCX0\" lang=\"DE-DE\" xml:lang=\"DE-DE\" data-contrast=\"auto\"><span class=\"NormalTextRun SCXW193238663 BCX0\">D<\/span><span class=\"NormalTextRun SCXW193238663 BCX0\">as Flyer <\/span><span class=\"NormalTextRun SpellingErrorV2Themed SCXW193238663 BCX0\">Goroc<\/span><span class=\"NormalTextRun SCXW193238663 BCX0\"> X setzt auf den neuen Panasonic GX Ultimate Pro FIT Motor mit einem maximalen Drehmoment von 95 Nm. Der leichte Alurahmen beherbergt einen 750 Wh Akku im Unterrohr und erm\u00f6glicht die Montage eines Range Extenders mit zus\u00e4tzlichen 540 Wh, wodurch eine Gesamtkapazit\u00e4t von 1.290 Wh erreicht wird. Mit 140 mm Federweg bietet das <\/span><span class=\"NormalTextRun SpellingErrorV2Themed SCXW193238663 BCX0\">Goroc<\/span><span class=\"NormalTextRun SCXW193238663 BCX0\"> X ausreichend Gel\u00e4ndetauglichkeit, w\u00e4hrend die Ausstattung mit Shimano XT <\/span><span class=\"NormalTextRun SpellingErrorV2Themed SCXW193238663 BCX0\">Linkglide<\/span><span class=\"NormalTextRun SCXW193238663 BCX0\"> Kettenschaltung und kraftvollen 4-Kolben-Bremsen den Offroad-Anforderungen gerecht wird. \u201cIn puncto Power macht ihm jedenfalls keiner etwas vor und selbst steile Anstiege sind \u00fcberhaupt kein Problem, bei ger<\/span><span class=\"NormalTextRun SCXW193238663 BCX0\">ing<\/span><span class=\"NormalTextRun SCXW193238663 BCX0\">erer Ger\u00e4uschkulisse als sie Bosch CX oder Giant <\/span><span class=\"NormalTextRun SpellingErrorV2Themed SCXW193238663 BCX0\">SyncDrive<\/span><span class=\"NormalTextRun SCXW193238663 BCX0\"> Pro2 bieten\u201d, so <\/span><\/span><a class=\"Hyperlink SCXW193238663 BCX0\" href=\"https:\/\/velomotion.de\/2023\/04\/suv-e-bikes-2023-test\/\" target=\"_blank\" rel=\"noreferrer noopener\"><span class=\"TextRun Underlined SCXW193238663 BCX0\" lang=\"DE-DE\" xml:lang=\"DE-DE\" data-contrast=\"none\"><span class=\"NormalTextRun SpellingErrorV2Themed SCXW193238663 BCX0\" data-ccp-charstyle=\"Hyperlink\">velomotion<\/span><\/span><\/a><span class=\"TextRun SCXW193238663 BCX0\" lang=\"DE-DE\" xml:lang=\"DE-DE\" data-contrast=\"auto\"><span class=\"NormalTextRun SCXW193238663 BCX0\">.<\/span><\/span><span class=\"EOP SCXW193238663 BCX0\" data-ccp-props=\"{&quot;201341983&quot;:0,&quot;335559739&quot;:160,&quot;335559740&quot;:259}\">\u00a0<\/span>[\/vc_column_text][\/vc_column][\/vc_row][vc_row][vc_column width=&#8220;1\/1&#8243;]<a href=\"https:\/\/www.fahrrad-xxl.at\/serie\/flyer-goroc\/\" target=\"_blank\" class=\"button button-appear custom large \" style=\"background-color: #a82323; border-color: #a82323;border-radius: 30px;\"><span>Entdecke die Flyer Groroc Serie!<i class='fa fas fa-chevron-circle-right'><\/i><\/span><\/a><div class=\"divider divider3\" style='margin:60px 0 60px 0 !important;'><\/div>[\/vc_column][\/vc_row][vc_row][vc_column width=&#8220;1\/1&#8243;][vc_column_text css_animation=&#8220;none&#8220;]<\/p>\n<h3><span class=\"TextRun SCXW20220062 BCX0\" lang=\"DE-DE\" xml:lang=\"DE-DE\" data-contrast=\"none\"><span class=\"NormalTextRun SCXW20220062 BCX0\" data-ccp-parastyle=\"heading 3\">Specialized Turbo Tero X 6.0<\/span><\/span><span class=\"EOP SCXW20220062 BCX0\" data-ccp-props=\"{&quot;134245418&quot;:true,&quot;134245529&quot;:true,&quot;201341983&quot;:0,&quot;335559738&quot;:40,&quot;335559739&quot;:0,&quot;335559740&quot;:259}\">\u00a0<\/span><\/h3>\n<p>[\/vc_column_text]<div class=\"single_image wpb_content_element align-center    \" data-animation=\"none\" data-delay=\"0\"><a href=\"https:\/\/www.fahrrad-xxl.at\/specialized-turbo-tero-x-6-0-m000074580\" target=\"_blank\"><img width=\"1920\" height=\"1280\" src=\"https:\/\/www.fahrrad-xxl.at\/blog\/wp-content\/uploads\/2020\/02\/Specialized-Turbo-Tero-X-6.0.jpg\" class=\"attachment-full\" alt=\"Specialized Turbo Tero X 6.0\" decoding=\"async\" loading=\"lazy\" title=\"E-Bike Test &amp; Vergleich 2023: Testsieger, Kauftipps &amp; mehr\" srcset=\"https:\/\/www.fahrrad-xxl.at\/blog\/wp-content\/uploads\/2020\/02\/Specialized-Turbo-Tero-X-6.0.jpg 1920w, https:\/\/www.fahrrad-xxl.at\/blog\/wp-content\/uploads\/2020\/02\/Specialized-Turbo-Tero-X-6.0-300x200.jpg 300w, https:\/\/www.fahrrad-xxl.at\/blog\/wp-content\/uploads\/2020\/02\/Specialized-Turbo-Tero-X-6.0-1024x683.jpg 1024w, https:\/\/www.fahrrad-xxl.at\/blog\/wp-content\/uploads\/2020\/02\/Specialized-Turbo-Tero-X-6.0-768x512.jpg 768w, https:\/\/www.fahrrad-xxl.at\/blog\/wp-content\/uploads\/2020\/02\/Specialized-Turbo-Tero-X-6.0-1536x1024.jpg 1536w, https:\/\/www.fahrrad-xxl.at\/blog\/wp-content\/uploads\/2020\/02\/Specialized-Turbo-Tero-X-6.0-600x400.jpg 600w\" sizes=\"(max-width: 1920px) 100vw, 1920px\" \/><\/a><span class=\"single_image_caption\">Specialized Turbo Tero X 6.0 <\/span><\/div>[\/vc_column][\/vc_row][vc_row][vc_column width=&#8220;1\/2&#8243;][vc_column_text css_animation=&#8220;none&#8220;]<em>Die Eigenschaften des <span class=\"TextRun SCXW162785030 BCX0\" lang=\"DE-DE\" xml:lang=\"DE-DE\" data-contrast=\"none\"><span class=\"NormalTextRun SCXW162785030 BCX0\" data-ccp-parastyle=\"heading 3\">Specialized Turbo Tero X 6.0<\/span><\/span><span class=\"EOP SCXW162785030 BCX0\" data-ccp-props=\"{&quot;134245418&quot;:true,&quot;134245529&quot;:true,&quot;201341983&quot;:0,&quot;335559738&quot;:40,&quot;335559739&quot;:0,&quot;335559740&quot;:259}\">\u00a0<\/span><\/em><\/p>\n<ul>\n<li><span style=\"color: #008000;\"><span class=\"TextRun SCXW115515909 BCX0\" lang=\"DE-DE\" xml:lang=\"DE-DE\" data-contrast=\"auto\"><span class=\"NormalTextRun SCXW115515909 BCX0\"><span data-contrast=\"auto\">Starker Motor<\/span><span data-ccp-props=\"{&quot;201341983&quot;:0,&quot;335559739&quot;:160,&quot;335559740&quot;:259}\">\u00a0<\/span><\/span><\/span><span class=\"EOP SCXW115515909 BCX0\" data-ccp-props=\"{&quot;201341983&quot;:0,&quot;335559739&quot;:160,&quot;335559740&quot;:259}\">\u00a0<\/span><\/span><\/li>\n<li><span style=\"color: #008000;\"><span class=\"TextRun SCXW20860020 BCX0\" lang=\"DE-DE\" xml:lang=\"DE-DE\" data-contrast=\"auto\"><span class=\"NormalTextRun SCXW20860020 BCX0\"><span data-contrast=\"auto\">Traktionsstarkes Rock-Shox-Luftfahrwerk\u00a0<\/span><\/span><\/span><\/span><\/li>\n<li><span style=\"color: #008000;\"><span class=\"TextRun SCXW142091247 BCX0\" lang=\"DE-DE\" xml:lang=\"DE-DE\" data-contrast=\"auto\"><span class=\"NormalTextRun SCXW142091247 BCX0\"><span data-contrast=\"auto\">Sehr gut beherrschbar <\/span><\/span><\/span><\/span><\/li>\n<li>Klappernder St\u00e4nder<span data-ccp-props=\"{&quot;134233117&quot;:false,&quot;134233118&quot;:false,&quot;201341983&quot;:0,&quot;335551550&quot;:1,&quot;335551620&quot;:1,&quot;335559685&quot;:0,&quot;335559737&quot;:0,&quot;335559738&quot;:0,&quot;335559739&quot;:160,&quot;335559740&quot;:259}\">\u00a0<\/span><\/li>\n<\/ul>\n<p>[\/vc_column_text][\/vc_column][vc_column width=&#8220;1\/2&#8243;][vc_column_text css_animation=&#8220;none&#8220;]<span class=\"TextRun SCXW75381377 BCX0\" lang=\"DE-DE\" xml:lang=\"DE-DE\" data-contrast=\"auto\"><span class=\"NormalTextRun SCXW75381377 BCX0\">Das neue Specialized Tero X 6.0 ist die Weiterentwicklung der Tero Linie, die nun als vollgefedertes Trekk<\/span><span class=\"NormalTextRun SCXW75381377 BCX0\">ing<\/span><span class=\"NormalTextRun SCXW75381377 BCX0\">rad mit komfortabler Sitzposition, Lastentransportm\u00f6glichkeiten und beeindruckendem Handl<\/span><span class=\"NormalTextRun SCXW75381377 BCX0\">ing<\/span><span class=\"NormalTextRun SCXW75381377 BCX0\"> gl\u00e4nzt. Specialized ist es gelungen, Technik und Style zu einem vielseitigen E-Bike zu vereinen, das sowohl sportliche Gel\u00e4nde<\/span><span class=\"NormalTextRun SCXW75381377 BCX0\">tour<\/span><span class=\"NormalTextRun SCXW75381377 BCX0\">en als auch entspannte Pendelfahrten meistert.<\/span><span class=\"NormalTextRun SCXW75381377 BCX0\">\u00a0\u201cStark motorisiert klettert das Tero X vergn\u00fcgt an Gel\u00e4ndeanstiegen. In Schotterabfahrten liefert es Top-Fahrspa\u00df\u201d, sagt <\/span><\/span><a class=\"Hyperlink SCXW75381377 BCX0\" href=\"https:\/\/www.radfahren.de\/allgemein\/elektrorad-4-2023-alle-themen-der-aktuellen-ausgabe\/\" target=\"_blank\" rel=\"noreferrer noopener\"><span class=\"TextRun Underlined SCXW75381377 BCX0\" lang=\"DE-DE\" xml:lang=\"DE-DE\" data-contrast=\"none\"><span class=\"NormalTextRun SpellingErrorV2Themed SCXW75381377 BCX0\" data-ccp-charstyle=\"Hyperlink\">ElektroRad<\/span><span class=\"NormalTextRun SCXW75381377 BCX0\" data-ccp-charstyle=\"Hyperlink\"> 4\/2023.<\/span><\/span><\/a><span class=\"EOP SCXW75381377 BCX0\" data-ccp-props=\"{&quot;201341983&quot;:0,&quot;335559739&quot;:160,&quot;335559740&quot;:259}\">\u00a0<\/span>[\/vc_column_text][\/vc_column][\/vc_row][vc_row][vc_column width=&#8220;1\/1&#8243;]<a href=\"https:\/\/www.fahrrad-xxl.at\/fahrraeder\/e-bike\/marke.specialized\/\" target=\"_blank\" class=\"button button-appear custom large \" style=\"background-color: #a82323; border-color: #a82323;border-radius: 30px;\"><span>Entdecke die Specialized E-Bikes!<i class='fa fas fa-chevron-circle-right'><\/i><\/span><\/a><div class=\"divider divider3\" style='margin:60px 0 60px 0 !important;'><\/div>[\/vc_column][\/vc_row][vc_row][vc_column width=&#8220;1\/1&#8243;][vc_column_text css_animation=&#8220;none&#8220;]<\/p>\n<h3><span class=\"TextRun SCXW34276396 BCX0\" lang=\"DE-DE\" xml:lang=\"DE-DE\" data-contrast=\"none\"><span class=\"NormalTextRun SCXW34276396 BCX0\" data-ccp-parastyle=\"heading 3\">Scott Axis <\/span><span class=\"NormalTextRun SpellingErrorV2Themed SCXW34276396 BCX0\" data-ccp-parastyle=\"heading 3\">eRIDE<\/span><span class=\"NormalTextRun SCXW34276396 BCX0\" data-ccp-parastyle=\"heading 3\"> FS 10<\/span><\/span><span class=\"EOP SCXW34276396 BCX0\" data-ccp-props=\"{&quot;134245418&quot;:true,&quot;134245529&quot;:true,&quot;201341983&quot;:0,&quot;335559738&quot;:40,&quot;335559739&quot;:0,&quot;335559740&quot;:259}\">\u00a0<\/span><\/h3>\n<p>[\/vc_column_text]<div class=\"single_image wpb_content_element align-center    \" data-animation=\"none\" data-delay=\"0\"><a href=\"https:\/\/www.fahrrad-xxl.at\/specialized-turbo-tero-x-6-0-m000074580\" target=\"_blank\"><img width=\"1920\" height=\"1280\" src=\"https:\/\/www.fahrrad-xxl.at\/blog\/wp-content\/uploads\/2020\/02\/Specialized-Turbo-Tero-X-6.0.jpg\" class=\"attachment-full\" alt=\"Specialized Turbo Tero X 6.0\" decoding=\"async\" loading=\"lazy\" title=\"E-Bike Test &amp; Vergleich 2023: Testsieger, Kauftipps &amp; mehr\" srcset=\"https:\/\/www.fahrrad-xxl.at\/blog\/wp-content\/uploads\/2020\/02\/Specialized-Turbo-Tero-X-6.0.jpg 1920w, https:\/\/www.fahrrad-xxl.at\/blog\/wp-content\/uploads\/2020\/02\/Specialized-Turbo-Tero-X-6.0-300x200.jpg 300w, https:\/\/www.fahrrad-xxl.at\/blog\/wp-content\/uploads\/2020\/02\/Specialized-Turbo-Tero-X-6.0-1024x683.jpg 1024w, https:\/\/www.fahrrad-xxl.at\/blog\/wp-content\/uploads\/2020\/02\/Specialized-Turbo-Tero-X-6.0-768x512.jpg 768w, https:\/\/www.fahrrad-xxl.at\/blog\/wp-content\/uploads\/2020\/02\/Specialized-Turbo-Tero-X-6.0-1536x1024.jpg 1536w, https:\/\/www.fahrrad-xxl.at\/blog\/wp-content\/uploads\/2020\/02\/Specialized-Turbo-Tero-X-6.0-600x400.jpg 600w\" sizes=\"(max-width: 1920px) 100vw, 1920px\" \/><\/a><span class=\"single_image_caption\">Specialized Turbo Tero X 6.0 <\/span><\/div>[\/vc_column][\/vc_row][vc_row][vc_column width=&#8220;1\/2&#8243;][vc_column_text css_animation=&#8220;none&#8220;]<em>Die Eigenschaften des <span class=\"NormalTextRun SCXW246946569 BCX0\" data-ccp-parastyle=\"heading 3\">Scott Axis <\/span><span class=\"NormalTextRun SpellingErrorV2Themed SCXW246946569 BCX0\" data-ccp-parastyle=\"heading 3\">eRIDE<\/span> <span class=\"TextRun SCXW157953287 BCX0\" lang=\"DE-DE\" xml:lang=\"DE-DE\" data-contrast=\"none\"><span class=\"NormalTextRun SCXW157953287 BCX0\" data-ccp-parastyle=\"heading 3\">FS 10<\/span><\/span><\/em><\/p>\n<ul>\n<li><span style=\"color: #008000;\"><span class=\"TextRun SCXW115515909 BCX0\" lang=\"DE-DE\" xml:lang=\"DE-DE\" data-contrast=\"auto\"><span class=\"NormalTextRun SCXW115515909 BCX0\"><span data-contrast=\"auto\">Starker Antreib<\/span><\/span><\/span><\/span><\/li>\n<li><span style=\"color: #008000;\"><span class=\"TextRun SCXW20860020 BCX0\" lang=\"DE-DE\" xml:lang=\"DE-DE\" data-contrast=\"auto\"><span class=\"NormalTextRun SCXW20860020 BCX0\"><span data-contrast=\"auto\">Hochwertige Komponenten<\/span><\/span><\/span><\/span><\/li>\n<li><span style=\"color: #008000;\"><span class=\"TextRun SCXW142091247 BCX0\" lang=\"DE-DE\" xml:lang=\"DE-DE\" data-contrast=\"auto\"><span class=\"NormalTextRun SCXW142091247 BCX0\"><span data-contrast=\"auto\">Rahmenintegration<\/span><\/span><\/span><\/span><\/li>\n<li>Geringe Zuladung<\/li>\n<\/ul>\n<p>[\/vc_column_text][\/vc_column][vc_column width=&#8220;1\/2&#8243;][vc_column_text css_animation=&#8220;none&#8220;]<span class=\"TextRun SCXW147655916 BCX0\" lang=\"DE-DE\" xml:lang=\"DE-DE\" data-contrast=\"auto\"><span class=\"NormalTextRun SCXW147655916 BCX0\">Das Scott Axis <\/span><span class=\"NormalTextRun SpellingErrorV2Themed SCXW147655916 BCX0\">eRide<\/span><span class=\"NormalTextRun SCXW147655916 BCX0\"> 10 beeindruckt optisch mit einem hochwertig verarbeiteten matten Rahmen und edlen braunen Akzenten. Die umfangreiche Ausstattung mit leistungsstarkem Bosch-Motor und integriertem 750-Wh-Akku erm\u00f6glicht sportliches Fahren und Alltagstauglichkeit. Die aufrechte Sitzposition, die robusten Laufr\u00e4der und die gut funktionierende Federgabel sorgen f\u00fcr ein Mountainbike-\u00e4hnliches Fahrgef\u00fchl auf unterschiedlichem Terrain. Das E-Bike verbindet gekonnt Sportlichkeit, Vielseitigkeit und Ausstattung ohne Kompromisse.<\/span><span class=\"NormalTextRun SCXW147655916 BCX0\">\u00a0\u201cInnovative Rahmenintegration, Top-Komfortelemente, Antriebssystem: das Scott Axis <\/span><span class=\"NormalTextRun SpellingErrorV2Themed SCXW147655916 BCX0\">eRide<\/span><span class=\"NormalTextRun SCXW147655916 BCX0\"> FS 10 \u00fcberzeugt als durchdachtes SUV-Konzept \u2013 und heimst in puncto Fahrleistung Bestnoten ein\u201d, urteilt <\/span><\/span><a class=\"Hyperlink SCXW147655916 BCX0\" href=\"https:\/\/www.radfahren.de\/allgemein\/elektrorad-4-2023-alle-themen-der-aktuellen-ausgabe\/\" target=\"_blank\" rel=\"noreferrer noopener\"><span class=\"TextRun Underlined SCXW147655916 BCX0\" lang=\"DE-DE\" xml:lang=\"DE-DE\" data-contrast=\"none\"><span class=\"NormalTextRun SpellingErrorV2Themed SCXW147655916 BCX0\" data-ccp-charstyle=\"Hyperlink\">ElektroRad<\/span><span class=\"NormalTextRun SCXW147655916 BCX0\" data-ccp-charstyle=\"Hyperlink\"> 4\/2023.<\/span><\/span><\/a><span class=\"EOP SCXW147655916 BCX0\" data-ccp-props=\"{&quot;201341983&quot;:0,&quot;335559739&quot;:160,&quot;335559740&quot;:259}\">\u00a0<\/span>[\/vc_column_text][\/vc_column][\/vc_row][vc_row][vc_column width=&#8220;1\/1&#8243;]<a href=\"https:\/\/www.fahrrad-xxl.at\/serie\/scott-axis-eride\" target=\"_blank\" class=\"button button-appear custom large \" style=\"background-color: #a82323; border-color: #a82323;border-radius: 30px;\"><span>Entdecke unsere Scott Axis eRIDE Modelle!<i class='fa fas fa-chevron-circle-right'><\/i><\/span><\/a><div class=\"divider divider3\" style='margin:60px 0 60px 0 !important;'><\/div>[\/vc_column][\/vc_row][vc_row][vc_column width=&#8220;1\/1&#8243;][vc_column_text]<\/p>\n<h2><span class=\"ez-toc-section\" id=\"trekking-e-bike-tests-aus-2023\"><\/span>Trekking E-Bike Tests aus 2023<span class=\"ez-toc-section-end\"><\/span><\/h2>\n<p>[\/vc_column_text][vc_column_text css_animation=&#8220;none&#8220;]<\/p>\n<h3><strong>Cube Touring Hybrid<\/strong><\/h3>\n<p>[\/vc_column_text]<div class=\"single_image wpb_content_element align-center    \" data-animation=\"none\" data-delay=\"0\"><a href=\"https:\/\/www.fahrrad-xxl.atcube-touring-hybrid-one-500-m000064170\" target=\"_blank\"><img width=\"1920\" height=\"1280\" src=\"https:\/\/www.fahrrad-xxl.at\/blog\/wp-content\/uploads\/2020\/02\/Cube-Touring-Hybrid.jpg\" class=\"attachment-full\" alt=\"Cube Touring Hybrid\" decoding=\"async\" loading=\"lazy\" title=\"E-Bike Test &amp; Vergleich 2023: Testsieger, Kauftipps &amp; mehr\" srcset=\"https:\/\/www.fahrrad-xxl.at\/blog\/wp-content\/uploads\/2020\/02\/Cube-Touring-Hybrid.jpg 1920w, https:\/\/www.fahrrad-xxl.at\/blog\/wp-content\/uploads\/2020\/02\/Cube-Touring-Hybrid-300x200.jpg 300w, https:\/\/www.fahrrad-xxl.at\/blog\/wp-content\/uploads\/2020\/02\/Cube-Touring-Hybrid-1024x683.jpg 1024w, https:\/\/www.fahrrad-xxl.at\/blog\/wp-content\/uploads\/2020\/02\/Cube-Touring-Hybrid-768x512.jpg 768w, https:\/\/www.fahrrad-xxl.at\/blog\/wp-content\/uploads\/2020\/02\/Cube-Touring-Hybrid-1536x1024.jpg 1536w, https:\/\/www.fahrrad-xxl.at\/blog\/wp-content\/uploads\/2020\/02\/Cube-Touring-Hybrid-600x400.jpg 600w\" sizes=\"(max-width: 1920px) 100vw, 1920px\" \/><\/a><span class=\"single_image_caption\">Cube Touring Hybrid<\/span><\/div>[\/vc_column][\/vc_row][vc_row][vc_column width=&#8220;1\/2&#8243;][vc_column_text css_animation=&#8220;none&#8220;]<em>Die Eigenschaften der Cube Touring Hybrid Serie<\/em><\/p>\n<ul>\n<li><span style=\"color: #008000;\">Sehr komfortabel<\/span><\/li>\n<li><span style=\"color: #008000;\">hochwertige Komponenten<\/span><\/li>\n<li><span style=\"color: #008000;\">sehr gutes Preis-Leistungs-Verh\u00e4ltnis<\/span><\/li>\n<li>weniger Nm als andere<\/li>\n<\/ul>\n<p>[\/vc_column_text][\/vc_column][vc_column width=&#8220;1\/2&#8243;][vc_column_text]<span class=\"TextRun SCXW131124358 BCX0\" lang=\"DE-DE\" xml:lang=\"DE-DE\" data-contrast=\"auto\"><span class=\"NormalTextRun SCXW131124358 BCX0\">Das vielseitige Cube <\/span><span class=\"NormalTextRun SCXW131124358 BCX0\">Tour<\/span><span class=\"NormalTextRun SCXW131124358 BCX0\">ing<\/span><span class=\"NormalTextRun SCXW131124358 BCX0\"> Hybrid z\u00e4hlt zu den beliebtesten E-<\/span><span class=\"NormalTextRun SCXW131124358 BCX0\">Tour<\/span><span class=\"NormalTextRun SCXW131124358 BCX0\">ing<\/span><span class=\"NormalTextRun SCXW131124358 BCX0\"> Bikes. Mit drei Rahmenformen und verschiedenen Ausstattungen bietet es f\u00fcr 2023 Updates wie verbesserte Sicherheit, Fahrkomfort und optische Neuerungen. Die Modellpalette umfasst <\/span><span class=\"NormalTextRun SCXW131124358 BCX0\">Tour<\/span><span class=\"NormalTextRun SCXW131124358 BCX0\">ing<\/span><span class=\"NormalTextRun SCXW131124358 BCX0\"> Hybrid <\/span><span class=\"NormalTextRun SpellingErrorV2Themed SCXW131124358 BCX0\">One<\/span><span class=\"NormalTextRun SCXW131124358 BCX0\">, Pro und EXC, jeweils mit spezifischen Upgrades wie Federgabel, Kettenschaltung und Bremsen. Alle Modelle nutzen 55 mm breite Shimano Reifen, 100 mm Federweg und den bew\u00e4hrten Bosch Performance Motor mit w\u00e4hlbarer Akkukapazit\u00e4t von 400 Wh bis 625 Wh. Cube <\/span><span class=\"NormalTextRun SCXW131124358 BCX0\">Tour<\/span><span class=\"NormalTextRun SCXW131124358 BCX0\">ing<\/span><span class=\"NormalTextRun SCXW131124358 BCX0\"> Hybrid ist eine <\/span><span class=\"NormalTextRun SCXW131124358 BCX0\">ideale <\/span><span class=\"NormalTextRun SCXW131124358 BCX0\">Wahl f\u00fcr vielseitige <\/span><span class=\"NormalTextRun SCXW131124358 BCX0\">Tour<\/span><span class=\"NormalTextRun SCXW131124358 BCX0\">en E-Bikes 2023. <\/span><span class=\"NormalTextRun SCXW131124358 BCX0\">Im E-Bike Te<\/span><span class=\"NormalTextRun SCXW131124358 BCX0\">s<\/span><span class=\"NormalTextRun SCXW131124358 BCX0\">t von <\/span><\/span><a class=\"Hyperlink SCXW131124358 BCX0\" href=\"https:\/\/thecycleverse.com\/de\/blog\/e-bike-test#Cube-Touring-Hybrid\" target=\"_blank\" rel=\"noreferrer noopener\"><span class=\"TextRun Underlined SCXW131124358 BCX0\" lang=\"DE-DE\" xml:lang=\"DE-DE\" data-contrast=\"none\"><span class=\"NormalTextRun SpellingErrorV2Themed SCXW131124358 BCX0\" data-ccp-charstyle=\"Hyperlink\">thecycleverse<\/span><\/span><\/a><span class=\"TextRun SCXW131124358 BCX0\" lang=\"DE-DE\" xml:lang=\"DE-DE\" data-contrast=\"auto\"><span class=\"NormalTextRun SCXW131124358 BCX0\"> bek<\/span><span class=\"NormalTextRun SCXW131124358 BCX0\">ommt<\/span><span class=\"NormalTextRun SCXW131124358 BCX0\"> das E-Trekk<\/span><span class=\"NormalTextRun SCXW131124358 BCX0\">ing<\/span><span class=\"NormalTextRun SCXW131124358 BCX0\">rad 9 Punkte.<\/span><\/span><span class=\"EOP SCXW131124358 BCX0\" data-ccp-props=\"{&quot;201341983&quot;:0,&quot;335559739&quot;:160,&quot;335559740&quot;:259}\">\u00a0<\/span>[\/vc_column_text][\/vc_column][\/vc_row][vc_row][vc_column width=&#8220;1\/1&#8243;]<a href=\"https:\/\/www.fahrrad-xxl.at\/serie\/cube-touring-hybrid\/\" target=\"_blank\" class=\"button button-appear custom large \" style=\"background-color: #a82323; border-color: #a82323;border-radius: 30px;\"><span>Jetzt die Cube Touring Hybrid Serie entdecken!<i class='fa fas fa-chevron-circle-right'><\/i><\/span><\/a><div class=\"divider divider3\" style='margin:60px 0 60px 0 !important;'><\/div>[\/vc_column][\/vc_row][vc_row][vc_column width=&#8220;1\/1&#8243;][vc_column_text css_animation=&#8220;none&#8220;]<\/p>\n<h3><strong>Cube Kathamandu Hybrid<\/strong><\/h3>\n<p>[\/vc_column_text]<div class=\"single_image wpb_content_element align-center    \" data-animation=\"none\" data-delay=\"0\"><a href=\"https:\/\/www.fahrrad-xxl.at\/cube-kathmandu-hybrid-pro-750-m000065330\" target=\"_blank\"><img width=\"1920\" height=\"1280\" src=\"https:\/\/www.fahrrad-xxl.at\/blog\/wp-content\/uploads\/2020\/02\/Cube-Kathmandu-Hybrid-Kopie.jpg\" class=\"attachment-full\" alt=\"Cube Kathmandu Hybrid\" decoding=\"async\" loading=\"lazy\" title=\"E-Bike Test &amp; Vergleich 2023: Testsieger, Kauftipps &amp; mehr\" srcset=\"https:\/\/www.fahrrad-xxl.at\/blog\/wp-content\/uploads\/2020\/02\/Cube-Kathmandu-Hybrid-Kopie.jpg 1920w, https:\/\/www.fahrrad-xxl.at\/blog\/wp-content\/uploads\/2020\/02\/Cube-Kathmandu-Hybrid-Kopie-300x200.jpg 300w, https:\/\/www.fahrrad-xxl.at\/blog\/wp-content\/uploads\/2020\/02\/Cube-Kathmandu-Hybrid-Kopie-1024x683.jpg 1024w, https:\/\/www.fahrrad-xxl.at\/blog\/wp-content\/uploads\/2020\/02\/Cube-Kathmandu-Hybrid-Kopie-768x512.jpg 768w, https:\/\/www.fahrrad-xxl.at\/blog\/wp-content\/uploads\/2020\/02\/Cube-Kathmandu-Hybrid-Kopie-1536x1024.jpg 1536w, https:\/\/www.fahrrad-xxl.at\/blog\/wp-content\/uploads\/2020\/02\/Cube-Kathmandu-Hybrid-Kopie-600x400.jpg 600w\" sizes=\"(max-width: 1920px) 100vw, 1920px\" \/><\/a><span class=\"single_image_caption\">Cube Kathmandu Hybrid <\/span><\/div>[\/vc_column][\/vc_row][vc_row][vc_column width=&#8220;1\/2&#8243;][vc_column_text css_animation=&#8220;none&#8220;]<em>Die Eigenschaften des Cube Kathamandu Hybrid<\/em><\/p>\n<ul>\n<li><span style=\"color: #008000;\">sehr flexibel und leistungsf\u00e4hig<\/span><\/li>\n<li><span style=\"color: #008000;\">viele, schicke Design zur Auswahl<\/span><\/li>\n<li><span style=\"color: #008000;\">sehr gutes Preis-Leistungs-Verh\u00e4ltnis<\/span><\/li>\n<\/ul>\n<p>[\/vc_column_text][\/vc_column][vc_column width=&#8220;1\/2&#8243;][vc_column_text]<span class=\"TextRun SCXW44398859 BCX0\" lang=\"DE-DE\" xml:lang=\"DE-DE\" data-contrast=\"auto\"><span class=\"NormalTextRun SCXW44398859 BCX0\">Das vielseitige Cube <\/span><span class=\"NormalTextRun SCXW44398859 BCX0\">Tour<\/span><span class=\"NormalTextRun SCXW44398859 BCX0\">ing<\/span><span class=\"NormalTextRun SCXW44398859 BCX0\"> Hybrid z\u00e4hlt zu den beliebtesten E-<\/span><span class=\"NormalTextRun SCXW44398859 BCX0\">Tour<\/span><span class=\"NormalTextRun SCXW44398859 BCX0\">ing<\/span><span class=\"NormalTextRun SCXW44398859 BCX0\"> Bikes. Mit drei Rahmenformen und verschiedenen Ausstattungen bietet es f\u00fcr 2023 Updates wie verbesserte Sicherheit, Fahrkomfort und optische Neuerungen. Die Modellpalette umfasst <\/span><span class=\"NormalTextRun SCXW44398859 BCX0\">Tour<\/span><span class=\"NormalTextRun SCXW44398859 BCX0\">ing<\/span><span class=\"NormalTextRun SCXW44398859 BCX0\"> Hybrid <\/span><span class=\"NormalTextRun SpellingErrorV2Themed SCXW44398859 BCX0\">One<\/span><span class=\"NormalTextRun SCXW44398859 BCX0\">, Pro und EXC, jeweils mit spezifischen Upgrades wie Federgabel, Kettenschaltung und Bremsen. Alle Modelle nutzen 55 mm breite Shimano Reifen, 100 mm Federweg und den bew\u00e4hrten Bosch Performance Motor mit w\u00e4hlbarer Akkukapazit\u00e4t von 400 Wh bis 625 Wh. Cube <\/span><span class=\"NormalTextRun SCXW44398859 BCX0\">Tour<\/span><span class=\"NormalTextRun SCXW44398859 BCX0\">ing<\/span><span class=\"NormalTextRun SCXW44398859 BCX0\"> Hybrid ist eine <\/span><span class=\"NormalTextRun SCXW44398859 BCX0\">ideale <\/span><span class=\"NormalTextRun SCXW44398859 BCX0\">Wahl f\u00fcr vielseitige <\/span><span class=\"NormalTextRun SCXW44398859 BCX0\">Tour<\/span><span class=\"NormalTextRun SCXW44398859 BCX0\">en E-Bikes 2023. <\/span><span class=\"NormalTextRun SCXW44398859 BCX0\">Im E-Bike Te<\/span><span class=\"NormalTextRun SCXW44398859 BCX0\">s<\/span><span class=\"NormalTextRun SCXW44398859 BCX0\">t von <\/span><\/span><a class=\"Hyperlink SCXW44398859 BCX0\" href=\"https:\/\/thecycleverse.com\/de\/blog\/e-bike-test#Cube-Touring-Hybrid\" target=\"_blank\" rel=\"noreferrer noopener\"><span class=\"TextRun Underlined SCXW44398859 BCX0\" lang=\"DE-DE\" xml:lang=\"DE-DE\" data-contrast=\"none\"><span class=\"NormalTextRun SpellingErrorV2Themed SCXW44398859 BCX0\" data-ccp-charstyle=\"Hyperlink\">thecycleverse<\/span><\/span><\/a><span class=\"TextRun SCXW44398859 BCX0\" lang=\"DE-DE\" xml:lang=\"DE-DE\" data-contrast=\"auto\"><span class=\"NormalTextRun SCXW44398859 BCX0\"> bek<\/span><span class=\"NormalTextRun SCXW44398859 BCX0\">ommt<\/span><span class=\"NormalTextRun SCXW44398859 BCX0\"> das E-Trekk<\/span><span class=\"NormalTextRun SCXW44398859 BCX0\">ing<\/span><span class=\"NormalTextRun SCXW44398859 BCX0\">rad 9 Punkte.<\/span><\/span><span class=\"EOP SCXW44398859 BCX0\" data-ccp-props=\"{&quot;201341983&quot;:0,&quot;335559739&quot;:160,&quot;335559740&quot;:259}\">\u00a0<\/span>[\/vc_column_text][\/vc_column][\/vc_row][vc_row][vc_column width=&#8220;1\/1&#8243;]<a href=\"https:\/\/www.fahrrad-xxl.at\/serie\/cube-kathmandu-hybrid\/\" target=\"_blank\" class=\"button button-appear custom large \" style=\"background-color: #a82323; border-color: #a82323;border-radius: 30px;\"><span>Jetzt das Cube Kathamandu Hybrid entdecken!<i class='fa fas fa-chevron-circle-right'><\/i><\/span><\/a><div class=\"divider divider3\" style='margin:60px 0 60px 0 !important;'><\/div>[\/vc_column][\/vc_row][vc_row][vc_column width=&#8220;1\/1&#8243;][vc_column_text css_animation=&#8220;none&#8220;]<\/p>\n<h3><strong>Riese und M\u00fcller Supercharger GT Vario<\/strong><\/h3>\n<p>[\/vc_column_text]<div class=\"single_image wpb_content_element align-center    \" data-animation=\"none\" data-delay=\"0\"><a href=\"https:\/\/www.fahrrad-xxl.at\/riese-und-mueller-supercharger2-gt-vario-m000044960\" target=\"_blank\"><img width=\"1920\" height=\"1280\" src=\"https:\/\/www.fahrrad-xxl.at\/blog\/wp-content\/uploads\/2020\/02\/Riese-Mueller-Supercharger-GT-Vario.jpg\" class=\"attachment-full\" alt=\"Riese &amp; M\u00fcller Supercharger GT Vario\" decoding=\"async\" loading=\"lazy\" title=\"E-Bike Test &amp; Vergleich 2023: Testsieger, Kauftipps &amp; mehr\" srcset=\"https:\/\/www.fahrrad-xxl.at\/blog\/wp-content\/uploads\/2020\/02\/Riese-Mueller-Supercharger-GT-Vario.jpg 1920w, https:\/\/www.fahrrad-xxl.at\/blog\/wp-content\/uploads\/2020\/02\/Riese-Mueller-Supercharger-GT-Vario-300x200.jpg 300w, https:\/\/www.fahrrad-xxl.at\/blog\/wp-content\/uploads\/2020\/02\/Riese-Mueller-Supercharger-GT-Vario-1024x683.jpg 1024w, https:\/\/www.fahrrad-xxl.at\/blog\/wp-content\/uploads\/2020\/02\/Riese-Mueller-Supercharger-GT-Vario-768x512.jpg 768w, https:\/\/www.fahrrad-xxl.at\/blog\/wp-content\/uploads\/2020\/02\/Riese-Mueller-Supercharger-GT-Vario-1536x1024.jpg 1536w, https:\/\/www.fahrrad-xxl.at\/blog\/wp-content\/uploads\/2020\/02\/Riese-Mueller-Supercharger-GT-Vario-600x400.jpg 600w\" sizes=\"(max-width: 1920px) 100vw, 1920px\" \/><\/a><span class=\"single_image_caption\">Riese &amp; M\u00fcller Supercharger GT Vario <\/span><\/div>[\/vc_column][\/vc_row][vc_row][vc_column width=&#8220;1\/2&#8243;][vc_column_text css_animation=&#8220;none&#8220;]<em>Die Eigenschaften des Riese und M\u00fcller Supercharger GT Vario<\/em><\/p>\n<ul>\n<li><span style=\"color: #008000;\">stabil und sicher<\/span><\/li>\n<li><span style=\"color: #008000;\">hohe Reichweite perfekt f\u00fcr lange Touren<\/span><\/li>\n<li><span style=\"color: #008000;\">sehr sch\u00f6nes Design<\/span><\/li>\n<li>eher schwer<\/li>\n<\/ul>\n<p>[\/vc_column_text][\/vc_column][vc_column width=&#8220;1\/2&#8243;][vc_column_text]<span class=\"TextRun SCXW40252096 BCX0\" lang=\"DE-DE\" xml:lang=\"DE-DE\" data-contrast=\"auto\"><span class=\"NormalTextRun ContextualSpellingAndGrammarErrorV2Themed SCXW40252096 BCX0\">Das Riese<\/span><span class=\"NormalTextRun SCXW40252096 BCX0\"> &amp; M\u00fcller Supercharger GT Vario ist ein kraftvolles E-Bike mit drei Schaltungsvarianten, darunter die stufenlose <\/span><span class=\"NormalTextRun SpellingErrorV2Themed SCXW40252096 BCX0\">Enviolo<\/span><span class=\"NormalTextRun SCXW40252096 BCX0\"> 380 Nabenschaltung. Angetrieben vom Bosch Performance Line CX Motor (Gen4) und ausgestattet mit zwei Bosch <\/span><span class=\"NormalTextRun SpellingErrorV2Themed SCXW40252096 BCX0\">PowerTube<\/span><span class=\"NormalTextRun SCXW40252096 BCX0\"> 625 Wh Akkus, besticht es durch beeindruckende Reichweite. Trotz seines Gewichts von 31,7 kg beeindruckt es mit Stabilit\u00e4t und Robustheit auf langen <\/span><span class=\"NormalTextRun SCXW40252096 BCX0\">Tour<\/span><span class=\"NormalTextRun SCXW40252096 BCX0\">en. <\/span><\/span><a class=\"Hyperlink SCXW40252096 BCX0\" href=\"https:\/\/thecycleverse.com\/de\/blog\/e-bike-test#Riese-und-Mueller-Supercharger-GT-Vario\" target=\"_blank\" rel=\"noreferrer noopener\"><span class=\"TextRun Underlined SCXW40252096 BCX0\" lang=\"DE-DE\" xml:lang=\"DE-DE\" data-contrast=\"none\"><span class=\"NormalTextRun SpellingErrorV2Themed SCXW40252096 BCX0\" data-ccp-charstyle=\"Hyperlink\">thecycleverse<\/span><\/span><\/a><span class=\"TextRun SCXW40252096 BCX0\" lang=\"DE-DE\" xml:lang=\"DE-DE\" data-contrast=\"auto\"><span class=\"NormalTextRun SCXW40252096 BCX0\"> gibt 9 von 10 Punkte.<\/span><\/span><span class=\"EOP SCXW40252096 BCX0\" data-ccp-props=\"{&quot;201341983&quot;:0,&quot;335559739&quot;:160,&quot;335559740&quot;:259}\">\u00a0<\/span>[\/vc_column_text][\/vc_column][\/vc_row][vc_row][vc_column width=&#8220;1\/1&#8243;]<a href=\"https:\/\/www.fahrrad-xxl.at\/serie\/riese-mueller-supercharger\/\" target=\"_blank\" class=\"button button-appear custom large \" style=\"background-color: #a82323; border-color: #a82323;border-radius: 30px;\"><span>Jetzt das Riese und M\u00fcller Supercharger GT Vario entdecken!<i class='fa fas fa-chevron-circle-right'><\/i><\/span><\/a><div class=\"divider divider3\" style='margin:60px 0 60px 0 !important;'><\/div>[\/vc_column][\/vc_row][vc_row][vc_column width=&#8220;1\/1&#8243;][vc_column_text css_animation=&#8220;none&#8220;]<\/p>\n<h3><span class=\"TextRun SCXW8515297 BCX0\" lang=\"DE-DE\" xml:lang=\"DE-DE\" data-contrast=\"none\"><span class=\"NormalTextRun SCXW8515297 BCX0\" data-ccp-parastyle=\"heading 3\">Liv <\/span><span class=\"NormalTextRun SpellingErrorV2Themed SCXW8515297 BCX0\" data-ccp-parastyle=\"heading 3\">Amiti<\/span><span class=\"NormalTextRun SCXW8515297 BCX0\" data-ccp-parastyle=\"heading 3\">-E+ 2<\/span><\/span><span class=\"EOP SCXW8515297 BCX0\" data-ccp-props=\"{&quot;134245418&quot;:true,&quot;134245529&quot;:true,&quot;201341983&quot;:0,&quot;335559738&quot;:40,&quot;335559739&quot;:0,&quot;335559740&quot;:259}\">\u00a0<\/span><\/h3>\n<p>[\/vc_column_text]<div class=\"single_image wpb_content_element align-center    \" data-animation=\"none\" data-delay=\"0\"><a href=\"https:\/\/www.fahrrad-xxl.at\/liv-amiti-e-2-m000068242\" target=\"_blank\"><img width=\"1238\" height=\"849\" src=\"https:\/\/www.fahrrad-xxl.at\/blog\/wp-content\/uploads\/2020\/02\/Liv-Amiti-E-2-e1691670233558.jpg\" class=\"attachment-full\" alt=\"Liv Amiti-E+ 2\" decoding=\"async\" loading=\"lazy\" title=\"E-Bike Test &amp; Vergleich 2023: Testsieger, Kauftipps &amp; mehr\" srcset=\"https:\/\/www.fahrrad-xxl.at\/blog\/wp-content\/uploads\/2020\/02\/Liv-Amiti-E-2-e1691670233558.jpg 1238w, https:\/\/www.fahrrad-xxl.at\/blog\/wp-content\/uploads\/2020\/02\/Liv-Amiti-E-2-e1691670233558-300x206.jpg 300w, https:\/\/www.fahrrad-xxl.at\/blog\/wp-content\/uploads\/2020\/02\/Liv-Amiti-E-2-e1691670233558-1024x702.jpg 1024w, https:\/\/www.fahrrad-xxl.at\/blog\/wp-content\/uploads\/2020\/02\/Liv-Amiti-E-2-e1691670233558-768x527.jpg 768w\" sizes=\"(max-width: 1238px) 100vw, 1238px\" \/><\/a><span class=\"single_image_caption\">Liv Amiti-E+ 2<\/span><\/div>[\/vc_column][\/vc_row][vc_row][vc_column width=&#8220;1\/2&#8243;][vc_column_text css_animation=&#8220;none&#8220;]<em>Die Eigenschaften des <span class=\"TextRun SCXW158680480 BCX0\" lang=\"DE-DE\" xml:lang=\"DE-DE\" data-contrast=\"none\"><span class=\"NormalTextRun SCXW158680480 BCX0\" data-ccp-parastyle=\"heading 3\">Liv <\/span><span class=\"NormalTextRun SCXW158680480 BCX0\" data-ccp-parastyle=\"heading 3\">Amiti<\/span><span class=\"NormalTextRun SCXW158680480 BCX0\" data-ccp-parastyle=\"heading 3\">-E+ 2<\/span><\/span><span class=\"EOP SCXW158680480 BCX0\" data-ccp-props=\"{&quot;134245418&quot;:true,&quot;134245529&quot;:true,&quot;201341983&quot;:0,&quot;335559738&quot;:40,&quot;335559739&quot;:0,&quot;335559740&quot;:259}\">\u00a0<\/span><\/em><\/p>\n<ul>\n<li><span style=\"color: #008000;\">H<span class=\"TextRun SCXW228771402 BCX0\" lang=\"DE-DE\" xml:lang=\"DE-DE\" data-contrast=\"auto\"><span class=\"NormalTextRun SCXW228771402 BCX0\">ohe <\/span><span class=\"NormalTextRun SCXW228771402 BCX0\">Zuladungsm<\/span><span class=\"NormalTextRun SCXW228771402 BCX0\">\u00f6glichkeit<\/span><\/span><span class=\"EOP SCXW228771402 BCX0\" data-ccp-props=\"{&quot;201341983&quot;:0,&quot;335559739&quot;:160,&quot;335559740&quot;:259}\">\u00a0<\/span><\/span><\/li>\n<li><span style=\"color: #008000;\"><span class=\"TextRun SCXW139870020 BCX0\" lang=\"DE-DE\" xml:lang=\"DE-DE\" data-contrast=\"auto\"><span class=\"NormalTextRun SCXW139870020 BCX0\">Kr\u00e4ftiger Motor<\/span><\/span><span class=\"EOP SCXW139870020 BCX0\" data-ccp-props=\"{&quot;201341983&quot;:0,&quot;335559739&quot;:160,&quot;335559740&quot;:259}\">\u00a0<\/span><\/span><\/li>\n<li><span style=\"color: #008000;\"><span class=\"TextRun SCXW78587896 BCX0\" lang=\"DE-DE\" xml:lang=\"DE-DE\" data-contrast=\"auto\"><span class=\"NormalTextRun SCXW78587896 BCX0\">Hoher Komfort beim Fahren<\/span><\/span><span class=\"EOP SCXW78587896 BCX0\" data-ccp-props=\"{&quot;201341983&quot;:0,&quot;335559739&quot;:160,&quot;335559740&quot;:259}\">\u00a0<\/span><\/span><\/li>\n<li><span class=\"TextRun SCXW119363576 BCX0\" lang=\"DE-DE\" xml:lang=\"DE-DE\" data-contrast=\"auto\"><span class=\"NormalTextRun SCXW119363576 BCX0\">Display vergleichsweise klein<\/span><\/span><span class=\"EOP SCXW119363576 BCX0\" data-ccp-props=\"{&quot;201341983&quot;:0,&quot;335559739&quot;:160,&quot;335559740&quot;:259}\">\u00a0<\/span><\/li>\n<\/ul>\n<p>[\/vc_column_text][\/vc_column][vc_column width=&#8220;1\/2&#8243;][vc_column_text]<span class=\"TextRun SCXW168279372 BCX0\" lang=\"DE-DE\" xml:lang=\"DE-DE\" data-contrast=\"auto\"><span class=\"NormalTextRun SCXW168279372 BCX0\">Das Liv <\/span><span class=\"NormalTextRun SCXW168279372 BCX0\">Amiti<\/span><span class=\"NormalTextRun SCXW168279372 BCX0\">-E+ 2 beeindruckt mit einer umfangreichen Ausstattungsliste. Das Bike von der Untermarke von Giant ist speziell f\u00fcr Frauen konzipiert und verf\u00fcgt \u00fcber einen kr\u00e4ftigen Motor mit 75 <\/span><span class=\"NormalTextRun SCXW168279372 BCX0\">Nm<\/span><span class=\"NormalTextRun SCXW168279372 BCX0\"> Drehmoment, einen gro\u00dfen 625-Wh-Akku mit Option auf Erweiterung, hochwertige Lichtanlage mit Fernlicht, robuste Alu-Schutzbleche und hydraulische Scheibenbremsen. <\/span><span class=\"NormalTextRun SCXW168279372 BCX0\">Dies \u00fcberzeugt die Tester von <\/span><\/span><a class=\"Hyperlink SCXW168279372 BCX0\" href=\"https:\/\/www.radfahren.de\/test-technik\/liv-amiti-e-2-test\/\" target=\"_blank\" rel=\"noreferrer noopener\"><span class=\"TextRun Underlined SCXW168279372 BCX0\" lang=\"DE-DE\" xml:lang=\"DE-DE\" data-contrast=\"none\"><span class=\"NormalTextRun SCXW168279372 BCX0\" data-ccp-charstyle=\"Hyperlink\">radfahren<\/span><span class=\"NormalTextRun SCXW168279372 BCX0\" data-ccp-charstyle=\"Hyperlink\">.de<\/span><\/span><\/a><span class=\"TextRun SCXW168279372 BCX0\" lang=\"DE-DE\" xml:lang=\"DE-DE\" data-contrast=\"auto\"><span class=\"NormalTextRun SCXW168279372 BCX0\">, die dem Trekk<\/span><span class=\"NormalTextRun SCXW168279372 BCX0\">ing<\/span><span class=\"NormalTextRun SCXW168279372 BCX0\"> E-Bike die Note \u201cSehr gut\u201d g<\/span><span class=\"NormalTextRun SCXW168279372 BCX0\">eben<\/span><span class=\"NormalTextRun SCXW168279372 BCX0\">.<\/span><\/span><span class=\"EOP SCXW168279372 BCX0\" data-ccp-props=\"{&quot;201341983&quot;:0,&quot;335559739&quot;:160,&quot;335559740&quot;:259}\">\u00a0<\/span>[\/vc_column_text][\/vc_column][\/vc_row][vc_row][vc_column width=&#8220;1\/1&#8243;]<a href=\"https:\/\/www.fahrrad-xxl.at\/serie\/liv-amiti-e-plus\/\" target=\"_blank\" class=\"button button-appear custom large \" style=\"background-color: #a82323; border-color: #a82323;border-radius: 30px;\"><span>Jetzt die Liv Amiti-E+ Serie entdecken!<i class='fa fas fa-chevron-circle-right'><\/i><\/span><\/a><div class=\"divider divider3\" style='margin:60px 0 60px 0 !important;'><\/div>[\/vc_column][\/vc_row][vc_row][vc_column width=&#8220;1\/1&#8243;][vc_column_text css_animation=&#8220;none&#8220;]<\/p>\n<h3><span class=\"TextRun SCXW49397700 BCX0\" lang=\"DE-DE\" xml:lang=\"DE-DE\" data-contrast=\"none\"><span class=\"NormalTextRun SCXW49397700 BCX0\" data-ccp-parastyle=\"heading 3\">KTM <\/span><span class=\"NormalTextRun SCXW49397700 BCX0\" data-ccp-parastyle=\"heading 3\">Macina<\/span><span class=\"NormalTextRun SCXW49397700 BCX0\" data-ccp-parastyle=\"heading 3\"> Gran 710<\/span><\/span><span class=\"EOP SCXW49397700 BCX0\" data-ccp-props=\"{&quot;134245418&quot;:true,&quot;134245529&quot;:true,&quot;201341983&quot;:0,&quot;335559738&quot;:40,&quot;335559739&quot;:0,&quot;335559740&quot;:259}\">\u00a0<\/span><\/h3>\n<p>[\/vc_column_text]<div class=\"single_image wpb_content_element align-center    \" data-animation=\"none\" data-delay=\"0\"><a href=\"https:\/\/www.fahrrad-xxl.at\/ktm-macina-gran-710-m000041609\" target=\"_blank\"><img width=\"1920\" height=\"1280\" src=\"https:\/\/www.fahrrad-xxl.at\/blog\/wp-content\/uploads\/2020\/02\/KTM-Macina-Gran-710.jpg\" class=\"attachment-full\" alt=\"KTM Macina Gran 710\" decoding=\"async\" loading=\"lazy\" title=\"E-Bike Test &amp; Vergleich 2023: Testsieger, Kauftipps &amp; mehr\" srcset=\"https:\/\/www.fahrrad-xxl.at\/blog\/wp-content\/uploads\/2020\/02\/KTM-Macina-Gran-710.jpg 1920w, https:\/\/www.fahrrad-xxl.at\/blog\/wp-content\/uploads\/2020\/02\/KTM-Macina-Gran-710-300x200.jpg 300w, https:\/\/www.fahrrad-xxl.at\/blog\/wp-content\/uploads\/2020\/02\/KTM-Macina-Gran-710-1024x683.jpg 1024w, https:\/\/www.fahrrad-xxl.at\/blog\/wp-content\/uploads\/2020\/02\/KTM-Macina-Gran-710-768x512.jpg 768w, https:\/\/www.fahrrad-xxl.at\/blog\/wp-content\/uploads\/2020\/02\/KTM-Macina-Gran-710-1536x1024.jpg 1536w, https:\/\/www.fahrrad-xxl.at\/blog\/wp-content\/uploads\/2020\/02\/KTM-Macina-Gran-710-600x400.jpg 600w\" sizes=\"(max-width: 1920px) 100vw, 1920px\" \/><\/a><span class=\"single_image_caption\">KTM Macina Gran 710<\/span><\/div>[\/vc_column][\/vc_row][vc_row][vc_column width=&#8220;1\/2&#8243;][vc_column_text css_animation=&#8220;none&#8220;]<em>Die Eigenschaften des <span class=\"TextRun SCXW67218653 BCX0\" lang=\"DE-DE\" xml:lang=\"DE-DE\" data-contrast=\"none\"><span class=\"NormalTextRun SCXW67218653 BCX0\" data-ccp-parastyle=\"heading 3\">KTM <\/span><span class=\"NormalTextRun SCXW67218653 BCX0\" data-ccp-parastyle=\"heading 3\">Macina<\/span><span class=\"NormalTextRun SCXW67218653 BCX0\" data-ccp-parastyle=\"heading 3\"> Gran 710<\/span><\/span><span class=\"EOP SCXW67218653 BCX0\" data-ccp-props=\"{&quot;134245418&quot;:true,&quot;134245529&quot;:true,&quot;201341983&quot;:0,&quot;335559738&quot;:40,&quot;335559739&quot;:0,&quot;335559740&quot;:259}\">\u00a0<\/span><\/em><\/p>\n<ul>\n<li><span style=\"color: #008000;\"><span class=\"TextRun SCXW87969040 BCX0\" lang=\"DE-DE\" xml:lang=\"DE-DE\" data-contrast=\"auto\"><span class=\"NormalTextRun SCXW87969040 BCX0\">U<\/span><span class=\"NormalTextRun SCXW87969040 BCX0\">mfangreiche und hochwertige <\/span><span class=\"NormalTextRun SCXW87969040 BCX0\">Ausstattung<\/span><\/span><span class=\"EOP SCXW87969040 BCX0\" data-ccp-props=\"{&quot;201341983&quot;:0,&quot;335559739&quot;:160,&quot;335559740&quot;:259}\">\u00a0<\/span><\/span><\/li>\n<li><span style=\"color: #008000;\"><span class=\"TextRun SCXW248547732 BCX0\" lang=\"DE-DE\" xml:lang=\"DE-DE\" data-contrast=\"auto\"><span class=\"NormalTextRun SCXW248547732 BCX0\">Weiche Schaltvorg\u00e4nge<\/span><\/span><span class=\"EOP SCXW248547732 BCX0\" data-ccp-props=\"{&quot;201341983&quot;:0,&quot;335559739&quot;:160,&quot;335559740&quot;:259}\">\u00a0<\/span><\/span><\/li>\n<li><span style=\"color: #008000;\"><span class=\"TextRun SCXW29720916 BCX0\" lang=\"DE-DE\" xml:lang=\"DE-DE\" data-contrast=\"auto\"><span class=\"NormalTextRun SCXW29720916 BCX0\">Hoher Komfort<\/span><\/span><span class=\"EOP SCXW29720916 BCX0\" data-ccp-props=\"{&quot;201341983&quot;:0,&quot;335559739&quot;:160,&quot;335559740&quot;:259}\">\u00a0<\/span><\/span><\/li>\n<li><span class=\"TextRun SCXW105340394 BCX0\" lang=\"DE-DE\" xml:lang=\"DE-DE\" data-contrast=\"auto\"><span class=\"NormalTextRun SCXW105340394 BCX0\">Bedienung der Motorsteuerung mit Handschuhen schwierig<\/span><\/span><span class=\"EOP SCXW105340394 BCX0\" data-ccp-props=\"{&quot;201341983&quot;:0,&quot;335559739&quot;:160,&quot;335559740&quot;:259}\">\u00a0<\/span><\/li>\n<\/ul>\n<p>[\/vc_column_text][\/vc_column][vc_column width=&#8220;1\/2&#8243;][vc_column_text css_animation=&#8220;none&#8220;]<span class=\"TextRun SCXW154003459 BCX0\" lang=\"DE-DE\" xml:lang=\"DE-DE\" data-contrast=\"auto\"><span class=\"NormalTextRun SCXW154003459 BCX0\">Das KTM <\/span><span class=\"NormalTextRun SCXW154003459 BCX0\">Macina<\/span><span class=\"NormalTextRun SCXW154003459 BCX0\"> Gran 710 ist ein E-Bike, das in <\/span><span class=\"NormalTextRun SCXW154003459 BCX0\">verschied<\/span><span class=\"NormalTextRun SCXW154003459 BCX0\">en<\/span><span class=\"NormalTextRun SCXW154003459 BCX0\">sten<\/span><span class=\"NormalTextRun SCXW154003459 BCX0\"> Einsatzszenarien begeistert. Mit drei Rahmenformen und vielen Gr\u00f6\u00dfen findet jeder die passende Variante, w\u00e4hrend einstellbarer Vorbau und gefederte Sattelst\u00fctze f\u00fcr Komfort sorgen. Die hochwertige Lichtanlage mit Fernlicht und Bremslichtfunktion sowie breite Schutzbleche und ein Gep\u00e4cktr\u00e4ger mit zweiter Ebene garantieren Sicherheit und praktische Funktionalit\u00e4t. Der Bosch-CX-Motor bietet kr\u00e4ftige Unterst\u00fctzung, <\/span><span class=\"NormalTextRun SCXW154003459 BCX0\">w\u00e4hrend <\/span><span class=\"NormalTextRun SCXW154003459 BCX0\">die Schwalbe <\/span><span class=\"NormalTextRun SCXW154003459 BCX0\">Al <\/span><span class=\"NormalTextRun SCXW154003459 BCX0\">Grounder<\/span><span class=\"NormalTextRun SCXW154003459 BCX0\">-Reifen f\u00fcr Grip abseits der Stra\u00dfe<\/span><span class=\"NormalTextRun SCXW154003459 BCX0\"> sorgen<\/span><span class=\"NormalTextRun SCXW154003459 BCX0\">, und d<\/span><span class=\"NormalTextRun SCXW154003459 BCX0\">ie <\/span><span class=\"NormalTextRun SCXW154003459 BCX0\">Deore<\/span><span class=\"NormalTextRun SCXW154003459 BCX0\">-Schaltung butterweiche Schaltvorg\u00e4nge<\/span><span class=\"NormalTextRun SCXW154003459 BCX0\"> erm\u00f6glicht<\/span><span class=\"NormalTextRun SCXW154003459 BCX0\">. <\/span><span class=\"NormalTextRun SCXW154003459 BCX0\">Deshalb erh<\/span><span class=\"NormalTextRun SCXW154003459 BCX0\">\u00e4lt <\/span><span class=\"NormalTextRun SCXW154003459 BCX0\">das K<\/span><span class=\"NormalTextRun SCXW154003459 BCX0\">TM<\/span> <span class=\"NormalTextRun SCXW154003459 BCX0\">Mac<\/span><span class=\"NormalTextRun SCXW154003459 BCX0\">in<\/span><span class=\"NormalTextRun SCXW154003459 BCX0\">a<\/span><span class=\"NormalTextRun SCXW154003459 BCX0\"> Gran 710 ein \u201cSehr gut\u201d von <\/span><\/span><a class=\"Hyperlink SCXW154003459 BCX0\" href=\"https:\/\/www.radfahren.de\/test-technik\/ktm-macina-gran-710-test\/\" target=\"_blank\" rel=\"noreferrer noopener\"><span class=\"TextRun Underlined SCXW154003459 BCX0\" lang=\"DE-DE\" xml:lang=\"DE-DE\" data-contrast=\"none\"><span class=\"NormalTextRun SCXW154003459 BCX0\" data-ccp-charstyle=\"Hyperlink\">radfahren<\/span><span class=\"NormalTextRun SCXW154003459 BCX0\" data-ccp-charstyle=\"Hyperlink\">.de<\/span><\/span><\/a><span class=\"TextRun SCXW154003459 BCX0\" lang=\"DE-DE\" xml:lang=\"DE-DE\" data-contrast=\"auto\"><span class=\"NormalTextRun SCXW154003459 BCX0\">.<\/span><\/span><span class=\"EOP SCXW154003459 BCX0\" data-ccp-props=\"{&quot;201341983&quot;:0,&quot;335559739&quot;:160,&quot;335559740&quot;:259}\">\u00a0<\/span>[\/vc_column_text][\/vc_column][\/vc_row][vc_row][vc_column width=&#8220;1\/1&#8243;]<a href=\"https:\/\/www.fahrrad-xxl.at\/serie\/ktm-macina-gran\/\" target=\"_blank\" class=\"button button-appear custom large \" style=\"background-color: #a82323; border-color: #a82323;border-radius: 30px;\"><span>Entdecke die KTM Macina Gran Serie<i class='fa fas fa-chevron-circle-right'><\/i><\/span><\/a><div class=\"divider divider3\" style='margin:60px 0 60px 0 !important;'><\/div>[\/vc_column][\/vc_row][vc_row][vc_column width=&#8220;1\/1&#8243;][vc_column_text css_animation=&#8220;none&#8220;]<\/p>\n<h3><span class=\"TextRun SCXW36486463 BCX0\" lang=\"DE-DE\" xml:lang=\"DE-DE\" data-contrast=\"none\"><span class=\"NormalTextRun SCXW36486463 BCX0\" data-ccp-parastyle=\"heading 3\">Specialized Turbo <\/span><span class=\"NormalTextRun SCXW36486463 BCX0\" data-ccp-parastyle=\"heading 3\">Vado<\/span><span class=\"NormalTextRun SCXW36486463 BCX0\" data-ccp-parastyle=\"heading 3\"> SL 5.0 EQ<\/span><\/span><span class=\"EOP SCXW36486463 BCX0\" data-ccp-props=\"{&quot;134245418&quot;:true,&quot;134245529&quot;:true,&quot;201341983&quot;:0,&quot;335559738&quot;:40,&quot;335559739&quot;:0,&quot;335559740&quot;:259}\">\u00a0<\/span><\/h3>\n<p>[\/vc_column_text]<div class=\"single_image wpb_content_element align-center    \" data-animation=\"none\" data-delay=\"0\"><a href=\"https:\/\/www.fahrrad-xxl.at\/specialized-turbo-vado-sl-5-0-eq-m000045935\" target=\"_blank\"><img width=\"1920\" height=\"1280\" src=\"https:\/\/www.fahrrad-xxl.at\/blog\/wp-content\/uploads\/2020\/02\/Specialized-Turbo-Vado-SL-5.0-EQ.jpg\" class=\"attachment-full\" alt=\"Specialized Turbo Vado SL 5.0 EQ\" decoding=\"async\" loading=\"lazy\" title=\"E-Bike Test &amp; Vergleich 2023: Testsieger, Kauftipps &amp; mehr\" srcset=\"https:\/\/www.fahrrad-xxl.at\/blog\/wp-content\/uploads\/2020\/02\/Specialized-Turbo-Vado-SL-5.0-EQ.jpg 1920w, https:\/\/www.fahrrad-xxl.at\/blog\/wp-content\/uploads\/2020\/02\/Specialized-Turbo-Vado-SL-5.0-EQ-300x200.jpg 300w, https:\/\/www.fahrrad-xxl.at\/blog\/wp-content\/uploads\/2020\/02\/Specialized-Turbo-Vado-SL-5.0-EQ-1024x683.jpg 1024w, https:\/\/www.fahrrad-xxl.at\/blog\/wp-content\/uploads\/2020\/02\/Specialized-Turbo-Vado-SL-5.0-EQ-768x512.jpg 768w, https:\/\/www.fahrrad-xxl.at\/blog\/wp-content\/uploads\/2020\/02\/Specialized-Turbo-Vado-SL-5.0-EQ-1536x1024.jpg 1536w, https:\/\/www.fahrrad-xxl.at\/blog\/wp-content\/uploads\/2020\/02\/Specialized-Turbo-Vado-SL-5.0-EQ-600x400.jpg 600w\" sizes=\"(max-width: 1920px) 100vw, 1920px\" \/><\/a><span class=\"single_image_caption\">Specialized Turbo Vado SL 5.0 EQ<\/span><\/div>[\/vc_column][\/vc_row][vc_row][vc_column width=&#8220;1\/2&#8243;][vc_column_text css_animation=&#8220;none&#8220;]<em>Die Eigenschaften des <span class=\"TextRun SCXW231408464 BCX0\" lang=\"DE-DE\" xml:lang=\"DE-DE\" data-contrast=\"none\"><span class=\"NormalTextRun SCXW231408464 BCX0\" data-ccp-parastyle=\"heading 3\">Specialized Turbo <\/span><span class=\"NormalTextRun SCXW231408464 BCX0\" data-ccp-parastyle=\"heading 3\">Vado<\/span><span class=\"NormalTextRun SCXW231408464 BCX0\" data-ccp-parastyle=\"heading 3\"> SL 5.0 EQ<\/span><\/span><span class=\"EOP SCXW231408464 BCX0\" data-ccp-props=\"{&quot;134245418&quot;:true,&quot;134245529&quot;:true,&quot;201341983&quot;:0,&quot;335559738&quot;:40,&quot;335559739&quot;:0,&quot;335559740&quot;:259}\">\u00a0<\/span><\/em><\/p>\n<ul>\n<li><span style=\"color: #008000;\"><span class=\"TextRun SCXW24128517 BCX0\" lang=\"DE-DE\" xml:lang=\"DE-DE\" data-contrast=\"auto\"><span class=\"NormalTextRun SCXW24128517 BCX0\">Leicht, agil und sportlich<\/span><\/span><\/span><\/li>\n<li><span style=\"color: #008000;\"><span class=\"TextRun SCXW24128517 BCX0\" lang=\"DE-DE\" xml:lang=\"DE-DE\" data-contrast=\"auto\"><span class=\"NormalTextRun SCXW24128517 BCX0\"><span class=\"TextRun SCXW266572740 BCX0\" lang=\"DE-DE\" xml:lang=\"DE-DE\" data-contrast=\"auto\"><span class=\"NormalTextRun SCXW266572740 BCX0\">Future-Shock-Vorbau sorgt f\u00fcr viel Komfort<\/span><\/span><span class=\"EOP SCXW266572740 BCX0\" data-ccp-props=\"{&quot;201341983&quot;:0,&quot;335559739&quot;:160,&quot;335559740&quot;:259}\">\u00a0<\/span><\/span><\/span> <\/span><\/li>\n<li><span style=\"color: #008000;\"><span class=\"EOP SCXW24128517 BCX0\" data-ccp-props=\"{&quot;201341983&quot;:0,&quot;335559739&quot;:160,&quot;335559740&quot;:259}\"><span class=\"TextRun SCXW55479455 BCX0\" lang=\"DE-DE\" xml:lang=\"DE-DE\" data-contrast=\"auto\"><span class=\"NormalTextRun SCXW55479455 BCX0\">N<\/span><span class=\"NormalTextRun SCXW55479455 BCX0\">at\u00fcrliche<\/span><span class=\"NormalTextRun SCXW55479455 BCX0\">s<\/span><span class=\"NormalTextRun SCXW55479455 BCX0\"> Fahrverhalten<\/span><\/span><span class=\"EOP SCXW55479455 BCX0\" data-ccp-props=\"{&quot;201341983&quot;:0,&quot;335559739&quot;:160,&quot;335559740&quot;:259}\">\u00a0<\/span><\/span><\/span><\/li>\n<li><span class=\"TextRun SCXW234327622 BCX0\" lang=\"DE-DE\" xml:lang=\"DE-DE\" data-contrast=\"auto\"><span class=\"NormalTextRun SCXW234327622 BCX0\">Fest verbauter Akku<\/span><\/span><span class=\"EOP SCXW234327622 BCX0\" data-ccp-props=\"{&quot;201341983&quot;:0,&quot;335559739&quot;:160,&quot;335559740&quot;:259}\">\u00a0<\/span><\/li>\n<\/ul>\n<p>[\/vc_column_text][\/vc_column][vc_column width=&#8220;1\/2&#8243;][vc_column_text css_animation=&#8220;none&#8220;]<span class=\"TextRun SCXW189450791 BCX0\" lang=\"DE-DE\" xml:lang=\"DE-DE\" data-contrast=\"auto\"><span class=\"NormalTextRun SCXW189450791 BCX0\">Das Specialized Turbo <\/span><span class=\"NormalTextRun SCXW189450791 BCX0\">Vado<\/span><span class=\"NormalTextRun SCXW189450791 BCX0\"> SL 5.0 EQ f\u00fcr 2023 setzt auf Leichtbau und bietet eine reduzierte Motorleistung, einen kleinen Akku, eine sportliche Sitzposition und ger<\/span><span class=\"NormalTextRun SCXW189450791 BCX0\">ing<\/span><span class=\"NormalTextRun SCXW189450791 BCX0\">es Gewicht bei maximalem Alltagsnutzen. Mit knapp 17 Kilo ist es eines der leichtesten R\u00e4der im Testfeld und bietet dank der weit gespreizten 1&#215;12-G\u00e4nge-Kettenschaltung auch ohne Motor ordentliche Leistung. Wendig und agil, mit erstaunlichem Komfort dank des Future-Shock-Vorbaus, ist das Rad ideal f\u00fcr schnelle Pendler, die eine dezente elektrische Unterst\u00fctzung suchen.<\/span><span class=\"NormalTextRun SCXW189450791 BCX0\"> Aus diesem <\/span><span class=\"NormalTextRun SCXW189450791 BCX0\">Grund<\/span><span class=\"NormalTextRun SCXW189450791 BCX0\"> verg<\/span><span class=\"NormalTextRun SCXW189450791 BCX0\">ibt <\/span><\/span><a class=\"Hyperlink SCXW189450791 BCX0\" href=\"https:\/\/www.radfahren.de\/test-technik\/specialized-turbo-vado-sl-5-0-eq-test\/\" target=\"_blank\" rel=\"noreferrer noopener\"><span class=\"TextRun Underlined SCXW189450791 BCX0\" lang=\"DE-DE\" xml:lang=\"DE-DE\" data-contrast=\"none\"><span class=\"NormalTextRun SCXW189450791 BCX0\" data-ccp-charstyle=\"Hyperlink\">radfahren.de<\/span><\/span><\/a><span class=\"TextRun SCXW189450791 BCX0\" lang=\"DE-DE\" xml:lang=\"DE-DE\" data-contrast=\"auto\"><span class=\"NormalTextRun SCXW189450791 BCX0\"> ein \u201cSehr gut\u201d.<\/span><\/span><span class=\"EOP SCXW189450791 BCX0\" data-ccp-props=\"{&quot;201341983&quot;:0,&quot;335559739&quot;:160,&quot;335559740&quot;:259}\">\u00a0<\/span>[\/vc_column_text][\/vc_column][\/vc_row][vc_row][vc_column width=&#8220;1\/1&#8243;]<a href=\"https:\/\/www.fahrrad-xxl.at\/serie\/specialized-vado\/\" target=\"_blank\" class=\"button button-appear custom large \" style=\"background-color: #a82323; border-color: #a82323;border-radius: 30px;\"><span>Entdecke die Specialized Turbo Vado Serie<i class='fa fas fa-chevron-circle-right'><\/i><\/span><\/a><div class=\"divider divider3\" style='margin:60px 0 60px 0 !important;'><\/div>[\/vc_column][\/vc_row][vc_row][vc_column width=&#8220;1\/1&#8243;][vc_column_text]<\/p>\n<h2><span class=\"ez-toc-section\" id=\"e-mtb-tests-aus-2023\"><\/span>E-MTB Tests aus 2023<span class=\"ez-toc-section-end\"><\/span><\/h2>\n<p>[\/vc_column_text][\/vc_column][\/vc_row][vc_row][vc_column width=&#8220;1\/1&#8243;][vc_column_text css_animation=&#8220;none&#8220;]<\/p>\n<h3><span class=\"TextRun SCXW85057719 BCX0\" lang=\"DE-DE\" xml:lang=\"DE-DE\" data-contrast=\"none\"><span class=\"NormalTextRun SCXW85057719 BCX0\" data-ccp-parastyle=\"heading 3\">Giant Trance X E+<\/span><\/span><span class=\"EOP SCXW85057719 BCX0\" data-ccp-props=\"{&quot;134245418&quot;:true,&quot;134245529&quot;:true,&quot;201341983&quot;:0,&quot;335559738&quot;:40,&quot;335559739&quot;:0,&quot;335559740&quot;:259}\">\u00a0<\/span><\/h3>\n<p>[\/vc_column_text]<div class=\"single_image wpb_content_element align-center    \" data-animation=\"none\" data-delay=\"0\"><a href=\"https:\/\/www.fahrrad-xxl.at\/giant-trance-x-e-3-m000020432\" target=\"_blank\"><img width=\"1920\" height=\"1280\" src=\"https:\/\/www.fahrrad-xxl.at\/blog\/wp-content\/uploads\/2020\/02\/Giant-Trance-X-E.jpg\" class=\"attachment-full\" alt=\"Giant Trance X E+\" decoding=\"async\" loading=\"lazy\" title=\"E-Bike Test &amp; Vergleich 2023: Testsieger, Kauftipps &amp; mehr\" srcset=\"https:\/\/www.fahrrad-xxl.at\/blog\/wp-content\/uploads\/2020\/02\/Giant-Trance-X-E.jpg 1920w, https:\/\/www.fahrrad-xxl.at\/blog\/wp-content\/uploads\/2020\/02\/Giant-Trance-X-E-300x200.jpg 300w, https:\/\/www.fahrrad-xxl.at\/blog\/wp-content\/uploads\/2020\/02\/Giant-Trance-X-E-1024x683.jpg 1024w, https:\/\/www.fahrrad-xxl.at\/blog\/wp-content\/uploads\/2020\/02\/Giant-Trance-X-E-768x512.jpg 768w, https:\/\/www.fahrrad-xxl.at\/blog\/wp-content\/uploads\/2020\/02\/Giant-Trance-X-E-1536x1024.jpg 1536w, https:\/\/www.fahrrad-xxl.at\/blog\/wp-content\/uploads\/2020\/02\/Giant-Trance-X-E-600x400.jpg 600w\" sizes=\"(max-width: 1920px) 100vw, 1920px\" \/><\/a><span class=\"single_image_caption\">Giant Trance X E+<\/span><\/div>[\/vc_column][\/vc_row][vc_row][vc_column width=&#8220;1\/2&#8243;][vc_column_text css_animation=&#8220;none&#8220;]<em>Die Eigenschaften des <span class=\"TextRun SCXW85057719 BCX0\" lang=\"DE-DE\" xml:lang=\"DE-DE\" data-contrast=\"none\"><span class=\"NormalTextRun SCXW85057719 BCX0\" data-ccp-parastyle=\"heading 3\">Giant Trance X E+<\/span><\/span><span class=\"EOP SCXW85057719 BCX0\" data-ccp-props=\"{&quot;134245418&quot;:true,&quot;134245529&quot;:true,&quot;201341983&quot;:0,&quot;335559738&quot;:40,&quot;335559739&quot;:0,&quot;335559740&quot;:259}\">\u00a0<\/span><\/em><\/p>\n<ul>\n<li><span style=\"color: #008000;\"><span class=\"TextRun SCXW267600443 BCX0\" lang=\"DE-DE\" xml:lang=\"DE-DE\" data-contrast=\"auto\"><span class=\"NormalTextRun SCXW267600443 BCX0\">Gro\u00dfe Akkukapazit\u00e4t<\/span><\/span> <\/span><\/li>\n<li><span style=\"color: #008000;\"><span class=\"EOP SCXW267600443 BCX0\" data-ccp-props=\"{&quot;201341983&quot;:0,&quot;335559739&quot;:160,&quot;335559740&quot;:259}\"><span class=\"TextRun SCXW73522543 BCX0\" lang=\"DE-DE\" xml:lang=\"DE-DE\" data-contrast=\"auto\"><span class=\"NormalTextRun SCXW73522543 BCX0\">Gutes Preisleistungsverh\u00e4ltnis<\/span><\/span><\/span><\/span><\/li>\n<li><span style=\"color: #008000;\"><span class=\"EOP SCXW267600443 BCX0\" data-ccp-props=\"{&quot;201341983&quot;:0,&quot;335559739&quot;:160,&quot;335559740&quot;:259}\"><span class=\"EOP SCXW73522543 BCX0\" data-ccp-props=\"{&quot;201341983&quot;:0,&quot;335559739&quot;:160,&quot;335559740&quot;:259}\"><span class=\"TextRun SCXW47360871 BCX0\" lang=\"DE-DE\" xml:lang=\"DE-DE\" data-contrast=\"auto\"><span class=\"NormalTextRun SCXW47360871 BCX0\">Vielseitig einsetzbar<\/span><\/span><span class=\"EOP SCXW47360871 BCX0\" data-ccp-props=\"{&quot;201341983&quot;:0,&quot;335559739&quot;:160,&quot;335559740&quot;:259}\">\u00a0<\/span><\/span><\/span><\/span><\/li>\n<li><span class=\"TextRun SCXW243563413 BCX0\" lang=\"DE-DE\" xml:lang=\"DE-DE\" data-contrast=\"auto\"><span class=\"NormalTextRun SCXW243563413 BCX0\">Hohes Gewicht<\/span><\/span><span class=\"EOP SCXW243563413 BCX0\" data-ccp-props=\"{&quot;201341983&quot;:0,&quot;335559739&quot;:160,&quot;335559740&quot;:259}\">\u00a0<\/span><\/li>\n<\/ul>\n<p>[\/vc_column_text][\/vc_column][vc_column width=&#8220;1\/2&#8243;][vc_column_text]<span class=\"TextRun SCXW111196030 BCX0\" lang=\"DE-DE\" xml:lang=\"DE-DE\" data-contrast=\"auto\"><span class=\"NormalTextRun SCXW111196030 BCX0\">Das Trance X E+ von Giant ist ein herausragendes E-MTB-Modell, das sowohl 2021 als auch 2022 zu den Top-Modellen z\u00e4hlt. Mit einem komplett neuen Rahmendesign, optimiert f\u00fcr 29-Zoll-Laufr\u00e4der, bietet es ein komfortables und vielseitiges Fahrerlebnis auf allen Trails. Die 150-mm-Gabel vorne und 140-mm-Federweg am Hinterrad dank der Maestro-Doppellink-Plattform sorgen f\u00fcr eine zuverl\u00e4ssige Federung. Im Vergleich zu den Vorg\u00e4ngern bietet das Trance X E+ einen gr\u00f6\u00dferen 625-Wh-Akku, der optional mit dem <\/span><span class=\"NormalTextRun SCXW111196030 BCX0\">EnergyPak<\/span><span class=\"NormalTextRun SCXW111196030 BCX0\"> Plus auf 865 Wh erweitert werden kann. Damit kann es mit den <\/span><span class=\"NormalTextRun SCXW111196030 BCX0\">Full<\/span><span class=\"NormalTextRun SCXW111196030 BCX0\">-Size-Akkuoptionen anderer Marken mithalten und er\u00f6ffnet neue M\u00f6glichkeiten f\u00fcr ausgedehnte <\/span><span class=\"NormalTextRun SCXW111196030 BCX0\">Tour<\/span><span class=\"NormalTextRun SCXW111196030 BCX0\">en. <\/span><\/span><a class=\"Hyperlink SCXW111196030 BCX0\" href=\"https:\/\/thecycleverse.com\/de\/blog\/e-bike-test#Giant-Trance-X-E-plus\" target=\"_blank\" rel=\"noreferrer noopener\"><span class=\"TextRun Underlined SCXW111196030 BCX0\" lang=\"DE-DE\" xml:lang=\"DE-DE\" data-contrast=\"none\"><span class=\"NormalTextRun SCXW111196030 BCX0\" data-ccp-charstyle=\"Hyperlink\">thecycleverse<\/span><\/span><\/a><span class=\"TextRun SCXW111196030 BCX0\" lang=\"DE-DE\" xml:lang=\"DE-DE\" data-contrast=\"auto\"><span class=\"NormalTextRun SCXW111196030 BCX0\"> gibt 9<\/span> <span class=\"NormalTextRun SCXW111196030 BCX0\">vo<\/span><span class=\"NormalTextRun SCXW111196030 BCX0\">n<\/span><span class=\"NormalTextRun SCXW111196030 BCX0\"> 10 Punkte.<\/span><\/span><span class=\"EOP SCXW111196030 BCX0\" data-ccp-props=\"{&quot;201341983&quot;:0,&quot;335559739&quot;:160,&quot;335559740&quot;:259}\">\u00a0<\/span>[\/vc_column_text][\/vc_column][\/vc_row][vc_row][vc_column width=&#8220;1\/1&#8243;]<a href=\"https:\/\/www.fahrrad-xxl.at\/serie\/giant-trance-e\/\" target=\"_blank\" class=\"button button-appear custom large \" style=\"background-color: #a82323; border-color: #a82323;border-radius: 30px;\"><span>Entdecke das Giant Trance X E+!<i class='fa fas fa-chevron-circle-right'><\/i><\/span><\/a><div class=\"divider divider3\" style='margin:60px 0 60px 0 !important;'><\/div>[\/vc_column][\/vc_row][vc_row][vc_column width=&#8220;1\/1&#8243;][vc_column_text css_animation=&#8220;none&#8220;]<\/p>\n<h3><span class=\"LineBreakBlob BlobObject DragDrop SCXW63837321 BCX0\"><span class=\"SCXW63837321 BCX0\">\u00a0<\/span><\/span><span class=\"TextRun SCXW63837321 BCX0\" lang=\"DE-DE\" xml:lang=\"DE-DE\" data-contrast=\"none\"><span class=\"NormalTextRun SCXW63837321 BCX0\" data-ccp-parastyle=\"heading 3\">Giant Trance X <\/span><span class=\"NormalTextRun SCXW63837321 BCX0\" data-ccp-parastyle=\"heading 3\">Advanced<\/span><span class=\"NormalTextRun SCXW63837321 BCX0\" data-ccp-parastyle=\"heading 3\"> E+<\/span><\/span><span class=\"EOP SCXW63837321 BCX0\" data-ccp-props=\"{&quot;134245418&quot;:true,&quot;134245529&quot;:true,&quot;201341983&quot;:0,&quot;335559738&quot;:40,&quot;335559739&quot;:0,&quot;335559740&quot;:259}\">\u00a0<\/span><\/h3>\n<p>[\/vc_column_text]<div class=\"single_image wpb_content_element align-center    \" data-animation=\"none\" data-delay=\"0\"><a href=\"https:\/\/www.fahrrad-xxl.at\/giant-trance-x-advanced-e-1-m000020426\" target=\"_blank\"><img width=\"1920\" height=\"1280\" src=\"https:\/\/www.fahrrad-xxl.at\/blog\/wp-content\/uploads\/2020\/02\/Giant-Trance-X-E.jpg\" class=\"attachment-full\" alt=\"Giant Trance X E+\" decoding=\"async\" loading=\"lazy\" title=\"E-Bike Test &amp; Vergleich 2023: Testsieger, Kauftipps &amp; mehr\" srcset=\"https:\/\/www.fahrrad-xxl.at\/blog\/wp-content\/uploads\/2020\/02\/Giant-Trance-X-E.jpg 1920w, https:\/\/www.fahrrad-xxl.at\/blog\/wp-content\/uploads\/2020\/02\/Giant-Trance-X-E-300x200.jpg 300w, https:\/\/www.fahrrad-xxl.at\/blog\/wp-content\/uploads\/2020\/02\/Giant-Trance-X-E-1024x683.jpg 1024w, https:\/\/www.fahrrad-xxl.at\/blog\/wp-content\/uploads\/2020\/02\/Giant-Trance-X-E-768x512.jpg 768w, https:\/\/www.fahrrad-xxl.at\/blog\/wp-content\/uploads\/2020\/02\/Giant-Trance-X-E-1536x1024.jpg 1536w, https:\/\/www.fahrrad-xxl.at\/blog\/wp-content\/uploads\/2020\/02\/Giant-Trance-X-E-600x400.jpg 600w\" sizes=\"(max-width: 1920px) 100vw, 1920px\" \/><\/a><span class=\"single_image_caption\">Giant Trance X E+<\/span><\/div>[\/vc_column][\/vc_row][vc_row][vc_column width=&#8220;1\/2&#8243;][vc_column_text css_animation=&#8220;none&#8220;]<em>Die Eigenschaften des Giant Trance X Advanced E+<\/em><\/p>\n<ul>\n<li><span style=\"color: #008000;\">schicker Carbon Rahmen<\/span><\/li>\n<li><span style=\"color: #008000;\">neuer Motor mit mehr Leistung<\/span><\/li>\n<li><span style=\"color: #008000;\">sehr gute Ausstattung<\/span><\/li>\n<li>eingeschr\u00e4nkte Agilit\u00e4t<\/li>\n<\/ul>\n<p>[\/vc_column_text][\/vc_column][vc_column width=&#8220;1\/2&#8243;][vc_column_text]<span class=\"TextRun SCXW187575245 BCX0\" lang=\"DE-DE\" xml:lang=\"DE-DE\" data-contrast=\"auto\"><span class=\"NormalTextRun SCXW187575245 BCX0\">Das Giant Trance X <\/span><span class=\"NormalTextRun SCXW187575245 BCX0\">Advanced<\/span><span class=\"NormalTextRun SCXW187575245 BCX0\"> E+ ist die neueste Carbon-Variante des Alu-Trance X E+. Als erstes Carbon-E-MTB von Giant bietet es zusammen mit dem integrierten Fox Live Valve Federungssystem eine deutlich verbesserte Performance. Mit einem Gewicht von 22,2 kg ist es zwar schwer, aber durch den langen Radstand und die niedrige Rahmenkonstruktion leicht zu kontrollieren und sogar fast wendig. Mit dem Maestro Flip-Chip System l\u00e4sst sich der Rahmen durch eine Tretlagererh\u00f6hung um 10 mm und eine Ver\u00e4nderung des Steuerrohr- und Sitzrohrwinkels um 0,7 Grad an den eigenen Fahrstil oder das Gel\u00e4nde anpassen. <\/span><span class=\"NormalTextRun SCXW187575245 BCX0\">Klare 9 von 10 Punkte von <\/span><\/span><a class=\"Hyperlink SCXW187575245 BCX0\" href=\"https:\/\/thecycleverse.com\/de\/blog\/e-bike-test#Giant-Trance-X-Advanced-E-plus\" target=\"_blank\" rel=\"noreferrer noopener\"><span class=\"TextRun Underlined SCXW187575245 BCX0\" lang=\"DE-DE\" xml:lang=\"DE-DE\" data-contrast=\"none\"><span class=\"NormalTextRun SCXW187575245 BCX0\" data-ccp-charstyle=\"Hyperlink\">thec<\/span><span class=\"NormalTextRun SCXW187575245 BCX0\" data-ccp-charstyle=\"Hyperlink\">ylceverse<\/span><\/span><\/a><span class=\"TextRun SCXW187575245 BCX0\" lang=\"DE-DE\" xml:lang=\"DE-DE\" data-contrast=\"auto\"><span class=\"NormalTextRun SCXW187575245 BCX0\">.<\/span><\/span><span class=\"EOP SCXW187575245 BCX0\" data-ccp-props=\"{&quot;201341983&quot;:0,&quot;335559739&quot;:160,&quot;335559740&quot;:259}\">\u00a0<\/span>[\/vc_column_text][\/vc_column][\/vc_row][vc_row][vc_column width=&#8220;1\/1&#8243;]<a href=\"https:\/\/www.fahrrad-xxl.at\/serie\/giant-trance-advcanced\/\" target=\"_blank\" class=\"button button-appear custom large \" style=\"background-color: #a82323; border-color: #a82323;border-radius: 30px;\"><span>Entdecke das Giant Trance Advanced!<i class='fa fas fa-chevron-circle-right'><\/i><\/span><\/a><div class=\"divider divider3\" style='margin:60px 0 60px 0 !important;'><\/div>[\/vc_column][\/vc_row][vc_row][vc_column width=&#8220;1\/1&#8243;][vc_column_text css_animation=&#8220;none&#8220;]<\/p>\n<h3><span class=\"TextRun SCXW54166698 BCX0\" lang=\"DE-DE\" xml:lang=\"DE-DE\" data-contrast=\"none\"><span class=\"NormalTextRun SCXW54166698 BCX0\" data-ccp-parastyle=\"heading 3\">Orbea<\/span> <span class=\"NormalTextRun SCXW54166698 BCX0\" data-ccp-parastyle=\"heading 3\">Rise<\/span><span class=\"NormalTextRun SCXW54166698 BCX0\" data-ccp-parastyle=\"heading 3\"> M-Team<\/span><\/span><span class=\"EOP SCXW54166698 BCX0\" data-ccp-props=\"{&quot;134245418&quot;:true,&quot;134245529&quot;:true,&quot;201341983&quot;:0,&quot;335559738&quot;:40,&quot;335559739&quot;:0,&quot;335559740&quot;:259}\">\u00a0<\/span><\/h3>\n<p>[\/vc_column_text]<div class=\"single_image wpb_content_element align-center    \" data-animation=\"none\" data-delay=\"0\"><a href=\"https:\/\/www.fahrrad-xxl.at\/orbea-rise-m-team-m000041297\" target=\"_blank\"><img width=\"1920\" height=\"1280\" src=\"https:\/\/www.fahrrad-xxl.at\/blog\/wp-content\/uploads\/2020\/02\/Orbea-Rise-M-Team.jpg\" class=\"attachment-full\" alt=\"Orbea Rise M-Team\" decoding=\"async\" loading=\"lazy\" title=\"E-Bike Test &amp; Vergleich 2023: Testsieger, Kauftipps &amp; mehr\" srcset=\"https:\/\/www.fahrrad-xxl.at\/blog\/wp-content\/uploads\/2020\/02\/Orbea-Rise-M-Team.jpg 1920w, https:\/\/www.fahrrad-xxl.at\/blog\/wp-content\/uploads\/2020\/02\/Orbea-Rise-M-Team-300x200.jpg 300w, https:\/\/www.fahrrad-xxl.at\/blog\/wp-content\/uploads\/2020\/02\/Orbea-Rise-M-Team-1024x683.jpg 1024w, https:\/\/www.fahrrad-xxl.at\/blog\/wp-content\/uploads\/2020\/02\/Orbea-Rise-M-Team-768x512.jpg 768w, https:\/\/www.fahrrad-xxl.at\/blog\/wp-content\/uploads\/2020\/02\/Orbea-Rise-M-Team-1536x1024.jpg 1536w, https:\/\/www.fahrrad-xxl.at\/blog\/wp-content\/uploads\/2020\/02\/Orbea-Rise-M-Team-600x400.jpg 600w\" sizes=\"(max-width: 1920px) 100vw, 1920px\" \/><\/a><span class=\"single_image_caption\">Orbea Rise M-Team<\/span><\/div>[\/vc_column][\/vc_row][vc_row][vc_column width=&#8220;1\/2&#8243;][vc_column_text css_animation=&#8220;none&#8220;]<em>Die Eigenschaften des <span class=\"TextRun SCXW190593613 BCX0\" lang=\"DE-DE\" xml:lang=\"DE-DE\" data-contrast=\"none\"><span class=\"NormalTextRun SCXW190593613 BCX0\" data-ccp-parastyle=\"heading 3\">Orbea<\/span> <span class=\"NormalTextRun SCXW190593613 BCX0\" data-ccp-parastyle=\"heading 3\">Rise<\/span><span class=\"NormalTextRun SCXW190593613 BCX0\" data-ccp-parastyle=\"heading 3\"> M-Team<\/span><\/span><span class=\"EOP SCXW190593613 BCX0\" data-ccp-props=\"{&quot;134245418&quot;:true,&quot;134245529&quot;:true,&quot;201341983&quot;:0,&quot;335559738&quot;:40,&quot;335559739&quot;:0,&quot;335559740&quot;:259}\">\u00a0<\/span><\/em><\/p>\n<ul>\n<li><span style=\"color: #008000;\"><span data-contrast=\"auto\">MyO-Konfigurator<\/span><span data-ccp-props=\"{&quot;201341983&quot;:0,&quot;335559739&quot;:160,&quot;335559740&quot;:259}\">\u00a0<\/span><\/span><\/li>\n<li><span style=\"color: #008000;\"><span data-contrast=\"auto\">Modulares Akku-Konzept<\/span><span data-ccp-props=\"{&quot;201341983&quot;:0,&quot;335559739&quot;:160,&quot;335559740&quot;:259}\">\u00a0<\/span><\/span><\/li>\n<li><span style=\"color: #008000;\">sehr gute Ausstattung<\/span><\/li>\n<li>Kein entnehmbarer Akku<span data-ccp-props=\"{&quot;201341983&quot;:0,&quot;335559739&quot;:160,&quot;335559740&quot;:259}\">\u00a0<\/span><\/li>\n<\/ul>\n<p>[\/vc_column_text][\/vc_column][vc_column width=&#8220;1\/2&#8243;][vc_column_text]<span class=\"TextRun SCXW162957699 BCX0\" lang=\"DE-DE\" xml:lang=\"DE-DE\" data-contrast=\"auto\"><span class=\"NormalTextRun SCXW162957699 BCX0\">Das \u00fcberarbeitete <\/span><span class=\"NormalTextRun SCXW162957699 BCX0\">Orbea<\/span> <span class=\"NormalTextRun SCXW162957699 BCX0\">Rise<\/span><span class=\"NormalTextRun SCXW162957699 BCX0\"> beeindruckt mit dem Shimano EP801 RS-Motor und einem 540-Wh-Akku. Mit seinem nat\u00fcrlichen Fahrgef\u00fchl reiht es sich unter den <\/span><span class=\"NormalTextRun SCXW162957699 BCX0\">Full<\/span><span class=\"NormalTextRun SCXW162957699 BCX0\">-Power-E-MTBs ein. Neben dem Motor bietet es verschiedene Akku-Optionen, darunter auch einen 540-Wh-Akku und einen 252 Wh Range Extender. Das E-Bike punktet mit hochwertiger Ausstattung, inklusive FOX Factory-Fahrwerk und Shimano XTR-Bremse. <\/span><span class=\"NormalTextRun SCXW162957699 BCX0\">\u201c<\/span><span class=\"NormalTextRun SCXW162957699 BCX0\">Das <\/span><span class=\"NormalTextRun SCXW162957699 BCX0\">Orbea<\/span> <span class=\"NormalTextRun SCXW162957699 BCX0\">Rise<\/span><span class=\"NormalTextRun SCXW162957699 BCX0\"> M-Team schl\u00e4gt die Br\u00fccke zwischen Light- und <\/span><span class=\"NormalTextRun SCXW162957699 BCX0\">Full<\/span><span class=\"NormalTextRun SCXW162957699 BCX0\">-Power-E-MTBs. Mit gro\u00dfem Akku und bequemer Sitzposition meistert es lange <\/span><span class=\"NormalTextRun SCXW162957699 BCX0\">Tour<\/span><span class=\"NormalTextRun SCXW162957699 BCX0\">en und durch das gutm\u00fctige Handl<\/span><span class=\"NormalTextRun SCXW162957699 BCX0\">ing<\/span><span class=\"NormalTextRun SCXW162957699 BCX0\"> eignet es sich f\u00fcr Einsteiger und erfahrene Trail-Piloten&#8220;, so das Urteil von <\/span><\/span><a class=\"Hyperlink SCXW162957699 BCX0\" href=\"https:\/\/ebike-mtb.com\/orbea-rise-m-team-2023-test\/\" target=\"_blank\" rel=\"noreferrer noopener\"><span class=\"TextRun Underlined SCXW162957699 BCX0\" lang=\"DE-DE\" xml:lang=\"DE-DE\" data-contrast=\"none\"><span class=\"NormalTextRun SCXW162957699 BCX0\" data-ccp-charstyle=\"Hyperlink\">ebike-mtb.com<\/span><\/span><\/a><span class=\"TextRun SCXW162957699 BCX0\" lang=\"DE-DE\" xml:lang=\"DE-DE\" data-contrast=\"auto\"><span class=\"NormalTextRun SCXW162957699 BCX0\">.<\/span><\/span><span class=\"LineBreakBlob BlobObject DragDrop SCXW162957699 BCX0\"><span class=\"SCXW162957699 BCX0\">\u00a0<\/span><br class=\"SCXW162957699 BCX0\" \/><\/span><span class=\"EOP SCXW162957699 BCX0\" data-ccp-props=\"{&quot;201341983&quot;:0,&quot;335559739&quot;:160,&quot;335559740&quot;:259}\">\u00a0<\/span>[\/vc_column_text][\/vc_column][\/vc_row][vc_row][vc_column width=&#8220;1\/1&#8243;]<a href=\"https:\/\/www.fahrrad-xxl.at\/serie\/orbea-rise\/\" target=\"_blank\" class=\"button button-appear custom large \" style=\"background-color: #a82323; border-color: #a82323;border-radius: 30px;\"><span>Entdecke unsere Orbea Rise Modelle!<i class='fa fas fa-chevron-circle-right'><\/i><\/span><\/a><div class=\"divider divider3\" style='margin:60px 0 60px 0 !important;'><\/div>[\/vc_column][\/vc_row][vc_row][vc_column width=&#8220;1\/1&#8243;][vc_column_text css_animation=&#8220;none&#8220;]<\/p>\n<h3><span class=\"TextRun SCXW21888503 BCX0\" lang=\"DE-DE\" xml:lang=\"DE-DE\" data-contrast=\"none\"><span class=\"NormalTextRun SCXW21888503 BCX0\" data-ccp-parastyle=\"heading 3\">Scott Lumen <\/span><span class=\"NormalTextRun SCXW21888503 BCX0\" data-ccp-parastyle=\"heading 3\">eRide<\/span><span class=\"NormalTextRun SCXW21888503 BCX0\" data-ccp-parastyle=\"heading 3\"> 910<\/span><\/span><span class=\"EOP SCXW21888503 BCX0\" data-ccp-props=\"{&quot;134245418&quot;:true,&quot;134245529&quot;:true,&quot;201341983&quot;:0,&quot;335559738&quot;:40,&quot;335559739&quot;:0,&quot;335559740&quot;:259}\">\u00a0<\/span><\/h3>\n<p>[\/vc_column_text]<div class=\"single_image wpb_content_element align-center    \" data-animation=\"none\" data-delay=\"0\"><a href=\"https:\/\/www.fahrrad-xxl.atscott-lumen-eride-910-m000066620\" target=\"_blank\"><img width=\"1569\" height=\"1008\" src=\"https:\/\/www.fahrrad-xxl.at\/blog\/wp-content\/uploads\/2023\/03\/Scott-Lumen-eRide-910-2023-1-e1679989303463.jpg\" class=\"attachment-full\" alt=\"Scott Lumen eRide 910\" decoding=\"async\" loading=\"lazy\" title=\"Light E-MTB Neuheiten 2024: Die Leichtgewichte der Saison\" srcset=\"https:\/\/www.fahrrad-xxl.at\/blog\/wp-content\/uploads\/2023\/03\/Scott-Lumen-eRide-910-2023-1-e1679989303463.jpg 1569w, https:\/\/www.fahrrad-xxl.at\/blog\/wp-content\/uploads\/2023\/03\/Scott-Lumen-eRide-910-2023-1-e1679989303463-300x193.jpg 300w, https:\/\/www.fahrrad-xxl.at\/blog\/wp-content\/uploads\/2023\/03\/Scott-Lumen-eRide-910-2023-1-e1679989303463-1024x658.jpg 1024w, https:\/\/www.fahrrad-xxl.at\/blog\/wp-content\/uploads\/2023\/03\/Scott-Lumen-eRide-910-2023-1-e1679989303463-768x493.jpg 768w, https:\/\/www.fahrrad-xxl.at\/blog\/wp-content\/uploads\/2023\/03\/Scott-Lumen-eRide-910-2023-1-e1679989303463-1536x987.jpg 1536w\" sizes=\"(max-width: 1569px) 100vw, 1569px\" \/><\/a><span class=\"single_image_caption\">Scott Lumen eRide 910 <\/span><\/div>[\/vc_column][\/vc_row][vc_row][vc_column width=&#8220;1\/2&#8243;][vc_column_text css_animation=&#8220;none&#8220;]<em>Die Eigenschaften des <span class=\"TextRun SCXW58772494 BCX0\" lang=\"DE-DE\" xml:lang=\"DE-DE\" data-contrast=\"none\"><span class=\"NormalTextRun SCXW58772494 BCX0\" data-ccp-parastyle=\"heading 3\">Scott Lumen <\/span><span class=\"NormalTextRun SCXW58772494 BCX0\" data-ccp-parastyle=\"heading 3\">eRide<\/span><span class=\"NormalTextRun SCXW58772494 BCX0\" data-ccp-parastyle=\"heading 3\"> 910<\/span><\/span><span class=\"EOP SCXW58772494 BCX0\" data-ccp-props=\"{&quot;134245418&quot;:true,&quot;134245529&quot;:true,&quot;201341983&quot;:0,&quot;335559738&quot;:40,&quot;335559739&quot;:0,&quot;335559740&quot;:259}\">\u00a0<\/span><\/em><\/p>\n<ul>\n<li><span style=\"color: #008000;\"><span data-contrast=\"auto\">Agiles Fahrverhalten\u00a0<\/span><\/span><\/li>\n<li><span style=\"color: #008000;\"><span data-contrast=\"auto\">Rasant dank TQ-Motor\u00a0<\/span><\/span><\/li>\n<li><span style=\"color: #008000;\"><span data-contrast=\"auto\">Garantierter Fahrspa\u00df<\/span><span data-ccp-props=\"{&quot;201341983&quot;:0,&quot;335559739&quot;:160,&quot;335559740&quot;:259}\">\u00a0<\/span><\/span><\/li>\n<li><span data-contrast=\"auto\">Bremspower<\/span><span data-ccp-props=\"{&quot;201341983&quot;:0,&quot;335559739&quot;:160,&quot;335559740&quot;:259}\">\u00a0<\/span><\/li>\n<\/ul>\n<p>[\/vc_column_text][\/vc_column][vc_column width=&#8220;1\/2&#8243;][vc_column_text]<span class=\"LineBreakBlob BlobObject DragDrop SCXW162957699 BCX0\"><span class=\"TextRun SCXW125755444 BCX0\" lang=\"DE-DE\" xml:lang=\"DE-DE\" data-contrast=\"auto\"><span class=\"NormalTextRun SCXW125755444 BCX0\">Das Scott Lumen <\/span><span class=\"NormalTextRun SCXW125755444 BCX0\">eRide<\/span><span class=\"NormalTextRun SCXW125755444 BCX0\"> 910 besticht mit seinem cleanen Look und einer cleveren Integration des D\u00e4mpfers und Motors. Der leistungsstarke TQ-Motor liefert 50 <\/span><span class=\"NormalTextRun SCXW125755444 BCX0\">Nm<\/span><span class=\"NormalTextRun SCXW125755444 BCX0\"> Spitzenleistung, w\u00e4hrend das integrierte TQ-Display n\u00fctzliche Daten anzeigt. Mit 130 mm Federweg vorne und hinten, <\/span><span class=\"NormalTextRun SCXW125755444 BCX0\">TwinLoc<\/span><span class=\"NormalTextRun SCXW125755444 BCX0\">-Fernbedienung und einem steilen 77\u00b0-Sitzwinkel bietet das Lumen besten Vortrieb und effektives Klettern. Der Eco-Modus erm\u00f6glicht schnelles Tempo, w\u00e4hrend das Bike dank des tiefen Schwerpunkts und des quicklebendigen Handl<\/span><span class=\"NormalTextRun SCXW125755444 BCX0\">ing<\/span><span class=\"NormalTextRun SCXW125755444 BCX0\">s in kurvigen Trails viel Fahrspa\u00df bietet. F\u00fcr <\/span><\/span><a class=\"Hyperlink SCXW125755444 BCX0\" href=\"https:\/\/www.radfahren.de\/test-technik\/scott-lumen-eride-910-test\/\" target=\"_blank\" rel=\"noreferrer noopener\"><span class=\"TextRun Underlined SCXW125755444 BCX0\" lang=\"DE-DE\" xml:lang=\"DE-DE\" data-contrast=\"none\"><span class=\"NormalTextRun SCXW125755444 BCX0\" data-ccp-charstyle=\"Hyperlink\">radfahren.de<\/span><\/span><\/a><span class=\"TextRun SCXW125755444 BCX0\" lang=\"DE-DE\" xml:lang=\"DE-DE\" data-contrast=\"auto\"><span class=\"NormalTextRun SCXW125755444 BCX0\"> ein klares \u201cSehr gut\u201d.<\/span><\/span><span class=\"EOP SCXW125755444 BCX0\" data-ccp-props=\"{&quot;201341983&quot;:0,&quot;335559739&quot;:160,&quot;335559740&quot;:259}\">\u00a0<\/span><\/span><span class=\"EOP SCXW162957699 BCX0\" data-ccp-props=\"{&quot;201341983&quot;:0,&quot;335559739&quot;:160,&quot;335559740&quot;:259}\">\u00a0<\/span>[\/vc_column_text][\/vc_column][\/vc_row][vc_row][vc_column width=&#8220;1\/1&#8243;]<a href=\"https:\/\/www.fahrrad-xxl.at\/fahrraeder\/e-bike\/marke.scott\/\" target=\"_blank\" class=\"button button-appear custom large \" style=\"background-color: #a82323; border-color: #a82323;border-radius: 30px;\"><span>Entdecke unsere Scott E-Bikes!<i class='fa fas fa-chevron-circle-right'><\/i><\/span><\/a><div class=\"divider divider3\" style='margin:60px 0 60px 0 !important;'><\/div>[\/vc_column][\/vc_row][vc_row][vc_column width=&#8220;1\/1&#8243;][vc_column_text css_animation=&#8220;none&#8220;]<\/p>\n<h3><strong>Specialized Turbo Tero 5.0<\/strong><\/h3>\n<p>[\/vc_column_text]<div class=\"single_image wpb_content_element align-center    \" data-animation=\"none\" data-delay=\"0\"><a href=\"https:\/\/www.fahrrad-xxl.at\/specialized-turbo-tero-x-5-0-m000074493\" target=\"_blank\"><img width=\"1920\" height=\"1280\" src=\"https:\/\/www.fahrrad-xxl.at\/blog\/wp-content\/uploads\/2020\/02\/Specialized-Turbo-Tero-5.0.jpg\" class=\"attachment-full\" alt=\"Specialized Turbo Tero 5.0\" decoding=\"async\" loading=\"lazy\" title=\"E-Bike Test &amp; Vergleich 2023: Testsieger, Kauftipps &amp; mehr\" srcset=\"https:\/\/www.fahrrad-xxl.at\/blog\/wp-content\/uploads\/2020\/02\/Specialized-Turbo-Tero-5.0.jpg 1920w, https:\/\/www.fahrrad-xxl.at\/blog\/wp-content\/uploads\/2020\/02\/Specialized-Turbo-Tero-5.0-300x200.jpg 300w, https:\/\/www.fahrrad-xxl.at\/blog\/wp-content\/uploads\/2020\/02\/Specialized-Turbo-Tero-5.0-1024x683.jpg 1024w, https:\/\/www.fahrrad-xxl.at\/blog\/wp-content\/uploads\/2020\/02\/Specialized-Turbo-Tero-5.0-768x512.jpg 768w, https:\/\/www.fahrrad-xxl.at\/blog\/wp-content\/uploads\/2020\/02\/Specialized-Turbo-Tero-5.0-1536x1024.jpg 1536w, https:\/\/www.fahrrad-xxl.at\/blog\/wp-content\/uploads\/2020\/02\/Specialized-Turbo-Tero-5.0-600x400.jpg 600w\" sizes=\"(max-width: 1920px) 100vw, 1920px\" \/><\/a><span class=\"single_image_caption\">Specialized Turbo Tero 5.0 <\/span><\/div>[\/vc_column][\/vc_row][vc_row][vc_column width=&#8220;1\/2&#8243;][vc_column_text css_animation=&#8220;none&#8220;]<em>Die Eigenschaften des <span class=\"TextRun SCXW241806859 BCX0\" lang=\"DE-DE\" xml:lang=\"DE-DE\" data-contrast=\"none\"><span class=\"NormalTextRun SCXW241806859 BCX0\" data-ccp-parastyle=\"heading 3\">Specialized <\/span><span class=\"NormalTextRun SCXW241806859 BCX0\" data-ccp-parastyle=\"heading 3\">Turbo<\/span><span class=\"NormalTextRun SCXW241806859 BCX0\" data-ccp-parastyle=\"heading 3\"> Tero 5.0<\/span><\/span><span class=\"EOP SCXW241806859 BCX0\" data-ccp-props=\"{&quot;134245418&quot;:true,&quot;134245529&quot;:true,&quot;201341983&quot;:0,&quot;335559738&quot;:40,&quot;335559739&quot;:0,&quot;335559740&quot;:259}\">\u00a0<\/span><\/em><\/p>\n<ul>\n<li><span style=\"color: #008000;\"><span class=\"TextRun SCXW198025433 BCX0\" lang=\"DE-DE\" xml:lang=\"DE-DE\" data-contrast=\"auto\"><span class=\"NormalTextRun SCXW198025433 BCX0\">Hydraulische<\/span><span class=\"NormalTextRun SCXW198025433 BCX0\"> Sattelst\u00fctze<\/span><\/span> <\/span><\/li>\n<li><span style=\"color: #008000;\"><span class=\"EOP SCXW198025433 BCX0\" data-ccp-props=\"{&quot;201341983&quot;:0,&quot;335559739&quot;:160,&quot;335559740&quot;:259}\"><span class=\"TextRun SCXW229878236 BCX0\" lang=\"DE-DE\" xml:lang=\"DE-DE\" data-contrast=\"auto\"><span class=\"NormalTextRun SCXW229878236 BCX0\">Vielseitig einsetzbar<\/span><\/span><span class=\"EOP SCXW229878236 BCX0\" data-ccp-props=\"{&quot;201341983&quot;:0,&quot;335559739&quot;:160,&quot;335559740&quot;:259}\">\u00a0<\/span><\/span><\/span><\/li>\n<li><span style=\"color: #008000;\"><span class=\"TextRun SCXW187328630 BCX0\" lang=\"DE-DE\" xml:lang=\"DE-DE\" data-contrast=\"auto\"><span class=\"NormalTextRun SCXW187328630 BCX0\">Breite Reifen<\/span><\/span><span class=\"EOP SCXW187328630 BCX0\" data-ccp-props=\"{&quot;201341983&quot;:0,&quot;335559739&quot;:160,&quot;335559740&quot;:259}\">\u00a0<\/span><\/span><\/li>\n<li>nicht f\u00fcr harte Singletrails geeignet<\/li>\n<\/ul>\n<p>[\/vc_column_text][\/vc_column][vc_column width=&#8220;1\/2&#8243;][vc_column_text]<span class=\"TextRun SCXW201688377 BCX0\" lang=\"DE-DE\" xml:lang=\"DE-DE\" data-contrast=\"auto\"><span class=\"NormalTextRun SCXW201688377 BCX0\">Mit dem Turbo Tero 5.0 pr\u00e4sentiert Specialized ein vielseitiges E-Bike, das auf einem E-MTB-Rahmen mit 29-Zoll-Laufr\u00e4dern und 110 mm Vorderradfederung basiert. Neben den \u00fcblichen Features eines reinrassigen E-MTB-<\/span><span class=\"NormalTextRun SCXW201688377 BCX0\">Hardtails<\/span><span class=\"NormalTextRun SCXW201688377 BCX0\"> bietet das Tero 5.0 modulare Zubeh\u00f6rhalter, das neue <\/span><span class=\"NormalTextRun SCXW201688377 BCX0\">MasterMind<\/span><span class=\"NormalTextRun SCXW201688377 BCX0\">-Display und die Konnektivit\u00e4t mit der Mission Control App. Diese Features verleihen dem Bike einen multifunktionalen Touch und kombinieren die Specialized MTB-DNA mit E-Bike-Technologien und vielseitigen Features.<\/span><span class=\"NormalTextRun SCXW201688377 BCX0\">\u00a0<\/span><\/span><a class=\"Hyperlink SCXW201688377 BCX0\" href=\"https:\/\/thecycleverse.com\/de\/blog\/e-bike-test#Specialized-Turbo-Tero-5-0\" target=\"_blank\" rel=\"noreferrer noopener\"><span class=\"TextRun Underlined SCXW201688377 BCX0\" lang=\"DE-DE\" xml:lang=\"DE-DE\" data-contrast=\"none\"><span class=\"NormalTextRun SCXW201688377 BCX0\" data-ccp-charstyle=\"Hyperlink\">t<\/span><span class=\"NormalTextRun SCXW201688377 BCX0\" data-ccp-charstyle=\"Hyperlink\">hecycleverse<\/span><\/span><\/a><span class=\"TextRun SCXW201688377 BCX0\" lang=\"DE-DE\" xml:lang=\"DE-DE\" data-contrast=\"auto\"> <span class=\"NormalTextRun SCXW201688377 BCX0\">vergibt<\/span><span class=\"NormalTextRun SCXW201688377 BCX0\"> 9 Punkte.<\/span><\/span><span class=\"EOP SCXW201688377 BCX0\" data-ccp-props=\"{&quot;201341983&quot;:0,&quot;335559739&quot;:160,&quot;335559740&quot;:259}\">\u00a0<\/span>[\/vc_column_text][\/vc_column][\/vc_row][vc_row][vc_column width=&#8220;1\/1&#8243;]<a href=\"https:\/\/www.fahrrad-xxl.at\/fahrraeder\/e-bike\/marke.specialized\/\" target=\"_blank\" class=\"button button-appear custom large \" style=\"background-color: #a82323; border-color: #a82323;border-radius: 30px;\"><span>Entdecke unsere Specialized E-Bikes<i class='fa fas fa-chevron-circle-right'><\/i><\/span><\/a><div class=\"divider divider3\" style='margin:60px 0 60px 0 !important;'><\/div>[\/vc_column][\/vc_row][vc_row][vc_column width=&#8220;1\/1&#8243;][vc_column_text css_animation=&#8220;none&#8220;]<\/p>\n<h3><strong>Cube Stereo Hybrid<\/strong><\/h3>\n<p>[\/vc_column_text]<div class=\"single_image wpb_content_element align-center    \" data-animation=\"none\" data-delay=\"0\"><a href=\"https:\/\/www.fahrrad-xxl.at\/cube-stereo-hybrid-120-pro-625-m000065493\" target=\"_blank\"><img width=\"1920\" height=\"1280\" src=\"https:\/\/www.fahrrad-xxl.at\/blog\/wp-content\/uploads\/2020\/02\/Cube-Stereo-Hybrid.jpg\" class=\"attachment-full\" alt=\"Cube Stereo Hybrid\" decoding=\"async\" loading=\"lazy\" title=\"E-Bike Test &amp; Vergleich 2023: Testsieger, Kauftipps &amp; mehr\" srcset=\"https:\/\/www.fahrrad-xxl.at\/blog\/wp-content\/uploads\/2020\/02\/Cube-Stereo-Hybrid.jpg 1920w, https:\/\/www.fahrrad-xxl.at\/blog\/wp-content\/uploads\/2020\/02\/Cube-Stereo-Hybrid-300x200.jpg 300w, https:\/\/www.fahrrad-xxl.at\/blog\/wp-content\/uploads\/2020\/02\/Cube-Stereo-Hybrid-1024x683.jpg 1024w, https:\/\/www.fahrrad-xxl.at\/blog\/wp-content\/uploads\/2020\/02\/Cube-Stereo-Hybrid-768x512.jpg 768w, https:\/\/www.fahrrad-xxl.at\/blog\/wp-content\/uploads\/2020\/02\/Cube-Stereo-Hybrid-1536x1024.jpg 1536w, https:\/\/www.fahrrad-xxl.at\/blog\/wp-content\/uploads\/2020\/02\/Cube-Stereo-Hybrid-600x400.jpg 600w\" sizes=\"(max-width: 1920px) 100vw, 1920px\" \/><\/a><span class=\"single_image_caption\">Cube Stereo Hybrid<\/span><\/div>[\/vc_column][\/vc_row][vc_row][vc_column width=&#8220;1\/2&#8243;][vc_column_text css_animation=&#8220;none&#8220;]<em>Die Eigenschaften des Cube Stereo Hybrid<\/em><\/p>\n<ul>\n<li><span style=\"color: #008000;\">Sicheres Handling<\/span><\/li>\n<li><span style=\"color: #008000;\">Sehr genaues, feinf\u00fchliges Fahrwerk<\/span><\/li>\n<li><span style=\"color: #008000;\">Perfekte Ausstattung mit Liebe zum Detail<\/span><\/li>\n<li>Hohes Gewicht<\/li>\n<\/ul>\n<p>[\/vc_column_text][\/vc_column][vc_column width=&#8220;1\/2&#8243;][vc_column_text css_animation=&#8220;none&#8220;]<span class=\"TextRun SCXW177848511 BCX0\" lang=\"DE-DE\" xml:lang=\"DE-DE\" data-contrast=\"auto\"><span class=\"NormalTextRun SCXW177848511 BCX0\">Das Stereo Hybrid 120 ist ein vielseitiger Allrounder f\u00fcr <\/span><span class=\"NormalTextRun SCXW177848511 BCX0\">Cross Country<\/span><span class=\"NormalTextRun SCXW177848511 BCX0\"> und <\/span><span class=\"NormalTextRun SCXW177848511 BCX0\">Tour<\/span><span class=\"NormalTextRun SCXW177848511 BCX0\">en. Das Stereo Hybrid 140, genannt <\/span><span class=\"NormalTextRun SCXW177848511 BCX0\">Trailhunter<\/span><span class=\"NormalTextRun SCXW177848511 BCX0\">, eignet sich mit seiner All-Mountain-Performance f\u00fcr Abenteuer<\/span><span class=\"NormalTextRun SCXW177848511 BCX0\">tour<\/span><span class=\"NormalTextRun SCXW177848511 BCX0\">en und steileres Gel\u00e4nde. Das Stereo Hybrid 160 erf\u00fcllt h\u00f6chste Enduro-Anspr\u00fcche und ist das Fully f\u00fcr alle Trail-Fahrer. Rahmengeometrie, Fahrwerk und Ausstattung sind jeweils auf Einsatzzweck und Fahrertyp abgestimmt.<\/span><span class=\"NormalTextRun SCXW177848511 BCX0\"> Die neu konstruierten Rahmen haben ein schlankeres Design und ein Zweikammer-<\/span><span class=\"NormalTextRun SCXW177848511 BCX0\">Sitzrohr<\/span><span class=\"NormalTextRun SCXW177848511 BCX0\">. Ein neues Bosch <\/span><span class=\"NormalTextRun SCXW177848511 BCX0\">Kiox<\/span><span class=\"NormalTextRun SCXW177848511 BCX0\"> 300 Display und eine \u00fcberarbeitete LED-Remote-Einheit sind ebenfalls Teil der Updates, w\u00e4hrend Schalt- und Bremsz\u00fcge nun durch den Steuersatz ins Innere der Rahmen gef\u00fchrt werden, so dass es keine Kabeleinf\u00fchrungen im Steuerrohrbereich mehr gibt.<\/span><span class=\"NormalTextRun SCXW177848511 BCX0\">\u00a09,5 Punkte gab es daf\u00fcr von <\/span><\/span><a class=\"Hyperlink SCXW177848511 BCX0\" href=\"https:\/\/thecycleverse.com\/de\/blog\/e-bike-test#Cube-Stereo-Hybrid\" target=\"_blank\" rel=\"noreferrer noopener\"><span class=\"TextRun Underlined SCXW177848511 BCX0\" lang=\"DE-DE\" xml:lang=\"DE-DE\" data-contrast=\"none\"><span class=\"NormalTextRun SCXW177848511 BCX0\" data-ccp-charstyle=\"Hyperlink\">thecycleverse<\/span><span class=\"NormalTextRun SCXW177848511 BCX0\" data-ccp-charstyle=\"Hyperlink\">.<\/span><\/span><\/a><span class=\"EOP SCXW177848511 BCX0\" data-ccp-props=\"{&quot;201341983&quot;:0,&quot;335559739&quot;:160,&quot;335559740&quot;:259}\">\u00a0<\/span>[\/vc_column_text][\/vc_column][\/vc_row][vc_row][vc_column width=&#8220;1\/1&#8243;]<a href=\"https:\/\/www.fahrrad-xxl.at\/serie\/cube-stereo-hybrid\/\" target=\"_blank\" class=\"button button-appear custom large \" style=\"background-color: #a82323; border-color: #a82323;border-radius: 30px;\"><span>Entdecke unsere Cube Stereo Hybrid Modelle!<i class='fa fas fa-chevron-circle-right'><\/i><\/span><\/a><div class=\"divider divider3\" style='margin:60px 0 60px 0 !important;'><\/div>[\/vc_column][\/vc_row][vc_row][vc_column width=&#8220;1\/1&#8243;][vc_column_text css_animation=&#8220;none&#8220;]<\/p>\n<h3><span class=\"TextRun SCXW144701977 BCX0\" lang=\"DE-DE\" xml:lang=\"DE-DE\" data-contrast=\"none\"><span class=\"NormalTextRun SCXW144701977 BCX0\" data-ccp-parastyle=\"heading 3\">Flyer <\/span><span class=\"NormalTextRun SCXW144701977 BCX0\" data-ccp-parastyle=\"heading 3\">Uproc<\/span><span class=\"NormalTextRun SCXW144701977 BCX0\" data-ccp-parastyle=\"heading 3\"> X 6.10<\/span><\/span><span class=\"EOP SCXW144701977 BCX0\" data-ccp-props=\"{&quot;134245418&quot;:true,&quot;134245529&quot;:true,&quot;201341983&quot;:0,&quot;335559738&quot;:40,&quot;335559739&quot;:0,&quot;335559740&quot;:259}\">\u00a0<\/span><\/h3>\n<p>[\/vc_column_text]<div class=\"single_image wpb_content_element align-center    \" data-animation=\"none\" data-delay=\"0\"><a href=\"https:\/\/www.fahrrad-xxl.at\/flyer-uproc-x-6-10-m000042908\" target=\"_blank\"><img width=\"1920\" height=\"1280\" src=\"https:\/\/www.fahrrad-xxl.at\/blog\/wp-content\/uploads\/2020\/02\/Flyer-Uproc-X-6.10.jpg\" class=\"attachment-full\" alt=\"Flyer Uproc X 6.10\" decoding=\"async\" loading=\"lazy\" title=\"E-Bike Test &amp; Vergleich 2023: Testsieger, Kauftipps &amp; mehr\" srcset=\"https:\/\/www.fahrrad-xxl.at\/blog\/wp-content\/uploads\/2020\/02\/Flyer-Uproc-X-6.10.jpg 1920w, https:\/\/www.fahrrad-xxl.at\/blog\/wp-content\/uploads\/2020\/02\/Flyer-Uproc-X-6.10-300x200.jpg 300w, https:\/\/www.fahrrad-xxl.at\/blog\/wp-content\/uploads\/2020\/02\/Flyer-Uproc-X-6.10-1024x683.jpg 1024w, https:\/\/www.fahrrad-xxl.at\/blog\/wp-content\/uploads\/2020\/02\/Flyer-Uproc-X-6.10-768x512.jpg 768w, https:\/\/www.fahrrad-xxl.at\/blog\/wp-content\/uploads\/2020\/02\/Flyer-Uproc-X-6.10-1536x1024.jpg 1536w, https:\/\/www.fahrrad-xxl.at\/blog\/wp-content\/uploads\/2020\/02\/Flyer-Uproc-X-6.10-600x400.jpg 600w\" sizes=\"(max-width: 1920px) 100vw, 1920px\" \/><\/a><span class=\"single_image_caption\">Flyer Uproc X 6.10<\/span><\/div>[\/vc_column][\/vc_row][vc_row][vc_column width=&#8220;1\/2&#8243;][vc_column_text css_animation=&#8220;none&#8220;]<em>Die Eigenschaften des Flyer Uproc X 6.10<\/em><\/p>\n<ul>\n<li><span style=\"color: #008000;\">Leistungsstarker Motor<\/span><\/li>\n<li><span style=\"color: #008000;\">Auch f\u00fcr Touren geeignet<\/span><\/li>\n<li><span style=\"color: #008000;\">Ausstattung und Fahrsicherheit ist gegeben<\/span><\/li>\n<li>Hohes Gewicht<\/li>\n<\/ul>\n<p>[\/vc_column_text][\/vc_column][vc_column width=&#8220;1\/2&#8243;][vc_column_text css_animation=&#8220;none&#8220;]<span class=\"TextRun SCXW2399660 BCX0\" lang=\"DE-DE\" xml:lang=\"DE-DE\" data-contrast=\"auto\"><span class=\"NormalTextRun SCXW2399660 BCX0\">Hohes Gewicht<\/span><\/span><span class=\"LineBreakBlob BlobObject DragDrop SCXW2399660 BCX0\"><span class=\"SCXW2399660 BCX0\">\u00a0<\/span><br class=\"SCXW2399660 BCX0\" \/><\/span><span class=\"TextRun SCXW2399660 BCX0\" lang=\"DE-DE\" xml:lang=\"DE-DE\" data-contrast=\"auto\"><span class=\"NormalTextRun SCXW2399660 BCX0\">Das Flyer <\/span><span class=\"NormalTextRun SCXW2399660 BCX0\">Uproc<\/span><span class=\"NormalTextRun SCXW2399660 BCX0\"> X 6.10 ist ein agiles E-All-Mountain, das sowohl bergauf als auch bergab schnell und wendig f\u00e4hrt. Mit dem leistungsstarken 95 <\/span><span class=\"NormalTextRun SCXW2399660 BCX0\">Nm<\/span><span class=\"NormalTextRun SCXW2399660 BCX0\"> Panasonic-Antrieb GX Ultimate Pro und einem gro\u00dfen 750-Wh-Akku im schmucken <\/span><span class=\"NormalTextRun SCXW2399660 BCX0\">Carbonchassis<\/span><span class=\"NormalTextRun SCXW2399660 BCX0\"> bietet es eine zuverl\u00e4ssige Motorpower. Die hochwertigen Fox-Parts sorgen f\u00fcr eine erstklassige Fahrwerksperformance. Dank des <\/span><span class=\"NormalTextRun SCXW2399660 BCX0\">Mullet<\/span><span class=\"NormalTextRun SCXW2399660 BCX0\">-Laufradkonzepts mit 29&#8243;-Vorderrad und 27,5&#8243;-Hinterrad \u00fcberrollt es Wurzeln geschickt und bietet zugleich Top-Traktion und Agilit\u00e4t. Sowohl im <\/span><span class=\"NormalTextRun SCXW2399660 BCX0\">Uphill<\/span><span class=\"NormalTextRun SCXW2399660 BCX0\"> als auch im Downhill garantiert das <\/span><span class=\"NormalTextRun SCXW2399660 BCX0\">Uproc<\/span><span class=\"NormalTextRun SCXW2399660 BCX0\"> X Fahrspa\u00df und Komfort durch die schluckfreudige Fox-Federung. So vergab das <\/span><span class=\"NormalTextRun SCXW2399660 BCX0\">Team<\/span><span class=\"NormalTextRun SCXW2399660 BCX0\"> von <\/span><\/span><a class=\"Hyperlink SCXW2399660 BCX0\" href=\"https:\/\/www.radfahren.de\/test-technik\/flyer-uproc-x-6-10-test\/\" target=\"_blank\" rel=\"noreferrer noopener\"><span class=\"TextRun Underlined SCXW2399660 BCX0\" lang=\"DE-DE\" xml:lang=\"DE-DE\" data-contrast=\"none\"><span class=\"NormalTextRun SCXW2399660 BCX0\" data-ccp-charstyle=\"Hyperlink\">radfahren<\/span><span class=\"NormalTextRun SCXW2399660 BCX0\" data-ccp-charstyle=\"Hyperlink\">.de<\/span><\/span><\/a><span class=\"TextRun SCXW2399660 BCX0\" lang=\"DE-DE\" xml:lang=\"DE-DE\" data-contrast=\"auto\"><span class=\"NormalTextRun SCXW2399660 BCX0\"> ein \u201cSehr gut\u201d f\u00fcr das E-MTB.<\/span><\/span><span class=\"EOP SCXW2399660 BCX0\" data-ccp-props=\"{&quot;201341983&quot;:0,&quot;335559739&quot;:160,&quot;335559740&quot;:259}\">\u00a0<\/span>[\/vc_column_text][\/vc_column][\/vc_row][vc_row][vc_column width=&#8220;1\/1&#8243;]<a href=\"https:\/\/www.fahrrad-xxl.at\/serie\/flyer-uproc\/\" target=\"_blank\" class=\"button button-appear custom large \" style=\"background-color: #a82323; border-color: #a82323;border-radius: 30px;\"><span>Entdecke das Flyer Uproc Modelle!<i class='fa fas fa-chevron-circle-right'><\/i><\/span><\/a><div class=\"divider divider3\" style='margin:60px 0 60px 0 !important;'><\/div>[\/vc_column][\/vc_row][vc_row][vc_column width=&#8220;1\/1&#8243;][vc_column_text css_animation=&#8220;none&#8220;]<\/p>\n<h3><span class=\"TextRun SCXW20977710 BCX0\" lang=\"DE-DE\" xml:lang=\"DE-DE\" data-contrast=\"none\"><span class=\"NormalTextRun SCXW20977710 BCX0\" data-ccp-parastyle=\"heading 3\">Santa Cruz <\/span><span class=\"NormalTextRun SCXW20977710 BCX0\" data-ccp-parastyle=\"heading 3\">Heckler<\/span><span class=\"NormalTextRun SCXW20977710 BCX0\" data-ccp-parastyle=\"heading 3\"> C R 29<\/span><\/span><span class=\"EOP SCXW20977710 BCX0\" data-ccp-props=\"{&quot;134245418&quot;:true,&quot;134245529&quot;:true,&quot;201341983&quot;:0,&quot;335559738&quot;:40,&quot;335559739&quot;:0,&quot;335559740&quot;:259}\">\u00a0<\/span><\/h3>\n<p>[\/vc_column_text]<div class=\"single_image wpb_content_element align-center    \" data-animation=\"none\" data-delay=\"0\"><a href=\"https:\/\/www.fahrrad-xxl.at\/santa-cruz-heckler-9-29-c-r-kit-m000052186\" target=\"_blank\"><img width=\"1920\" height=\"1280\" src=\"https:\/\/www.fahrrad-xxl.at\/blog\/wp-content\/uploads\/2020\/02\/Santa-Cruz-Heckler-C-R-29.jpg\" class=\"attachment-full\" alt=\"Santa Cruz Heckler C R 29\" decoding=\"async\" loading=\"lazy\" title=\"E-Bike Test &amp; Vergleich 2023: Testsieger, Kauftipps &amp; mehr\" srcset=\"https:\/\/www.fahrrad-xxl.at\/blog\/wp-content\/uploads\/2020\/02\/Santa-Cruz-Heckler-C-R-29.jpg 1920w, https:\/\/www.fahrrad-xxl.at\/blog\/wp-content\/uploads\/2020\/02\/Santa-Cruz-Heckler-C-R-29-300x200.jpg 300w, https:\/\/www.fahrrad-xxl.at\/blog\/wp-content\/uploads\/2020\/02\/Santa-Cruz-Heckler-C-R-29-1024x683.jpg 1024w, https:\/\/www.fahrrad-xxl.at\/blog\/wp-content\/uploads\/2020\/02\/Santa-Cruz-Heckler-C-R-29-768x512.jpg 768w, https:\/\/www.fahrrad-xxl.at\/blog\/wp-content\/uploads\/2020\/02\/Santa-Cruz-Heckler-C-R-29-1536x1024.jpg 1536w, https:\/\/www.fahrrad-xxl.at\/blog\/wp-content\/uploads\/2020\/02\/Santa-Cruz-Heckler-C-R-29-600x400.jpg 600w\" sizes=\"(max-width: 1920px) 100vw, 1920px\" \/><\/a><span class=\"single_image_caption\">Santa Cruz Heckler C R 29 <\/span><\/div>[\/vc_column][\/vc_row][vc_row][vc_column width=&#8220;1\/2&#8243;][vc_column_text css_animation=&#8220;none&#8220;]<em>Die Eigenschaften des <span class=\"TextRun SCXW91801807 BCX0\" lang=\"DE-DE\" xml:lang=\"DE-DE\" data-contrast=\"none\"><span class=\"NormalTextRun SCXW91801807 BCX0\" data-ccp-parastyle=\"heading 3\">Santa Cruz <\/span><span class=\"NormalTextRun SCXW91801807 BCX0\" data-ccp-parastyle=\"heading 3\">Heckler<\/span><span class=\"NormalTextRun SCXW91801807 BCX0\" data-ccp-parastyle=\"heading 3\"> C R 29<\/span><\/span><span class=\"EOP SCXW91801807 BCX0\" data-ccp-props=\"{&quot;134245418&quot;:true,&quot;134245529&quot;:true,&quot;201341983&quot;:0,&quot;335559738&quot;:40,&quot;335559739&quot;:0,&quot;335559740&quot;:259}\">\u00a0<\/span><\/em><\/p>\n<ul>\n<li><span style=\"color: #008000;\"><span class=\"TextRun SCXW139228096 BCX0\" lang=\"DE-DE\" xml:lang=\"DE-DE\" data-contrast=\"auto\"><span class=\"NormalTextRun SCXW139228096 BCX0\">Agiles Fahrverhalten<\/span><\/span><span class=\"EOP SCXW139228096 BCX0\" data-ccp-props=\"{&quot;201341983&quot;:0,&quot;335559739&quot;:160,&quot;335559740&quot;:259}\">\u00a0<\/span><\/span><\/li>\n<li><span style=\"color: #008000;\"><span class=\"TextRun SCXW19932972 BCX0\" lang=\"DE-DE\" xml:lang=\"DE-DE\" data-contrast=\"auto\"><span class=\"NormalTextRun SCXW19932972 BCX0\">Hohe Akkureichweite<\/span><\/span><span class=\"EOP SCXW19932972 BCX0\" data-ccp-props=\"{&quot;201341983&quot;:0,&quot;335559739&quot;:160,&quot;335559740&quot;:259}\">\u00a0<\/span><\/span><\/li>\n<li><span style=\"color: #008000;\"><span class=\"TextRun SCXW95831122 BCX0\" lang=\"DE-DE\" xml:lang=\"DE-DE\" data-contrast=\"auto\"><span class=\"NormalTextRun SCXW95831122 BCX0\">Leichtes Handl<\/span><span class=\"NormalTextRun SCXW95831122 BCX0\">ing<\/span><\/span><span class=\"EOP SCXW95831122 BCX0\" data-ccp-props=\"{&quot;201341983&quot;:0,&quot;335559739&quot;:160,&quot;335559740&quot;:259}\">\u00a0<\/span><\/span><\/li>\n<li>H<span class=\"TextRun SCXW150961399 BCX0\" lang=\"DE-DE\" xml:lang=\"DE-DE\" data-contrast=\"auto\"><span class=\"NormalTextRun SCXW150961399 BCX0\">oher Preis<\/span><\/span><span class=\"EOP SCXW150961399 BCX0\" data-ccp-props=\"{&quot;201341983&quot;:0,&quot;335559739&quot;:160,&quot;335559740&quot;:259}\">\u00a0<\/span><\/li>\n<\/ul>\n<p>[\/vc_column_text][\/vc_column][vc_column width=&#8220;1\/2&#8243;][vc_column_text css_animation=&#8220;none&#8220;]<span class=\"TextRun SCXW186383524 BCX0\" lang=\"DE-DE\" xml:lang=\"DE-DE\" data-contrast=\"auto\"><span class=\"NormalTextRun SCXW186383524 BCX0\">Das Santa Cruz <\/span><span class=\"NormalTextRun SCXW186383524 BCX0\">Heckler<\/span><span class=\"NormalTextRun SCXW186383524 BCX0\"> E-Bike \u00fcberzeugt mit 150 mm Federweg hinten und 160 mm an der Gabel sowie einer Akkukapazit\u00e4t von 720 Wh und verstellbarer Geometrie. Es ist in verschiedenen Laufradgr\u00f6\u00dfen und Rahmengr\u00f6\u00dfen erh\u00e4ltlich, einschlie\u00dflich der M\u00f6glichkeit, zwischen zwei Carbon-Qualit\u00e4ten zu w\u00e4hlen. Angetrieben von einem Shimano EP8 Motor, verf\u00fcgt es \u00fcber integrierte GPS-Navigation und Beleuchtung sowie einen Flip-Chip f\u00fcr kleine Anpassungen. Santa Cruz hat den legend\u00e4ren VPP-Hinterbau speziell f\u00fcr E-Bikes angepasst, um mehr Komfort und Traktion in technischen Anstiegen zu bieten. Das <\/span><span class=\"NormalTextRun SCXW186383524 BCX0\">Heckler<\/span><span class=\"NormalTextRun SCXW186383524 BCX0\"> beeindruckt mit seinem 150 mm Federweg hinten, ideal f\u00fcr lange <\/span><span class=\"NormalTextRun SCXW186383524 BCX0\">Trailfahrten<\/span><span class=\"NormalTextRun SCXW186383524 BCX0\">, und einer verbesserten Geometrie f\u00fcr eine optimale Kombination aus <\/span><span class=\"NormalTextRun SCXW186383524 BCX0\">Uphill<\/span><span class=\"NormalTextRun SCXW186383524 BCX0\">-Traktion und Downhill-Performance. Klare 9 Punkte von <\/span><\/span><a class=\"Hyperlink SCXW186383524 BCX0\" href=\"https:\/\/thecycleverse.com\/de\/blog\/e-bike-test#Santa-Cruz-Heckler-C-R-29\" target=\"_blank\" rel=\"noreferrer noopener\"><span class=\"TextRun Underlined SCXW186383524 BCX0\" lang=\"DE-DE\" xml:lang=\"DE-DE\" data-contrast=\"none\"><span class=\"NormalTextRun SCXW186383524 BCX0\" data-ccp-charstyle=\"Hyperlink\">thecycleverse<\/span><\/span><\/a><span class=\"TextRun SCXW186383524 BCX0\" lang=\"DE-DE\" xml:lang=\"DE-DE\" data-contrast=\"auto\"><span class=\"NormalTextRun SCXW186383524 BCX0\">.<\/span><\/span><span class=\"EOP SCXW186383524 BCX0\" data-ccp-props=\"{&quot;201341983&quot;:0,&quot;335559739&quot;:160,&quot;335559740&quot;:259}\">\u00a0<\/span>[\/vc_column_text][\/vc_column][\/vc_row][vc_row][vc_column width=&#8220;1\/1&#8243;]<a href=\"https:\/\/www.fahrrad-xxl.at\/serie\/santa-cruz-heckler\/\" target=\"_blank\" class=\"button button-appear custom large \" style=\"background-color: #a82323; border-color: #a82323;border-radius: 30px;\"><span>Jetzt die Santa Cruz Heckler Serie entdecken<i class='fa fas fa-chevron-circle-right'><\/i><\/span><\/a><div class=\"divider divider3\" style='margin:60px 0 60px 0 !important;'><\/div>[\/vc_column][\/vc_row][vc_row][vc_column width=&#8220;1\/1&#8243;][vc_column_text css_animation=&#8220;none&#8220;]<\/p>\n<h3><span class=\"TextRun SCXW23740416 BCX0\" lang=\"DE-DE\" xml:lang=\"DE-DE\" data-contrast=\"none\"><span class=\"NormalTextRun SCXW23740416 BCX0\" data-ccp-parastyle=\"heading 3\">Liv <\/span><span class=\"NormalTextRun SCXW23740416 BCX0\" data-ccp-parastyle=\"heading 3\">Intrigue<\/span><span class=\"NormalTextRun SCXW23740416 BCX0\" data-ccp-parastyle=\"heading 3\"> X E+ Pro<\/span><\/span><span class=\"EOP SCXW23740416 BCX0\" data-ccp-props=\"{&quot;134245418&quot;:true,&quot;134245529&quot;:true,&quot;201341983&quot;:0,&quot;335559738&quot;:40,&quot;335559739&quot;:0,&quot;335559740&quot;:259}\">\u00a0<\/span><\/h3>\n<p>[\/vc_column_text]<div class=\"single_image wpb_content_element align-center    \" data-animation=\"none\" data-delay=\"0\"><a href=\"https:\/\/www.fahrrad-xxl.at\/liv-intrigue-x-e-3-m000020808\" target=\"_blank\"><img width=\"1920\" height=\"1280\" src=\"https:\/\/www.fahrrad-xxl.at\/blog\/wp-content\/uploads\/2020\/02\/Liv-Intrigue-X-E-Pro.jpg\" class=\"attachment-full\" alt=\"Liv Intrigue X E+ Pro\" decoding=\"async\" loading=\"lazy\" title=\"E-Bike Test &amp; Vergleich 2023: Testsieger, Kauftipps &amp; mehr\" srcset=\"https:\/\/www.fahrrad-xxl.at\/blog\/wp-content\/uploads\/2020\/02\/Liv-Intrigue-X-E-Pro.jpg 1920w, https:\/\/www.fahrrad-xxl.at\/blog\/wp-content\/uploads\/2020\/02\/Liv-Intrigue-X-E-Pro-300x200.jpg 300w, https:\/\/www.fahrrad-xxl.at\/blog\/wp-content\/uploads\/2020\/02\/Liv-Intrigue-X-E-Pro-1024x683.jpg 1024w, https:\/\/www.fahrrad-xxl.at\/blog\/wp-content\/uploads\/2020\/02\/Liv-Intrigue-X-E-Pro-768x512.jpg 768w, https:\/\/www.fahrrad-xxl.at\/blog\/wp-content\/uploads\/2020\/02\/Liv-Intrigue-X-E-Pro-1536x1024.jpg 1536w, https:\/\/www.fahrrad-xxl.at\/blog\/wp-content\/uploads\/2020\/02\/Liv-Intrigue-X-E-Pro-600x400.jpg 600w\" sizes=\"(max-width: 1920px) 100vw, 1920px\" \/><\/a><span class=\"single_image_caption\">Liv Intrigue X E+ Pro <\/span><\/div>[\/vc_column][\/vc_row][vc_row][vc_column width=&#8220;1\/2&#8243;][vc_column_text css_animation=&#8220;none&#8220;]<em>Die Eigenschaften des <span class=\"TextRun SCXW245145116 BCX0\" lang=\"DE-DE\" xml:lang=\"DE-DE\" data-contrast=\"none\"><span class=\"NormalTextRun SCXW245145116 BCX0\" data-ccp-parastyle=\"heading 3\">Liv <\/span><span class=\"NormalTextRun SCXW245145116 BCX0\" data-ccp-parastyle=\"heading 3\">Intrigue<\/span><span class=\"NormalTextRun SCXW245145116 BCX0\" data-ccp-parastyle=\"heading 3\"> X E+ Pro<\/span><\/span><span class=\"EOP SCXW245145116 BCX0\" data-ccp-props=\"{&quot;134245418&quot;:true,&quot;134245529&quot;:true,&quot;201341983&quot;:0,&quot;335559738&quot;:40,&quot;335559739&quot;:0,&quot;335559740&quot;:259}\">\u00a0<\/span><\/em><\/p>\n<ul>\n<li><span style=\"color: #008000;\"><span class=\"TextRun SCXW28957706 BCX0\" lang=\"DE-DE\" xml:lang=\"DE-DE\" data-contrast=\"auto\"><span class=\"NormalTextRun SCXW28957706 BCX0\">Speziell auf Frauen ausgelegt<\/span><\/span> <\/span><\/li>\n<li><span style=\"color: #008000;\"><span class=\"EOP SCXW28957706 BCX0\" data-ccp-props=\"{&quot;201341983&quot;:0,&quot;335559739&quot;:160,&quot;335559740&quot;:259}\"><span class=\"TextRun SCXW146135529 BCX0\" lang=\"DE-DE\" xml:lang=\"DE-DE\" data-contrast=\"auto\"><span class=\"NormalTextRun SCXW146135529 BCX0\">Edles Design<\/span><\/span><\/span><\/span><\/li>\n<li><span style=\"color: #008000;\"><span class=\"EOP SCXW28957706 BCX0\" data-ccp-props=\"{&quot;201341983&quot;:0,&quot;335559739&quot;:160,&quot;335559740&quot;:259}\"><span class=\"EOP SCXW146135529 BCX0\" data-ccp-props=\"{&quot;201341983&quot;:0,&quot;335559739&quot;:160,&quot;335559740&quot;:259}\"><span class=\"TextRun SCXW240538387 BCX0\" lang=\"DE-DE\" xml:lang=\"DE-DE\" data-contrast=\"auto\"><span class=\"NormalTextRun SCXW240538387 BCX0\">Gutes Preisleistungsverh\u00e4ltnis<\/span><\/span><span class=\"EOP SCXW240538387 BCX0\" data-ccp-props=\"{&quot;201341983&quot;:0,&quot;335559739&quot;:160,&quot;335559740&quot;:259}\">\u00a0<\/span><\/span><\/span><\/span><\/li>\n<li><span class=\"TextRun SCXW202954826 BCX0\" lang=\"DE-DE\" xml:lang=\"DE-DE\" data-contrast=\"auto\"><span class=\"NormalTextRun SCXW202954826 BCX0\">Weniger geeignet f\u00fcr enge <\/span><span class=\"NormalTextRun SCXW202954826 BCX0\">S<\/span><span class=\"NormalTextRun SCXW202954826 BCX0\">ing<\/span><span class=\"NormalTextRun SCXW202954826 BCX0\">letrails<\/span><\/span><\/li>\n<\/ul>\n<p>[\/vc_column_text][\/vc_column][vc_column width=&#8220;1\/2&#8243;][vc_column_text css_animation=&#8220;none&#8220;]<span class=\"TextRun SCXW141264301 BCX0\" lang=\"DE-DE\" xml:lang=\"DE-DE\" data-contrast=\"auto\"><span class=\"NormalTextRun SCXW141264301 BCX0\">Das Liv <\/span><span class=\"NormalTextRun SCXW141264301 BCX0\">Intrigue<\/span><span class=\"NormalTextRun SCXW141264301 BCX0\"> X E+ Pro ist in drei verschiedenen Versionen erh\u00e4ltlich, die sich in Ausstattung, Farbe und Preis unterscheiden. Mit einem Federweg von 150 mm und einem leistungsstarken Yamaha <\/span><span class=\"NormalTextRun SCXW141264301 BCX0\">SyncDrive<\/span><span class=\"NormalTextRun SCXW141264301 BCX0\"> Pro 250W E-Bike Motor, der von einem 625 Wh <\/span><span class=\"NormalTextRun SCXW141264301 BCX0\">EnergyPak<\/span><span class=\"NormalTextRun SCXW141264301 BCX0\"> Akku gespeist wird und mit dem <\/span><span class=\"NormalTextRun SCXW141264301 BCX0\">EnergyPak<\/span><span class=\"NormalTextRun SCXW141264301 BCX0\"> Plus kompatibel ist, bietet das E-Bike eine Gesamtkapazit\u00e4t von 865 Wh. Der Motor ist kraftvoll und durchzugsstark, w\u00e4hrend das Bike leichter als andere E-Mountainbikes ist und eine gute Wendigkeit und Leistung f\u00fcr anspruchsvolle Trails bietet. Besonders spannend, sind die cleveren Features wie der Maestro Hinterbau mit Flip Chip System, mit dem die Rahmengeometrie an den Fahrstil oder das Gel\u00e4nde angepasst werden kann.<\/span><span class=\"NormalTextRun SCXW141264301 BCX0\">\u00a0<\/span><\/span><a class=\"Hyperlink SCXW141264301 BCX0\" href=\"https:\/\/thecycleverse.com\/de\/blog\/e-bike-test#Liv-Intrigue-X-E-plus-Pro\" target=\"_blank\" rel=\"noreferrer noopener\"><span class=\"TextRun Underlined SCXW141264301 BCX0\" lang=\"DE-DE\" xml:lang=\"DE-DE\" data-contrast=\"none\"><span class=\"NormalTextRun SCXW141264301 BCX0\" data-ccp-charstyle=\"Hyperlink\">t<\/span><span class=\"NormalTextRun SCXW141264301 BCX0\" data-ccp-charstyle=\"Hyperlink\">hecylceverse<\/span><\/span><\/a><span class=\"TextRun SCXW141264301 BCX0\" lang=\"DE-DE\" xml:lang=\"DE-DE\" data-contrast=\"auto\"><span class=\"NormalTextRun SCXW141264301 BCX0\"> Bewertung: 9,5 von 10 Punkten.<\/span><\/span><span class=\"EOP SCXW141264301 BCX0\" data-ccp-props=\"{&quot;201341983&quot;:0,&quot;335559739&quot;:160,&quot;335559740&quot;:259}\">\u00a0<\/span>[\/vc_column_text][\/vc_column][\/vc_row][vc_row][vc_column width=&#8220;1\/1&#8243;]<a href=\"https:\/\/www.fahrrad-xxl.at\/serie\/liv-intrigue-e\/\" target=\"_blank\" class=\"button button-appear custom large \" style=\"background-color: #a82323; border-color: #a82323;border-radius: 30px;\"><span>Entdecke unsere Liv Intrigue E+ Modelle!<i class='fa fas fa-chevron-circle-right'><\/i><\/span><\/a><div class=\"divider divider3\" style='margin:60px 0 60px 0 !important;'><\/div>[\/vc_column][\/vc_row][vc_row][vc_column width=&#8220;1\/1&#8243;][vc_column_text css_animation=&#8220;none&#8220;]<\/p>\n<h3><strong>Specialized S-Works Turbo Levo<\/strong><\/h3>\n<p>[\/vc_column_text]<div class=\"single_image wpb_content_element align-center    \" data-animation=\"none\" data-delay=\"0\"><a href=\"https:\/\/www.fahrrad-xxl.at\/specialized-levo-s-works-carbon-p00062608m001\" target=\"_blank\"><img width=\"1920\" height=\"1280\" src=\"https:\/\/www.fahrrad-xxl.at\/blog\/wp-content\/uploads\/2020\/02\/Specialized-S-Works-Turbo-Levo.jpg\" class=\"attachment-full\" alt=\"Specialized S-Works Turbo Levo\" decoding=\"async\" loading=\"lazy\" title=\"E-Bike Test &amp; Vergleich 2023: Testsieger, Kauftipps &amp; mehr\" srcset=\"https:\/\/www.fahrrad-xxl.at\/blog\/wp-content\/uploads\/2020\/02\/Specialized-S-Works-Turbo-Levo.jpg 1920w, https:\/\/www.fahrrad-xxl.at\/blog\/wp-content\/uploads\/2020\/02\/Specialized-S-Works-Turbo-Levo-300x200.jpg 300w, https:\/\/www.fahrrad-xxl.at\/blog\/wp-content\/uploads\/2020\/02\/Specialized-S-Works-Turbo-Levo-1024x683.jpg 1024w, https:\/\/www.fahrrad-xxl.at\/blog\/wp-content\/uploads\/2020\/02\/Specialized-S-Works-Turbo-Levo-768x512.jpg 768w, https:\/\/www.fahrrad-xxl.at\/blog\/wp-content\/uploads\/2020\/02\/Specialized-S-Works-Turbo-Levo-1536x1024.jpg 1536w, https:\/\/www.fahrrad-xxl.at\/blog\/wp-content\/uploads\/2020\/02\/Specialized-S-Works-Turbo-Levo-600x400.jpg 600w\" sizes=\"(max-width: 1920px) 100vw, 1920px\" \/><\/a><span class=\"single_image_caption\">Specialized S-Works Turbo Levo<\/span><\/div>[\/vc_column][\/vc_row][vc_row][vc_column width=&#8220;1\/2&#8243;][vc_column_text css_animation=&#8220;none&#8220;]<em>Die Eigenschaften des Specialized S-Works Turbo Levo\u00a0<\/em><\/p>\n<ul>\n<li><span style=\"color: #008000;\">super nat\u00fcrliches Fahrgef\u00fchl<\/span><\/li>\n<li><span style=\"color: #008000;\">sehr gro\u00dfe Reichweite<\/span><\/li>\n<li><span style=\"color: #008000;\">geringes Gewicht<\/span><\/li>\n<li><span style=\"color: #008000;\"><span class=\"TextRun SCXW52267916 BCX0\" lang=\"DE-DE\" xml:lang=\"DE-DE\" data-contrast=\"auto\"><span class=\"NormalTextRun SCXW52267916 BCX0\">Future-Shock-Vorbau sorgt f\u00fcr viel Komfort<\/span><\/span><span class=\"EOP SCXW52267916 BCX0\" data-ccp-props=\"{&quot;201341983&quot;:0,&quot;335559739&quot;:160,&quot;335559740&quot;:259}\">\u00a0<\/span><\/span><\/li>\n<li><span class=\"TextRun SCXW172327901 BCX0\" lang=\"DE-DE\" xml:lang=\"DE-DE\" data-contrast=\"auto\"><span class=\"NormalTextRun SCXW172327901 BCX0\">Fest verbauter Akku<\/span><\/span><span class=\"EOP SCXW172327901 BCX0\" data-ccp-props=\"{&quot;201341983&quot;:0,&quot;335559739&quot;:160,&quot;335559740&quot;:259}\">\u00a0<\/span><\/li>\n<\/ul>\n<p>[\/vc_column_text][\/vc_column][vc_column width=&#8220;1\/2&#8243;][vc_column_text css_animation=&#8220;none&#8220;]<span class=\"TextRun SCXW27331024 BCX0\" lang=\"DE-DE\" xml:lang=\"DE-DE\" data-contrast=\"auto\"><span class=\"NormalTextRun SCXW27331024 BCX0\">Das Specialized Turbo <\/span><span class=\"NormalTextRun SCXW27331024 BCX0\">Vado<\/span><span class=\"NormalTextRun SCXW27331024 BCX0\"> SL 5.0 EQ f\u00fcr 2023 setzt auf Leichtbau und bietet eine reduzierte Motorleistung, einen kleinen Akku, eine sportliche Sitzposition und ger<\/span><span class=\"NormalTextRun SCXW27331024 BCX0\">ing<\/span><span class=\"NormalTextRun SCXW27331024 BCX0\">es Gewicht bei maximalem Alltagsnutzen. Mit knapp 17 Kilo ist es eines der leichtesten R\u00e4der im Testfeld und bietet dank der weit gespreizten 1&#215;12-G\u00e4nge-Kettenschaltung auch ohne Motor ordentliche Leistung. Wendig und agil, mit erstaunlichem Komfort dank des Future-Shock-Vorbaus, ist das Rad ideal f\u00fcr schnelle Pendler, die eine dezente elektrische Unterst\u00fctzung suchen.<\/span><span class=\"NormalTextRun SCXW27331024 BCX0\"> Aus diesem <\/span><span class=\"NormalTextRun SCXW27331024 BCX0\">Grund<\/span><span class=\"NormalTextRun SCXW27331024 BCX0\"> verg<\/span><span class=\"NormalTextRun SCXW27331024 BCX0\">ibt <\/span><\/span><a class=\"Hyperlink SCXW27331024 BCX0\" href=\"https:\/\/www.radfahren.de\/test-technik\/specialized-turbo-vado-sl-5-0-eq-test\/\" target=\"_blank\" rel=\"noreferrer noopener\"><span class=\"TextRun Underlined SCXW27331024 BCX0\" lang=\"DE-DE\" xml:lang=\"DE-DE\" data-contrast=\"none\"><span class=\"NormalTextRun SCXW27331024 BCX0\" data-ccp-charstyle=\"Hyperlink\">radfahren.de<\/span><\/span><\/a><span class=\"TextRun SCXW27331024 BCX0\" lang=\"DE-DE\" xml:lang=\"DE-DE\" data-contrast=\"auto\"><span class=\"NormalTextRun SCXW27331024 BCX0\"> ein \u201cSehr gut\u201d.<\/span><\/span><span class=\"EOP SCXW27331024 BCX0\" data-ccp-props=\"{&quot;201341983&quot;:0,&quot;335559739&quot;:160,&quot;335559740&quot;:259}\">\u00a0<\/span>[\/vc_column_text][\/vc_column][\/vc_row][vc_row][vc_column width=&#8220;1\/1&#8243;]<a href=\"https:\/\/www.fahrrad-xxl.at\/serie\/specialized-levo\/\" target=\"_blank\" class=\"button button-appear custom large \" style=\"background-color: #a82323; border-color: #a82323;border-radius: 30px;\"><span>Jetzt unsere Specialized Levo Modelle entdecken<i class='fa fas fa-chevron-circle-right'><\/i><\/span><\/a><div class=\"divider divider3\" style='margin:60px 0 60px 0 !important;'><\/div>[\/vc_column][\/vc_row][vc_row][vc_column width=&#8220;1\/1&#8243;][vc_column_text css_animation=&#8220;none&#8220;]<\/p>\n<h2><span class=\"ez-toc-section\" id=\"die-2023er-e-gravel-und-e-rennraeder-im-test\"><\/span>Die 2023er <span class=\"TextRun SCXW246657874 BCX0\" lang=\"DE-DE\" xml:lang=\"DE-DE\" data-contrast=\"none\"><span class=\"NormalTextRun SCXW246657874 BCX0\" data-ccp-parastyle=\"heading 2\">E-<\/span><span class=\"NormalTextRun SCXW246657874 BCX0\" data-ccp-parastyle=\"heading 2\">Gravel<\/span><span class=\"NormalTextRun SCXW246657874 BCX0\" data-ccp-parastyle=\"heading 2\"> und E-Rennr\u00e4der<\/span><\/span><span class=\"EOP SCXW246657874 BCX0\" data-ccp-props=\"{&quot;134245418&quot;:true,&quot;134245529&quot;:true,&quot;201341983&quot;:0,&quot;335559738&quot;:40,&quot;335559739&quot;:0,&quot;335559740&quot;:259}\">\u00a0<\/span>im Test<span class=\"ez-toc-section-end\"><\/span><\/h2>\n<p>[\/vc_column_text][\/vc_column][\/vc_row][vc_row][vc_column width=&#8220;1\/1&#8243;][vc_column_text css_animation=&#8220;none&#8220;]<\/p>\n<h3><span class=\"TextRun SCXW4565483 BCX0\" lang=\"DE-DE\" xml:lang=\"DE-DE\" data-contrast=\"none\"><span class=\"NormalTextRun SCXW4565483 BCX0\" data-ccp-charstyle=\"Heading 3 Char\">Scott <\/span><span class=\"NormalTextRun SCXW4565483 BCX0\" data-ccp-charstyle=\"Heading 3 Char\">Solace<\/span> <span class=\"NormalTextRun SCXW4565483 BCX0\" data-ccp-charstyle=\"Heading 3 Char\">Gravel<\/span> <span class=\"NormalTextRun SCXW4565483 BCX0\" data-ccp-charstyle=\"Heading 3 Char\">eRide<\/span><span class=\"NormalTextRun SCXW4565483 BCX0\" data-ccp-charstyle=\"Heading 3 Char\"> 20<\/span><\/span><span class=\"EOP SCXW4565483 BCX0\" data-ccp-props=\"{&quot;201341983&quot;:0,&quot;335559739&quot;:160,&quot;335559740&quot;:259}\">\u00a0<\/span><\/h3>\n<p>[\/vc_column_text]<div class=\"single_image wpb_content_element align-center    \" data-animation=\"none\" data-delay=\"0\"><a href=\"https:\/\/www.fahrrad-xxl.at\/scott-solace-gravel-eride-20-m000066653\" target=\"_blank\"><img width=\"1920\" height=\"1280\" src=\"https:\/\/www.fahrrad-xxl.at\/blog\/wp-content\/uploads\/2020\/02\/Scott-Solace-Gravel-eRide-20.jpg\" class=\"attachment-full\" alt=\"Scott Solace Gravel eRide 20\" decoding=\"async\" loading=\"lazy\" title=\"E-Bike Test &amp; Vergleich 2023: Testsieger, Kauftipps &amp; mehr\" srcset=\"https:\/\/www.fahrrad-xxl.at\/blog\/wp-content\/uploads\/2020\/02\/Scott-Solace-Gravel-eRide-20.jpg 1920w, https:\/\/www.fahrrad-xxl.at\/blog\/wp-content\/uploads\/2020\/02\/Scott-Solace-Gravel-eRide-20-300x200.jpg 300w, https:\/\/www.fahrrad-xxl.at\/blog\/wp-content\/uploads\/2020\/02\/Scott-Solace-Gravel-eRide-20-1024x683.jpg 1024w, https:\/\/www.fahrrad-xxl.at\/blog\/wp-content\/uploads\/2020\/02\/Scott-Solace-Gravel-eRide-20-768x512.jpg 768w, https:\/\/www.fahrrad-xxl.at\/blog\/wp-content\/uploads\/2020\/02\/Scott-Solace-Gravel-eRide-20-1536x1024.jpg 1536w, https:\/\/www.fahrrad-xxl.at\/blog\/wp-content\/uploads\/2020\/02\/Scott-Solace-Gravel-eRide-20-600x400.jpg 600w\" sizes=\"(max-width: 1920px) 100vw, 1920px\" \/><\/a><span class=\"single_image_caption\">Scott Solace Gravel eRide 20 <\/span><\/div>[\/vc_column][\/vc_row][vc_row][vc_column width=&#8220;1\/2&#8243;][vc_column_text css_animation=&#8220;none&#8220;]<em>Die Eigenschaften des <span class=\"TextRun SCXW219941522 BCX0\" lang=\"DE-DE\" xml:lang=\"DE-DE\" data-contrast=\"none\"><span class=\"NormalTextRun SCXW219941522 BCX0\" data-ccp-charstyle=\"Heading 3 Char\">Scott <\/span><span class=\"NormalTextRun SpellingErrorV2Themed SCXW219941522 BCX0\" data-ccp-charstyle=\"Heading 3 Char\">Solace<\/span> <span class=\"NormalTextRun SpellingErrorV2Themed SCXW219941522 BCX0\" data-ccp-charstyle=\"Heading 3 Char\">Gravel<\/span> <span class=\"NormalTextRun SpellingErrorV2Themed SCXW219941522 BCX0\" data-ccp-charstyle=\"Heading 3 Char\">eRide<\/span><span class=\"NormalTextRun SCXW219941522 BCX0\" data-ccp-charstyle=\"Heading 3 Char\"> 20<\/span><\/span><span class=\"EOP SCXW219941522 BCX0\" data-ccp-props=\"{&quot;201341983&quot;:0,&quot;335559739&quot;:160,&quot;335559740&quot;:259}\">\u00a0<\/span><\/em><\/p>\n<ul>\n<li><span style=\"color: #008000;\"><span style=\"color: #008000;\"><span class=\"TextRun SCXW69692264 BCX0\" lang=\"DE-DE\" xml:lang=\"DE-DE\" data-contrast=\"auto\"><span class=\"NormalTextRun SpellingErrorV2Themed SCXW69692264 BCX0\"><span data-contrast=\"auto\">Vortriebsstark<\/span><\/span><\/span><\/span><\/span><\/li>\n<li><span style=\"color: #008000;\"><span style=\"color: #008000;\"><span class=\"TextRun SCXW69692264 BCX0\" lang=\"DE-DE\" xml:lang=\"DE-DE\" data-contrast=\"auto\"><span class=\"NormalTextRun SpellingErrorV2Themed SCXW69692264 BCX0\"><span data-contrast=\"auto\">Nat\u00fcrliches Fahrverhalten<\/span><\/span><\/span><\/span><\/span><\/li>\n<li><span style=\"color: #008000;\"><span style=\"color: #008000;\"><span class=\"TextRun SCXW69692264 BCX0\" lang=\"DE-DE\" xml:lang=\"DE-DE\" data-contrast=\"auto\"><span class=\"NormalTextRun SpellingErrorV2Themed SCXW69692264 BCX0\"><span data-contrast=\"auto\"> Schnelle Sram-Schaltung\u00a0<\/span> <\/span><\/span><\/span><\/span><\/li>\n<li>Etwas unwendig<span data-ccp-props=\"{&quot;201341983&quot;:0,&quot;335559739&quot;:160,&quot;335559740&quot;:259}\">\u00a0<\/span><\/li>\n<\/ul>\n<p>[\/vc_column_text][\/vc_column][vc_column width=&#8220;1\/2&#8243;][vc_column_text css_animation=&#8220;none&#8220;]<span class=\"LineBreakBlob BlobObject DragDrop SCXW244971064 BCX0\"><span class=\"SCXW244971064 BCX0\">\u00a0<\/span><br class=\"SCXW244971064 BCX0\" \/><\/span><span class=\"TextRun SCXW244971064 BCX0\" lang=\"DE-DE\" xml:lang=\"DE-DE\" data-contrast=\"auto\"><span class=\"NormalTextRun SCXW244971064 BCX0\">Das Scott <\/span><span class=\"NormalTextRun SpellingErrorV2Themed SCXW244971064 BCX0\">Solace<\/span> <span class=\"NormalTextRun SpellingErrorV2Themed SCXW244971064 BCX0\">Gravel<\/span> <span class=\"NormalTextRun SpellingErrorV2Themed SCXW244971064 BCX0\">eRide<\/span><span class=\"NormalTextRun SCXW244971064 BCX0\"> 20 beeindruckt mit einem Gewicht von nur 13,5 kg. Ausgestattet mit dem TQ-Leichtmotor und einem 360 Wh Akku im Unterrohr bietet es dennoch effektive Unterst\u00fctzung in drei Fahrmodi (Eco\/Trail\/Boost). Das im Oberrohr integrierte TQ-Display erm\u00f6glicht eine einfache Steuerung, w\u00e4hrend die TQ E-Bike App individuelle Motoreinstellungen erlaubt. Bergab bietet das <\/span><span class=\"NormalTextRun SpellingErrorV2Themed SCXW244971064 BCX0\">Solace<\/span><span class=\"NormalTextRun SCXW244971064 BCX0\"> dank der 50er Schwalbe Bereifung viel Komfort und eine gute Laufruhe auf rauem Schotter. Insgesamt bietet das <\/span><span class=\"NormalTextRun SpellingErrorV2Themed SCXW244971064 BCX0\">Solace<\/span><span class=\"NormalTextRun SCXW244971064 BCX0\"> beeindruckende Leistung und Fahrspa\u00df<\/span><span class=\"NormalTextRun SCXW244971064 BCX0\">, weshalb auch <\/span><\/span><a class=\"Hyperlink SCXW244971064 BCX0\" href=\"https:\/\/www.radfahren.de\/test-technik\/scott-solace-gravel-eride-20-test\/\" target=\"_blank\" rel=\"noreferrer noopener\"><span class=\"TextRun Underlined SCXW244971064 BCX0\" lang=\"DE-DE\" xml:lang=\"DE-DE\" data-contrast=\"none\"><span class=\"NormalTextRun SCXW244971064 BCX0\" data-ccp-charstyle=\"Hyperlink\">radfahren.de<\/span><\/span><\/a><span class=\"TextRun SCXW244971064 BCX0\" lang=\"DE-DE\" xml:lang=\"DE-DE\" data-contrast=\"auto\"><span class=\"NormalTextRun SCXW244971064 BCX0\"> ein \u201cSehr g<\/span><span class=\"NormalTextRun SCXW244971064 BCX0\">ut\u201d f\u00fc<\/span><span class=\"NormalTextRun SCXW244971064 BCX0\">r das E-<\/span><span class=\"NormalTextRun SpellingErrorV2Themed SCXW244971064 BCX0\">Gravel<\/span><span class=\"NormalTextRun SCXW244971064 BCX0\"> Bike vergab.<\/span><\/span><span class=\"EOP SCXW244971064 BCX0\" data-ccp-props=\"{&quot;201341983&quot;:0,&quot;335559739&quot;:160,&quot;335559740&quot;:259}\">\u00a0<\/span>[\/vc_column_text][\/vc_column][\/vc_row][vc_row][vc_column width=&#8220;1\/1&#8243;]<a href=\"https:\/\/www.fahrrad-xxl.at\/serie\/scott-solace\/\" target=\"_blank\" class=\"button button-appear custom large \" style=\"background-color: #a82323; border-color: #a82323;border-radius: 30px;\"><span>Entdecke unsere Scott Solace Modelle<i class='fa fas fa-chevron-circle-right'><\/i><\/span><\/a><div class=\"divider divider3\" style='margin:60px 0 60px 0 !important;'><\/div>[\/vc_column][\/vc_row][vc_row][vc_column width=&#8220;1\/1&#8243;][vc_column_text css_animation=&#8220;none&#8220;]<\/p>\n<h3><span class=\"TextRun SCXW10952775 BCX0\" lang=\"DE-DE\" xml:lang=\"DE-DE\" data-contrast=\"none\"><span class=\"NormalTextRun SCXW10952775 BCX0\" data-ccp-parastyle=\"heading 3\">Specialized S-Works Turbo Creo SL EVO<\/span><\/span><span class=\"EOP SCXW10952775 BCX0\" data-ccp-props=\"{&quot;134245418&quot;:true,&quot;134245529&quot;:true,&quot;201341983&quot;:0,&quot;335559738&quot;:40,&quot;335559739&quot;:0,&quot;335559740&quot;:259}\">\u00a0<\/span><\/h3>\n<p>[\/vc_column_text]<div class=\"single_image wpb_content_element align-center    \" data-animation=\"none\" data-delay=\"0\"><a href=\"https:\/\/www.fahrrad-xxl.at\/specialized-s-works-turbo-creo-sl-carbon-evo-m000058613\" target=\"_blank\"><img width=\"1147\" height=\"849\" src=\"https:\/\/www.fahrrad-xxl.at\/blog\/wp-content\/uploads\/2020\/02\/Specialized-S-Works-Turbo-Creo-SL-EVO.-e1691670329386.jpg\" class=\"attachment-full\" alt=\"Specialized S-Works Turbo Creo SL EVO\" decoding=\"async\" loading=\"lazy\" title=\"E-Bike Test &amp; Vergleich 2023: Testsieger, Kauftipps &amp; mehr\" srcset=\"https:\/\/www.fahrrad-xxl.at\/blog\/wp-content\/uploads\/2020\/02\/Specialized-S-Works-Turbo-Creo-SL-EVO.-e1691670329386.jpg 1147w, https:\/\/www.fahrrad-xxl.at\/blog\/wp-content\/uploads\/2020\/02\/Specialized-S-Works-Turbo-Creo-SL-EVO.-e1691670329386-300x222.jpg 300w, https:\/\/www.fahrrad-xxl.at\/blog\/wp-content\/uploads\/2020\/02\/Specialized-S-Works-Turbo-Creo-SL-EVO.-e1691670329386-1024x758.jpg 1024w, https:\/\/www.fahrrad-xxl.at\/blog\/wp-content\/uploads\/2020\/02\/Specialized-S-Works-Turbo-Creo-SL-EVO.-e1691670329386-768x568.jpg 768w\" sizes=\"(max-width: 1147px) 100vw, 1147px\" \/><\/a><span class=\"single_image_caption\">Specialized S-Works Turbo Creo SL EVO <\/span><\/div>[\/vc_column][\/vc_row][vc_row][vc_column width=&#8220;1\/2&#8243;][vc_column_text css_animation=&#8220;none&#8220;]<em>Die Eigenschaften des <span class=\"TextRun SCXW194579194 BCX0\" lang=\"DE-DE\" xml:lang=\"DE-DE\" data-contrast=\"none\"><span class=\"NormalTextRun SCXW194579194 BCX0\" data-ccp-parastyle=\"heading 3\">Specialized S-Works Turbo Creo SL EVO<\/span><\/span><span class=\"EOP SCXW194579194 BCX0\" data-ccp-props=\"{&quot;134245418&quot;:true,&quot;134245529&quot;:true,&quot;201341983&quot;:0,&quot;335559738&quot;:40,&quot;335559739&quot;:0,&quot;335559740&quot;:259}\">\u00a0<\/span><\/em><\/p>\n<ul>\n<li><span style=\"color: #008000;\"><span style=\"color: #008000;\"><span class=\"TextRun SCXW69692264 BCX0\" lang=\"DE-DE\" xml:lang=\"DE-DE\" data-contrast=\"auto\"><span class=\"NormalTextRun SpellingErrorV2Themed SCXW69692264 BCX0\"><span data-contrast=\"auto\">Geringes Gewicht\u00a0<\/span><\/span><\/span><\/span><\/span><\/li>\n<li><span style=\"color: #008000;\"><span style=\"color: #008000;\"><span class=\"TextRun SCXW69692264 BCX0\" lang=\"DE-DE\" xml:lang=\"DE-DE\" data-contrast=\"auto\"><span class=\"NormalTextRun SpellingErrorV2Themed SCXW69692264 BCX0\"><span data-contrast=\"auto\">Top-Ausstattung\u00a0<\/span><\/span><\/span><\/span><\/span><\/li>\n<li><span style=\"color: #008000;\"><span style=\"color: #008000;\"><span class=\"TextRun SCXW69692264 BCX0\" lang=\"DE-DE\" xml:lang=\"DE-DE\" data-contrast=\"auto\"><span class=\"NormalTextRun SpellingErrorV2Themed SCXW69692264 BCX0\"><span data-contrast=\"auto\">Leichte Komponenten\u00a0<\/span><\/span><\/span><\/span><\/span><\/li>\n<li><span data-contrast=\"auto\">Hoher Preis<\/span><span data-ccp-props=\"{&quot;201341983&quot;:0,&quot;335559739&quot;:160,&quot;335559740&quot;:259}\">\u00a0<\/span><\/li>\n<\/ul>\n<p>[\/vc_column_text][\/vc_column][vc_column width=&#8220;1\/2&#8243;][vc_column_text css_animation=&#8220;none&#8220;]<span class=\"EOP SCXW244971064 BCX0\" data-ccp-props=\"{&quot;201341983&quot;:0,&quot;335559739&quot;:160,&quot;335559740&quot;:259}\"><span class=\"LineBreakBlob BlobObject DragDrop SCXW4596475 BCX0\"><span class=\"SCXW4596475 BCX0\">\u00a0<\/span><\/span><span class=\"TextRun SCXW4596475 BCX0\" lang=\"DE-DE\" xml:lang=\"DE-DE\" data-contrast=\"auto\"><span class=\"NormalTextRun SCXW4596475 BCX0\">Das S-Works Creo SL von Specialized ist ein\u00a0<\/span><span class=\"NormalTextRun SCXW4596475 BCX0\">hochwertiges E-Bike und verf\u00fcgt \u00fcber einen eigens entwickelten Antrieb, einen hochwertigen FACT 11r Carbon-Rahmen und eine beeindruckende Ausstattung mit S-Works Komponenten. Mit einem Gewicht von 12,2 kg f\u00fchlt sich das E-Rennrad leicht und reaktionsschnell an. Der SL 1.1 Motor bietet drei Unterst\u00fctzungsmodi und eine Leistung von bis zu 240 Watt und ist damit auch f\u00fcr anspruchsvolle <\/span><span class=\"NormalTextRun SCXW4596475 BCX0\">Tour<\/span><span class=\"NormalTextRun SCXW4596475 BCX0\">en und Steigungen geeignet<\/span><span class=\"NormalTextRun SCXW4596475 BCX0\">. Alles in allem ist das S-Works Creo SL ein leistungsstarkes E-Bike, das die Erwartungen an eine komfortable, aber auch anspruchsvolle Fahrt erf\u00fcllt. <\/span><span class=\"NormalTextRun SCXW4596475 BCX0\">Daf\u00fcr vergab <\/span><\/span><a class=\"Hyperlink SCXW4596475 BCX0\" href=\"https:\/\/thecycleverse.com\/de\/blog\/e-bike-test#Specialized-S-Works-Turbo-Creo-SL-EVO\" target=\"_blank\" rel=\"noreferrer noopener\"><span class=\"TextRun Underlined SCXW4596475 BCX0\" lang=\"DE-DE\" xml:lang=\"DE-DE\" data-contrast=\"none\"><span class=\"NormalTextRun SpellingErrorV2Themed SCXW4596475 BCX0\" data-ccp-charstyle=\"Hyperlink\">thecycleverse<\/span><\/span><\/a><span class=\"TextRun SCXW4596475 BCX0\" lang=\"DE-DE\" xml:lang=\"DE-DE\" data-contrast=\"auto\"><span class=\"NormalTextRun SCXW4596475 BCX0\"> 9,5 Punkte.<\/span><\/span><span class=\"EOP SCXW4596475 BCX0\" data-ccp-props=\"{&quot;201341983&quot;:0,&quot;335559739&quot;:160,&quot;335559740&quot;:259}\">\u00a0<\/span> <\/span>[\/vc_column_text][\/vc_column][\/vc_row][vc_row][vc_column width=&#8220;1\/1&#8243;]<a href=\"https:\/\/www.fahrrad-xxl.at\/serie\/specialized-s-works\/\" target=\"_blank\" class=\"button button-appear custom large \" style=\"background-color: #a82323; border-color: #a82323;border-radius: 30px;\"><span>Entdecke unsere Specialized S-Works Modelle<i class='fa fas fa-chevron-circle-right'><\/i><\/span><\/a><div class=\"divider divider3\" style='margin:60px 0 60px 0 !important;'><\/div>[\/vc_column][\/vc_row][vc_row][vc_column width=&#8220;1\/1&#8243;][vc_column_text css_animation=&#8220;none&#8220;]<\/p>\n<h3><span class=\"TextRun SCXW139706317 BCX0\" lang=\"DE-DE\" xml:lang=\"DE-DE\" data-contrast=\"none\"><span class=\"NormalTextRun SpellingErrorV2Themed SCXW139706317 BCX0\" data-ccp-parastyle=\"heading 3\">Orbea<\/span> <span class=\"NormalTextRun SpellingErrorV2Themed SCXW139706317 BCX0\" data-ccp-parastyle=\"heading 3\">Gain<\/span><span class=\"NormalTextRun SCXW139706317 BCX0\" data-ccp-parastyle=\"heading 3\"> D30 1x<\/span><\/span><span class=\"EOP SCXW139706317 BCX0\" data-ccp-props=\"{&quot;134245418&quot;:true,&quot;134245529&quot;:true,&quot;201341983&quot;:0,&quot;335559738&quot;:40,&quot;335559739&quot;:0,&quot;335559740&quot;:259}\">\u00a0<\/span><\/h3>\n<p>[\/vc_column_text]<div class=\"single_image wpb_content_element align-center    \" data-animation=\"none\" data-delay=\"0\"><a href=\"https:\/\/www.fahrrad-xxl.at\/orbea-gain-d30-1x-m000061800\" target=\"_blank\"><img width=\"1920\" height=\"1280\" src=\"https:\/\/www.fahrrad-xxl.at\/blog\/wp-content\/uploads\/2020\/02\/Orbea-Gain-D30-1x.jpg\" class=\"attachment-full\" alt=\"Orbea Gain D30 1x\" decoding=\"async\" loading=\"lazy\" title=\"E-Bike Test &amp; Vergleich 2023: Testsieger, Kauftipps &amp; mehr\" srcset=\"https:\/\/www.fahrrad-xxl.at\/blog\/wp-content\/uploads\/2020\/02\/Orbea-Gain-D30-1x.jpg 1920w, https:\/\/www.fahrrad-xxl.at\/blog\/wp-content\/uploads\/2020\/02\/Orbea-Gain-D30-1x-300x200.jpg 300w, https:\/\/www.fahrrad-xxl.at\/blog\/wp-content\/uploads\/2020\/02\/Orbea-Gain-D30-1x-1024x683.jpg 1024w, https:\/\/www.fahrrad-xxl.at\/blog\/wp-content\/uploads\/2020\/02\/Orbea-Gain-D30-1x-768x512.jpg 768w, https:\/\/www.fahrrad-xxl.at\/blog\/wp-content\/uploads\/2020\/02\/Orbea-Gain-D30-1x-1536x1024.jpg 1536w, https:\/\/www.fahrrad-xxl.at\/blog\/wp-content\/uploads\/2020\/02\/Orbea-Gain-D30-1x-600x400.jpg 600w\" sizes=\"(max-width: 1920px) 100vw, 1920px\" \/><\/a><span class=\"single_image_caption\">Orbea Gain D30 1x <\/span><\/div>[\/vc_column][\/vc_row][vc_row][vc_column width=&#8220;1\/2&#8243;][vc_column_text css_animation=&#8220;none&#8220;]<em>Die Eigenschaften des <span data-contrast=\"none\">Orbea Gain D30 1x<\/span><span data-ccp-props=\"{&quot;134245418&quot;:true,&quot;134245529&quot;:true,&quot;201341983&quot;:0,&quot;335559738&quot;:40,&quot;335559739&quot;:0,&quot;335559740&quot;:259}\">\u00a0<\/span><\/em><\/p>\n<ul>\n<li><span style=\"color: #008000;\"><span style=\"color: #008000;\"><span class=\"TextRun SCXW69692264 BCX0\" lang=\"DE-DE\" xml:lang=\"DE-DE\" data-contrast=\"auto\"><span class=\"NormalTextRun SpellingErrorV2Themed SCXW69692264 BCX0\"><span data-contrast=\"auto\">Gro\u00dfe Reifenfreiheit <\/span><\/span><\/span><\/span><\/span><\/li>\n<li><span style=\"color: #008000;\"><span style=\"color: #008000;\"><span class=\"TextRun SCXW69692264 BCX0\" lang=\"DE-DE\" xml:lang=\"DE-DE\" data-contrast=\"auto\"><span class=\"NormalTextRun SpellingErrorV2Themed SCXW69692264 BCX0\"><span data-contrast=\"auto\">Range Extender erh\u00e4ltlich <\/span><\/span><\/span><\/span><\/span><\/li>\n<li><span style=\"color: #008000;\"><span style=\"color: #008000;\"><span class=\"TextRun SCXW69692264 BCX0\" lang=\"DE-DE\" xml:lang=\"DE-DE\" data-contrast=\"auto\"><span class=\"NormalTextRun SpellingErrorV2Themed SCXW69692264 BCX0\"><span data-contrast=\"auto\">Agiles Fahrverhalten\u00a0<\/span><\/span><\/span><\/span><\/span><\/li>\n<li><span data-contrast=\"auto\">Wenig Reichweite<\/span><span data-ccp-props=\"{&quot;201341983&quot;:0,&quot;335559739&quot;:160,&quot;335559740&quot;:259}\">\u00a0<\/span><\/li>\n<\/ul>\n<p>[\/vc_column_text][\/vc_column][vc_column width=&#8220;1\/2&#8243;][vc_column_text css_animation=&#8220;none&#8220;]<span class=\"TextRun SCXW157126436 BCX0\" lang=\"DE-DE\" xml:lang=\"DE-DE\" data-contrast=\"auto\"><span class=\"NormalTextRun SCXW157126436 BCX0\">Das <\/span><span class=\"NormalTextRun SpellingErrorV2Themed SCXW157126436 BCX0\">Orbea<\/span> <span class=\"NormalTextRun SpellingErrorV2Themed SCXW157126436 BCX0\">Gain<\/span><span class=\"NormalTextRun SCXW157126436 BCX0\"> D30 1x wurde komplett \u00fcberarbeitet und mit den neuesten Technologien der Orca-Serie harmonisiert, um eine Leistung zu erzielen, die dem Fahrgef\u00fchl eines normalen Rennrads entspricht. Das neue System X35 Plus von <\/span><span class=\"NormalTextRun SpellingErrorV2Themed SCXW157126436 BCX0\">ebikemotion<\/span><span class=\"NormalTextRun SCXW157126436 BCX0\"> wurde optimiert, um ein nat\u00fcrliches Tretgef\u00fchl zu gew\u00e4hrleisten und eine sanfte, ausgewogene und zuverl\u00e4ssige Unterst\u00fctzung zu bieten. Der ICR-Vorbau erm\u00f6glicht die Verlegung der Schalt- und Bremsz\u00fcge sowie des Stromkabels f\u00fcr das integrierte Tagfahrlicht. Ein weiterer Vorteil ist die M\u00f6glichkeit, GPS-Navis von Garmin oder <\/span><span class=\"NormalTextRun SpellingErrorV2Themed SCXW157126436 BCX0\">Wahoo<\/span><span class=\"NormalTextRun SCXW157126436 BCX0\"> an der vorderen Halterung zu befestigen. Das D30 1x ist mit einer speziellen Shimano RX812 GS 11-Gang Kettenschaltung, hydraulischen Scheibenbremsen, einer <\/span><span class=\"NormalTextRun SpellingErrorV2Themed SCXW157126436 BCX0\">Carbongabel<\/span><span class=\"NormalTextRun SCXW157126436 BCX0\"> und schlauchlosen 38C Reifen ausgestattet, was dem E-<\/span><span class=\"NormalTextRun SpellingErrorV2Themed SCXW157126436 BCX0\">Gravel<\/span><span class=\"NormalTextRun SCXW157126436 BCX0\"> Bike ein komfortables und agiles Fahrverhalten verleiht<\/span><span class=\"NormalTextRun SCXW157126436 BCX0\">.<\/span><span class=\"NormalTextRun SCXW157126436 BCX0\"> Klare 9 Punkte von <\/span><\/span><a class=\"Hyperlink SCXW157126436 BCX0\" href=\"https:\/\/thecycleverse.com\/de\/blog\/e-bike-test#Orbea-Gain-D30-1x-E-Bike\" target=\"_blank\" rel=\"noreferrer noopener\"><span class=\"TextRun Underlined SCXW157126436 BCX0\" lang=\"DE-DE\" xml:lang=\"DE-DE\" data-contrast=\"none\"><span class=\"NormalTextRun SpellingErrorV2Themed SCXW157126436 BCX0\" data-ccp-charstyle=\"Hyperlink\">thecycleverse<\/span><span class=\"NormalTextRun SCXW157126436 BCX0\" data-ccp-charstyle=\"Hyperlink\">.<\/span><\/span><\/a><span class=\"EOP SCXW157126436 BCX0\" data-ccp-props=\"{&quot;201341983&quot;:0,&quot;335559739&quot;:160,&quot;335559740&quot;:259}\">\u00a0<\/span>[\/vc_column_text][\/vc_column][\/vc_row][vc_row][vc_column width=&#8220;1\/1&#8243;]<a href=\"https:\/\/www.fahrrad-xxl.at\/serie\/orbea-gain\/\" target=\"_blank\" class=\"button button-appear custom large \" style=\"background-color: #a82323; border-color: #a82323;border-radius: 30px;\"><span>Entdecke unsere Orbea Gain Modelle<i class='fa fas fa-chevron-circle-right'><\/i><\/span><\/a><div class=\"divider divider3\" style='margin:60px 0 60px 0 !important;'><\/div>[\/vc_column][\/vc_row][vc_row][vc_column width=&#8220;1\/1&#8243;][vc_column_text css_animation=&#8220;none&#8220;]<\/p>\n<h3><span class=\"TextRun SCXW241798908 BCX0\" lang=\"DE-DE\" xml:lang=\"DE-DE\" data-contrast=\"none\"><span class=\"NormalTextRun SCXW241798908 BCX0\" data-ccp-parastyle=\"heading 3\">Trek <\/span><span class=\"NormalTextRun SpellingErrorV2Themed SCXW241798908 BCX0\" data-ccp-parastyle=\"heading 3\">Domane<\/span><span class=\"NormalTextRun SCXW241798908 BCX0\" data-ccp-parastyle=\"heading 3\">+<\/span><\/span><span class=\"EOP SCXW241798908 BCX0\" data-ccp-props=\"{&quot;134245418&quot;:true,&quot;134245529&quot;:true,&quot;201341983&quot;:0,&quot;335559738&quot;:40,&quot;335559739&quot;:0,&quot;335559740&quot;:259}\">\u00a0<\/span><\/h3>\n<p>[\/vc_column_text]<div class=\"single_image wpb_content_element align-center    \" data-animation=\"none\" data-delay=\"0\"><a href=\"https:\/\/www.fahrrad-xxl.at\/trek-domane-slr-6-m000071848\" target=\"_blank\"><img width=\"1920\" height=\"1280\" src=\"https:\/\/www.fahrrad-xxl.at\/blog\/wp-content\/uploads\/2020\/02\/Trek-Domane.jpg\" class=\"attachment-full\" alt=\"Trek Domane+\" decoding=\"async\" loading=\"lazy\" title=\"E-Bike Test &amp; Vergleich 2023: Testsieger, Kauftipps &amp; mehr\" srcset=\"https:\/\/www.fahrrad-xxl.at\/blog\/wp-content\/uploads\/2020\/02\/Trek-Domane.jpg 1920w, https:\/\/www.fahrrad-xxl.at\/blog\/wp-content\/uploads\/2020\/02\/Trek-Domane-300x200.jpg 300w, https:\/\/www.fahrrad-xxl.at\/blog\/wp-content\/uploads\/2020\/02\/Trek-Domane-1024x683.jpg 1024w, https:\/\/www.fahrrad-xxl.at\/blog\/wp-content\/uploads\/2020\/02\/Trek-Domane-768x512.jpg 768w, https:\/\/www.fahrrad-xxl.at\/blog\/wp-content\/uploads\/2020\/02\/Trek-Domane-1536x1024.jpg 1536w, https:\/\/www.fahrrad-xxl.at\/blog\/wp-content\/uploads\/2020\/02\/Trek-Domane-600x400.jpg 600w\" sizes=\"(max-width: 1920px) 100vw, 1920px\" \/><\/a><span class=\"single_image_caption\">Trek Domane+ <\/span><\/div>[\/vc_column][\/vc_row][vc_row][vc_column width=&#8220;1\/2&#8243;][vc_column_text css_animation=&#8220;none&#8220;]<em>Die Eigenschaften des <span class=\"TextRun SCXW112629562 BCX0\" lang=\"DE-DE\" xml:lang=\"DE-DE\" data-contrast=\"none\"><span class=\"NormalTextRun SCXW112629562 BCX0\" data-ccp-parastyle=\"heading 3\">Trek <\/span><span class=\"NormalTextRun SpellingErrorV2Themed SpellingErrorHighlight SCXW112629562 BCX0\" data-ccp-parastyle=\"heading 3\">Domane<\/span><span class=\"NormalTextRun SCXW112629562 BCX0\" data-ccp-parastyle=\"heading 3\">+<\/span><\/span><span class=\"EOP SCXW112629562 BCX0\" data-ccp-props=\"{&quot;134245418&quot;:true,&quot;134245529&quot;:true,&quot;201341983&quot;:0,&quot;335559738&quot;:40,&quot;335559739&quot;:0,&quot;335559740&quot;:259}\">\u00a0<\/span><\/em><\/p>\n<ul>\n<li><span style=\"color: #008000;\"><span style=\"color: #008000;\"><span style=\"color: #008000;\"><span class=\"TextRun SCXW69692264 BCX0\" lang=\"DE-DE\" xml:lang=\"DE-DE\" data-contrast=\"auto\"><span class=\"NormalTextRun SpellingErrorV2Themed SCXW69692264 BCX0\"><span data-contrast=\"auto\">Vielseitige Einsatzm\u00f6glcihkeiten\u00a0<\/span><\/span><\/span><\/span><\/span><\/span><\/li>\n<li><span style=\"color: #008000;\"><span style=\"color: #008000;\"><span style=\"color: #008000;\"><span class=\"TextRun SCXW69692264 BCX0\" lang=\"DE-DE\" xml:lang=\"DE-DE\" data-contrast=\"auto\"><span class=\"NormalTextRun SpellingErrorV2Themed SCXW69692264 BCX0\"><span data-contrast=\"auto\">IsoSpeed-Technologie<\/span><\/span><\/span><\/span><\/span><\/span><\/li>\n<li><span style=\"color: #008000;\"><span style=\"color: #008000;\"><span style=\"color: #008000;\"><span class=\"TextRun SCXW69692264 BCX0\" lang=\"DE-DE\" xml:lang=\"DE-DE\" data-contrast=\"auto\"><span class=\"NormalTextRun SpellingErrorV2Themed SCXW69692264 BCX0\"><span data-contrast=\"auto\">Ideal f\u00fcr Pendler<\/span><\/span><\/span><\/span><\/span><\/span><\/li>\n<li><span data-contrast=\"auto\">Verh\u00e4ltnism\u00e4\u00dfig teuer<\/span><span data-ccp-props=\"{&quot;201341983&quot;:0,&quot;335559739&quot;:160,&quot;335559740&quot;:259}\">\u00a0<\/span><\/li>\n<\/ul>\n<p>[\/vc_column_text][\/vc_column][vc_column width=&#8220;1\/2&#8243;][vc_column_text css_animation=&#8220;none&#8220;]<span class=\"TextRun SCXW29622412 BCX0\" lang=\"DE-DE\" xml:lang=\"DE-DE\" data-contrast=\"auto\"><span class=\"NormalTextRun SCXW29622412 BCX0\">Das <\/span><span class=\"NormalTextRun SpellingErrorV2Themed SCXW29622412 BCX0\">Domane<\/span><span class=\"NormalTextRun SCXW29622412 BCX0\">+ HP von Trek bietet dank des leistungsstarken Bosch Performance Speed Motors Unterst\u00fctzung bis 25 km\/h. Eine Besonderheit dieses E-Bikes sind die <\/span><span class=\"NormalTextRun SpellingErrorV2Themed SCXW29622412 BCX0\">IsoSpeed<\/span><span class=\"NormalTextRun SCXW29622412 BCX0\"> Entkoppler von Trek, die die Nachgiebigkeit des Rahmens verbessern und dem Fahrer einen sp\u00fcrbaren Komfortgewinn bieten. Die Vorteile der <\/span><span class=\"NormalTextRun SpellingErrorV2Themed SCXW29622412 BCX0\">IsoSpeed<\/span><span class=\"NormalTextRun SCXW29622412 BCX0\">-Technologie beschr\u00e4nken sich nicht nur auf den Fahrkomfort, sondern machen sich auch auf der Stra\u00dfe bemerkbar: Die Reifen haften besser und das Handl<\/span><span class=\"NormalTextRun SCXW29622412 BCX0\">ing<\/span><span class=\"NormalTextRun SCXW29622412 BCX0\"> des 17 Kilogramm schweren Bikes wird vor allem in holprigen Kurven verbessert. Der leistungsstarke Bosch-Motor sorgt f\u00fcr ein hohes Drehmoment, um Steigungen schneller und leichter zu bew\u00e4ltigen, w\u00e4hrend der 500-Wh-Akku <\/span><span class=\"NormalTextRun SCXW29622412 BCX0\">Tour<\/span><span class=\"NormalTextRun SCXW29622412 BCX0\">en ohne Reichweitenangst erm\u00f6glicht. Das <\/span><span class=\"NormalTextRun SpellingErrorV2Themed SCXW29622412 BCX0\">Domane<\/span><span class=\"NormalTextRun SCXW29622412 BCX0\">+ HP ist au\u00dferdem f\u00fcr Reifen bis 38 mm geeignet und verf\u00fcgt \u00fcber Rahmen\u00f6sen zur Befestigung von Gep\u00e4cktr\u00e4gern und Schutzblechen, was es ideal f\u00fcr Pendler und Mehrtages<\/span><span class=\"NormalTextRun SCXW29622412 BCX0\">tour<\/span><span class=\"NormalTextRun SCXW29622412 BCX0\">en macht.<\/span><span class=\"NormalTextRun SCXW29622412 BCX0\">\u00a0<\/span><\/span><a class=\"Hyperlink SCXW29622412 BCX0\" href=\"https:\/\/thecycleverse.com\/de\/blog\/e-bike-test#Trek-Domane-plus-HP-E-Bike\" target=\"_blank\" rel=\"noreferrer noopener\"><span class=\"TextRun Underlined SCXW29622412 BCX0\" lang=\"DE-DE\" xml:lang=\"DE-DE\" data-contrast=\"none\"><span class=\"NormalTextRun SpellingErrorV2Themed SCXW29622412 BCX0\" data-ccp-charstyle=\"Hyperlink\">thecycleverse<\/span><\/span><\/a><span class=\"TextRun SCXW29622412 BCX0\" lang=\"DE-DE\" xml:lang=\"DE-DE\" data-contrast=\"auto\"><span class=\"NormalTextRun SCXW29622412 BCX0\"> vergibt 9 Punkte.<\/span><\/span><span class=\"EOP SCXW29622412 BCX0\" data-ccp-props=\"{&quot;201341983&quot;:0,&quot;335559739&quot;:160,&quot;335559740&quot;:259}\">\u00a0<\/span>[\/vc_column_text][\/vc_column][\/vc_row][vc_row][vc_column width=&#8220;1\/1&#8243;]<a href=\"https:\/\/www.fahrrad-xxl.at\/serie\/trek-domane\/\" target=\"_blank\" class=\"button button-appear custom large \" style=\"background-color: #a82323; border-color: #a82323;border-radius: 30px;\"><span>Entdecke unsere Trek Domane Modelle<i class='fa fas fa-chevron-circle-right'><\/i><\/span><\/a><div class=\"divider divider3\" style='margin:60px 0 60px 0 !important;'><\/div>[\/vc_column][\/vc_row][vc_row][vc_column width=&#8220;1\/1&#8243;][vc_column_text css_animation=&#8220;none&#8220;]<\/p>\n<h2><span class=\"ez-toc-section\" id=\"die-2023er-e-faltraeder-e-klappraeder-im-test\"><\/span>Die 2023er E-Faltr\u00e4der \/ E-Klappr\u00e4der im Test<span class=\"ez-toc-section-end\"><\/span><\/h2>\n<p>[\/vc_column_text][\/vc_column][\/vc_row][vc_row][vc_column width=&#8220;1\/1&#8243;][vc_column_text css_animation=&#8220;none&#8220;]<\/p>\n<h3><span class=\"TextRun SCXW171113608 BCX0\" lang=\"DE-DE\" xml:lang=\"DE-DE\" data-contrast=\"none\"><span class=\"NormalTextRun SpellingErrorV2Themed SCXW171113608 BCX0\" data-ccp-parastyle=\"heading 3\">Brompton<\/span><span class=\"NormalTextRun SCXW171113608 BCX0\" data-ccp-parastyle=\"heading 3\"> P-Line Electric<\/span><\/span><span class=\"EOP SCXW171113608 BCX0\" data-ccp-props=\"{&quot;134245418&quot;:true,&quot;134245529&quot;:true,&quot;201341983&quot;:0,&quot;335559738&quot;:40,&quot;335559739&quot;:0,&quot;335559740&quot;:259}\">\u00a0<\/span><\/h3>\n<p>[\/vc_column_text]<div class=\"single_image wpb_content_element align-center    \" data-animation=\"none\" data-delay=\"0\"><a href=\"https:\/\/www.fahrrad-xxl.at\/brompton-electric-p-line-urban-m000062957\" target=\"_blank\"><img width=\"1920\" height=\"1280\" src=\"https:\/\/www.fahrrad-xxl.at\/blog\/wp-content\/uploads\/2020\/02\/Brompton-P-Line-Electric.jpg\" class=\"attachment-full\" alt=\"Brompton P-Line Electric\" decoding=\"async\" loading=\"lazy\" title=\"E-Bike Test &amp; Vergleich 2023: Testsieger, Kauftipps &amp; mehr\" srcset=\"https:\/\/www.fahrrad-xxl.at\/blog\/wp-content\/uploads\/2020\/02\/Brompton-P-Line-Electric.jpg 1920w, https:\/\/www.fahrrad-xxl.at\/blog\/wp-content\/uploads\/2020\/02\/Brompton-P-Line-Electric-300x200.jpg 300w, https:\/\/www.fahrrad-xxl.at\/blog\/wp-content\/uploads\/2020\/02\/Brompton-P-Line-Electric-1024x683.jpg 1024w, https:\/\/www.fahrrad-xxl.at\/blog\/wp-content\/uploads\/2020\/02\/Brompton-P-Line-Electric-768x512.jpg 768w, https:\/\/www.fahrrad-xxl.at\/blog\/wp-content\/uploads\/2020\/02\/Brompton-P-Line-Electric-1536x1024.jpg 1536w, https:\/\/www.fahrrad-xxl.at\/blog\/wp-content\/uploads\/2020\/02\/Brompton-P-Line-Electric-600x400.jpg 600w\" sizes=\"(max-width: 1920px) 100vw, 1920px\" \/><\/a><span class=\"single_image_caption\">Brompton P-Line Electric <\/span><\/div>[\/vc_column][\/vc_row][vc_row][vc_column width=&#8220;1\/2&#8243;][vc_column_text css_animation=&#8220;none&#8220;]<em>Die Eigenschaften des Tern Vektron Q9<\/em><\/p>\n<ul>\n<li><span style=\"color: #008000;\"><span class=\"TextRun SCXW69692264 BCX0\" lang=\"DE-DE\" xml:lang=\"DE-DE\" data-contrast=\"auto\"><span class=\"NormalTextRun SCXW69692264 BCX0\">Kompaktes <\/span><span class=\"NormalTextRun SpellingErrorV2Themed SCXW69692264 BCX0\">Faltma\u00df<\/span><\/span><span class=\"EOP SCXW69692264 BCX0\" data-ccp-props=\"{&quot;201341983&quot;:0,&quot;335559739&quot;:160,&quot;335559740&quot;:259}\">\u00a0<\/span><\/span><\/li>\n<li><span style=\"color: #008000;\"><span class=\"TextRun SCXW26881149 BCX0\" lang=\"DE-DE\" xml:lang=\"DE-DE\" data-contrast=\"auto\"><span class=\"NormalTextRun SCXW26881149 BCX0\">Ideales Pendlerrad<\/span><\/span><span class=\"EOP SCXW26881149 BCX0\" data-ccp-props=\"{&quot;201341983&quot;:0,&quot;335559739&quot;:160,&quot;335559740&quot;:259}\">\u00a0<\/span><\/span><\/li>\n<li><span style=\"color: #008000;\"><span class=\"TextRun SCXW256961485 BCX0\" lang=\"DE-DE\" xml:lang=\"DE-DE\" data-contrast=\"auto\"><span class=\"NormalTextRun SCXW256961485 BCX0\">Solider Antrieb<\/span><\/span><span class=\"EOP SCXW256961485 BCX0\" data-ccp-props=\"{&quot;201341983&quot;:0,&quot;335559739&quot;:160,&quot;335559740&quot;:259}\">\u00a0<\/span><\/span><\/li>\n<li><span class=\"TextRun SCXW44057956 BCX0\" lang=\"DE-DE\" xml:lang=\"DE-DE\" data-contrast=\"auto\"><span class=\"NormalTextRun SCXW44057956 BCX0\">Leicht nerv\u00f6ses Fahrverhalten<\/span><\/span><span class=\"EOP SCXW44057956 BCX0\" data-ccp-props=\"{&quot;201341983&quot;:0,&quot;335559739&quot;:160,&quot;335559740&quot;:259}\">\u00a0<\/span><\/li>\n<\/ul>\n<p>[\/vc_column_text][\/vc_column][vc_column width=&#8220;1\/2&#8243;][vc_column_text css_animation=&#8220;none&#8220;]<span class=\"TextRun SCXW161247436 BCX0\" lang=\"DE-DE\" xml:lang=\"DE-DE\" data-contrast=\"auto\"><span class=\"NormalTextRun SCXW161247436 BCX0\">Brampton<\/span><span class=\"NormalTextRun SCXW161247436 BCX0\"> bietet nun auch das <\/span><span class=\"NormalTextRun SpellingErrorV2Themed SCXW161247436 BCX0\">Brompton<\/span><span class=\"NormalTextRun SCXW161247436 BCX0\"> P-Line Electric als E-Bike an. Es beh\u00e4lt das bew\u00e4hrte Grundger\u00fcst des nichtmotorisierten Rads bei und erg\u00e4nzt es um einen dezenten, kraftvollen Frontnabenmotor und eine praktische Tasche f\u00fcr den Akku und die Bedieneinheit. Mit einem Gewicht von 15 kg und einem geringen <\/span><span class=\"NormalTextRun SpellingErrorV2Themed SCXW161247436 BCX0\">Faltma\u00df<\/span><span class=\"NormalTextRun SCXW161247436 BCX0\"> ist das E-<\/span><span class=\"NormalTextRun SpellingErrorV2Themed SCXW161247436 BCX0\">Brompton<\/span><span class=\"NormalTextRun SCXW161247436 BCX0\"> ideal f\u00fcr Pendler und den Modal Split geeignet. Es vereint Komfort und Praktikabilit\u00e4t, weshalb es von <\/span><span class=\"NormalTextRun SCXW161247436 BCX0\">der <\/span><\/span><a class=\"Hyperlink SCXW161247436 BCX0\" href=\"https:\/\/www.radfahren.de\/test-technik\/brompton-p-line-electric-test\/\" target=\"_blank\" rel=\"noreferrer noopener\"><span class=\"TextRun Underlined SCXW161247436 BCX0\" lang=\"DE-DE\" xml:lang=\"DE-DE\" data-contrast=\"none\"><span class=\"NormalTextRun ContextualSpellingAndGrammarErrorV2Themed SCXW161247436 BCX0\" data-ccp-charstyle=\"Hyperlink\">radfahren<\/span><span class=\"NormalTextRun SCXW161247436 BCX0\" data-ccp-charstyle=\"Hyperlink\">.de<\/span><\/span><\/a><span class=\"TextRun SCXW161247436 BCX0\" lang=\"DE-DE\" xml:lang=\"DE-DE\" data-contrast=\"auto\"><span class=\"NormalTextRun SCXW161247436 BCX0\"> Redaktion ein \u201cSehr gut\u201d erhielt.<\/span><\/span><span class=\"EOP SCXW161247436 BCX0\" data-ccp-props=\"{&quot;201341983&quot;:0,&quot;335559739&quot;:160,&quot;335559740&quot;:259}\">\u00a0<\/span>[\/vc_column_text][\/vc_column][\/vc_row][vc_row][vc_column width=&#8220;1\/1&#8243;]<a href=\"https:\/\/www.fahrrad-xxl.at\/fahrraeder\/e-bike\/marke.brompton\/\" target=\"_blank\" class=\"button button-appear custom large \" style=\"background-color: #a82323; border-color: #a82323;border-radius: 30px;\"><span>Entdecke die Brompton E-Bikes!<i class='fa fas fa-chevron-circle-right'><\/i><\/span><\/a><div class=\"divider divider3\" style='margin:60px 0 60px 0 !important;'><\/div>[\/vc_column][\/vc_row][vc_row][vc_column width=&#8220;1\/1&#8243;][vc_column_text]<\/p>\n<h2><span class=\"ez-toc-section\" id=\"e-lastenraeder-tests-aus-2023\"><\/span>E-Lastenr\u00e4der Tests aus 2023<span class=\"ez-toc-section-end\"><\/span><\/h2>\n<p>[\/vc_column_text][\/vc_column][\/vc_row][vc_row][vc_column width=&#8220;1\/1&#8243;][vc_column_text css_animation=&#8220;none&#8220;]<\/p>\n<h3><strong>Urban Arrow Shorty<\/strong><\/h3>\n<p>[\/vc_column_text]<div class=\"single_image wpb_content_element align-center    \" data-animation=\"none\" data-delay=\"0\"><a href=\"https:\/\/www.fahrrad-xxl.at\/urban-arrow-shorty-cx-disc-zee-p00039064m001\" target=\"_blank\"><img width=\"1119\" height=\"689\" src=\"https:\/\/www.fahrrad-xxl.at\/blog\/wp-content\/uploads\/2020\/02\/urban_arrow_shorty.jpg\" class=\"attachment-full\" alt=\"Urban Arrow Shorty\" decoding=\"async\" loading=\"lazy\" title=\"E-Bike Test &amp; Vergleich 2023: Testsieger, Kauftipps &amp; mehr\" srcset=\"https:\/\/www.fahrrad-xxl.at\/blog\/wp-content\/uploads\/2020\/02\/urban_arrow_shorty.jpg 1119w, https:\/\/www.fahrrad-xxl.at\/blog\/wp-content\/uploads\/2020\/02\/urban_arrow_shorty-300x185.jpg 300w, https:\/\/www.fahrrad-xxl.at\/blog\/wp-content\/uploads\/2020\/02\/urban_arrow_shorty-1024x631.jpg 1024w, https:\/\/www.fahrrad-xxl.at\/blog\/wp-content\/uploads\/2020\/02\/urban_arrow_shorty-768x473.jpg 768w\" sizes=\"(max-width: 1119px) 100vw, 1119px\" \/><\/a><\/div>[\/vc_column][\/vc_row][vc_row][vc_column width=&#8220;1\/2&#8243;][vc_column_text css_animation=&#8220;none&#8220;]<em>Die Eigenschaften des Urban Arrow Shorty<\/em><\/p>\n<ul>\n<li><span style=\"color: #008000;\">clever durchdachte Frontbox<\/span><\/li>\n<li><span style=\"color: #008000;\">einfaches Handling dank kompakter Gr\u00f6\u00dfe<\/span><\/li>\n<li><span style=\"color: #008000;\">viele Einsatzgebiete<\/span><\/li>\n<li>leider etwas teuer und sehr schwer<\/li>\n<\/ul>\n<p>[\/vc_column_text][\/vc_column][vc_column width=&#8220;1\/2&#8243;][vc_column_text]<span class=\"TextRun SCXW14519200 BCX0\" lang=\"DE-DE\" xml:lang=\"DE-DE\" data-contrast=\"auto\"><span class=\"NormalTextRun SCXW14519200 BCX0\">Das <\/span><span class=\"NormalTextRun SpellingErrorV2Themed SCXW14519200 BCX0\">Domane<\/span><span class=\"NormalTextRun SCXW14519200 BCX0\">+ HP von Trek bietet dank des leistungsstarken Bosch Performance Speed Motors Unterst\u00fctzung bis 25 km\/h. Eine Besonderheit dieses E-Bikes sind die <\/span><span class=\"NormalTextRun SpellingErrorV2Themed SCXW14519200 BCX0\">IsoSpeed<\/span><span class=\"NormalTextRun SCXW14519200 BCX0\"> Entkoppler von Trek, die die Nachgiebigkeit des Rahmens verbessern und dem Fahrer einen sp\u00fcrbaren Komfortgewinn bieten. Die Vorteile der <\/span><span class=\"NormalTextRun SpellingErrorV2Themed SCXW14519200 BCX0\">IsoSpeed<\/span><span class=\"NormalTextRun SCXW14519200 BCX0\">-Technologie beschr\u00e4nken sich nicht nur auf den Fahrkomfort, sondern machen sich auch auf der Stra\u00dfe bemerkbar: Die Reifen haften besser und das Handling des 17 Kilogramm schweren Bikes wird vor allem in holprigen Kurven verbessert. Der leistungsstarke Bosch-Motor sorgt f\u00fcr ein hohes Drehmoment, um Steigungen schneller und leichter zu bew\u00e4ltigen, w\u00e4hrend der 500-Wh-Akku Touren ohne Reichweitenangst erm\u00f6glicht. Das <\/span><span class=\"NormalTextRun SpellingErrorV2Themed SCXW14519200 BCX0\">Domane<\/span><span class=\"NormalTextRun SCXW14519200 BCX0\">+ HP ist au\u00dferdem f\u00fcr Reifen bis 38 mm geeignet und verf\u00fcgt \u00fcber Rahmen\u00f6sen zur Befestigung von Gep\u00e4cktr\u00e4gern und Schutzblechen, was es ideal f\u00fcr Pendler und Mehrtagestouren macht.<\/span><span class=\"NormalTextRun SCXW14519200 BCX0\">\u00a0<\/span><\/span><a class=\"Hyperlink SCXW14519200 BCX0\" href=\"https:\/\/thecycleverse.com\/de\/blog\/e-bike-test#Trek-Domane-plus-HP-E-Bike\" target=\"_blank\" rel=\"noreferrer noopener\"><span class=\"TextRun Underlined SCXW14519200 BCX0\" lang=\"DE-DE\" xml:lang=\"DE-DE\" data-contrast=\"none\"><span class=\"NormalTextRun SpellingErrorV2Themed SCXW14519200 BCX0\" data-ccp-charstyle=\"Hyperlink\">thecycleverse<\/span><\/span><\/a><span class=\"TextRun SCXW14519200 BCX0\" lang=\"DE-DE\" xml:lang=\"DE-DE\" data-contrast=\"auto\"><span class=\"NormalTextRun SCXW14519200 BCX0\"> vergibt 9 Punkte.<\/span><\/span><span class=\"EOP SCXW14519200 BCX0\" data-ccp-props=\"{&quot;201341983&quot;:0,&quot;335559739&quot;:160,&quot;335559740&quot;:259}\">\u00a0<\/span>[\/vc_column_text][\/vc_column][\/vc_row][vc_row][vc_column width=&#8220;1\/1&#8243;]<a href=\"https:\/\/www.fahrrad-xxl.at\/marken\/urban-arrow\/\" target=\"_blank\" class=\"button button-appear custom large \" style=\"background-color: #a82323; border-color: #a82323;border-radius: 30px;\"><span>Jetzt das Urban Arrow E-Lastenr\u00e4der entdecken!<i class='fa fas fa-chevron-circle-right'><\/i><\/span><\/a><div class=\"divider divider3\" style='margin:60px 0 60px 0 !important;'><\/div>[\/vc_column][\/vc_row][vc_row][vc_column width=&#8220;1\/1&#8243;][vc_column_text css_animation=&#8220;none&#8220;]<\/p>\n<h3><strong>Cube Cargo Hybrid<\/strong><\/h3>\n<p>[\/vc_column_text]<div class=\"single_image wpb_content_element align-center    \" data-animation=\"none\" data-delay=\"0\"><a href=\"https:\/\/www.fahrrad-xxl.at\/cube-cargo-sport-dual-hybrid-1000-m000041908\" target=\"_blank\"><img width=\"1119\" height=\"689\" src=\"https:\/\/www.fahrrad-xxl.at\/blog\/wp-content\/uploads\/2020\/02\/cube_cargo_hybrid.jpg\" class=\"attachment-full\" alt=\"Cube Cargo Hybrid\" decoding=\"async\" loading=\"lazy\" title=\"E-Bike Test &amp; Vergleich 2023: Testsieger, Kauftipps &amp; mehr\" srcset=\"https:\/\/www.fahrrad-xxl.at\/blog\/wp-content\/uploads\/2020\/02\/cube_cargo_hybrid.jpg 1119w, https:\/\/www.fahrrad-xxl.at\/blog\/wp-content\/uploads\/2020\/02\/cube_cargo_hybrid-300x185.jpg 300w, https:\/\/www.fahrrad-xxl.at\/blog\/wp-content\/uploads\/2020\/02\/cube_cargo_hybrid-1024x631.jpg 1024w, https:\/\/www.fahrrad-xxl.at\/blog\/wp-content\/uploads\/2020\/02\/cube_cargo_hybrid-768x473.jpg 768w\" sizes=\"(max-width: 1119px) 100vw, 1119px\" \/><\/a><\/div>[\/vc_column][\/vc_row][vc_row][vc_column width=&#8220;1\/2&#8243;][vc_column_text css_animation=&#8220;none&#8220;]<em>Die Eigenschaften des Cube Cargo Hybrid<\/em><\/p>\n<ul>\n<li><span style=\"color: #008000;\">sehr viel Zuladung m\u00f6glich<\/span><\/li>\n<li><span style=\"color: #008000;\">optimale Gr\u00f6\u00dfe f\u00fcr jeden Fahrer<\/span><\/li>\n<li><span style=\"color: #008000;\">lastenspezifischer Motor von Bosch<\/span><\/li>\n<li>eher h\u00f6heres Gewicht<\/li>\n<\/ul>\n<p>[\/vc_column_text][\/vc_column][vc_column width=&#8220;1\/2&#8243;][vc_column_text]<span class=\"TextRun SCXW236875846 BCX0\" lang=\"DE-DE\" xml:lang=\"DE-DE\" data-contrast=\"auto\"><span class=\"NormalTextRun SCXW236875846 BCX0\">Das E-Lastenrad von Urban Arrow aus Amsterdam besticht durch durchdachte Funktionalit\u00e4t und hochwertige Verarbeitung. Die vordere <\/span><span class=\"NormalTextRun SpellingErrorV2Themed SCXW236875846 BCX0\">Isobox<\/span><span class=\"NormalTextRun SCXW236875846 BCX0\"> erm\u00f6glicht einen flexiblen Transport, der abschlie\u00dfbare Deckel verwandelt das Rad in ein Lieferfahrzeug. Leichtes, robustes Material sorgt f\u00fcr Stabilit\u00e4t, der Bosch Performance Line Motor f\u00fcr m\u00fchelose Fortbewegung. Mit seinen kompakten Abmessungen, dem zentralen Laderaum und einem maximalen Gesamtgewicht von 225 kg bietet das Shorty vielseitige Transportm\u00f6glichkeiten. Eine innovative Wahl f\u00fcr Pendler, Lieferdienste und Familien<\/span><span class=\"NormalTextRun SCXW236875846 BCX0\">. <\/span><\/span><a class=\"Hyperlink SCXW236875846 BCX0\" href=\"https:\/\/thecycleverse.com\/de\/blog\/e-bike-test#Urban-Arrow-Shorty\" target=\"_blank\" rel=\"noreferrer noopener\"><span class=\"TextRun Underlined SCXW236875846 BCX0\" lang=\"DE-DE\" xml:lang=\"DE-DE\" data-contrast=\"none\"><span class=\"NormalTextRun SpellingErrorV2Themed SCXW236875846 BCX0\" data-ccp-charstyle=\"Hyperlink\">thecycleverse<\/span><\/span><\/a><span class=\"TextRun SCXW236875846 BCX0\" lang=\"DE-DE\" xml:lang=\"DE-DE\" data-contrast=\"auto\"><span class=\"NormalTextRun SCXW236875846 BCX0\"> vergibt 9 Punkte f\u00fcr das E-Lastenrad.<\/span><\/span><span class=\"EOP SCXW236875846 BCX0\" data-ccp-props=\"{&quot;201341983&quot;:0,&quot;335559739&quot;:160,&quot;335559740&quot;:259}\">\u00a0<\/span>[\/vc_column_text][\/vc_column][\/vc_row][vc_row][vc_column width=&#8220;1\/1&#8243;]<a href=\"https:\/\/www.fahrrad-xxl.at\/serie\/cube-cargo-hybrid\/\" target=\"_blank\" class=\"button button-appear custom large \" style=\"background-color: #a82323; border-color: #a82323;border-radius: 30px;\"><span>Jetzt das Cube Cargo Hybrid entdecken!<i class='fa fas fa-chevron-circle-right'><\/i><\/span><\/a><div class=\"divider divider3\" style='margin:60px 0 60px 0 !important;'><\/div>[\/vc_column][\/vc_row][vc_row][vc_column width=&#8220;1\/1&#8243;][vc_column_text]<\/p>\n<h2><span class=\"ez-toc-section\" id=\"entdecke-unsere-e-bike-themenwelt\"><\/span>Entdecke unsere E-Bike Themenwelt:<span class=\"ez-toc-section-end\"><\/span><\/h2>\n<p>Durch die komplexe Technik der heutigen E-Bikes ist es nicht mehr so leicht, sich \u00fcber die Thematik zu informieren. Wir sind bem\u00fcht, \u00fcber unsere <a href=\"https:\/\/www.fahrrad-xxl.at\/beratung\/e-bike\/\">E-Bike Beratung<\/a> Orientierung und Kaufhilfe zu bieten.[\/vc_column_text][\/vc_column][\/vc_row][vc_row][vc_column width=&#8220;1\/2&#8243;][vc_column_text]<\/p>\n<h3>Unterschied E-Bike zu Pedelec<\/h3>\n<p><a href=\"https:\/\/www.fahrrad-xxl.at\/beratung\/e-bike\/unterschied-e-bike-pedelec\/\"><img decoding=\"async\" loading=\"lazy\" class=\"alignnone\" src=\"https:\/\/www.fahrrad-xxl.atmedia\/thumbs\/192500_939830.jpg\" alt=\"Unterschied E-Bike und Pedelec\" width=\"599\" height=\"210\" \/><\/a><\/p>\n<p>Falls du dich wunderst warum man von Pedelecs und E-Bikes spricht, erf\u00e4hrst du hier die Unterschiede und die Besonderheit im Sprachgebrauch.<br \/>\n<a href=\"https:\/\/www.fahrrad-xxl.at\/beratung\/e-bike\/unterschied-e-bike-pedelec\/\">Unterschied E-Bike zu Pedelec<\/a>[\/vc_column_text][vc_column_text]<\/p>\n<h3>E-Bike Reichweite<\/h3>\n<p><a href=\"https:\/\/www.fahrrad-xxl.atberatung\/e-bike\/reichweite\/\"><img decoding=\"async\" loading=\"lazy\" class=\"alignnone size-medium\" src=\"https:\/\/www.fahrrad-xxl.atmedia\/thumbs\/192503_939836.jpg\" alt=\"E-Bike Reichweite\" width=\"599\" height=\"210\" \/><\/a><\/p>\n<p>Wie weit f\u00e4hrt mein E-Bike mit einer Akkuladung? Von welchen vielf\u00e4ltigen Faktoren das abh\u00e4ngt erf\u00e4hrst du hier.<br \/>\n<a href=\"https:\/\/www.fahrrad-xxl.atberatung\/e-bike\/reichweite\/\">E-Bike Reichweite<\/a>[\/vc_column_text][vc_column_text]<\/p>\n<h3>E-Bike Probefahrt<\/h3>\n<p><img decoding=\"async\" loading=\"lazy\" class=\"alignnone wp-image-32966\" src=\"https:\/\/www.fahrrad-xxl.at\/blog\/wp-content\/uploads\/2020\/02\/fahrrad_xxl_header_05-300x156.jpg\" alt=\"FXXL Teststrecke\" width=\"373\" height=\"194\" srcset=\"https:\/\/www.fahrrad-xxl.at\/blog\/wp-content\/uploads\/2020\/02\/fahrrad_xxl_header_05-300x156.jpg 300w, https:\/\/www.fahrrad-xxl.at\/blog\/wp-content\/uploads\/2020\/02\/fahrrad_xxl_header_05-768x400.jpg 768w, https:\/\/www.fahrrad-xxl.at\/blog\/wp-content\/uploads\/2020\/02\/fahrrad_xxl_header_05.jpg 960w\" sizes=\"(max-width: 373px) 100vw, 373px\" \/><\/p>\n<p>Hier erf\u00e4hrst du, was du bei deiner E-Bike Probefahrt beachten musst und wie du ein E-Bike am besten testest.<\/p>\n<p><a href=\"https:\/\/www.fahrrad-xxl.at\/beratung\/e-bike\/e-bike-testen-und-probefahren\/\">E-Bike Probefahren<\/a>[\/vc_column_text][\/vc_column][vc_column width=&#8220;1\/2&#8243;][vc_column_text]<\/p>\n<h3>E-Bike Motoren \u00dcbersicht<\/h3>\n<p><a href=\"https:\/\/www.fahrrad-xxl.at\/beratung\/e-bike\/antrieb\/\"><img decoding=\"async\" loading=\"lazy\" class=\"alignnone\" src=\"https:\/\/www.fahrrad-xxl.atmedia\/thumbs\/192502_939834.jpg\" alt=\"E-Bike Motoren \u00dcbersicht\" width=\"599\" height=\"210\" \/><\/a><\/p>\n<p>Der E-Bike Motorenmarkt ist gro\u00df und un\u00fcbersichtlich. Erfahre hier alle Details zu den Modellen der Hersteller.<br \/>\n<a href=\"https:\/\/www.fahrrad-xxl.at\/beratung\/e-bike\/antrieb\/\">E-Bike Motoren &amp; Antriebskonzepte<\/a>[\/vc_column_text][vc_column_text]<\/p>\n<h3>Welche E-Bike Motorposition?<\/h3>\n<p><a href=\"https:\/\/www.fahrrad-xxl.at\/beratung\/e-bike\/motorposition\/\"><img decoding=\"async\" loading=\"lazy\" class=\"alignnone\" src=\"https:\/\/www.fahrrad-xxl.atmedia\/thumbs\/192504_939839.jpg\" alt=\"Welche E-Bike Motorposition?\" width=\"599\" height=\"210\" \/><\/a><\/p>\n<p>Was hat es mit den verschiedenen Varianten der Motorposition auf sich. Ist ein Mittelmotor besser als ein Frontmotor? Erfahre dazu mehr hier.<br \/>\n<a href=\"https:\/\/www.fahrrad-xxl.at\/beratung\/e-bike\/motorposition\/\">E-Bike Motorpositionen<\/a>[\/vc_column_text][\/vc_column][\/vc_row][vc_row][vc_column width=&#8220;1\/1&#8243;]<div class=\"divider divider3\" style='margin:60px 0 60px 0 !important;'><\/div>[vc_column_text]<\/p>\n<h2><span class=\"ez-toc-section\" id=\"du-hast-fragen-zu-e-bike-tests-oder-moechtest-weitere-empfehlungen-zu-den-besten-e-bikes\"><\/span>Du hast Fragen zu E-Bike Tests oder m\u00f6chtest weitere Empfehlungen zu den besten E-Bikes?<span class=\"ez-toc-section-end\"><\/span><\/h2>\n<div class=\"visibility-desktop\"><a href=\"https:\/\/www.facebook.com\/groups\/AllAboutEbikes\/\"><img decoding=\"async\" loading=\"lazy\" class=\"alignnone wp-image-27421 size-full\" src=\"https:\/\/www.fahrrad-xxl.at\/blog\/wp-content\/uploads\/2019\/10\/Facebook-Banner-1000x300-2-1.jpg\" alt=\"E-Bike Test &amp; Vergleich 2023: Testsieger, Kauftipps &amp; mehr\" width=\"1000\" height=\"300\" srcset=\"https:\/\/www.fahrrad-xxl.at\/blog\/wp-content\/uploads\/2019\/10\/Facebook-Banner-1000x300-2-1.jpg 1000w, https:\/\/www.fahrrad-xxl.at\/blog\/wp-content\/uploads\/2019\/10\/Facebook-Banner-1000x300-2-1-300x90.jpg 300w, https:\/\/www.fahrrad-xxl.at\/blog\/wp-content\/uploads\/2019\/10\/Facebook-Banner-1000x300-2-1-768x230.jpg 768w\" sizes=\"(max-width: 1000px) 100vw, 1000px\" \/><\/a><\/div>\n<div class=\"visibility-mobile\"><a href=\"https:\/\/www.facebook.com\/groups\/AllAboutEbikes\/\"><img decoding=\"async\" loading=\"lazy\" class=\"alignnone wp-image-27420 size-medium\" src=\"https:\/\/www.fahrrad-xxl.at\/blog\/wp-content\/uploads\/2019\/10\/Facebook-Banner-300x200-2-1-300x200.jpg\" alt=\"E-Bike Test &amp; Vergleich 2023: Testsieger, Kauftipps &amp; mehr\" width=\"300\" height=\"200\" \/><\/a><\/div>[\/vc_column_text]<a href=\"https:\/\/www.facebook.com\/groups\/483142135792282\/\" target=\"_self\" class=\"button button-appear custom full \" style=\"background-color: #065396; border-color: #065396;border-radius: 10px;\"><span>Teile deine Erfahrungen mit unserer E-Bike Community auf Facebook <i class='fa fas fa-chevron-circle-right'><\/i><\/span><\/a><div class=\"spacer\" style=\"height: 40px;\"><\/div>[vc_column_text]<\/p>\n<h2><span class=\"ez-toc-section\" id=\"%f0%9f%95%b5%f0%9f%8f%bb-wer-testet-die-e-bikes\"><\/span>&#x1f575;&#x1f3fb; Wer testet die E-Bikes?<span class=\"ez-toc-section-end\"><\/span><\/h2>\n<p>Wie zu erwarten, haben sich im Fahrradbereich mittlerweile diverse Print- und Online Medien etabliert, die sich schwerpunktm\u00e4\u00dfig oder auch ausschlie\u00dflich mit dem angesagten Consumer Produkt &#8222;E-Bike &amp; Elektrofahrrad&#8220; besch\u00e4ftigen. Der Test von <a href=\"https:\/\/www.fahrrad-xxl.atfahrraeder\/e-bike\/\">E-Bikes<\/a> jeder Kategorie und das Erstellen diverser Bestenlisten geh\u00f6rt mittlerweile neben der Beratung zu einer der Aufgaben Schwerpunkte der Redakteure. Es wird teilweise ein immenser Aufwand betrieben, um kleine aber feine Unterschiede zwischen den E-Bikes im Testfeld auf den Punkt zu bringen. Daneben lassen es sich aber auch Reise-, Sport- und Lifestyle Magazine nicht nehmen, von Zeit zu Zeit entsprechende Fahrberichte beizusteuern, welche nicht den Anspruch erheben zu der Kategorie &#8222;Test&#8220; gez\u00e4hlt zu werden. Wir wollen dir die in unserem Shop verf\u00fcgbaren Testsieger nicht vorenthalten und haben uns auf die Suche gemacht und die besten E-Bike Tests zusammengetragen&#8230;[\/vc_column_text][vc_column_text]<\/p>\n<h2><span class=\"ez-toc-section\" id=\"%e2%9d%93-wie-wird-ein-e-bike-getestet\"><\/span>&#x2753; Wie wird ein E-Bike getestet?<span class=\"ez-toc-section-end\"><\/span><\/h2>\n<p>Bei den Tests werden zum gro\u00dfen Teil sehr intensive Anstrengungen unternommen, um technisch fundierte Aussagen treffen zu k\u00f6nnen und faire Vergleiche zu gew\u00e4hrleisten. So werden die R\u00e4der teilweise in hauseigenen oder externen Testlabors vermessen, die Bauteile identifiziert und dokumentiert. Auch unter dem Aspekt, m\u00f6glichst identische bzw. untereinander vergleichbare E-Bikes zu testen.<\/p>\n<p>Zur Ermittlung der bei den E-Bikes so entscheidenden Reichweite werden diese auf dem Rollenpr\u00fcfstand genormten, je nach Typ unterschiedlichen, simulierten Praxisbedingungen unterzogen, bis der Akku leer ist. So kann eine objektive Aussage zum Thema Reichweite bzw. der bei den E-MTB\u2019s mittlerweile etablierten H\u00f6henreichweite getroffen werden.<\/p>\n<p>Kleinere Redaktionen haben in der Regel genormte Testrunden herausgearbeitet um eine m\u00f6glichst objektive Aussage zur Reichweite treffen zu k\u00f6nnen, falls die sehr aufw\u00e4ndige Reichweiten Ermittlung via Pr\u00fcfstand nicht zur Verf\u00fcgung steht.<\/p>\n<p>Nat\u00fcrlich spielt der Motor der Elektrobikes eine gro\u00dfe Rolle. Egal ob der Elektromotor ein Mittelmotor oder ein Nabenmotor ist, die Antriebsart sollte in jedem Test einer Redaktion immer genau unter die Lupe genommen werden.<\/p>\n<p>F\u00fcr den finalen \u201eTestbrief\u201c und die Punktevergabe unterscheiden sich die Ans\u00e4tze von Redaktion zu Redaktion. Je nach Bike Typ werden unterschiedliche Bewertungskriterien zugrunde gelegt. Diese k\u00f6nnen sehr vielf\u00e4ltig sein. Beispiele daf\u00fcr sind<\/p>\n<p>Objektiv:<\/p>\n<ul>\n<li>Gewicht \/ Motorleistung \/ Ausstattung<\/li>\n<\/ul>\n<p>Subjektiv:<\/p>\n<ul>\n<li>Handling \/ Komfort \/ \u201eFahrspa\u00df\u201c \/ \u201eMotor Charakter\u201c \/ Verarbeitung<\/li>\n<\/ul>\n<p>Die unterschiedlichen Kriterien gehen dann in der Regel \u201egewichtet\u201c \u00fcber ein Punkte oder Schulnotensystem in die Gesamtwertung ein. Ein Fazit und eine Pro\/Contra Statement runden den Test ab.[\/vc_column_text][\/vc_column][\/vc_row][vc_section][vc_row][vc_column width=&#8220;1\/1&#8243;]<div class=\"newdivider align-left\" style=\"border-bottom-style: solid; border-color: #eaeaea; border-bottom-width: 1px; margin-top: 20px; margin-bottom: 0; width: 100%; \"><\/div><div class=\"clear\"><\/div>[\/vc_column][\/vc_row][vc_row][vc_column width=&#8220;1\/1&#8243;][vc_column_text]<span class=\"dkdai-headline\">Das k\u00f6nnte dich auch interessieren<\/span>[\/vc_column_text][vc_column_text]<div class=\"rpbt_shortcode\">\n\n<style type=\"text\/css\">\n\t\t\t#rpbt-related-gallery-1 {\n\t\t\t\tmargin: auto;\n\t\t\t}\n\t\t\t#rpbt-related-gallery-1 .gallery-item {\n\t\t\t\tfloat: left;\n\t\t\t\tmargin-top: 10px;\n\t\t\t\ttext-align: center;\n\t\t\t\twidth: 33%;\n\t\t\t}\n\t\t\t#rpbt-related-gallery-1 img {\n\t\t\t\tborder: 2px solid #cfcfcf;\n\t\t\t}\n\t\t\t#rpbt-related-gallery-1 .gallery-caption {\n\t\t\t\tmargin-left: 0;\n\t\t\t}\n\t\t\t\/* see gallery_shortcode() in wp-includes\/media.php *\/\n\t\t<\/style>\n\t\t<div id='rpbt-related-gallery-1' class='gallery related-gallery related-galleryid-24469 gallery-columns-3 gallery-size-medium'><dl class='gallery-item' role='figure' aria-label='Gravel Bike Test 2023 &#8211; Kauftipps, Testsieger &#038; mehr'>\n\t\t\t<dt class='gallery-icon landscape'>\n\t\t\t\t<a href='https:\/\/www.fahrrad-xxl.at\/blog\/gravel-bike-test-kauftipps-testsieger\/'><img width=\"300\" height=\"200\" src=\"https:\/\/www.fahrrad-xxl.at\/blog\/wp-content\/uploads\/2020\/08\/Blog-Header-300x200.jpg\" class=\"attachment-medium size-medium\" alt=\"Gravel Bike Test 2023 - Kauftipps, Testsieger &amp; mehr\" decoding=\"async\" loading=\"lazy\" aria-describedby=\"rpbt-related-gallery-1-29588\" srcset=\"https:\/\/www.fahrrad-xxl.at\/blog\/wp-content\/uploads\/2020\/08\/Blog-Header-300x200.jpg 300w, https:\/\/www.fahrrad-xxl.at\/blog\/wp-content\/uploads\/2020\/08\/Blog-Header-1024x683.jpg 1024w, https:\/\/www.fahrrad-xxl.at\/blog\/wp-content\/uploads\/2020\/08\/Blog-Header-768x512.jpg 768w, https:\/\/www.fahrrad-xxl.at\/blog\/wp-content\/uploads\/2020\/08\/Blog-Header-1536x1024.jpg 1536w, https:\/\/www.fahrrad-xxl.at\/blog\/wp-content\/uploads\/2020\/08\/Blog-Header-2048x1366.jpg 2048w, https:\/\/www.fahrrad-xxl.at\/blog\/wp-content\/uploads\/2020\/08\/Blog-Header-600x400.jpg 600w\" sizes=\"(max-width: 300px) 100vw, 300px\" title=\"Gravel Bike Test 2023 - Kauftipps, Testsieger &amp; mehr\" \/><\/a>\n\t\t\t<\/dt>\n\t\t\t\t<dd class='wp-caption-text gallery-caption' id='rpbt-related-gallery-1-29588'>\n\t\t\t\tGravel Bike Test 2023 &#8211; Kauftipps, Testsieger &#038; mehr\n\t\t\t\t<\/dd><\/dl><dl class='gallery-item' role='figure' aria-label='Fahrradhelm Test &#8211; Testsieger von ADAC &#038; Co.'>\n\t\t\t<dt class='gallery-icon landscape'>\n\t\t\t\t<a href='https:\/\/www.fahrrad-xxl.at\/blog\/fahrradhelme-im-test\/'><img width=\"300\" height=\"200\" src=\"https:\/\/www.fahrrad-xxl.at\/blog\/wp-content\/uploads\/2021\/06\/Fahrradhelme-im-Test-1-300x200.jpg\" class=\"attachment-medium size-medium\" alt=\"Fahrradhelme im Test\" decoding=\"async\" loading=\"lazy\" aria-describedby=\"rpbt-related-gallery-1-31518\" srcset=\"https:\/\/www.fahrrad-xxl.at\/blog\/wp-content\/uploads\/2021\/06\/Fahrradhelme-im-Test-1-300x200.jpg 300w, https:\/\/www.fahrrad-xxl.at\/blog\/wp-content\/uploads\/2021\/06\/Fahrradhelme-im-Test-1-1024x683.jpg 1024w, https:\/\/www.fahrrad-xxl.at\/blog\/wp-content\/uploads\/2021\/06\/Fahrradhelme-im-Test-1-768x512.jpg 768w, https:\/\/www.fahrrad-xxl.at\/blog\/wp-content\/uploads\/2021\/06\/Fahrradhelme-im-Test-1-1536x1024.jpg 1536w, https:\/\/www.fahrrad-xxl.at\/blog\/wp-content\/uploads\/2021\/06\/Fahrradhelme-im-Test-1-2048x1365.jpg 2048w, https:\/\/www.fahrrad-xxl.at\/blog\/wp-content\/uploads\/2021\/06\/Fahrradhelme-im-Test-1-600x400.jpg 600w\" sizes=\"(max-width: 300px) 100vw, 300px\" title=\"Fahrradhelm Test - Testsieger von ADAC &amp; Co.\" \/><\/a>\n\t\t\t<\/dt>\n\t\t\t\t<dd class='wp-caption-text gallery-caption' id='rpbt-related-gallery-1-31518'>\n\t\t\t\tFahrradhelm Test &#8211; Testsieger von ADAC &#038; Co.\n\t\t\t\t<\/dd><\/dl><dl class='gallery-item' role='figure' aria-label='E-Bike Neuheiten 2024: Trends und Highlights der Saison'>\n\t\t\t<dt class='gallery-icon landscape'>\n\t\t\t\t<a href='https:\/\/www.fahrrad-xxl.at\/blog\/e-bike-neuheiten\/'><img width=\"300\" height=\"200\" src=\"https:\/\/www.fahrrad-xxl.at\/blog\/wp-content\/uploads\/2023\/02\/E-Bike-Neuheiten-2024-300x200.jpg\" class=\"attachment-medium size-medium\" alt=\"E-Bike Neuheiten 2024: Trends und Highlights der Saison\" decoding=\"async\" loading=\"lazy\" aria-describedby=\"rpbt-related-gallery-1-27608\" srcset=\"https:\/\/www.fahrrad-xxl.at\/blog\/wp-content\/uploads\/2023\/02\/E-Bike-Neuheiten-2024-300x200.jpg 300w, https:\/\/www.fahrrad-xxl.at\/blog\/wp-content\/uploads\/2023\/02\/E-Bike-Neuheiten-2024-1024x683.jpg 1024w, https:\/\/www.fahrrad-xxl.at\/blog\/wp-content\/uploads\/2023\/02\/E-Bike-Neuheiten-2024-768x512.jpg 768w, https:\/\/www.fahrrad-xxl.at\/blog\/wp-content\/uploads\/2023\/02\/E-Bike-Neuheiten-2024-1536x1024.jpg 1536w, https:\/\/www.fahrrad-xxl.at\/blog\/wp-content\/uploads\/2023\/02\/E-Bike-Neuheiten-2024-2048x1365.jpg 2048w, https:\/\/www.fahrrad-xxl.at\/blog\/wp-content\/uploads\/2023\/02\/E-Bike-Neuheiten-2024-600x400.jpg 600w\" sizes=\"(max-width: 300px) 100vw, 300px\" title=\"E-Bike Neuheiten 2024: Trends und Highlights der Saison\" \/><\/a>\n\t\t\t<\/dt>\n\t\t\t\t<dd class='wp-caption-text gallery-caption' id='rpbt-related-gallery-1-27608'>\n\t\t\t\tE-Bike Neuheiten 2024: Trends und Highlights der Saison\n\t\t\t\t<\/dd><\/dl><br style=\"clear: both\" \/>\n\t\t<\/div>\n<\/div>[\/vc_column_text][\/vc_column][\/vc_row][\/vc_section][vc_row][vc_column width=&#8220;1\/1&#8243;][vc_raw_html]JTNDc2NyaXB0JTIwdHlwZSUzRCUyMmFwcGxpY2F0aW9uJTJGbGQlMkJqc29uJTIyJTNFJTIwJTIwJTBBJTdCJTIwJTIwJTIwJTIwJTIyJTQwY29udGV4dCUyMiUzQSUyMCUyMmh0dHBzJTNBJTJGJTJGc2NoZW1hLm9yZyUyMiUyQyUyMCUyMCUyMCUyMCUyMiU0MHR5cGUlMjIlM0ElMjAlMjJGQVFQYWdlJTIyJTJDJTIwJTIwJTIwJTIwJTIybWFpbkVudGl0eSUyMiUzQSUyMCUwQSUwQSU1QiU3QiUyMCUyMCUyMCUyMCUyMCUyMCUyMiU0MHR5cGUlMjIlM0ElMjAlMjJRdWVzdGlvbiUyMiUyQyUyMCUyMCUyMCUyMCUyMCUyMCUyMm5hbWUlMjIlM0ElMjAlMjIlRjAlOUYlOTUlQjUlRjAlOUYlOEYlQkIlMjBXZXIlMjB0ZXN0ZXQlMjBkaWUlMjBFLUJpa2VzJTNGJTIyJTJDJTIwJTIwJTIwJTIwJTIwJTIwJTIyYWNjZXB0ZWRBbnN3ZXIlMjIlM0ElMjAlMEElN0IlMjAlMjAlMjAlMjAlMjAlMjAlMjAlMjAlMjIlNDB0eXBlJTIyJTNBJTIwJTIyQW5zd2VyJTIyJTJDJTIwJTIwJTIwJTIwJTIwJTIwJTIwJTIwJTIydGV4dCUyMiUzQSUyMCUyMiUzQ3AlM0VXaWUlMjB6dSUyMGVyd2FydGVuJTJDJTIwaGFiZW4lMjBzaWNoJTIwaW0lMjBGYWhycmFkYmVyZWljaCUyMG1pdHRsZXJ3ZWlsZSUyMGRpdmVyc2UlMjBQcmludC0lMjB1bmQlMjBPbmxpbmUlMjBNZWRpZW4lMjBldGFibGllcnQlMkMlMjBkaWUlMjBzaWNoJTIwc2Nod2VycHVua3RtJUMzJUE0JUMzJTlGaWclMjBvZGVyJTIwYXVjaCUyMGF1c3NjaGxpZSVDMyU5RmxpY2glMjBtaXQlMjBkZW0lMjBhbmdlc2FndGVuJTIwQ29uc3VtZXIlMjBQcm9kdWt0JTIwJUUyJTgwJTlFRS1CaWtlJTIwJTI2JTIwRWxla3Ryb2ZhaHJyYWQlRTIlODAlOUMlMjBiZXNjaCVDMyVBNGZ0aWdlbi4lMjBEZXIlMjBUZXN0JTIwdm9uJTIwRS1CaWtlcyUyMGplZGVyJTIwS2F0ZWdvcmllJTIwdW5kJTIwZGFzJTIwRXJzdGVsbGVuJTIwZGl2ZXJzZXIlMjBCZXN0ZW5saXN0ZW4lMjBnZWglQzMlQjZydCUyMG1pdHRsZXJ3ZWlsZSUyMG5lYmVuJTIwZGVyJTIwQmVyYXR1bmclMjB6dSUyMGVpbmVyJTIwZGVyJTIwQXVmZ2FiZW4lMjBTY2h3ZXJwdW5rdGUlMjBkZXIlMjBSZWRha3RldXJlLiUyMEVzJTIwd2lyZCUyMHRlaWx3ZWlzZSUyMGVpbiUyMGltbWVuc2VyJTIwQXVmd2FuZCUyMGJldHJpZWJlbiUyQyUyMHVtJTIwa2xlaW5lJTIwYWJlciUyMGZlaW5lJTIwVW50ZXJzY2hpZWRlJTIwendpc2NoZW4lMjBkZW4lMjBFLUJpa2VzJTIwaW0lMjBUZXN0ZmVsZCUyMGF1ZiUyMGRlbiUyMFB1bmt0JTIwenUlMjBicmluZ2VuLiUyMERhbmViZW4lMjBsYXNzZW4lMjBlcyUyMHNpY2glMjBhYmVyJTIwYXVjaCUyMFJlaXNlLSUyQyUyMFNwb3J0LSUyMHVuZCUyMExpZmVzdHlsZSUyME1hZ2F6aW5lJTIwbmljaHQlMjBuZWhtZW4lMkMlMjB2b24lMjBaZWl0JTIwenUlMjBaZWl0JTIwZW50c3ByZWNoZW5kZSUyMEZhaHJiZXJpY2h0ZSUyMGJlaXp1c3RldWVybiUyQyUyMHdlbGNoZSUyMG5pY2h0JTIwZGVuJTIwQW5zcHJ1Y2glMjBlcmhlYmVuJTIwenUlMjBkZXIlMjBLYXRlZ29yaWUlMjAlRTIlODAlOUVUZXN0JUUyJTgwJTlDJTIwZ2V6JUMzJUE0aGx0JTIwenUlMjB3ZXJkZW4uJTIwV2lyJTIwd29sbGVuJTIwZGlyJTIwZGllJTIwaW4lMjB1bnNlcmVtJTIwU2hvcCUyMHZlcmYlQzMlQkNnYmFyZW4lMjBUZXN0c2llZ2VyJTIwbmljaHQlMjB2b3JlbnRoYWx0ZW4lMjB1bmQlMjBoYWJlbiUyMHVucyUyMGF1ZiUyMGRpZSUyMFN1Y2hlJTIwZ2VtYWNodCUyMHVuZCUyMGRpZSUyMGJlc3RlbiUyMEUtQmlrZSUyMFRlc3RzJTIwenVzYW1tZW5nZXRyYWdlbiVFMiU4MCVBNiUzQyUyRnAlM0UlMjIlMjAlMjAlMjAlMjAlN0QlMjAlMjAlMjAlMjAlN0QlMkMlMEElMEElN0IlMjAlMjAlMjAlMjAlMjAlMjAlMjIlNDB0eXBlJTIyJTNBJTIwJTIyUXVlc3Rpb24lMjIlMkMlMjAlMjAlMjAlMjAlMjAlMjAlMjJuYW1lJTIyJTNBJTIwJTIyJUUyJTlEJTkzJTIwV2llJTIwd2lyZCUyMGVpbiUyMEUtQmlrZSUyMGdldGVzdGV0JTNGJTIyJTJDJTIwJTIwJTIwJTIwJTIwJTIwJTIyYWNjZXB0ZWRBbnN3ZXIlMjIlM0ElMjAlMEElN0IlMjAlMjAlMjAlMjAlMjAlMjAlMjAlMjAlMjIlNDB0eXBlJTIyJTNBJTIwJTIyQW5zd2VyJTIyJTJDJTIwJTIwJTIwJTIwJTIwJTIwJTIwJTIwJTIydGV4dCUyMiUzQSUyMCUyMiUzQ3AlM0VCZWklMjBkZW4lMjBUZXN0cyUyMHdlcmRlbiUyMHp1bSUyMGdybyVDMyU5RmVuJTIwVGVpbCUyMHNlaHIlMjBpbnRlbnNpdmUlMjBBbnN0cmVuZ3VuZ2VuJTIwdW50ZXJub21tZW4lMkMlMjB1bSUyMHRlY2huaXNjaCUyMGZ1bmRpZXJ0ZSUyMEF1c3NhZ2VuJTIwdHJlZmZlbiUyMHp1JTIwayVDMyVCNm5uZW4lMjB1bmQlMjBmYWlyZSUyMFZlcmdsZWljaGUlMjB6dSUyMGdldyVDMyVBNGhybGVpc3Rlbi4lMjBTbyUyMHdlcmRlbiUyMGRpZSUyMFIlQzMlQTRkZXIlMjB0ZWlsd2Vpc2UlMjBpbiUyMGhhdXNlaWdlbmVuJTIwb2RlciUyMGV4dGVybmVuJTIwVGVzdGxhYm9ycyUyMHZlcm1lc3NlbiUyQyUyMGRpZSUyMEJhdXRlaWxlJTIwaWRlbnRpZml6aWVydCUyMHVuZCUyMGRva3VtZW50aWVydC4lMjBBdWNoJTIwdW50ZXIlMjBkZW0lMjBBc3Bla3QlMkMlMjBtJUMzJUI2Z2xpY2hzdCUyMGlkZW50aXNjaGUlMjBiencuJTIwdW50ZXJlaW5hbmRlciUyMHZlcmdsZWljaGJhcmUlMjBFLUJpa2VzJTIwenUlMjB0ZXN0ZW4uJTNDJTJGcCUzRSUwQSUwQSUzQ3AlM0VadXIlMjBFcm1pdHRsdW5nJTIwZGVyJTIwYmVpJTIwZGVuJTIwRS1CaWtlcyUyMHNvJTIwZW50c2NoZWlkZW5kZW4lMjBSZWljaHdlaXRlJTIwd2VyZGVuJTIwZGllc2UlMjBhdWYlMjBkZW0lMjBSb2xsZW5wciVDMyVCQ2ZzdGFuZCUyMGdlbm9ybXRlbiUyQyUyMGplJTIwbmFjaCUyMFR5cCUyMHVudGVyc2NoaWVkbGljaGVuJTJDJTIwc2ltdWxpZXJ0ZW4lMjBQcmF4aXNiZWRpbmd1bmdlbiUyMHVudGVyem9nZW4lMkMlMjBiaXMlMjBkZXIlMjBBa2t1JTIwbGVlciUyMGlzdC4lMjBTbyUyMGthbm4lMjBlaW5lJTIwb2JqZWt0aXZlJTIwQXVzc2FnZSUyMHp1bSUyMFRoZW1hJTIwUmVpY2h3ZWl0ZSUyMGJ6dy4lMjBkZXIlMjBiZWklMjBkZW4lMjBFLU1UQiVFMiU4MCU5OXMlMjBtaXR0bGVyd2VpbGUlMjBldGFibGllcnRlbiUyMEglQzMlQjZoZW5yZWljaHdlaXRlJTIwZ2V0cm9mZmVuJTIwd2VyZGVuLiUzQyUyRnAlM0UlMEElMEElM0NwJTNFS2xlaW5lcmUlMjBSZWRha3Rpb25lbiUyMGhhYmVuJTIwaW4lMjBkZXIlMjBSZWdlbCUyMGdlbm9ybXRlJTIwVGVzdHJ1bmRlbiUyMGhlcmF1c2dlYXJiZWl0ZXQlMjB1bSUyMGVpbmUlMjBtJUMzJUI2Z2xpY2hzdCUyMG9iamVrdGl2ZSUyMEF1c3NhZ2UlMjB6dXIlMjBSZWljaHdlaXRlJTIwdHJlZmZlbiUyMHp1JTIwayVDMyVCNm5uZW4lMkMlMjBmYWxscyUyMGRpZSUyMHNlaHIlMjBhdWZ3JUMzJUE0bmRpZ2UlMjBSZWljaHdlaXRlbiUyMEVybWl0dGx1bmclMjB2aWElMjBQciVDMyVCQ2ZzdGFuZCUyMG5pY2h0JTIwenVyJTIwVmVyZiVDMyVCQ2d1bmclMjBzdGVodC4lM0MlMkZwJTNFJTBBJTBBJTNDcCUzRU5hdCVDMyVCQ3JsaWNoJTIwc3BpZWx0JTIwZGVyJTIwTW90b3IlMjBkZXIlMjBFbGVrdHJvYmlrZXMlMjBlaW5lJTIwZ3JvJUMzJTlGZSUyMFJvbGxlLiUyMEVnYWwlMjBvYiUyMGRlciUyMEVsZWt0cm9tb3RvciUyMGVpbiUyME1pdHRlbG1vdG9yJTIwb2RlciUyMGVpbiUyME5hYmVubW90b3IlMjBpc3QlMkMlMjBkaWUlMjBBbnRyaWVic2FydCUyMHNvbGx0ZSUyMGluJTIwamVkZW0lMjBUZXN0JTIwZWluZXIlMjBSZWRha3Rpb24lMjBpbW1lciUyMGdlbmF1JTIwdW50ZXIlMjBkaWUlMjBMdXBlJTIwZ2Vub21tZW4lMjB3ZXJkZW4uJTNDJTJGcCUzRSUwQSUwQSUzQ3AlM0VGJUMzJUJDciUyMGRlbiUyMGZpbmFsZW4lMjAlRTIlODAlOUVUZXN0YnJpZWYlRTIlODAlOUMlMjB1bmQlMjBkaWUlMjBQdW5rdGV2ZXJnYWJlJTIwdW50ZXJzY2hlaWRlbiUyMHNpY2glMjBkaWUlMjBBbnMlQzMlQTR0emUlMjB2b24lMjBSZWRha3Rpb24lMjB6dSUyMFJlZGFrdGlvbi4lMjBKZSUyMG5hY2glMjBCaWtlJTIwVHlwJTIwd2VyZGVuJTIwdW50ZXJzY2hpZWRsaWNoZSUyMEJld2VydHVuZ3Nrcml0ZXJpZW4lMjB6dWdydW5kZSUyMGdlbGVndC4lMjBEaWVzZSUyMGslQzMlQjZubmVuJTIwc2VociUyMHZpZWxmJUMzJUE0bHRpZyUyMHNlaW4uJTIwQmVpc3BpZWxlJTIwZGFmJUMzJUJDciUyMHNpbmQlMEElMEFPYmpla3RpdiUzQSUwQSUwQUdld2ljaHQlMjAlMkYlMjBNb3RvcmxlaXN0dW5nJTIwJTJGJTIwQXVzc3RhdHR1bmclMEFTdWJqZWt0aXYlM0ElMEElMEFIYW5kbGluZyUyMCUyRiUyMEtvbWZvcnQlMjAlMkYlMjAlRTIlODAlOUVGYWhyc3BhJUMzJTlGJUUyJTgwJTlDJTIwJTJGJTIwJUUyJTgwJTlFTW90b3IlMjBDaGFyYWt0ZXIlRTIlODAlOUMlMjAlMkYlMjBWZXJhcmJlaXR1bmclMEFEaWUlMjB1bnRlcnNjaGllZGxpY2hlbiUyMEtyaXRlcmllbiUyMGdlaGVuJTIwZGFubiUyMGluJTIwZGVyJTIwUmVnZWwlMjAlRTIlODAlOUVnZXdpY2h0ZXQlRTIlODAlOUMlMjAlQzMlQkNiZXIlMjBlaW4lMjBQdW5rdGUlMjBvZGVyJTIwU2NodWxub3RlbnN5c3RlbSUyMGluJTIwZGllJTIwR2VzYW10d2VydHVuZyUyMGVpbi4lMjBFaW4lMjBGYXppdCUyMHVuZCUyMGVpbmUlMjBQcm8lMkZDb250cmElMjBTdGF0ZW1lbnQlMjBydW5kZW4lMjBkZW4lMjBUZXN0JTIwYWIuJTNDJTJGcCUzRSUyMiUyMCUyMCUyMCUyMCU3RCUyMCUyMCUyMCUyMCU3RCUwQSU1RCUwQSUyMCUyMCUyMCU3RCUyMCUyMCUzQyUyRnNjcmlwdCUzRSVFMiU4MCU4Qg==[\/vc_raw_html][\/vc_column][\/vc_row]<\/p>\n\n\n<div class=\"kk-star-ratings kksr-auto kksr-align-left kksr-valign-bottom\"\n    data-payload='{&quot;align&quot;:&quot;left&quot;,&quot;id&quot;:&quot;24469&quot;,&quot;slug&quot;:&quot;default&quot;,&quot;valign&quot;:&quot;bottom&quot;,&quot;ignore&quot;:&quot;&quot;,&quot;reference&quot;:&quot;auto&quot;,&quot;class&quot;:&quot;&quot;,&quot;count&quot;:&quot;59&quot;,&quot;legendonly&quot;:&quot;&quot;,&quot;readonly&quot;:&quot;&quot;,&quot;score&quot;:&quot;4.9&quot;,&quot;starsonly&quot;:&quot;&quot;,&quot;best&quot;:&quot;5&quot;,&quot;gap&quot;:&quot;5&quot;,&quot;greet&quot;:&quot;Rate this post&quot;,&quot;legend&quot;:&quot;4.9\\\/5 - (59 votes)&quot;,&quot;size&quot;:&quot;22&quot;,&quot;title&quot;:&quot;E-Bike Test \\u0026amp; Vergleich 2023: Testsieger, Kauftipps \\u0026amp; mehr&quot;,&quot;width&quot;:&quot;129.8&quot;,&quot;_legend&quot;:&quot;{score}\\\/{best} - ({count} {votes})&quot;,&quot;font_factor&quot;:&quot;1.25&quot;}'>\n            \n<div class=\"kksr-stars\">\n    \n<div class=\"kksr-stars-inactive\">\n            <div class=\"kksr-star\" data-star=\"1\" style=\"padding-right: 5px\">\n            \n\n<div class=\"kksr-icon\" style=\"width: 22px; height: 22px;\"><\/div>\n        <\/div>\n            <div class=\"kksr-star\" data-star=\"2\" style=\"padding-right: 5px\">\n            \n\n<div class=\"kksr-icon\" style=\"width: 22px; height: 22px;\"><\/div>\n        <\/div>\n            <div class=\"kksr-star\" data-star=\"3\" style=\"padding-right: 5px\">\n            \n\n<div class=\"kksr-icon\" style=\"width: 22px; height: 22px;\"><\/div>\n        <\/div>\n            <div class=\"kksr-star\" data-star=\"4\" style=\"padding-right: 5px\">\n            \n\n<div class=\"kksr-icon\" style=\"width: 22px; height: 22px;\"><\/div>\n        <\/div>\n            <div class=\"kksr-star\" data-star=\"5\" style=\"padding-right: 5px\">\n            \n\n<div class=\"kksr-icon\" style=\"width: 22px; height: 22px;\"><\/div>\n        <\/div>\n    <\/div>\n    \n<div class=\"kksr-stars-active\" style=\"width: 129.8px;\">\n            <div class=\"kksr-star\" style=\"padding-right: 5px\">\n            \n\n<div class=\"kksr-icon\" style=\"width: 22px; height: 22px;\"><\/div>\n        <\/div>\n            <div class=\"kksr-star\" style=\"padding-right: 5px\">\n            \n\n<div class=\"kksr-icon\" style=\"width: 22px; height: 22px;\"><\/div>\n        <\/div>\n            <div class=\"kksr-star\" style=\"padding-right: 5px\">\n            \n\n<div class=\"kksr-icon\" style=\"width: 22px; height: 22px;\"><\/div>\n        <\/div>\n            <div class=\"kksr-star\" style=\"padding-right: 5px\">\n            \n\n<div class=\"kksr-icon\" style=\"width: 22px; height: 22px;\"><\/div>\n        <\/div>\n            <div class=\"kksr-star\" style=\"padding-right: 5px\">\n            \n\n<div class=\"kksr-icon\" style=\"width: 22px; height: 22px;\"><\/div>\n        <\/div>\n    <\/div>\n<\/div>\n                \n\n<div class=\"kksr-legend\" style=\"font-size: 17.6px;\">\n            4.9\/5 - (59 votes)    <\/div>\n    <\/div>\n<\/section>","protected":false},"excerpt":{"rendered":"<p>[vc_row][vc_column width=&#8220;1\/1&#8243;][vc_column_text] City\/Urban E-Bike Tests aus 2023 [\/vc_column_text][vc_column_text] Specialized Turbo Como SL 5.0 [\/vc_column_text][\/vc_column][\/vc_row][vc_row][vc_column width=&#8220;1\/2&#8243;][vc_column_text css_animation=&#8220;none&#8220;]Die Eigenschaften des Specialized Turbo Como 5.0 Komfortables Fahrverhalten Sehr gute Komponenten Gute Verarbeitungsqualit\u00e4t Ansehnlicher und praktischer Korb Die Gr\u00f6\u00dfe ist Geschmackssache [\/vc_column_text][\/vc_column][vc_column width=&#8220;1\/2&#8243;][vc_column_text]Das neue Specialized Turbo Como SL 5.0 ist ein E-Bike f\u00fcr den t\u00e4glichen Einsatz. Es eignet es sich ideal f\u00fcr Eink\u00e4ufe oder Shoppingtouren, denn der Hartplastikkorb an der Front bietet ausreichend Stauraum. Das E-Bike besticht durch sein einfaches Handling und der Kombination aus integriertem Motor und Riemenantrieb. Das minimalistische Bedienkonzept und der geringe Wartungsaufwand machen es zum idealen Alltags-E-Bike f\u00fcr diejenigen, die das Auto \u00f6fter mal stehen lassen m\u00f6chten. Daher vergibt thecycleverse 9 von 10 Punkten.\u00a0[\/vc_column_text][\/vc_column][\/vc_row][vc_row][vc_column width=&#8220;1\/1&#8243;][\/vc_column][\/vc_row][vc_row][vc_column width=&#8220;1\/1&#8243;][vc_column_text] Diamant Zouma Deluxe+\u00a0 [\/vc_column_text][\/vc_column][\/vc_row][vc_row][vc_column width=&#8220;1\/2&#8243;][vc_column_text css_animation=&#8220;none&#8220;]Die Eigenschaften des Diamant Zouma Deluxe+ Sportliches Fahrverhalten\u00a0 Gravel&#8211;Reifen\u00a0 Bosch Performance Line CX Motor Klobiges Design [\/vc_column_text][\/vc_column][vc_column width=&#8220;1\/2&#8243;][vc_column_text css_animation=&#8220;none&#8220;]Diamant pr\u00e4sentiert das leistungsstarke E-Bike Zouma Deluxe+, das sowohl im Stadtverkehr als auch auf Trekkingtouren ein zuverl\u00e4ssiger Begleiter ist. Mit seiner sportlich-komfortablen Sitzposition und der hochwertigen Ausstattung bietet es maximalen Fahrspa\u00df. Der Bosch Performance Line CX Mittelmotor unterst\u00fctzt mit bis zu 85 Nm und erm\u00f6glicht sportliches Fahren auch in anspruchsvollem Gel\u00e4nde. Praktische Features wie Gep\u00e4cktr\u00e4ger, Seitenst\u00e4nder, Lichtanlage und Schutzbleche machen das [&hellip;]<\/p>\n","protected":false},"author":29,"featured_media":27792,"comment_status":"open","ping_status":"open","sticky":false,"template":"","format":"standard","meta":[],"categories":[30,29,42],"tags":[],"yoast_head":"<!-- This site is optimized with the Yoast SEO plugin v19.10 - https:\/\/yoast.com\/wordpress\/plugins\/seo\/ -->\n<title>E-Bike Test &amp; Vergleich 2023: Testsieger, Kauftipps &amp; mehr<\/title>\n<meta name=\"description\" content=\"E-Bikes im Test der Medien \u26a1 Finde dein E-Bike in unserer E-Bike Test \u00dcbersicht \u26a1 Die Testsieger, Highlights, Kauftipps, Preis-Leistungs-Sieger und mehr\" \/>\n<meta name=\"robots\" content=\"index, follow, max-snippet:-1, max-image-preview:large, max-video-preview:-1\" \/>\n<link rel=\"canonical\" href=\"https:\/\/www.fahrrad-xxl.at\/blog\/e-bike-test-vergleich\/\" \/>\n<meta property=\"og:locale\" content=\"de_DE\" \/>\n<meta property=\"og:type\" content=\"article\" \/>\n<meta property=\"og:title\" content=\"E-Bike Test &amp; Vergleich 2023: Testsieger, Kauftipps &amp; mehr\" \/>\n<meta property=\"og:description\" content=\"E-Bikes im Test der Medien \u26a1 Finde dein E-Bike in unserer E-Bike Test \u00dcbersicht \u26a1 Die Testsieger, Highlights, Kauftipps, Preis-Leistungs-Sieger und mehr\" \/>\n<meta property=\"og:url\" content=\"https:\/\/www.fahrrad-xxl.at\/blog\/e-bike-test-vergleich\/\" \/>\n<meta property=\"og:site_name\" content=\"Fahrrad XXL AT Blog\" \/>\n<meta property=\"article:publisher\" content=\"https:\/\/www.facebook.com\/FahrradXXL\" \/>\n<meta property=\"article:published_time\" content=\"2023-08-10T08:00:18+00:00\" \/>\n<meta property=\"article:modified_time\" content=\"2024-09-02T07:10:34+00:00\" \/>\n<meta property=\"og:image\" content=\"https:\/\/www.fahrrad-xxl.at\/blog\/wp-content\/uploads\/2019\/05\/E-Bike-Testsieger.jpg\" \/>\n\t<meta property=\"og:image:width\" content=\"2100\" \/>\n\t<meta property=\"og:image:height\" content=\"1400\" \/>\n\t<meta property=\"og:image:type\" content=\"image\/jpeg\" \/>\n<meta name=\"author\" content=\"Alicia\" \/>\n<meta name=\"twitter:card\" content=\"summary_large_image\" \/>\n<meta name=\"twitter:label1\" content=\"Verfasst von\" \/>\n\t<meta name=\"twitter:data1\" content=\"Alicia\" \/>\n\t<meta name=\"twitter:label2\" content=\"Gesch\u00e4tzte Lesezeit\" \/>\n\t<meta name=\"twitter:data2\" content=\"31\u00a0Minuten\" \/>\n<script type=\"application\/ld+json\" class=\"yoast-schema-graph\">{\"@context\":\"https:\/\/schema.org\",\"@graph\":[{\"@type\":\"Article\",\"@id\":\"https:\/\/www.fahrrad-xxl.at\/blog\/e-bike-test-vergleich\/#article\",\"isPartOf\":{\"@id\":\"https:\/\/www.fahrrad-xxl.at\/blog\/e-bike-test-vergleich\/\"},\"author\":{\"name\":\"Alicia\",\"@id\":\"https:\/\/www.fahrrad-xxl.at\/blog\/#\/schema\/person\/f4b754915dd65ad37f37994cdd21b14a\"},\"headline\":\"E-Bike Test &#038; Vergleich 2023: Testsieger, Kauftipps &#038; mehr\",\"datePublished\":\"2023-08-10T08:00:18+00:00\",\"dateModified\":\"2024-09-02T07:10:34+00:00\",\"mainEntityOfPage\":{\"@id\":\"https:\/\/www.fahrrad-xxl.at\/blog\/e-bike-test-vergleich\/\"},\"wordCount\":8520,\"commentCount\":1,\"publisher\":{\"@id\":\"https:\/\/www.fahrrad-xxl.at\/blog\/#organization\"},\"articleSection\":[\"E-Bike\",\"News\/Interessantes\",\"Produkttests\"],\"inLanguage\":\"de\",\"potentialAction\":[{\"@type\":\"CommentAction\",\"name\":\"Comment\",\"target\":[\"https:\/\/www.fahrrad-xxl.at\/blog\/e-bike-test-vergleich\/#respond\"]}]},{\"@type\":\"WebPage\",\"@id\":\"https:\/\/www.fahrrad-xxl.at\/blog\/e-bike-test-vergleich\/\",\"url\":\"https:\/\/www.fahrrad-xxl.at\/blog\/e-bike-test-vergleich\/\",\"name\":\"E-Bike Test & Vergleich 2023: Testsieger, Kauftipps & mehr\",\"isPartOf\":{\"@id\":\"https:\/\/www.fahrrad-xxl.at\/blog\/#website\"},\"datePublished\":\"2023-08-10T08:00:18+00:00\",\"dateModified\":\"2024-09-02T07:10:34+00:00\",\"description\":\"E-Bikes im Test der Medien \u26a1 Finde dein E-Bike in unserer E-Bike Test \u00dcbersicht \u26a1 Die Testsieger, Highlights, Kauftipps, Preis-Leistungs-Sieger und mehr\",\"breadcrumb\":{\"@id\":\"https:\/\/www.fahrrad-xxl.at\/blog\/e-bike-test-vergleich\/#breadcrumb\"},\"inLanguage\":\"de\",\"potentialAction\":[{\"@type\":\"ReadAction\",\"target\":[\"https:\/\/www.fahrrad-xxl.at\/blog\/e-bike-test-vergleich\/\"]}]},{\"@type\":\"BreadcrumbList\",\"@id\":\"https:\/\/www.fahrrad-xxl.at\/blog\/e-bike-test-vergleich\/#breadcrumb\",\"itemListElement\":[{\"@type\":\"ListItem\",\"position\":1,\"name\":\"Startseite\",\"item\":\"https:\/\/www.fahrrad-xxl.at\/blog\/\"},{\"@type\":\"ListItem\",\"position\":2,\"name\":\"E-Bike Test &#038; Vergleich 2023: Testsieger, Kauftipps &#038; mehr\"}]},{\"@type\":\"WebSite\",\"@id\":\"https:\/\/www.fahrrad-xxl.at\/blog\/#website\",\"url\":\"https:\/\/www.fahrrad-xxl.at\/blog\/\",\"name\":\"Fahrrad XXL AT Blog\",\"description\":\"Erleben | Testen | Losfahren\",\"publisher\":{\"@id\":\"https:\/\/www.fahrrad-xxl.at\/blog\/#organization\"},\"potentialAction\":[{\"@type\":\"SearchAction\",\"target\":{\"@type\":\"EntryPoint\",\"urlTemplate\":\"https:\/\/www.fahrrad-xxl.at\/blog\/?s={search_term_string}\"},\"query-input\":\"required name=search_term_string\"}],\"inLanguage\":\"de\"},{\"@type\":\"Organization\",\"@id\":\"https:\/\/www.fahrrad-xxl.at\/blog\/#organization\",\"name\":\"Fahrrad XXL\",\"url\":\"https:\/\/www.fahrrad-xxl.at\/blog\/\",\"logo\":{\"@type\":\"ImageObject\",\"inLanguage\":\"de\",\"@id\":\"https:\/\/www.fahrrad-xxl.at\/blog\/#\/schema\/logo\/image\/\",\"url\":\"https:\/\/www.fahrrad-xxl.at\/blog\/wp-content\/uploads\/2018\/03\/FXXL-Blog-Logo-100-c.png\",\"contentUrl\":\"https:\/\/www.fahrrad-xxl.at\/blog\/wp-content\/uploads\/2018\/03\/FXXL-Blog-Logo-100-c.png\",\"width\":450,\"height\":100,\"caption\":\"Fahrrad XXL\"},\"image\":{\"@id\":\"https:\/\/www.fahrrad-xxl.at\/blog\/#\/schema\/logo\/image\/\"},\"sameAs\":[\"https:\/\/www.instagram.com\/fahrradxxl\/\",\"https:\/\/www.youtube.com\/user\/FahrradXXLde\",\"https:\/\/www.facebook.com\/FahrradXXL\"]},{\"@type\":\"Person\",\"@id\":\"https:\/\/www.fahrrad-xxl.at\/blog\/#\/schema\/person\/f4b754915dd65ad37f37994cdd21b14a\",\"name\":\"Alicia\",\"description\":\"F\u00e4hrt gerne:\u00a0Stra\u00dfe, Feldwege Bikes:\u00a0Cube Nuroad, Canyon Endurace, Bianchi Aria Lieblings-Radrevier: Mallorca\",\"url\":\"https:\/\/www.fahrrad-xxl.at\/blog\/author\/a-freyfahrrad-xxl-de\/\"}]}<\/script>\n<!-- \/ Yoast SEO plugin. -->","yoast_head_json":{"title":"E-Bike Test & Vergleich 2023: Testsieger, Kauftipps & mehr","description":"E-Bikes im Test der Medien \u26a1 Finde dein E-Bike in unserer E-Bike Test \u00dcbersicht \u26a1 Die Testsieger, Highlights, Kauftipps, Preis-Leistungs-Sieger und mehr","robots":{"index":"index","follow":"follow","max-snippet":"max-snippet:-1","max-image-preview":"max-image-preview:large","max-video-preview":"max-video-preview:-1"},"canonical":"https:\/\/www.fahrrad-xxl.at\/blog\/e-bike-test-vergleich\/","og_locale":"de_DE","og_type":"article","og_title":"E-Bike Test & Vergleich 2023: Testsieger, Kauftipps & mehr","og_description":"E-Bikes im Test der Medien \u26a1 Finde dein E-Bike in unserer E-Bike Test \u00dcbersicht \u26a1 Die Testsieger, Highlights, Kauftipps, Preis-Leistungs-Sieger und mehr","og_url":"https:\/\/www.fahrrad-xxl.at\/blog\/e-bike-test-vergleich\/","og_site_name":"Fahrrad XXL AT Blog","article_publisher":"https:\/\/www.facebook.com\/FahrradXXL","article_published_time":"2023-08-10T08:00:18+00:00","article_modified_time":"2024-09-02T07:10:34+00:00","og_image":[{"width":2100,"height":1400,"url":"https:\/\/www.fahrrad-xxl.at\/blog\/wp-content\/uploads\/2019\/05\/E-Bike-Testsieger.jpg","type":"image\/jpeg"}],"author":"Alicia","twitter_card":"summary_large_image","twitter_misc":{"Verfasst von":"Alicia","Gesch\u00e4tzte Lesezeit":"31\u00a0Minuten"},"schema":{"@context":"https:\/\/schema.org","@graph":[{"@type":"Article","@id":"https:\/\/www.fahrrad-xxl.at\/blog\/e-bike-test-vergleich\/#article","isPartOf":{"@id":"https:\/\/www.fahrrad-xxl.at\/blog\/e-bike-test-vergleich\/"},"author":{"name":"Alicia","@id":"https:\/\/www.fahrrad-xxl.at\/blog\/#\/schema\/person\/f4b754915dd65ad37f37994cdd21b14a"},"headline":"E-Bike Test &#038; Vergleich 2023: Testsieger, Kauftipps &#038; mehr","datePublished":"2023-08-10T08:00:18+00:00","dateModified":"2024-09-02T07:10:34+00:00","mainEntityOfPage":{"@id":"https:\/\/www.fahrrad-xxl.at\/blog\/e-bike-test-vergleich\/"},"wordCount":8520,"commentCount":1,"publisher":{"@id":"https:\/\/www.fahrrad-xxl.at\/blog\/#organization"},"articleSection":["E-Bike","News\/Interessantes","Produkttests"],"inLanguage":"de","potentialAction":[{"@type":"CommentAction","name":"Comment","target":["https:\/\/www.fahrrad-xxl.at\/blog\/e-bike-test-vergleich\/#respond"]}]},{"@type":"WebPage","@id":"https:\/\/www.fahrrad-xxl.at\/blog\/e-bike-test-vergleich\/","url":"https:\/\/www.fahrrad-xxl.at\/blog\/e-bike-test-vergleich\/","name":"E-Bike Test & Vergleich 2023: Testsieger, Kauftipps & mehr","isPartOf":{"@id":"https:\/\/www.fahrrad-xxl.at\/blog\/#website"},"datePublished":"2023-08-10T08:00:18+00:00","dateModified":"2024-09-02T07:10:34+00:00","description":"E-Bikes im Test der Medien \u26a1 Finde dein E-Bike in unserer E-Bike Test \u00dcbersicht \u26a1 Die Testsieger, Highlights, Kauftipps, Preis-Leistungs-Sieger und mehr","breadcrumb":{"@id":"https:\/\/www.fahrrad-xxl.at\/blog\/e-bike-test-vergleich\/#breadcrumb"},"inLanguage":"de","potentialAction":[{"@type":"ReadAction","target":["https:\/\/www.fahrrad-xxl.at\/blog\/e-bike-test-vergleich\/"]}]},{"@type":"BreadcrumbList","@id":"https:\/\/www.fahrrad-xxl.at\/blog\/e-bike-test-vergleich\/#breadcrumb","itemListElement":[{"@type":"ListItem","position":1,"name":"Startseite","item":"https:\/\/www.fahrrad-xxl.at\/blog\/"},{"@type":"ListItem","position":2,"name":"E-Bike Test &#038; Vergleich 2023: Testsieger, Kauftipps &#038; mehr"}]},{"@type":"WebSite","@id":"https:\/\/www.fahrrad-xxl.at\/blog\/#website","url":"https:\/\/www.fahrrad-xxl.at\/blog\/","name":"Fahrrad XXL AT Blog","description":"Erleben | Testen | Losfahren","publisher":{"@id":"https:\/\/www.fahrrad-xxl.at\/blog\/#organization"},"potentialAction":[{"@type":"SearchAction","target":{"@type":"EntryPoint","urlTemplate":"https:\/\/www.fahrrad-xxl.at\/blog\/?s={search_term_string}"},"query-input":"required name=search_term_string"}],"inLanguage":"de"},{"@type":"Organization","@id":"https:\/\/www.fahrrad-xxl.at\/blog\/#organization","name":"Fahrrad XXL","url":"https:\/\/www.fahrrad-xxl.at\/blog\/","logo":{"@type":"ImageObject","inLanguage":"de","@id":"https:\/\/www.fahrrad-xxl.at\/blog\/#\/schema\/logo\/image\/","url":"https:\/\/www.fahrrad-xxl.at\/blog\/wp-content\/uploads\/2018\/03\/FXXL-Blog-Logo-100-c.png","contentUrl":"https:\/\/www.fahrrad-xxl.at\/blog\/wp-content\/uploads\/2018\/03\/FXXL-Blog-Logo-100-c.png","width":450,"height":100,"caption":"Fahrrad XXL"},"image":{"@id":"https:\/\/www.fahrrad-xxl.at\/blog\/#\/schema\/logo\/image\/"},"sameAs":["https:\/\/www.instagram.com\/fahrradxxl\/","https:\/\/www.youtube.com\/user\/FahrradXXLde","https:\/\/www.facebook.com\/FahrradXXL"]},{"@type":"Person","@id":"https:\/\/www.fahrrad-xxl.at\/blog\/#\/schema\/person\/f4b754915dd65ad37f37994cdd21b14a","name":"Alicia","description":"F\u00e4hrt gerne:\u00a0Stra\u00dfe, Feldwege Bikes:\u00a0Cube Nuroad, Canyon Endurace, Bianchi Aria Lieblings-Radrevier: Mallorca","url":"https:\/\/www.fahrrad-xxl.at\/blog\/author\/a-freyfahrrad-xxl-de\/"}]}},"_links":{"self":[{"href":"https:\/\/www.fahrrad-xxl.at\/blog\/wp-json\/wp\/v2\/posts\/24469"}],"collection":[{"href":"https:\/\/www.fahrrad-xxl.at\/blog\/wp-json\/wp\/v2\/posts"}],"about":[{"href":"https:\/\/www.fahrrad-xxl.at\/blog\/wp-json\/wp\/v2\/types\/post"}],"author":[{"embeddable":true,"href":"https:\/\/www.fahrrad-xxl.at\/blog\/wp-json\/wp\/v2\/users\/29"}],"replies":[{"embeddable":true,"href":"https:\/\/www.fahrrad-xxl.at\/blog\/wp-json\/wp\/v2\/comments?post=24469"}],"version-history":[{"count":5,"href":"https:\/\/www.fahrrad-xxl.at\/blog\/wp-json\/wp\/v2\/posts\/24469\/revisions"}],"predecessor-version":[{"id":34010,"href":"https:\/\/www.fahrrad-xxl.at\/blog\/wp-json\/wp\/v2\/posts\/24469\/revisions\/34010"}],"wp:featuredmedia":[{"embeddable":true,"href":"https:\/\/www.fahrrad-xxl.at\/blog\/wp-json\/wp\/v2\/media\/27792"}],"wp:attachment":[{"href":"https:\/\/www.fahrrad-xxl.at\/blog\/wp-json\/wp\/v2\/media?parent=24469"}],"wp:term":[{"taxonomy":"category","embeddable":true,"href":"https:\/\/www.fahrrad-xxl.at\/blog\/wp-json\/wp\/v2\/categories?post=24469"},{"taxonomy":"post_tag","embeddable":true,"href":"https:\/\/www.fahrrad-xxl.at\/blog\/wp-json\/wp\/v2\/tags?post=24469"}],"curies":[{"name":"wp","href":"https:\/\/api.w.org\/{rel}","templated":true}]}}