{"id":33256,"date":"2023-11-27T16:38:18","date_gmt":"2023-11-27T15:38:18","guid":{"rendered":"https:\/\/www.fahrrad-xxl.at\/blog\/?p=33256"},"modified":"2024-08-30T14:51:52","modified_gmt":"2024-08-30T12:51:52","slug":"light-e-mtb-neuheiten","status":"publish","type":"post","link":"https:\/\/www.fahrrad-xxl.at\/blog\/light-e-mtb-neuheiten\/","title":{"rendered":"Light E-MTB Neuheiten 2024: Die Leichtgewichte der Saison"},"content":{"rendered":"<section class=\"wpb-content-wrapper\"><p>[vc_row][vc_column width=&#8220;1\/1&#8243;][vc_column_text]<span data-contrast=\"auto\">Ein E-MTB kann nicht leicht sein \u2013 von wegen. In der aktuellen Saison zeigen die Fahrradhersteller, dass auch motorisierte Mountainbikes mit geringem Gewicht punkten k\u00f6nnen. Agiles Handling, sportliche Fahreigenschaften und vielseitige Einsatzm\u00f6glichkeiten \u2013 auf diese Aspekte musst du bei deinem Powerbike in Zukunft nicht mehr verzichten. Wir zeigen dir, auf welche Light E-MTB Neuheiten du dich 2024 freuen kannst.<\/span><\/p>\n<p>&nbsp;<\/p>\n<h2 aria-level=\"2\"><span class=\"ez-toc-section\" id=\"light-e-mtb-das-sind-die-highlights-und-neuheiten-2024\"><\/span><span data-contrast=\"none\">Light E-MTB: Das sind die Highlights und Neuheiten 2024<\/span><span data-ccp-props=\"{&quot;134245418&quot;:true,&quot;134245529&quot;:true,&quot;201341983&quot;:0,&quot;335559738&quot;:40,&quot;335559739&quot;:0,&quot;335559740&quot;:259}\">\u00a0<\/span><span class=\"ez-toc-section-end\"><\/span><\/h2>\n<p><span data-contrast=\"auto\">Beim klassischen E-Mountainbike stehen starke Motoren und ein leistungsf\u00e4higer Akku f\u00fcr eine hohe Reichweite im Vordergrund. Diese Eigenschaften gehen aber oft mit einer wuchtigen Optik und einem hohen Gewicht des Bikes einher. Im Gegensatz dazu steht das Konzept des Light-E-MTBs, das auf kompaktere Motoren und kleinere Akkus setzt, um ein leichteres und spielerischeres E-Mountainbike zu schaffen. Das Ergebnis sind leichte E-MTBs, die mit einer schlanken Silhouette, Power und agilem Handling punkten.<\/span><span data-ccp-props=\"{&quot;201341983&quot;:0,&quot;335559739&quot;:160,&quot;335559740&quot;:259}\">\u00a0<\/span><\/p>\n<p><span data-contrast=\"auto\">Auch 2024 bringen zahlreiche Hersteller federleichte Mountainbikes mit Antrieb auf den Markt. Die absoluten Highlights und Neuheiten der aktuellen Saison im \u00dcberblick:<\/span><span data-ccp-props=\"{&quot;201341983&quot;:0,&quot;335559739&quot;:160,&quot;335559740&quot;:259}\">\u00a0<\/span><\/p>\n<ul>\n<li data-leveltext=\"\uf0b7\" data-font=\"Symbol\" data-listid=\"1\" data-list-defn-props=\"{&quot;335552541&quot;:1,&quot;335559683&quot;:0,&quot;335559684&quot;:-2,&quot;335559685&quot;:720,&quot;335559991&quot;:360,&quot;469769226&quot;:&quot;Symbol&quot;,&quot;469769242&quot;:[8226],&quot;469777803&quot;:&quot;left&quot;,&quot;469777804&quot;:&quot;\uf0b7&quot;,&quot;469777815&quot;:&quot;hybridMultilevel&quot;}\" aria-setsize=\"-1\" data-aria-posinset=\"1\" data-aria-level=\"1\"><span data-contrast=\"auto\">Das Light E-MTB vereint die Vorteile eines motorisierten Fahrrads mit den sportlichen Eigenschaften eines Mountainbikes<\/span><span data-ccp-props=\"{&quot;201341983&quot;:0,&quot;335559739&quot;:160,&quot;335559740&quot;:259}\">\u00a0<\/span><\/li>\n<li data-leveltext=\"\uf0b7\" data-font=\"Symbol\" data-listid=\"1\" data-list-defn-props=\"{&quot;335552541&quot;:1,&quot;335559683&quot;:0,&quot;335559684&quot;:-2,&quot;335559685&quot;:720,&quot;335559991&quot;:360,&quot;469769226&quot;:&quot;Symbol&quot;,&quot;469769242&quot;:[8226],&quot;469777803&quot;:&quot;left&quot;,&quot;469777804&quot;:&quot;\uf0b7&quot;,&quot;469777815&quot;:&quot;hybridMultilevel&quot;}\" aria-setsize=\"-1\" data-aria-posinset=\"2\" data-aria-level=\"1\"><span data-contrast=\"auto\">Dank neuer Antriebe unterst\u00fctzt dich das Light E-MTB auch auf l\u00e4ngeren Strecken<\/span><span data-ccp-props=\"{&quot;201341983&quot;:0,&quot;335559739&quot;:160,&quot;335559740&quot;:259}\">\u00a0<\/span><\/li>\n<li data-leveltext=\"\uf0b7\" data-font=\"Symbol\" data-listid=\"1\" data-list-defn-props=\"{&quot;335552541&quot;:1,&quot;335559683&quot;:0,&quot;335559684&quot;:-2,&quot;335559685&quot;:720,&quot;335559991&quot;:360,&quot;469769226&quot;:&quot;Symbol&quot;,&quot;469769242&quot;:[8226],&quot;469777803&quot;:&quot;left&quot;,&quot;469777804&quot;:&quot;\uf0b7&quot;,&quot;469777815&quot;:&quot;hybridMultilevel&quot;}\" aria-setsize=\"-1\" data-aria-posinset=\"3\" data-aria-level=\"1\"><span data-contrast=\"auto\">Moderne Geometrien und schlankere Rahmen zeichnen die neuen Modelle aus<\/span><span data-ccp-props=\"{&quot;201341983&quot;:0,&quot;335559739&quot;:160,&quot;335559740&quot;:259}\">\u00a0<\/span><\/li>\n<li data-leveltext=\"\uf0b7\" data-font=\"Symbol\" data-listid=\"1\" data-list-defn-props=\"{&quot;335552541&quot;:1,&quot;335559683&quot;:0,&quot;335559684&quot;:-2,&quot;335559685&quot;:720,&quot;335559991&quot;:360,&quot;469769226&quot;:&quot;Symbol&quot;,&quot;469769242&quot;:[8226],&quot;469777803&quot;:&quot;left&quot;,&quot;469777804&quot;:&quot;\uf0b7&quot;,&quot;469777815&quot;:&quot;hybridMultilevel&quot;}\" aria-setsize=\"-1\" data-aria-posinset=\"4\" data-aria-level=\"1\"><span data-contrast=\"auto\">Hochwertige Komponenten und praktisches Zubeh\u00f6r sorgen f\u00fcr noch mehr Fahrspa\u00df<\/span><\/li>\n<\/ul>\n<p><img decoding=\"async\" loading=\"lazy\" class=\"aligncenter wp-image-33267 size-full\" src=\"https:\/\/www.fahrrad-xxl.at\/blog\/wp-content\/uploads\/2023\/03\/Light-E-MTB-Neuheiten-2023-Actionbild.jpg\" alt=\"Light E-MTB Neuheiten 2023 Actionbild\" width=\"1773\" height=\"1182\" srcset=\"https:\/\/www.fahrrad-xxl.at\/blog\/wp-content\/uploads\/2023\/03\/Light-E-MTB-Neuheiten-2023-Actionbild.jpg 1773w, https:\/\/www.fahrrad-xxl.at\/blog\/wp-content\/uploads\/2023\/03\/Light-E-MTB-Neuheiten-2023-Actionbild-300x200.jpg 300w, https:\/\/www.fahrrad-xxl.at\/blog\/wp-content\/uploads\/2023\/03\/Light-E-MTB-Neuheiten-2023-Actionbild-1024x683.jpg 1024w, https:\/\/www.fahrrad-xxl.at\/blog\/wp-content\/uploads\/2023\/03\/Light-E-MTB-Neuheiten-2023-Actionbild-768x512.jpg 768w, https:\/\/www.fahrrad-xxl.at\/blog\/wp-content\/uploads\/2023\/03\/Light-E-MTB-Neuheiten-2023-Actionbild-1536x1024.jpg 1536w, https:\/\/www.fahrrad-xxl.at\/blog\/wp-content\/uploads\/2023\/03\/Light-E-MTB-Neuheiten-2023-Actionbild-600x400.jpg 600w\" sizes=\"(max-width: 1773px) 100vw, 1773px\" \/>[\/vc_column_text][\/vc_column][\/vc_row][vc_row][vc_column width=&#8220;1\/6&#8243;][\/vc_column][vc_column width=&#8220;2\/3&#8243;]<a href=\"https:\/\/www.fahrrad-xxl.at\/fahrraeder\/e-bike\/e-bike-mtb\/saison.2024\/\" target=\"_self\" class=\"button button-appear custom large \" style=\"background-color: #a82323; border-color: #a82323;border-radius: 30px;\"><span>Entdecke unsere E-MTBs 2024<i class='fa fas fa-chevron-circle-right'><\/i><\/span><\/a><div class=\"spacer\" style=\"height: 40px;\"><\/div>[\/vc_column][vc_column width=&#8220;1\/6&#8243;][\/vc_column][\/vc_row][vc_row][vc_column width=&#8220;1\/1&#8243;][vc_column_text]<\/p>\n<h2 aria-level=\"2\"><span class=\"ez-toc-section\" id=\"santa-cruz-heckler-sl-der-vielseitige-spassmacher\"><\/span><span class=\"TextRun SCXW108724976 BCX0\" lang=\"DE-DE\" xml:lang=\"DE-DE\" data-contrast=\"none\"><span class=\"NormalTextRun SCXW108724976 BCX0\" data-ccp-parastyle=\"heading 2\">Santa Cruz <\/span><span class=\"NormalTextRun SpellingErrorV2Themed SCXW108724976 BCX0\" data-ccp-parastyle=\"heading 2\">Heckler<\/span><span class=\"NormalTextRun SCXW108724976 BCX0\" data-ccp-parastyle=\"heading 2\"> SL: Der vielseitige Spa\u00dfmacher<\/span><\/span><span class=\"EOP SCXW108724976 BCX0\" data-ccp-props=\"{&quot;134245418&quot;:true,&quot;134245529&quot;:true,&quot;201341983&quot;:0,&quot;335559738&quot;:40,&quot;335559739&quot;:0,&quot;335559740&quot;:259}\">\u00a0<\/span><span class=\"ez-toc-section-end\"><\/span><\/h2>\n<div id=\"attachment_33648\" style=\"width: 1138px\" class=\"wp-caption aligncenter\"><img aria-describedby=\"caption-attachment-33648\" decoding=\"async\" loading=\"lazy\" class=\"size-full wp-image-33648\" src=\"https:\/\/www.fahrrad-xxl.at\/blog\/wp-content\/uploads\/2023\/03\/Santa-Cruz-Heckler-SL.png\" alt=\"Santa Cruz Heckler SL\" width=\"1128\" height=\"842\" srcset=\"https:\/\/www.fahrrad-xxl.at\/blog\/wp-content\/uploads\/2023\/03\/Santa-Cruz-Heckler-SL.png 1128w, https:\/\/www.fahrrad-xxl.at\/blog\/wp-content\/uploads\/2023\/03\/Santa-Cruz-Heckler-SL-300x224.png 300w, https:\/\/www.fahrrad-xxl.at\/blog\/wp-content\/uploads\/2023\/03\/Santa-Cruz-Heckler-SL-1024x764.png 1024w, https:\/\/www.fahrrad-xxl.at\/blog\/wp-content\/uploads\/2023\/03\/Santa-Cruz-Heckler-SL-768x573.png 768w\" sizes=\"(max-width: 1128px) 100vw, 1128px\" \/><p id=\"caption-attachment-33648\" class=\"wp-caption-text\">Santa Cruz Heckler SL<\/p><\/div>\n<p><span data-contrast=\"auto\">Das Santa Cruz Heckler SL ist der j\u00fcngste Neuzugang im Light-E-MTB-Bereich von Santa Cruz, pr\u00e4sentiert in leuchtendem Magenta und klassischem Silber. Das Modell erweitert das E-Bike-Portfolio der amerikanischen Marke, die zun\u00e4chst z\u00f6gerlich in den E-Bike-Sektor eingestiegen war. Als drittes E-Bike der Marke, nach dem Heckler und dem Bullit, f\u00fcgt es sich in die Allmountain-Kategorie ein und orientiert sich am unmotorisierten Trail-Bike Bronson mit 160 mm Federweg vorne und 150 mm hinten.<\/span><span data-ccp-props=\"{&quot;201341983&quot;:0,&quot;335559739&quot;:160,&quot;335559740&quot;:259}\">\u00a0<\/span><\/p>\n<p><span data-contrast=\"auto\">Das Heckler SL zeichnet sich durch seine Vielseitigkeit und seinen Spa\u00dffaktor aus. Ausgestattet mit dem Fazua Ride 60 Motor, der ein Drehmoment von 60 Nm liefert, und einem kompakten 430-Wh-Akku, bietet es gen\u00fcgend Reichweite f\u00fcr kurze Ausfl\u00fcge. Trotz des etwas kleineren Akkus und des schw\u00e4cheren Motors als die anderen Modelle der Reihe, wiegt das Heckler SL nur 18,5 kg. Es verf\u00fcgt \u00fcber eine neue, progressive und dynamische Geometrie mit einem sehr flachen Lenkkopfwinkel und einem hohen Stack-Wert f\u00fcr ein nat\u00fcrliches Fahrgef\u00fchl.<\/span><span data-ccp-props=\"{&quot;201341983&quot;:0,&quot;335559739&quot;:160,&quot;335559740&quot;:259}\">\u00a0<\/span><\/p>\n<p><span data-contrast=\"auto\">Typisch f\u00fcr Santa Cruz ist der VPP-Hinterbau des Heckler SL, der mit einem Flip-Chip f\u00fcr pr\u00e4zise Anpassungen ausgestattet ist. Obwohl das Santa Cruz Heckler SL nicht das leichteste Light-E-MTB ist, \u00fcberzeugt es mit seinen hochwertigen Komponenten und Ausstattungsvarianten. Allerdings haben diese Features auch ihren Preis, weshalb sich der Heckler SL insbesondere f\u00fcr die Fahrer eignet, die etwas Besonderes wollen.<\/span><span data-ccp-props=\"{&quot;201341983&quot;:0,&quot;335559739&quot;:160,&quot;335559740&quot;:259}\">\u00a0<\/span>[\/vc_column_text][\/vc_column][\/vc_row][vc_row][vc_column width=&#8220;1\/6&#8243;][\/vc_column][vc_column width=&#8220;2\/3&#8243;]<a href=\"https:\/\/www.fahrrad-xxl.at\/marken\/santa-cruz\/saison.2024\/\" target=\"_self\" class=\"button button-appear custom large \" style=\"background-color: #a82323; border-color: #a82323;border-radius: 30px;\"><span>Entdecke unsere Santa Cruz 2024 Modelle<i class='fa fas fa-chevron-circle-right'><\/i><\/span><\/a><div class=\"spacer\" style=\"height: 40px;\"><\/div>[\/vc_column][vc_column width=&#8220;1\/6&#8243;][\/vc_column][\/vc_row][vc_row][vc_column width=&#8220;1\/1&#8243;][vc_column_text]<\/p>\n<h2 aria-level=\"2\"><span class=\"ez-toc-section\" id=\"ktm-macina-scarp-sx-das-leichtgewicht-unter-den-fullys\"><\/span><span class=\"TextRun SCXW174428996 BCX0\" lang=\"DE-DE\" xml:lang=\"DE-DE\" data-contrast=\"none\"><span class=\"NormalTextRun SCXW174428996 BCX0\" data-ccp-parastyle=\"heading 2\">KTM <\/span><span class=\"NormalTextRun SCXW174428996 BCX0\" data-ccp-parastyle=\"heading 2\">Macina<\/span> <span class=\"NormalTextRun SCXW174428996 BCX0\" data-ccp-parastyle=\"heading 2\">Scarp<\/span><span class=\"NormalTextRun SCXW174428996 BCX0\" data-ccp-parastyle=\"heading 2\"> SX: Das Leichtgewicht unter den <\/span><span class=\"NormalTextRun SCXW174428996 BCX0\" data-ccp-parastyle=\"heading 2\">Fullys<\/span><\/span><span class=\"EOP SCXW174428996 BCX0\" data-ccp-props=\"{&quot;134245418&quot;:true,&quot;134245529&quot;:true,&quot;201341983&quot;:0,&quot;335559738&quot;:40,&quot;335559739&quot;:0,&quot;335559740&quot;:259}\">\u00a0<\/span><span class=\"ez-toc-section-end\"><\/span><\/h2>\n<div id=\"attachment_33412\" style=\"width: 1120px\" class=\"wp-caption aligncenter\"><img aria-describedby=\"caption-attachment-33412\" decoding=\"async\" loading=\"lazy\" class=\"size-full wp-image-33412\" src=\"https:\/\/www.fahrrad-xxl.at\/blog\/wp-content\/uploads\/2023\/07\/MACINA_SCARP_SX_EXONIC_2024-1.jpg\" alt=\"KTM Macina Scarp SX Exonic\" width=\"1110\" height=\"625\" srcset=\"https:\/\/www.fahrrad-xxl.at\/blog\/wp-content\/uploads\/2023\/07\/MACINA_SCARP_SX_EXONIC_2024-1.jpg 1110w, https:\/\/www.fahrrad-xxl.at\/blog\/wp-content\/uploads\/2023\/07\/MACINA_SCARP_SX_EXONIC_2024-1-300x169.jpg 300w, https:\/\/www.fahrrad-xxl.at\/blog\/wp-content\/uploads\/2023\/07\/MACINA_SCARP_SX_EXONIC_2024-1-1024x577.jpg 1024w, https:\/\/www.fahrrad-xxl.at\/blog\/wp-content\/uploads\/2023\/07\/MACINA_SCARP_SX_EXONIC_2024-1-768x432.jpg 768w, https:\/\/www.fahrrad-xxl.at\/blog\/wp-content\/uploads\/2023\/07\/MACINA_SCARP_SX_EXONIC_2024-1-1000x563.jpg 1000w\" sizes=\"(max-width: 1110px) 100vw, 1110px\" \/><p id=\"caption-attachment-33412\" class=\"wp-caption-text\">KTM Macina Scarp SX Exonic<\/p><\/div>\n<p><span data-contrast=\"auto\">Das KTM Macina Scarp, ein vollgefedertes E-Mountainbike, besticht durch sein geringes Gewicht von lediglich 16 Kilogramm. Die Wendigkeit und das agile Fahrverhalten des Light-E-MTBs werden durch die neue Bosch Performance Line SX Antriebseinheit unterst\u00fctzt. Dieser ist der bisher leichteste Antrieb von Bosch und bietet eine hohe Leistungsdichte f\u00fcr ein dynamisches und leichtf\u00fc\u00dfiges Fahrerlebnis. <\/span><span data-ccp-props=\"{&quot;201341983&quot;:0,&quot;335559739&quot;:160,&quot;335559740&quot;:259}\">\u00a0<\/span><\/p>\n<p><span data-contrast=\"auto\">Das <a href=\"https:\/\/www.fahrrad-xxl.at\/serie\/ktm-macina\/saison.2024\/\">KTM Macina<\/a> Scarp SX ist in mehreren Varianten erh\u00e4ltlich, darunter das Exonic, Prime und Master, die sich in ihren Komponenten unterscheiden. Alle Modelle verf\u00fcgen \u00fcber einen Carbonrahmen und einen CompactPowerTube Akku, der leicht entnommen werden kann. Und f\u00fcr alle die gerne gr\u00f6\u00dfere Ausfl\u00fcge machen: F\u00fcr l\u00e4ngere Touren kann ein Bosch Range Extender am Akku angebracht werden, um die Reichweite zu erh\u00f6hen. Damit ist das Macina Scarp SX der ideale Begleiter f\u00fcr ausdauernde Fahrten und jede Menge Fahrspa\u00df abseits der Stra\u00dfen.<\/span><span data-ccp-props=\"{&quot;201341983&quot;:0,&quot;335559739&quot;:160,&quot;335559740&quot;:259}\">\u00a0<\/span>[\/vc_column_text][\/vc_column][\/vc_row][vc_row][vc_column width=&#8220;1\/6&#8243;][\/vc_column][vc_column width=&#8220;2\/3&#8243;]<a href=\"https:\/\/www.fahrrad-xxl.at\/serie\/ktm-macina\/saison.2024\/\" target=\"_self\" class=\"button button-appear custom large \" style=\"background-color: #a82323; border-color: #a82323;border-radius: 30px;\"><span>Entdecke unsere KTM Macina 2024 Modelle<i class='fa fas fa-chevron-circle-right'><\/i><\/span><\/a><div class=\"spacer\" style=\"height: 40px;\"><\/div>[\/vc_column][vc_column width=&#8220;1\/6&#8243;][\/vc_column][\/vc_row][vc_row][vc_column width=&#8220;1\/1&#8243;][vc_column_text]<\/p>\n<h2 aria-level=\"2\"><span class=\"ez-toc-section\" id=\"ktm-macina-race-sx-das-einstiegsmodell-fuer-den-mtb-spass\"><\/span><span data-contrast=\"none\">KTM Macina Race SX: Das Einstiegsmodell f\u00fcr den MTB-Spa\u00df<\/span><span data-ccp-props=\"{&quot;134245418&quot;:true,&quot;134245529&quot;:true,&quot;201341983&quot;:0,&quot;335559738&quot;:40,&quot;335559739&quot;:0,&quot;335559740&quot;:259}\">\u00a0<\/span><span class=\"ez-toc-section-end\"><\/span><\/h2>\n<div id=\"attachment_33410\" style=\"width: 1120px\" class=\"wp-caption aligncenter\"><img aria-describedby=\"caption-attachment-33410\" decoding=\"async\" loading=\"lazy\" class=\"wp-image-33410 size-full\" src=\"https:\/\/www.fahrrad-xxl.at\/blog\/wp-content\/uploads\/2023\/07\/MACINA_RACE_SX_LFC-1.jpg\" alt=\"Macina Race SX LFC 2024\" width=\"1110\" height=\"625\" srcset=\"https:\/\/www.fahrrad-xxl.at\/blog\/wp-content\/uploads\/2023\/07\/MACINA_RACE_SX_LFC-1.jpg 1110w, https:\/\/www.fahrrad-xxl.at\/blog\/wp-content\/uploads\/2023\/07\/MACINA_RACE_SX_LFC-1-300x169.jpg 300w, https:\/\/www.fahrrad-xxl.at\/blog\/wp-content\/uploads\/2023\/07\/MACINA_RACE_SX_LFC-1-1024x577.jpg 1024w, https:\/\/www.fahrrad-xxl.at\/blog\/wp-content\/uploads\/2023\/07\/MACINA_RACE_SX_LFC-1-768x432.jpg 768w, https:\/\/www.fahrrad-xxl.at\/blog\/wp-content\/uploads\/2023\/07\/MACINA_RACE_SX_LFC-1-1000x563.jpg 1000w\" sizes=\"(max-width: 1110px) 100vw, 1110px\" \/><p id=\"caption-attachment-33410\" class=\"wp-caption-text\">KTM Macina Race SX LFC<\/p><\/div>\n<p><span data-contrast=\"auto\">Das KTM Macina Race SX ist ein Light-E-Mountainbike mit einem Aluminiumrahmen und ideal f\u00fcr Einsteiger. Sein niedriges Gewicht erm\u00f6glicht Fahrspa\u00df auch auf unwegsamem Gel\u00e4nde, erg\u00e4nzt durch ein agiles und sportliches Handling. Der kompakte Unterohr-Motor von Bosch liefert die notwendige Unterst\u00fctzung f\u00fcr steile Anstiege. <\/span><span data-ccp-props=\"{&quot;201341983&quot;:0,&quot;335559739&quot;:160,&quot;335559740&quot;:259}\">\u00a0<\/span><\/p>\n<p><span data-contrast=\"auto\">Die drei Modelle des <a href=\"https:\/\/www.fahrrad-xxl.at\/serie\/ktm-macina\/saison.2024\/\">KTM Macina<\/a> Race SX beeindrucken optisch mit einem sauberen Design. Dabei sehen sie nicht motorisierten Hardtails sehr \u00e4hnlich, was unter anderem an der integrierten Motoreinheit liegt. Ein dezentes Bosch Purion 200 Display erm\u00f6glicht es, wichtige Fahrtinformationen im Blick zu behalten. Das Macina Race SX ist ideal f\u00fcr Fahrer, die ein schlankes, sportliches Light E-Hardtail suchen.<\/span><span data-ccp-props=\"{&quot;201341983&quot;:0,&quot;335559739&quot;:160,&quot;335559740&quot;:259}\">\u00a0<\/span>[\/vc_column_text][\/vc_column][\/vc_row][vc_row][vc_column width=&#8220;1\/6&#8243;][\/vc_column][vc_column width=&#8220;2\/3&#8243;]<a href=\"https:\/\/www.fahrrad-xxl.at\/serie\/ktm-macina\/saison.2024\/\" target=\"_self\" class=\"button button-appear custom large \" style=\"background-color: #a82323; border-color: #a82323;border-radius: 30px;\"><span>Entdecke unsere KTM Macina 2024 Modelle<i class='fa fas fa-chevron-circle-right'><\/i><\/span><\/a><div class=\"spacer\" style=\"height: 40px;\"><\/div>[\/vc_column][vc_column width=&#8220;1\/6&#8243;][\/vc_column][\/vc_row][vc_row][vc_column width=&#8220;1\/1&#8243;][vc_column_text]<\/p>\n<h2 aria-level=\"2\"><span class=\"ez-toc-section\" id=\"specialized-kenevo-sl2-%e2%80%93-das-neue-light-e-mtb-mit-power\"><\/span><span data-contrast=\"none\">Specialized Kenevo SL2 \u2013 Das neue Light-E-MTB mit Power<\/span><span data-ccp-props=\"{&quot;134245418&quot;:true,&quot;134245529&quot;:true,&quot;201341983&quot;:0,&quot;335559738&quot;:40,&quot;335559739&quot;:0,&quot;335559740&quot;:259}\">\u00a0<\/span><span class=\"ez-toc-section-end\"><\/span><\/h2>\n<div id=\"attachment_33649\" style=\"width: 2290px\" class=\"wp-caption aligncenter\"><img aria-describedby=\"caption-attachment-33649\" decoding=\"async\" loading=\"lazy\" class=\"size-full wp-image-33649\" src=\"https:\/\/www.fahrrad-xxl.at\/blog\/wp-content\/uploads\/2023\/03\/Specialized-Kenevo-SL2.jpg\" alt=\"Specialized Kenevo SL2\" width=\"2280\" height=\"1520\" srcset=\"https:\/\/www.fahrrad-xxl.at\/blog\/wp-content\/uploads\/2023\/03\/Specialized-Kenevo-SL2.jpg 2280w, https:\/\/www.fahrrad-xxl.at\/blog\/wp-content\/uploads\/2023\/03\/Specialized-Kenevo-SL2-300x200.jpg 300w, https:\/\/www.fahrrad-xxl.at\/blog\/wp-content\/uploads\/2023\/03\/Specialized-Kenevo-SL2-1024x683.jpg 1024w, https:\/\/www.fahrrad-xxl.at\/blog\/wp-content\/uploads\/2023\/03\/Specialized-Kenevo-SL2-768x512.jpg 768w, https:\/\/www.fahrrad-xxl.at\/blog\/wp-content\/uploads\/2023\/03\/Specialized-Kenevo-SL2-1536x1024.jpg 1536w, https:\/\/www.fahrrad-xxl.at\/blog\/wp-content\/uploads\/2023\/03\/Specialized-Kenevo-SL2-2048x1365.jpg 2048w, https:\/\/www.fahrrad-xxl.at\/blog\/wp-content\/uploads\/2023\/03\/Specialized-Kenevo-SL2-600x400.jpg 600w\" sizes=\"(max-width: 2280px) 100vw, 2280px\" \/><p id=\"caption-attachment-33649\" class=\"wp-caption-text\">Specialized Kenevo SL2<\/p><\/div>\n<p><span data-contrast=\"auto\">F\u00fcr 2024 hat Specialized das Turbo Kenevo SL 2 mit einem Update ausgestattet, das auf den ersten Blick vielleicht unauff\u00e4llig wirkt, aber w\u00e4hrend der Fahrt deutliche Verbesserungen mit sich bringt. Im Gegensatz zum Nachfolgemodell des Specialized Levo SL beh\u00e4lt das Kenevo SL 2 sein bew\u00e4hrtes Design bei, setzt jedoch auf einen st\u00e4rkeren SL 1.2-Motor. Mit einem schlanken Carbonrahmen, 170 mm Federweg, 29-Zoll-Laufr\u00e4dern und anpassbarer Geometrie bietet es dir eine beeindruckende Kombination aus geringem Gewicht und starker Motorleistung. Damit ist es ideal f\u00fcr anspruchsvolle Strecken.<\/span><span data-ccp-props=\"{&quot;201341983&quot;:0,&quot;335559739&quot;:160,&quot;335559740&quot;:259}\">\u00a0<\/span><\/p>\n<p><span data-contrast=\"auto\">Specialized bietet das Kenevo SL2 in den Varianten Comp, Expert und S-Works an, jeweils in zwei Farben. Alle drei Modelle bieten maximale Performance im Enduro-Bereich und sind mit einem Fox-Fahrwerk ausgestattet. Bei der Schaltung und den Bremsen setzt Specialized auf Produkte von SRAM, wobei ab dem Expert-Modell Transmission-Technologie zum Einsatz kommt. All in all ist das <a href=\"https:\/\/www.fahrrad-xxl.atserie\/specialized-kenevo\/\">Specialized Kenevo<\/a> SL2 geeignet f\u00fcr Fahrer, die bei einem Light E-MTB nicht auf Leistung verzichten m\u00f6chten.<\/span><span data-ccp-props=\"{&quot;201341983&quot;:0,&quot;335559739&quot;:160,&quot;335559740&quot;:259}\">\u00a0<\/span>[\/vc_column_text][\/vc_column][\/vc_row][vc_row][vc_column width=&#8220;1\/6&#8243;][\/vc_column][vc_column width=&#8220;2\/3&#8243;]<a href=\"https:\/\/www.fahrrad-xxl.at\/serie\/specialized-kenevo\/\" target=\"_self\" class=\"button button-appear custom large \" style=\"background-color: #a82323; border-color: #a82323;border-radius: 30px;\"><span>Entdecke unsere Specialized Kenevo Modelle<\/span><\/a><div class=\"spacer\" style=\"height: 40px;\"><\/div>[\/vc_column][vc_column width=&#8220;1\/6&#8243;][\/vc_column][\/vc_row][vc_row][vc_column width=&#8220;1\/1&#8243;][vc_column_text]<\/p>\n<h2 aria-level=\"2\"><span class=\"ez-toc-section\" id=\"centurion-no-pogo-sl-der-e-trailbike-neuzugang\"><\/span><span data-contrast=\"none\">Centurion No Pogo SL: Der E-Trailbike-Neuzugang<\/span><span data-ccp-props=\"{&quot;134245418&quot;:true,&quot;134245529&quot;:true,&quot;201341983&quot;:0,&quot;335559738&quot;:40,&quot;335559739&quot;:0,&quot;335559740&quot;:259}\">\u00a0<\/span><span class=\"ez-toc-section-end\"><\/span><\/h2>\n<div id=\"attachment_33646\" style=\"width: 2510px\" class=\"wp-caption aligncenter\"><img aria-describedby=\"caption-attachment-33646\" decoding=\"async\" loading=\"lazy\" class=\"size-full wp-image-33646\" src=\"https:\/\/www.fahrrad-xxl.at\/blog\/wp-content\/uploads\/2023\/03\/Centurion-No-Pogo-SL.jpg\" alt=\"Centurion No Pogo SL\" width=\"2500\" height=\"1509\" srcset=\"https:\/\/www.fahrrad-xxl.at\/blog\/wp-content\/uploads\/2023\/03\/Centurion-No-Pogo-SL.jpg 2500w, https:\/\/www.fahrrad-xxl.at\/blog\/wp-content\/uploads\/2023\/03\/Centurion-No-Pogo-SL-300x181.jpg 300w, https:\/\/www.fahrrad-xxl.at\/blog\/wp-content\/uploads\/2023\/03\/Centurion-No-Pogo-SL-1024x618.jpg 1024w, https:\/\/www.fahrrad-xxl.at\/blog\/wp-content\/uploads\/2023\/03\/Centurion-No-Pogo-SL-768x464.jpg 768w, https:\/\/www.fahrrad-xxl.at\/blog\/wp-content\/uploads\/2023\/03\/Centurion-No-Pogo-SL-1536x927.jpg 1536w, https:\/\/www.fahrrad-xxl.at\/blog\/wp-content\/uploads\/2023\/03\/Centurion-No-Pogo-SL-2048x1236.jpg 2048w\" sizes=\"(max-width: 2500px) 100vw, 2500px\" \/><p id=\"caption-attachment-33646\" class=\"wp-caption-text\">Centurion No Pogo SL<\/p><\/div>\n<p><span data-contrast=\"auto\">Das Centurion No Pogo SL ist ein spannender Newcomer im Segment der E-Trailbikes und besticht durch sein stylisches Design.\u00a0Das Light E-Mountainbike kombiniert einen nur 2.500 Gramm schweren Carbonrahmen mit einer angesagten\u00a0Zweifarblackierung und einem robusten Federungssystem von 150 mm vorne und 145 mm hinten. Das Ergebnis ist eine perfekte Mischung aus Leichtigkeit und Performance f\u00fcr anspruchsvolle Trails.<\/span><span data-ccp-props=\"{&quot;201341983&quot;:0,&quot;335559739&quot;:160,&quot;335559740&quot;:259}\">\u00a0<\/span><\/p>\n<p><span data-contrast=\"auto\">Herzst\u00fcck ist der kraftvolle Bosch SX-Motor aus der Performance Line, der mit bis zu 600 Watt Leistung und 55 Nm Drehmoment eine beeindruckende Fahrleistung bietet. Der integrierte 400-Wh-Akku sorgt wiederrum f\u00fcr ausdauernde Power selbst auf langen Touren. Tipp: Falls du noch mehr Reichweite ben\u00f6tigst, kannst du auf den optionalen Range Extender zur\u00fcckgreifen. Das Bike \u00fcberzeugt nicht nur mit seiner Leistung, sondern auch mit durchdachten Details \u2013 von der innovativen Flaschenhalterung, die auch bei beengten Rahmenverh\u00e4ltnissen funktioniert, bis hin zu clever platzierten Halterungen f\u00fcr Werkzeuge und Trinkflaschen.<\/span><span data-ccp-props=\"{&quot;201341983&quot;:0,&quot;335559739&quot;:160,&quot;335559740&quot;:259}\">\u00a0<\/span><\/p>\n<p><span data-contrast=\"auto\">Das <a href=\"https:\/\/www.fahrrad-xxl.at\/marken\/centurion\/\">Centurion<\/a> No Pogo SL ist in\u00a0zwei Modellvarianten und Farboptionen erh\u00e4ltlich und bietet dabei stets Flexibilit\u00e4t und Stil. Beide Modelle punkten mit einer agilen Geometrie, die sich durch einen ausgewogenen Lenk- und Sitzwinkel auszeichnet \u2013 ideal f\u00fcr flinke Man\u00f6ver auf dem Trail. Mit Top-Ausstattungen wie Shimano XT-Komponenten beim R6000i und der neuesten SRAM Transmission-Technologie beim R8000i, setzt das No Pogo SL neue Ma\u00dfst\u00e4be in Sachen Performance und Design.<\/span><span data-ccp-props=\"{&quot;201341983&quot;:0,&quot;335559739&quot;:160,&quot;335559740&quot;:259}\">\u00a0<\/span>[\/vc_column_text][\/vc_column][\/vc_row][vc_row][vc_column width=&#8220;1\/6&#8243;][\/vc_column][vc_column width=&#8220;2\/3&#8243;]<a href=\"https:\/\/www.fahrrad-xxl.at\/marken\/centurion\/\" target=\"_self\" class=\"button button-appear custom large \" style=\"background-color: #a82323; border-color: #a82323;border-radius: 30px;\"><span>Entdecke unsere Centurion Modelle<i class='fa fas fa-chevron-circle-right'><\/i><\/span><\/a><div class=\"spacer\" style=\"height: 40px;\"><\/div>[\/vc_column][vc_column width=&#8220;1\/6&#8243;][\/vc_column][\/vc_row][vc_row][vc_column width=&#8220;1\/1&#8243;][vc_column_text]<\/p>\n<h2 aria-level=\"2\"><span class=\"ez-toc-section\" id=\"flyer-uproc-evo-x-die-mischung-aus-kraft-und-spass\"><\/span><span data-contrast=\"none\">Flyer Uproc EVO:X: Die Mischung aus Kraft und Spa\u00df<\/span><span data-ccp-props=\"{&quot;134245418&quot;:true,&quot;134245529&quot;:true,&quot;201341983&quot;:0,&quot;335559738&quot;:40,&quot;335559739&quot;:0,&quot;335559740&quot;:259}\">\u00a0<\/span><span class=\"ez-toc-section-end\"><\/span><\/h2>\n<div id=\"attachment_33438\" style=\"width: 2250px\" class=\"wp-caption aligncenter\"><img aria-describedby=\"caption-attachment-33438\" decoding=\"async\" loading=\"lazy\" class=\"size-full wp-image-33438\" src=\"https:\/\/www.fahrrad-xxl.at\/blog\/wp-content\/uploads\/2019\/07\/FLYER-UprocEVOX-1.jpg\" alt=\"Flyer Uproc EVO:X\" width=\"2240\" height=\"1400\" srcset=\"https:\/\/www.fahrrad-xxl.at\/blog\/wp-content\/uploads\/2019\/07\/FLYER-UprocEVOX-1.jpg 2240w, https:\/\/www.fahrrad-xxl.at\/blog\/wp-content\/uploads\/2019\/07\/FLYER-UprocEVOX-1-300x188.jpg 300w, https:\/\/www.fahrrad-xxl.at\/blog\/wp-content\/uploads\/2019\/07\/FLYER-UprocEVOX-1-1024x640.jpg 1024w, https:\/\/www.fahrrad-xxl.at\/blog\/wp-content\/uploads\/2019\/07\/FLYER-UprocEVOX-1-768x480.jpg 768w, https:\/\/www.fahrrad-xxl.at\/blog\/wp-content\/uploads\/2019\/07\/FLYER-UprocEVOX-1-1536x960.jpg 1536w, https:\/\/www.fahrrad-xxl.at\/blog\/wp-content\/uploads\/2019\/07\/FLYER-UprocEVOX-1-2048x1280.jpg 2048w\" sizes=\"(max-width: 2240px) 100vw, 2240px\" \/><p id=\"caption-attachment-33438\" class=\"wp-caption-text\">Flyer Uproc EVO:X<\/p><\/div>\n<p><span data-contrast=\"auto\">Das Flyer Uproc EVO:X ist ein leistungsstarkes und wendiges E-Enduro Mountainbike, das f\u00fcr aufregende Bergfahrten konzipiert ist. Es vereint Kraft und Fahrspa\u00df und dank des Bosch-Motors mit 85 Newtonmeter Unterst\u00fctzung und des vollintegrierten 750-Wattstunden-Akkus, meisterst du jeden Berg. Ein 29-Zoll-Vorderrad und ein 27,5-Zoll-Hinterrad sorgen f\u00fcr Stabilit\u00e4t und Agilit\u00e4t, w\u00e4hrend der Viergelenker-Hinterbau f\u00fcr eine optimale D\u00e4mpfung sorgt. Eine Besonderheit ist die MonkeyLink-Schnittstelle, die das Anbringen von Scheinwerfern erleichtert, ideal f\u00fcr Nachtfahrten. Das GPS ConnectModule von Bosch erm\u00f6glicht zudem die Aufzeichnung von Fahrten. <\/span><span data-ccp-props=\"{&quot;201341983&quot;:0,&quot;335559739&quot;:160,&quot;335559740&quot;:259}\">\u00a0<\/span><\/p>\n<p><span data-contrast=\"auto\">Das Uproc EVO:X besticht durch sein vollgefedertes Fahrwerk f\u00fcr anspruchsvolles Gel\u00e4nde mit 165 mm Federweg. Der kraftvolle Motor unterst\u00fctzt bei jedem Anstieg, und der Bosch PowerTube 750 Akku erm\u00f6glicht ausgedehnte Fahrten. Das Standardmodell des Light E-MTBs kommt mit einem Bosch PowerTube 625 Akku, ein Upgrade ist jedoch m\u00f6glich. Das <a href=\"https:\/\/www.fahrrad-xxl.at\/serie\/flyer-uproc\/saison.2024\/\">Flyer Uproc 2024<\/a> \u00fcberzeugt mit integriertem Akku, verbesserter Steifigkeit, griffigen Reifen und einem cleanen Look. Es bietet neue M\u00f6glichkeiten auf Trails und unvergessliche Abenteuer mit voller Kontrolle und Fahrspa\u00df in jedem Gel\u00e4nde \u2013 genau das Richtige f\u00fcr alle, die Abwechslung lieben.<\/span><span data-ccp-props=\"{&quot;201341983&quot;:0,&quot;335559739&quot;:160,&quot;335559740&quot;:259}\">\u00a0<\/span>[\/vc_column_text][\/vc_column][\/vc_row][vc_row][vc_column width=&#8220;1\/6&#8243;][\/vc_column][vc_column width=&#8220;2\/3&#8243;]<a href=\"https:\/\/www.fahrrad-xxl.at\/serie\/flyer-uproc\/saison.2024\/\" target=\"_self\" class=\"button button-appear custom large \" style=\"background-color: #a82323; border-color: #a82323;border-radius: 30px;\"><span>Entdecke unsere Flyer Uproc 2024 Modelle<i class='fa fas fa-chevron-circle-right'><\/i><\/span><\/a><div class=\"spacer\" style=\"height: 40px;\"><\/div>[\/vc_column][vc_column width=&#8220;1\/6&#8243;][\/vc_column][\/vc_row][vc_row][vc_column width=&#8220;1\/1&#8243;][vc_column_text]<\/p>\n<h2 aria-level=\"2\"><span class=\"ez-toc-section\" id=\"haibike-lyke-cf-se-das-update-fuer-2024\"><\/span><span class=\"TextRun SCXW251295182 BCX0\" lang=\"DE-DE\" xml:lang=\"DE-DE\" data-contrast=\"none\"><span class=\"NormalTextRun SCXW251295182 BCX0\" data-ccp-parastyle=\"heading 2\">Haibike<\/span> <span class=\"NormalTextRun SCXW251295182 BCX0\" data-ccp-parastyle=\"heading 2\">Lyke<\/span><span class=\"NormalTextRun SCXW251295182 BCX0\" data-ccp-parastyle=\"heading 2\"> CF SE: Das Update f\u00fcr 2024<\/span><\/span><span class=\"EOP SCXW251295182 BCX0\" data-ccp-props=\"{&quot;134245418&quot;:true,&quot;134245529&quot;:true,&quot;201341983&quot;:0,&quot;335559738&quot;:40,&quot;335559739&quot;:0,&quot;335559740&quot;:259}\">\u00a0<\/span><span class=\"ez-toc-section-end\"><\/span><\/h2>\n<div id=\"attachment_33259\" style=\"width: 736px\" class=\"wp-caption aligncenter\"><a href=\"https:\/\/www.fahrrad-xxl.athaibike-lyke-cf-11-m000060977\"><img aria-describedby=\"caption-attachment-33259\" decoding=\"async\" loading=\"lazy\" class=\"wp-image-33259 size-full\" src=\"https:\/\/www.fahrrad-xxl.at\/blog\/wp-content\/uploads\/2023\/03\/Haibike-Lyke-CF-SE-2023-e1679989386141.png\" alt=\"Haibike Lyke CF SE - 2023\" width=\"726\" height=\"430\" srcset=\"https:\/\/www.fahrrad-xxl.at\/blog\/wp-content\/uploads\/2023\/03\/Haibike-Lyke-CF-SE-2023-e1679989386141.png 726w, https:\/\/www.fahrrad-xxl.at\/blog\/wp-content\/uploads\/2023\/03\/Haibike-Lyke-CF-SE-2023-e1679989386141-300x178.png 300w\" sizes=\"(max-width: 726px) 100vw, 726px\" \/><\/a><p id=\"caption-attachment-33259\" class=\"wp-caption-text\">Haibike Lyke CF SE &#8211; 2023<\/p><\/div>\n<p><span data-contrast=\"auto\">F\u00fcr 2024 hat Haibike das Spitzenmodell seiner Lyke-Serie, das Lyke CF SE, mit einer modernisierten SRAM Eagle AXS Transmission-Schaltung ausgestattet, was eine verbesserte Schaltleistung und einen h\u00f6heren Preis mit sich bringt. Dabei zeichnet sich das Lyke CF SE durch seine Leichtbauweise aus, unterst\u00fctzt durch den innovativen Fazua Ride 60 Motor und einen schlanken Carbonrahmen. Der Clou:Der Motor des Light E-MTB ist zur Optimierung des Schwerpunkts nach oben ins Sitzrohr integriert. Mit 140 mm Federweg und 29-Zoll-Laufr\u00e4dern ist es daher optimal f\u00fcr anspruchsvolle Trailfahrten. <\/span><span data-ccp-props=\"{&quot;201341983&quot;:0,&quot;335559739&quot;:160,&quot;335559740&quot;:259}\">\u00a0<\/span><\/p>\n<p><span data-contrast=\"auto\">Seine beliebten Eigenschaften und die Neuerungen f\u00fcr 2024 machen das <a href=\"https:\/\/www.fahrrad-xxl.at\/haibike-lyke-cf-11-m000060977\">Haibike Lyke CF<\/a> SE zu einer idealen Wahl f\u00fcr anspruchsvolle Biker, die Wert auf Leichtbau, modernste Technologie und optimiertes Fahrverhalten legen. Die neuen technischen Verbesserungen sind es wert, dass es ein bisschen mehr kostet als das Jahr zuvor.<\/span><span data-ccp-props=\"{&quot;201341983&quot;:0,&quot;335559739&quot;:160,&quot;335559740&quot;:259}\">\u00a0<\/span>[\/vc_column_text][\/vc_column][\/vc_row][vc_row][vc_column width=&#8220;1\/6&#8243;][\/vc_column][vc_column width=&#8220;2\/3&#8243;]<a href=\"https:\/\/www.fahrrad-xxl.at\/serie\/haibike-lyke\/saison.2024\/\" target=\"_self\" class=\"button button-appear custom large \" style=\"background-color: #a82323; border-color: #a82323;border-radius: 30px;\"><span>Entdecke unsere Haibike Lyke 2024 Modelle<i class='fa fas fa-chevron-circle-right'><\/i><\/span><\/a><div class=\"spacer\" style=\"height: 40px;\"><\/div>[\/vc_column][vc_column width=&#8220;1\/6&#8243;][\/vc_column][\/vc_row][vc_row][vc_column width=&#8220;1\/1&#8243;][vc_column_text]<\/p>\n<h2 aria-level=\"2\"><span class=\"ez-toc-section\" id=\"haibike-hybe-der-herausforderer-fuer-anspruchsvolle-strecken\"><\/span><span data-contrast=\"none\">Haibike Hybe: Der Herausforderer f\u00fcr anspruchsvolle Strecken<\/span><span data-ccp-props=\"{&quot;134245418&quot;:true,&quot;134245529&quot;:true,&quot;201341983&quot;:0,&quot;335559738&quot;:40,&quot;335559739&quot;:0,&quot;335559740&quot;:259}\">\u00a0<\/span><span class=\"ez-toc-section-end\"><\/span><\/h2>\n<div id=\"attachment_33631\" style=\"width: 810px\" class=\"wp-caption aligncenter\"><img aria-describedby=\"caption-attachment-33631\" decoding=\"async\" loading=\"lazy\" class=\"size-full wp-image-33631\" src=\"https:\/\/www.fahrrad-xxl.at\/blog\/wp-content\/uploads\/2023\/02\/Haibike-Hybe.png\" alt=\"Haibike Hybe\" width=\"800\" height=\"533\" srcset=\"https:\/\/www.fahrrad-xxl.at\/blog\/wp-content\/uploads\/2023\/02\/Haibike-Hybe.png 800w, https:\/\/www.fahrrad-xxl.at\/blog\/wp-content\/uploads\/2023\/02\/Haibike-Hybe-300x200.png 300w, https:\/\/www.fahrrad-xxl.at\/blog\/wp-content\/uploads\/2023\/02\/Haibike-Hybe-768x512.png 768w, https:\/\/www.fahrrad-xxl.at\/blog\/wp-content\/uploads\/2023\/02\/Haibike-Hybe-600x400.png 600w\" sizes=\"(max-width: 800px) 100vw, 800px\" \/><p id=\"caption-attachment-33631\" class=\"wp-caption-text\">Haibike Hybe<\/p><\/div>\n<p><span data-contrast=\"auto\">Das <a href=\"https:\/\/www.fahrrad-xxl.at\/serie\/haibike-lyke\/saison.2024\/\">Haibike<\/a> Hybe ist ein leistungsstarkes E-Mountainbike f\u00fcr anspruchsvolle Enduro- und Rennstrecken. Mit\u00a0170 mm Federweg vorne und 160 mm hinten sowie einer Laufradkombination von 29 Zoll vorne und 27,5 Zoll hinten ist es ideal f\u00fcr schwieriges Gel\u00e4nde. <\/span><span data-ccp-props=\"{&quot;201341983&quot;:0,&quot;335559739&quot;:160,&quot;335559740&quot;:259}\">\u00a0<\/span><\/p>\n<p><span data-contrast=\"auto\">Der Carbonrahmen basiert auf dem Haibike AllMtn-Modell und besticht durch sein einzigartiges Design sowie praktische Features wie das Modular Rail System (MRS). Dieses Schienenprofil am Unterrohr erm\u00f6glicht die flexible Anbringung von unterschiedlichem Zubeh\u00f6r wie Zusatzakkus oder Trinkflaschen. Angetrieben wird das Hybe wahlweise von einem Bosch Performance CX oder CX Race Motor, was seine Eignung f\u00fcr den E-Rennsport unterstreicht. Mit einem maximalen Gesamtgewicht von 120 kg und Gr\u00f6\u00dfen von S bis XL spricht es eine breite Nutzergruppe an. <\/span><span data-ccp-props=\"{&quot;201341983&quot;:0,&quot;335559739&quot;:160,&quot;335559740&quot;:259}\">\u00a0<\/span><\/p>\n<p><span data-contrast=\"auto\">Das Hybe ist eine Weiterentwicklung des bekannten AllMtn-Modells mit zus\u00e4tzlichem Federweg und Fokus auf E-Rennen. Trotz der nur graduellen \u00c4nderungen gegen\u00fcber dem Vorg\u00e4ngermodell bietet das E-Bike viele Vorteile f\u00fcr ambitionierte E-Mountainbiker, die bereit sind, f\u00fcr besondere Features mehr zu bezahlen.<\/span><span data-ccp-props=\"{&quot;201341983&quot;:0,&quot;335559739&quot;:160,&quot;335559740&quot;:259}\">\u00a0<\/span>[\/vc_column_text][\/vc_column][\/vc_row][vc_row][vc_column width=&#8220;1\/6&#8243;][\/vc_column][vc_column width=&#8220;2\/3&#8243;]<a href=\"https:\/\/www.fahrrad-xxl.at\/serie\/haibike-lyke\/saison.2024\/\" target=\"_self\" class=\"button button-appear custom large \" style=\"background-color: #a82323; border-color: #a82323;border-radius: 30px;\"><span>Entdecke unsere Haibike 2024 Modelle<i class='fa fas fa-chevron-circle-right'><\/i><\/span><\/a><div class=\"spacer\" style=\"height: 40px;\"><\/div>[\/vc_column][vc_column width=&#8220;1\/6&#8243;][\/vc_column][\/vc_row][vc_row][vc_column width=&#8220;1\/1&#8243;][vc_column_text]<\/p>\n<h2><span class=\"ez-toc-section\" id=\"wilier-urta-hybrid-das-elegante-light-e-mtb\"><\/span><span data-contrast=\"none\">Wilier Urta Hybrid: Das elegante Light-E-MTB<\/span><span class=\"ez-toc-section-end\"><\/span><\/h2>\n<div id=\"attachment_33650\" style=\"width: 2570px\" class=\"wp-caption aligncenter\"><a href=\"https:\/\/www.fahrrad-xxl.at\/wilier-urta-hybrid-gxe-axs-miche-966-m000062916\"><img aria-describedby=\"caption-attachment-33650\" decoding=\"async\" loading=\"lazy\" class=\"wp-image-33650 size-full\" src=\"https:\/\/www.fahrrad-xxl.at\/blog\/wp-content\/uploads\/2023\/03\/Wilier-Urta-Hybrid-scaled.jpg\" alt=\"Wilier Urta Hybrid\" width=\"2560\" height=\"1432\" srcset=\"https:\/\/www.fahrrad-xxl.at\/blog\/wp-content\/uploads\/2023\/03\/Wilier-Urta-Hybrid-scaled.jpg 2560w, https:\/\/www.fahrrad-xxl.at\/blog\/wp-content\/uploads\/2023\/03\/Wilier-Urta-Hybrid-300x168.jpg 300w, https:\/\/www.fahrrad-xxl.at\/blog\/wp-content\/uploads\/2023\/03\/Wilier-Urta-Hybrid-1024x573.jpg 1024w, https:\/\/www.fahrrad-xxl.at\/blog\/wp-content\/uploads\/2023\/03\/Wilier-Urta-Hybrid-768x430.jpg 768w, https:\/\/www.fahrrad-xxl.at\/blog\/wp-content\/uploads\/2023\/03\/Wilier-Urta-Hybrid-1536x859.jpg 1536w, https:\/\/www.fahrrad-xxl.at\/blog\/wp-content\/uploads\/2023\/03\/Wilier-Urta-Hybrid-2048x1146.jpg 2048w\" sizes=\"(max-width: 2560px) 100vw, 2560px\" \/><\/a><p id=\"caption-attachment-33650\" class=\"wp-caption-text\">Wilier Urta Hybrid<\/p><\/div>\n<p><span data-contrast=\"auto\">Das Wilier Urta Hybrid ist ein dezentes, aber stilvolles Light E-MTB, das sich durch seinen eleganten Vollcarbonrahmen auszeichnet. Der Rahmen verbirgt geschickt Akku und Motor und erinnert an Wiliers unmotorisiertes Cross-Country-Bike Urta, woraus sich auch die Zielrichtung des Urta Hybrid ableitet: Cross-Country-Einsatz. Mit 120 mm Federweg vorne und hinten bietet das Bike eine ausgewogene Balance, perfekt f\u00fcr moderne XC-Anforderungen. Das Beste: Das Light E-MTB verspricht dir ein leichtes Fahrerlebnis mit einem Gewicht von unter 16 kg in der Top-Konfiguration.<\/span><span data-ccp-props=\"{&quot;201341983&quot;:0,&quot;335559739&quot;:160,&quot;335559740&quot;:259}\">\u00a0<\/span><\/p>\n<p><span data-contrast=\"auto\">Dabei hat Wilier das Urta Hybrid so konzipiert, dass es die Fahreigenschaften eines klassischen Cross-Country-Fullys nachahmt, mit einer Geometrie, die an die Anforderungen eines E-Bikes angepasst wurde. Eine Besonderheit ist die M\u00f6glichkeit, zwei Trinkflaschen zu transportieren oder alternativ eine Flasche durch einen 210-Wh-Rangeextender zu ersetzen. Optisch besticht das Bike durch seinen Vollcarbonrahmen, der Akku und Motor elegant integriert. Angetrieben wird Urta Hybrid i von einem Fazua Ride 60-Motor angetrieben, der bis zu 450 Watt Leistung im Boostmodus liefert, kombiniert mit einem 430-Wh-Akku, der fest im Rahmen integriert ist.<\/span><span data-ccp-props=\"{&quot;134233117&quot;:false,&quot;134233118&quot;:false,&quot;201341983&quot;:0,&quot;335551550&quot;:1,&quot;335551620&quot;:1,&quot;335559685&quot;:0,&quot;335559737&quot;:0,&quot;335559738&quot;:0,&quot;335559739&quot;:160,&quot;335559740&quot;:259}\">\u00a0<\/span><\/p>\n<p><span data-contrast=\"auto\">Das <a href=\"https:\/\/www.fahrrad-xxl.at\/wilier-urta-hybrid-gxe-axs-miche-966-m000062916\">Wilier Urta Hybrid<\/a> ist in vier Ausstattungsvarianten erh\u00e4ltlich, wobei Wilier auf Shimano-Bremsen und ein RockShox-Fahrwerk setzt. Bei dieser Auswahl sollte jeder, der ein Light E-MTB f\u00fcr den Cross-Country-Einsatz sucht, f\u00fcndig werden.<\/span><span data-ccp-props=\"{&quot;201341983&quot;:0,&quot;335559739&quot;:160,&quot;335559740&quot;:259}\">\u00a0<\/span>[\/vc_column_text][\/vc_column][\/vc_row][vc_row][vc_column width=&#8220;1\/6&#8243;][\/vc_column][vc_column width=&#8220;2\/3&#8243;]<a href=\"https:\/\/www.fahrrad-xxl.at\/marken\/wilier\/saison.2024\/\" target=\"_self\" class=\"button button-appear custom large \" style=\"background-color: #a82323; border-color: #a82323;border-radius: 30px;\"><span>Entdecke unsere Wilier 2024 Modelle<i class='fa fas fa-chevron-circle-right'><\/i><\/span><\/a><div class=\"spacer\" style=\"height: 40px;\"><\/div>[\/vc_column][vc_column width=&#8220;1\/6&#8243;][\/vc_column][\/vc_row][vc_row][vc_column width=&#8220;1\/1&#8243;][vc_column_text]<\/p>\n<h2 aria-level=\"2\"><span class=\"ez-toc-section\" id=\"gasgas-ecc-2024-das-rennsport-phaenomen\"><\/span><span data-contrast=\"none\">GASGAS ECC 2024: Das Rennsport-Ph\u00e4nomen<\/span><span data-ccp-props=\"{&quot;134245418&quot;:true,&quot;134245529&quot;:true,&quot;201341983&quot;:0,&quot;335559738&quot;:40,&quot;335559739&quot;:0,&quot;335559740&quot;:259}\">\u00a0<\/span><span class=\"ez-toc-section-end\"><\/span><\/h2>\n<div id=\"attachment_33647\" style=\"width: 1975px\" class=\"wp-caption aligncenter\"><img aria-describedby=\"caption-attachment-33647\" decoding=\"async\" loading=\"lazy\" class=\"wp-image-33647 size-full\" src=\"https:\/\/www.fahrrad-xxl.at\/blog\/wp-content\/uploads\/2023\/03\/GASGAS-ECC-2024-e1701184327447.jpg\" alt=\"GASGAS ECC 2024\" width=\"1965\" height=\"1215\" srcset=\"https:\/\/www.fahrrad-xxl.at\/blog\/wp-content\/uploads\/2023\/03\/GASGAS-ECC-2024-e1701184327447.jpg 1965w, https:\/\/www.fahrrad-xxl.at\/blog\/wp-content\/uploads\/2023\/03\/GASGAS-ECC-2024-e1701184327447-300x185.jpg 300w, https:\/\/www.fahrrad-xxl.at\/blog\/wp-content\/uploads\/2023\/03\/GASGAS-ECC-2024-e1701184327447-1024x633.jpg 1024w, https:\/\/www.fahrrad-xxl.at\/blog\/wp-content\/uploads\/2023\/03\/GASGAS-ECC-2024-e1701184327447-768x475.jpg 768w, https:\/\/www.fahrrad-xxl.at\/blog\/wp-content\/uploads\/2023\/03\/GASGAS-ECC-2024-e1701184327447-1536x950.jpg 1536w\" sizes=\"(max-width: 1965px) 100vw, 1965px\" \/><p id=\"caption-attachment-33647\" class=\"wp-caption-text\">GASGAS ECC<\/p><\/div>\n<p><span data-contrast=\"auto\">GASGAS, bekannt f\u00fcr seine Motocross-Maschinen, erweitert sein Portfolio mit dem neuen ECC E-Mountainbike 2024, das speziell f\u00fcr harte Trails und Race-Performance entwickelt wurde. Das Bike wurde in Zusammenarbeit mit dem GASGAS SRAM Racing Team entwickelt und hat bereits am UCI E-Enduro World Cup teilgenommen. Dieser Performance-Gedanke findet sich auch in den Komponenten wieder: 29\u201d-Laufr\u00e4der, 170 mm Federweg vorne und 160 mm hinten, und der SRAM Eagle Powertrain-Motor mit automatischer Transmission-Schaltgruppe sorgen f\u00fcr Hochleistung.<\/span><span data-ccp-props=\"{&quot;201341983&quot;:0,&quot;335559739&quot;:160,&quot;335559740&quot;:259}\">\u00a0<\/span><\/p>\n<p><span data-contrast=\"auto\">Dabei zeichnet sich GASGAS ECC auch durch sein auff\u00e4lliges Design mit rotem Rahmen und markantem Branding aus. Der Carbonrahmen ist mit einem Kunststoff-Cover versehen, das f\u00fcr ein robustes Aussehen sorgt und den Rahmen zus\u00e4tzlich sch\u00fctzt. Uns weil doppelt bekanntlich besser h\u00e4lt, wird der Motor durch einen Metall-Unterfahrschutz gesch\u00fctzt.<\/span><span data-ccp-props=\"{&quot;201341983&quot;:0,&quot;335559739&quot;:160,&quot;335559740&quot;:259}\">\u00a0<\/span><\/p>\n<p><span data-contrast=\"auto\">Das SRAM Eagle Powertrain-Motorsystem des ECC bietet automatischen Gangwechsel, der besonders f\u00fcr Touren geeignet ist, und eine Coast-Shift-Funktion, die Schalten ohne Treten erm\u00f6glicht. Der Motor basiert auf dem Brose Drive S Mag und bietet 90 Nm Drehmoment und 680 Watt Maximalleistung. Der 630-Wh-Akku ist entnehmbar und kann bequem in der Wohnung geladen werden. Fazit: <a href=\"https:\/\/www.fahrrad-xxl.atmarken\/gasgas\/saison.2024\/\">GASGAS<\/a> pr\u00e4sentiert 2024 mit dem ECC ein neues, auf Rennperformance ausgerichtetes E-MTB, das mit seiner modernen Designsprache und seinem robusten Aussehen beeindruckt.<\/span><span data-ccp-props=\"{&quot;201341983&quot;:0,&quot;335559739&quot;:160,&quot;335559740&quot;:259}\">\u00a0<\/span>[\/vc_column_text][\/vc_column][\/vc_row][vc_row][vc_column width=&#8220;1\/6&#8243;][\/vc_column][vc_column width=&#8220;2\/3&#8243;]<a href=\"https:\/\/www.fahrrad-xxl.at\/marken\/gasgas\/saison.2024\/\" target=\"_self\" class=\"button button-appear custom large \" style=\"background-color: #a82323; border-color: #a82323;border-radius: 30px;\"><span>Entdecke unsere GASGAS 2024 Modelle<i class='fa fas fa-chevron-circle-right'><\/i><\/span><\/a><div class=\"spacer\" style=\"height: 40px;\"><\/div>[\/vc_column][vc_column width=&#8220;1\/6&#8243;][\/vc_column][\/vc_row]<\/p>\n\n\n<div class=\"kk-star-ratings kksr-auto kksr-align-left kksr-valign-bottom\"\n    data-payload='{&quot;align&quot;:&quot;left&quot;,&quot;id&quot;:&quot;33256&quot;,&quot;slug&quot;:&quot;default&quot;,&quot;valign&quot;:&quot;bottom&quot;,&quot;ignore&quot;:&quot;&quot;,&quot;reference&quot;:&quot;auto&quot;,&quot;class&quot;:&quot;&quot;,&quot;count&quot;:&quot;2&quot;,&quot;legendonly&quot;:&quot;&quot;,&quot;readonly&quot;:&quot;&quot;,&quot;score&quot;:&quot;5&quot;,&quot;starsonly&quot;:&quot;&quot;,&quot;best&quot;:&quot;5&quot;,&quot;gap&quot;:&quot;5&quot;,&quot;greet&quot;:&quot;Rate this post&quot;,&quot;legend&quot;:&quot;5\\\/5 - (2 votes)&quot;,&quot;size&quot;:&quot;22&quot;,&quot;title&quot;:&quot;Light E-MTB Neuheiten 2024: Die Leichtgewichte der Saison&quot;,&quot;width&quot;:&quot;132.5&quot;,&quot;_legend&quot;:&quot;{score}\\\/{best} - ({count} {votes})&quot;,&quot;font_factor&quot;:&quot;1.25&quot;}'>\n            \n<div class=\"kksr-stars\">\n    \n<div class=\"kksr-stars-inactive\">\n            <div class=\"kksr-star\" data-star=\"1\" style=\"padding-right: 5px\">\n            \n\n<div class=\"kksr-icon\" style=\"width: 22px; height: 22px;\"><\/div>\n        <\/div>\n            <div class=\"kksr-star\" data-star=\"2\" style=\"padding-right: 5px\">\n            \n\n<div class=\"kksr-icon\" style=\"width: 22px; height: 22px;\"><\/div>\n        <\/div>\n            <div class=\"kksr-star\" data-star=\"3\" style=\"padding-right: 5px\">\n            \n\n<div class=\"kksr-icon\" style=\"width: 22px; height: 22px;\"><\/div>\n        <\/div>\n            <div class=\"kksr-star\" data-star=\"4\" style=\"padding-right: 5px\">\n            \n\n<div class=\"kksr-icon\" style=\"width: 22px; height: 22px;\"><\/div>\n        <\/div>\n            <div class=\"kksr-star\" data-star=\"5\" style=\"padding-right: 5px\">\n            \n\n<div class=\"kksr-icon\" style=\"width: 22px; height: 22px;\"><\/div>\n        <\/div>\n    <\/div>\n    \n<div class=\"kksr-stars-active\" style=\"width: 132.5px;\">\n            <div class=\"kksr-star\" style=\"padding-right: 5px\">\n            \n\n<div class=\"kksr-icon\" style=\"width: 22px; height: 22px;\"><\/div>\n        <\/div>\n            <div class=\"kksr-star\" style=\"padding-right: 5px\">\n            \n\n<div class=\"kksr-icon\" style=\"width: 22px; height: 22px;\"><\/div>\n        <\/div>\n            <div class=\"kksr-star\" style=\"padding-right: 5px\">\n            \n\n<div class=\"kksr-icon\" style=\"width: 22px; height: 22px;\"><\/div>\n        <\/div>\n            <div class=\"kksr-star\" style=\"padding-right: 5px\">\n            \n\n<div class=\"kksr-icon\" style=\"width: 22px; height: 22px;\"><\/div>\n        <\/div>\n            <div class=\"kksr-star\" style=\"padding-right: 5px\">\n            \n\n<div class=\"kksr-icon\" style=\"width: 22px; height: 22px;\"><\/div>\n        <\/div>\n    <\/div>\n<\/div>\n                \n\n<div class=\"kksr-legend\" style=\"font-size: 17.6px;\">\n            5\/5 - (2 votes)    <\/div>\n    <\/div>\n<\/section>","protected":false},"excerpt":{"rendered":"<p>[vc_row][vc_column width=&#8220;1\/1&#8243;][vc_column_text]Ein E-MTB kann nicht leicht sein \u2013 von wegen. In der aktuellen Saison zeigen die Fahrradhersteller, dass auch motorisierte Mountainbikes mit geringem Gewicht punkten k\u00f6nnen. Agiles Handling, sportliche Fahreigenschaften und vielseitige Einsatzm\u00f6glichkeiten \u2013 auf diese Aspekte musst du bei deinem Powerbike in Zukunft nicht mehr verzichten. Wir zeigen dir, auf welche Light E-MTB Neuheiten du dich 2024 freuen kannst. &nbsp; Light E-MTB: Das sind die Highlights und Neuheiten 2024\u00a0 Beim klassischen E-Mountainbike stehen starke Motoren und ein leistungsf\u00e4higer Akku f\u00fcr eine hohe Reichweite im Vordergrund. Diese Eigenschaften gehen aber oft mit einer wuchtigen Optik und einem hohen Gewicht des Bikes einher. Im Gegensatz dazu steht das Konzept des Light-E-MTBs, das auf kompaktere Motoren und kleinere Akkus setzt, um ein leichteres und spielerischeres E-Mountainbike zu schaffen. Das Ergebnis sind leichte E-MTBs, die mit einer schlanken Silhouette, Power und agilem Handling punkten.\u00a0 Auch 2024 bringen zahlreiche Hersteller federleichte Mountainbikes mit Antrieb auf den Markt. Die absoluten Highlights und Neuheiten der aktuellen Saison im \u00dcberblick:\u00a0 Das Light E-MTB vereint die Vorteile eines motorisierten Fahrrads mit den sportlichen Eigenschaften eines Mountainbikes\u00a0 Dank neuer Antriebe unterst\u00fctzt dich das Light E-MTB auch auf l\u00e4ngeren Strecken\u00a0 Moderne Geometrien und schlankere Rahmen zeichnen die neuen Modelle aus\u00a0 [&hellip;]<\/p>\n","protected":false},"author":29,"featured_media":33653,"comment_status":"open","ping_status":"open","sticky":false,"template":"","format":"standard","meta":[],"categories":[1,30,29],"tags":[],"yoast_head":"<!-- This site is optimized with the Yoast SEO plugin v19.10 - https:\/\/yoast.com\/wordpress\/plugins\/seo\/ -->\n<title>Light E-MTB 2024: Neuheiten und Highlights der Saison<\/title>\n<meta name=\"description\" content=\"Light E-MTB 2024 Neuheiten \u26a1 Ultraleichte und leistungsstarke Mountainbikes mit Antrieb. KTM Macina Scarp SX, Flyer Uproc EVO:X und mehr \u26a1 Entdecke die neuesten Light E-MTB Modelle\" \/>\n<meta name=\"robots\" content=\"index, follow, max-snippet:-1, max-image-preview:large, max-video-preview:-1\" \/>\n<link rel=\"canonical\" href=\"https:\/\/www.fahrrad-xxl.at\/blog\/light-e-mtb-neuheiten\/\" \/>\n<meta property=\"og:locale\" content=\"de_DE\" \/>\n<meta property=\"og:type\" content=\"article\" \/>\n<meta property=\"og:title\" content=\"Light E-MTB 2024: Neuheiten und Highlights der Saison\" \/>\n<meta property=\"og:description\" content=\"Light E-MTB 2024 Neuheiten \u26a1 Ultraleichte und leistungsstarke Mountainbikes mit Antrieb. KTM Macina Scarp SX, Flyer Uproc EVO:X und mehr \u26a1 Entdecke die neuesten Light E-MTB Modelle\" \/>\n<meta property=\"og:url\" content=\"https:\/\/www.fahrrad-xxl.at\/blog\/light-e-mtb-neuheiten\/\" \/>\n<meta property=\"og:site_name\" content=\"Fahrrad XXL AT Blog\" \/>\n<meta property=\"article:publisher\" content=\"https:\/\/www.facebook.com\/FahrradXXL\" \/>\n<meta property=\"article:published_time\" content=\"2023-11-27T15:38:18+00:00\" \/>\n<meta property=\"article:modified_time\" content=\"2024-08-30T12:51:52+00:00\" \/>\n<meta property=\"og:image\" content=\"https:\/\/www.fahrrad-xxl.at\/blog\/wp-content\/uploads\/2023\/11\/E-MTB-Neuheiten.jpg\" \/>\n\t<meta property=\"og:image:width\" content=\"2100\" \/>\n\t<meta property=\"og:image:height\" content=\"1400\" \/>\n\t<meta property=\"og:image:type\" content=\"image\/jpeg\" \/>\n<meta name=\"author\" content=\"Alicia\" \/>\n<meta name=\"twitter:card\" content=\"summary_large_image\" \/>\n<meta name=\"twitter:label1\" content=\"Verfasst von\" \/>\n\t<meta name=\"twitter:data1\" content=\"Alicia\" \/>\n\t<meta name=\"twitter:label2\" content=\"Gesch\u00e4tzte Lesezeit\" \/>\n\t<meta name=\"twitter:data2\" content=\"15\u00a0Minuten\" \/>\n<script type=\"application\/ld+json\" class=\"yoast-schema-graph\">{\"@context\":\"https:\/\/schema.org\",\"@graph\":[{\"@type\":\"Article\",\"@id\":\"https:\/\/www.fahrrad-xxl.at\/blog\/light-e-mtb-neuheiten\/#article\",\"isPartOf\":{\"@id\":\"https:\/\/www.fahrrad-xxl.at\/blog\/light-e-mtb-neuheiten\/\"},\"author\":{\"name\":\"Alicia\",\"@id\":\"https:\/\/www.fahrrad-xxl.at\/blog\/#\/schema\/person\/f4b754915dd65ad37f37994cdd21b14a\"},\"headline\":\"Light E-MTB Neuheiten 2024: Die Leichtgewichte der Saison\",\"datePublished\":\"2023-11-27T15:38:18+00:00\",\"dateModified\":\"2024-08-30T12:51:52+00:00\",\"mainEntityOfPage\":{\"@id\":\"https:\/\/www.fahrrad-xxl.at\/blog\/light-e-mtb-neuheiten\/\"},\"wordCount\":2891,\"commentCount\":0,\"publisher\":{\"@id\":\"https:\/\/www.fahrrad-xxl.at\/blog\/#organization\"},\"articleSection\":{\"1\":\"E-Bike\",\"2\":\"News\/Interessantes\"},\"inLanguage\":\"de\",\"potentialAction\":[{\"@type\":\"CommentAction\",\"name\":\"Comment\",\"target\":[\"https:\/\/www.fahrrad-xxl.at\/blog\/light-e-mtb-neuheiten\/#respond\"]}]},{\"@type\":\"WebPage\",\"@id\":\"https:\/\/www.fahrrad-xxl.at\/blog\/light-e-mtb-neuheiten\/\",\"url\":\"https:\/\/www.fahrrad-xxl.at\/blog\/light-e-mtb-neuheiten\/\",\"name\":\"Light E-MTB 2024: Neuheiten und Highlights der Saison\",\"isPartOf\":{\"@id\":\"https:\/\/www.fahrrad-xxl.at\/blog\/#website\"},\"datePublished\":\"2023-11-27T15:38:18+00:00\",\"dateModified\":\"2024-08-30T12:51:52+00:00\",\"description\":\"Light E-MTB 2024 Neuheiten \u26a1 Ultraleichte und leistungsstarke Mountainbikes mit Antrieb. KTM Macina Scarp SX, Flyer Uproc EVO:X und mehr \u26a1 Entdecke die neuesten Light E-MTB Modelle\",\"breadcrumb\":{\"@id\":\"https:\/\/www.fahrrad-xxl.at\/blog\/light-e-mtb-neuheiten\/#breadcrumb\"},\"inLanguage\":\"de\",\"potentialAction\":[{\"@type\":\"ReadAction\",\"target\":[\"https:\/\/www.fahrrad-xxl.at\/blog\/light-e-mtb-neuheiten\/\"]}]},{\"@type\":\"BreadcrumbList\",\"@id\":\"https:\/\/www.fahrrad-xxl.at\/blog\/light-e-mtb-neuheiten\/#breadcrumb\",\"itemListElement\":[{\"@type\":\"ListItem\",\"position\":1,\"name\":\"Startseite\",\"item\":\"https:\/\/www.fahrrad-xxl.at\/blog\/\"},{\"@type\":\"ListItem\",\"position\":2,\"name\":\"Light E-MTB Neuheiten 2024: Die Leichtgewichte der Saison\"}]},{\"@type\":\"WebSite\",\"@id\":\"https:\/\/www.fahrrad-xxl.at\/blog\/#website\",\"url\":\"https:\/\/www.fahrrad-xxl.at\/blog\/\",\"name\":\"Fahrrad XXL AT Blog\",\"description\":\"Erleben | Testen | Losfahren\",\"publisher\":{\"@id\":\"https:\/\/www.fahrrad-xxl.at\/blog\/#organization\"},\"potentialAction\":[{\"@type\":\"SearchAction\",\"target\":{\"@type\":\"EntryPoint\",\"urlTemplate\":\"https:\/\/www.fahrrad-xxl.at\/blog\/?s={search_term_string}\"},\"query-input\":\"required name=search_term_string\"}],\"inLanguage\":\"de\"},{\"@type\":\"Organization\",\"@id\":\"https:\/\/www.fahrrad-xxl.at\/blog\/#organization\",\"name\":\"Fahrrad XXL\",\"url\":\"https:\/\/www.fahrrad-xxl.at\/blog\/\",\"logo\":{\"@type\":\"ImageObject\",\"inLanguage\":\"de\",\"@id\":\"https:\/\/www.fahrrad-xxl.at\/blog\/#\/schema\/logo\/image\/\",\"url\":\"https:\/\/www.fahrrad-xxl.at\/blog\/wp-content\/uploads\/2018\/03\/FXXL-Blog-Logo-100-c.png\",\"contentUrl\":\"https:\/\/www.fahrrad-xxl.at\/blog\/wp-content\/uploads\/2018\/03\/FXXL-Blog-Logo-100-c.png\",\"width\":450,\"height\":100,\"caption\":\"Fahrrad XXL\"},\"image\":{\"@id\":\"https:\/\/www.fahrrad-xxl.at\/blog\/#\/schema\/logo\/image\/\"},\"sameAs\":[\"https:\/\/www.instagram.com\/fahrradxxl\/\",\"https:\/\/www.youtube.com\/user\/FahrradXXLde\",\"https:\/\/www.facebook.com\/FahrradXXL\"]},{\"@type\":\"Person\",\"@id\":\"https:\/\/www.fahrrad-xxl.at\/blog\/#\/schema\/person\/f4b754915dd65ad37f37994cdd21b14a\",\"name\":\"Alicia\",\"description\":\"F\u00e4hrt gerne:\u00a0Stra\u00dfe, Feldwege Bikes:\u00a0Cube Nuroad, Canyon Endurace, Bianchi Aria Lieblings-Radrevier: Mallorca\",\"url\":\"https:\/\/www.fahrrad-xxl.at\/blog\/author\/a-freyfahrrad-xxl-de\/\"}]}<\/script>\n<!-- \/ Yoast SEO plugin. -->","yoast_head_json":{"title":"Light E-MTB 2024: Neuheiten und Highlights der Saison","description":"Light E-MTB 2024 Neuheiten \u26a1 Ultraleichte und leistungsstarke Mountainbikes mit Antrieb. KTM Macina Scarp SX, Flyer Uproc EVO:X und mehr \u26a1 Entdecke die neuesten Light E-MTB Modelle","robots":{"index":"index","follow":"follow","max-snippet":"max-snippet:-1","max-image-preview":"max-image-preview:large","max-video-preview":"max-video-preview:-1"},"canonical":"https:\/\/www.fahrrad-xxl.at\/blog\/light-e-mtb-neuheiten\/","og_locale":"de_DE","og_type":"article","og_title":"Light E-MTB 2024: Neuheiten und Highlights der Saison","og_description":"Light E-MTB 2024 Neuheiten \u26a1 Ultraleichte und leistungsstarke Mountainbikes mit Antrieb. KTM Macina Scarp SX, Flyer Uproc EVO:X und mehr \u26a1 Entdecke die neuesten Light E-MTB Modelle","og_url":"https:\/\/www.fahrrad-xxl.at\/blog\/light-e-mtb-neuheiten\/","og_site_name":"Fahrrad XXL AT Blog","article_publisher":"https:\/\/www.facebook.com\/FahrradXXL","article_published_time":"2023-11-27T15:38:18+00:00","article_modified_time":"2024-08-30T12:51:52+00:00","og_image":[{"width":2100,"height":1400,"url":"https:\/\/www.fahrrad-xxl.at\/blog\/wp-content\/uploads\/2023\/11\/E-MTB-Neuheiten.jpg","type":"image\/jpeg"}],"author":"Alicia","twitter_card":"summary_large_image","twitter_misc":{"Verfasst von":"Alicia","Gesch\u00e4tzte Lesezeit":"15\u00a0Minuten"},"schema":{"@context":"https:\/\/schema.org","@graph":[{"@type":"Article","@id":"https:\/\/www.fahrrad-xxl.at\/blog\/light-e-mtb-neuheiten\/#article","isPartOf":{"@id":"https:\/\/www.fahrrad-xxl.at\/blog\/light-e-mtb-neuheiten\/"},"author":{"name":"Alicia","@id":"https:\/\/www.fahrrad-xxl.at\/blog\/#\/schema\/person\/f4b754915dd65ad37f37994cdd21b14a"},"headline":"Light E-MTB Neuheiten 2024: Die Leichtgewichte der Saison","datePublished":"2023-11-27T15:38:18+00:00","dateModified":"2024-08-30T12:51:52+00:00","mainEntityOfPage":{"@id":"https:\/\/www.fahrrad-xxl.at\/blog\/light-e-mtb-neuheiten\/"},"wordCount":2891,"commentCount":0,"publisher":{"@id":"https:\/\/www.fahrrad-xxl.at\/blog\/#organization"},"articleSection":{"1":"E-Bike","2":"News\/Interessantes"},"inLanguage":"de","potentialAction":[{"@type":"CommentAction","name":"Comment","target":["https:\/\/www.fahrrad-xxl.at\/blog\/light-e-mtb-neuheiten\/#respond"]}]},{"@type":"WebPage","@id":"https:\/\/www.fahrrad-xxl.at\/blog\/light-e-mtb-neuheiten\/","url":"https:\/\/www.fahrrad-xxl.at\/blog\/light-e-mtb-neuheiten\/","name":"Light E-MTB 2024: Neuheiten und Highlights der Saison","isPartOf":{"@id":"https:\/\/www.fahrrad-xxl.at\/blog\/#website"},"datePublished":"2023-11-27T15:38:18+00:00","dateModified":"2024-08-30T12:51:52+00:00","description":"Light E-MTB 2024 Neuheiten \u26a1 Ultraleichte und leistungsstarke Mountainbikes mit Antrieb. KTM Macina Scarp SX, Flyer Uproc EVO:X und mehr \u26a1 Entdecke die neuesten Light E-MTB Modelle","breadcrumb":{"@id":"https:\/\/www.fahrrad-xxl.at\/blog\/light-e-mtb-neuheiten\/#breadcrumb"},"inLanguage":"de","potentialAction":[{"@type":"ReadAction","target":["https:\/\/www.fahrrad-xxl.at\/blog\/light-e-mtb-neuheiten\/"]}]},{"@type":"BreadcrumbList","@id":"https:\/\/www.fahrrad-xxl.at\/blog\/light-e-mtb-neuheiten\/#breadcrumb","itemListElement":[{"@type":"ListItem","position":1,"name":"Startseite","item":"https:\/\/www.fahrrad-xxl.at\/blog\/"},{"@type":"ListItem","position":2,"name":"Light E-MTB Neuheiten 2024: Die Leichtgewichte der Saison"}]},{"@type":"WebSite","@id":"https:\/\/www.fahrrad-xxl.at\/blog\/#website","url":"https:\/\/www.fahrrad-xxl.at\/blog\/","name":"Fahrrad XXL AT Blog","description":"Erleben | Testen | Losfahren","publisher":{"@id":"https:\/\/www.fahrrad-xxl.at\/blog\/#organization"},"potentialAction":[{"@type":"SearchAction","target":{"@type":"EntryPoint","urlTemplate":"https:\/\/www.fahrrad-xxl.at\/blog\/?s={search_term_string}"},"query-input":"required name=search_term_string"}],"inLanguage":"de"},{"@type":"Organization","@id":"https:\/\/www.fahrrad-xxl.at\/blog\/#organization","name":"Fahrrad XXL","url":"https:\/\/www.fahrrad-xxl.at\/blog\/","logo":{"@type":"ImageObject","inLanguage":"de","@id":"https:\/\/www.fahrrad-xxl.at\/blog\/#\/schema\/logo\/image\/","url":"https:\/\/www.fahrrad-xxl.at\/blog\/wp-content\/uploads\/2018\/03\/FXXL-Blog-Logo-100-c.png","contentUrl":"https:\/\/www.fahrrad-xxl.at\/blog\/wp-content\/uploads\/2018\/03\/FXXL-Blog-Logo-100-c.png","width":450,"height":100,"caption":"Fahrrad XXL"},"image":{"@id":"https:\/\/www.fahrrad-xxl.at\/blog\/#\/schema\/logo\/image\/"},"sameAs":["https:\/\/www.instagram.com\/fahrradxxl\/","https:\/\/www.youtube.com\/user\/FahrradXXLde","https:\/\/www.facebook.com\/FahrradXXL"]},{"@type":"Person","@id":"https:\/\/www.fahrrad-xxl.at\/blog\/#\/schema\/person\/f4b754915dd65ad37f37994cdd21b14a","name":"Alicia","description":"F\u00e4hrt gerne:\u00a0Stra\u00dfe, Feldwege Bikes:\u00a0Cube Nuroad, Canyon Endurace, Bianchi Aria Lieblings-Radrevier: Mallorca","url":"https:\/\/www.fahrrad-xxl.at\/blog\/author\/a-freyfahrrad-xxl-de\/"}]}},"_links":{"self":[{"href":"https:\/\/www.fahrrad-xxl.at\/blog\/wp-json\/wp\/v2\/posts\/33256"}],"collection":[{"href":"https:\/\/www.fahrrad-xxl.at\/blog\/wp-json\/wp\/v2\/posts"}],"about":[{"href":"https:\/\/www.fahrrad-xxl.at\/blog\/wp-json\/wp\/v2\/types\/post"}],"author":[{"embeddable":true,"href":"https:\/\/www.fahrrad-xxl.at\/blog\/wp-json\/wp\/v2\/users\/29"}],"replies":[{"embeddable":true,"href":"https:\/\/www.fahrrad-xxl.at\/blog\/wp-json\/wp\/v2\/comments?post=33256"}],"version-history":[{"count":3,"href":"https:\/\/www.fahrrad-xxl.at\/blog\/wp-json\/wp\/v2\/posts\/33256\/revisions"}],"predecessor-version":[{"id":34005,"href":"https:\/\/www.fahrrad-xxl.at\/blog\/wp-json\/wp\/v2\/posts\/33256\/revisions\/34005"}],"wp:featuredmedia":[{"embeddable":true,"href":"https:\/\/www.fahrrad-xxl.at\/blog\/wp-json\/wp\/v2\/media\/33653"}],"wp:attachment":[{"href":"https:\/\/www.fahrrad-xxl.at\/blog\/wp-json\/wp\/v2\/media?parent=33256"}],"wp:term":[{"taxonomy":"category","embeddable":true,"href":"https:\/\/www.fahrrad-xxl.at\/blog\/wp-json\/wp\/v2\/categories?post=33256"},{"taxonomy":"post_tag","embeddable":true,"href":"https:\/\/www.fahrrad-xxl.at\/blog\/wp-json\/wp\/v2\/tags?post=33256"}],"curies":[{"name":"wp","href":"https:\/\/api.w.org\/{rel}","templated":true}]}}