{"id":34078,"date":"2025-01-28T10:20:15","date_gmt":"2025-01-28T09:20:15","guid":{"rendered":"https:\/\/www.fahrrad-xxl.at\/blog\/?p=34078"},"modified":"2025-01-28T10:28:24","modified_gmt":"2025-01-28T09:28:24","slug":"bosch-e-bike-neuheiten","status":"publish","type":"post","link":"https:\/\/www.fahrrad-xxl.at\/blog\/bosch-e-bike-neuheiten\/","title":{"rendered":"Bosch E-Bike Neuheiten 2025: Der Bosch Performance Line SX 2.0 Motor"},"content":{"rendered":"<section class=\"wpb-content-wrapper\"><p>[vc_row][vc_column width=&#8220;1\/1&#8243;][vc_column_text]<span class=\"TextRun SCXW141645961 BCX0\" lang=\"DE-DE\" xml:lang=\"DE-DE\" data-contrast=\"auto\"><span class=\"NormalTextRun SCXW141645961 BCX0\">2025 bringt Bosch frischen Wind in die E-Bike-Welt. Weniger Gewicht, mehr Reichweite und smarte Technik machen dein Bike nicht nur schneller, sondern auch flexibler und individuell anpassbar. Von Motor und Akku bis hin zur App hat Bosch an alles gedacht. Hier kommen die Bosch Neuheiten und Highlights, die dein Fahrerlebnis auf das n\u00e4chste Level heben.<\/span><\/span><span class=\"EOP SCXW141645961 BCX0\" data-ccp-props=\"{&quot;134233117&quot;:false,&quot;134233118&quot;:false,&quot;335559738&quot;:240,&quot;335559739&quot;:240}\">\u00a0<\/span><\/p>\n<p>&nbsp;<\/p>\n<p><span data-contrast=\"auto\"><strong>Die Bosch E-Bike Neuheiten 2025 im \u00dcberblick:<\/strong><br \/>\n<\/span><\/p>\n<ul>\n<li><span class=\"TextRun SCXW255369949 BCX0\" lang=\"DE-DE\" xml:lang=\"DE-DE\" data-contrast=\"auto\"><span class=\"NormalTextRun SCXW255369949 BCX0\"> Bosch Performance Line SX 2.0 Motor<\/span><\/span><\/li>\n<li><span class=\"NormalTextRun SCXW161314260 BCX0\">Bosch <\/span><span class=\"NormalTextRun SpellingErrorV2Themed SCXW161314260 BCX0\">PowerTube<\/span><span class=\"NormalTextRun SCXW161314260 BCX0\"> 600 und <\/span><span class=\"NormalTextRun SpellingErrorV2Themed SCXW161314260 BCX0\">PowerTube<\/span><span class=\"NormalTextRun SCXW161314260 BCX0\"> 800<\/span><\/li>\n<li><span class=\"NormalTextRun SCXW18431594 BCX0\">Bosch <\/span><span class=\"NormalTextRun SpellingErrorV2Themed SCXW18431594 BCX0\">Purion<\/span><span class=\"NormalTextRun SCXW18431594 BCX0\"> 400<\/span> Display<\/li>\n<li><span class=\"TextRun SCXW210957854 BCX0\" lang=\"DE-DE\" xml:lang=\"DE-DE\" data-contrast=\"auto\"><span class=\"NormalTextRun SCXW210957854 BCX0\">Bosch ABS Pro<\/span><\/span><\/li>\n<li><span class=\"NormalTextRun SCXW86130875 BCX0\">Bosch <\/span><span class=\"NormalTextRun SpellingErrorV2Themed SCXW86130875 BCX0\">eShift<\/span><\/li>\n<li>Bosch <span class=\"NormalTextRun SpellingErrorV2Themed SCXW18568171 BCX0\" data-ccp-parastyle=\"heading 4\">eBike<\/span><span class=\"NormalTextRun SCXW18568171 BCX0\" data-ccp-parastyle=\"heading 4\"> Flow App<\/span><\/li>\n<\/ul>\n<p>[\/vc_column_text][\/vc_column][\/vc_row][vc_row][vc_column width=&#8220;1\/6&#8243;][\/vc_column][vc_column width=&#8220;2\/3&#8243;]<a href=\"https:\/\/www.fahrrad-xxl.de\/fahrraeder\/e-bike\/e-bike-motor-hersteller.bosch\/saison.2025\/\" target=\"_self\" class=\"button button-appear custom large \" style=\"background-color: #a82323; border-color: #a82323;border-radius: 30px;\"><span>Entdecke unsere E-Bikes 2025 mit Bosch-Antrieb<i class='fa fas fa-chevron-circle-right'><\/i><\/span><\/a><div class=\"spacer\" style=\"height: 40px;\"><\/div>[\/vc_column][vc_column width=&#8220;1\/6&#8243;][\/vc_column][\/vc_row][vc_row][vc_column][vc_column_text]<\/p>\n<h2 aria-level=\"2\"><span class=\"ez-toc-section\" id=\"der-neue-bosch-performance-line-sx-20-motor-%e2%80%93-leichter-staerker-smarter\"><\/span><span class=\"TextRun SCXW232721236 BCX0\" lang=\"DE-DE\" xml:lang=\"DE-DE\" data-contrast=\"auto\"><span class=\"NormalTextRun SCXW232721236 BCX0\">Der neue Bosch Performance Line SX 2.0 Motor \u2013 leichter, st\u00e4rker, smarter<\/span><\/span><span class=\"EOP SCXW232721236 BCX0\" data-ccp-props=\"{&quot;134233117&quot;:false,&quot;134233118&quot;:false,&quot;335559738&quot;:240,&quot;335559739&quot;:240}\">\u00a0<\/span><span class=\"ez-toc-section-end\"><\/span><\/h2>\n<p><span data-contrast=\"auto\"><img decoding=\"async\" loading=\"lazy\" class=\"aligncenter size-full wp-image-33474\" src=\"https:\/\/www.fahrrad-xxl.de\/blog\/wp-content\/uploads\/2018\/09\/Bosch-Performance-Line-SX-Antrieb.jpg\" alt=\"Bosch Performance Line SX Antrieb\" width=\"1000\" height=\"617\" srcset=\"https:\/\/www.fahrrad-xxl.at\/blog\/wp-content\/uploads\/2018\/09\/Bosch-Performance-Line-SX-Antrieb.jpg 1000w, https:\/\/www.fahrrad-xxl.at\/blog\/wp-content\/uploads\/2018\/09\/Bosch-Performance-Line-SX-Antrieb-300x185.jpg 300w, https:\/\/www.fahrrad-xxl.at\/blog\/wp-content\/uploads\/2018\/09\/Bosch-Performance-Line-SX-Antrieb-768x474.jpg 768w\" sizes=\"(max-width: 1000px) 100vw, 1000px\" \/><\/span><\/p>\n<p><span data-contrast=\"auto\">Bosch hat die Performance Line SX weiterentwickelt und mit der neuen SX 2.0-Version einen Motor geschaffen, der nicht nur kraftvoll, sondern auch extrem leicht ist. Mit einem Gewicht von nur 1,8 kg und einer Spitzenleistung von bis zu 600 Watt bietet der SX 2.0 die perfekte Balance zwischen Leistung und Effizienz. Der Motor reagiert feinf\u00fchlig auf deine Tretbewegungen und sorgt daf\u00fcr, dass du jederzeit das Gef\u00fchl von Kontrolle und Sicherheit beh\u00e4ltst \u2013 ideal f\u00fcr sportliche Fahrer.<\/span><span data-ccp-props=\"{&quot;134233117&quot;:false,&quot;134233118&quot;:false,&quot;335559738&quot;:240,&quot;335559739&quot;:240}\">\u00a0<\/span><\/p>\n<p><b><span data-contrast=\"auto\">Einige Besonderheiten, die den Unterschied machen:<\/span><\/b><span data-ccp-props=\"{&quot;134233117&quot;:false,&quot;134233118&quot;:false,&quot;335559738&quot;:240,&quot;335559739&quot;:240}\">\u00a0<\/span><\/p>\n<ul>\n<li data-leveltext=\"\uf0b7\" data-font=\"Symbol\" data-listid=\"5\" data-list-defn-props=\"{&quot;335552541&quot;:1,&quot;335559685&quot;:720,&quot;335559991&quot;:360,&quot;469769226&quot;:&quot;Symbol&quot;,&quot;469769242&quot;:[8226],&quot;469777803&quot;:&quot;left&quot;,&quot;469777804&quot;:&quot;\uf0b7&quot;,&quot;469777815&quot;:&quot;hybridMultilevel&quot;}\" aria-setsize=\"-1\" data-aria-posinset=\"1\" data-aria-level=\"1\"><b><span data-contrast=\"auto\">H\u00f6here Unterst\u00fctzung bei maximaler Effizienz<\/span><\/b><span data-contrast=\"auto\">: Der SX 2.0 Motor bietet eine Unterst\u00fctzung von bis zu 340 % und erreicht Geschwindigkeiten bis zu 25 km\/h. Besonders bei sportlichem Fahren mit hoher Trittfrequenz entfaltet er sein Potenzial: Die Unterst\u00fctzung steigt \u00fcberproportional zu deiner Leistung an, sodass du selbst bei anspruchsvollen Anstiegen oder Gegenwind m\u00fchelos vorankommst.<\/span><span data-ccp-props=\"{&quot;134233117&quot;:false,&quot;134233118&quot;:false,&quot;335559738&quot;:240,&quot;335559739&quot;:240}\">\u00a0<\/span><\/li>\n<\/ul>\n<ul>\n<li data-leveltext=\"\uf0b7\" data-font=\"Symbol\" data-listid=\"5\" data-list-defn-props=\"{&quot;335552541&quot;:1,&quot;335559685&quot;:720,&quot;335559991&quot;:360,&quot;469769226&quot;:&quot;Symbol&quot;,&quot;469769242&quot;:[8226],&quot;469777803&quot;:&quot;left&quot;,&quot;469777804&quot;:&quot;\uf0b7&quot;,&quot;469777815&quot;:&quot;hybridMultilevel&quot;}\" aria-setsize=\"-1\" data-aria-posinset=\"2\" data-aria-level=\"1\"><b><span data-contrast=\"auto\">Leicht und kompakt f\u00fcr sportliches Fahren<\/span><\/b><span data-contrast=\"auto\">: Mit etwa 2 Kilogramm ist der SX 2.0 der leichteste Antrieb von Bosch \u2013 ideal f\u00fcr dynamische eGravel-Bikes oder minimalistische eCity-Bikes. Seine kompakte Bauweise macht ihn zur perfekten Wahl f\u00fcr Fahrer, die ein leichtes, wendiges Bike bevorzugen, das dennoch kraftvoll reagiert und sich in jeder Umgebung bew\u00e4hrt.<\/span><span data-ccp-props=\"{&quot;134233117&quot;:false,&quot;134233118&quot;:false,&quot;335559738&quot;:240,&quot;335559739&quot;:240}\">\u00a0<\/span><\/li>\n<\/ul>\n<ul>\n<li data-leveltext=\"\uf0b7\" data-font=\"Symbol\" data-listid=\"5\" data-list-defn-props=\"{&quot;335552541&quot;:1,&quot;335559685&quot;:720,&quot;335559991&quot;:360,&quot;469769226&quot;:&quot;Symbol&quot;,&quot;469769242&quot;:[8226],&quot;469777803&quot;:&quot;left&quot;,&quot;469777804&quot;:&quot;\uf0b7&quot;,&quot;469777815&quot;:&quot;hybridMultilevel&quot;}\" aria-setsize=\"-1\" data-aria-posinset=\"3\" data-aria-level=\"1\"><b><span data-contrast=\"auto\">Reduzierter Tretwiderstand und nahezu ger\u00e4uschlos<\/span><\/b><span data-contrast=\"auto\">: Im Vergleich zur Performance Line CX reduziert die SX 2.0 den Tretwiderstand um mehr als 50 %. Die schmalere Bauweise der Kurbeln und das ger\u00e4uschlose Design vermitteln ein nat\u00fcrliches Fahrgef\u00fchl und erm\u00f6glichen dir, auch ohne Motorunterst\u00fctzung effizient unterwegs zu sein.<\/span><span data-ccp-props=\"{&quot;134233117&quot;:false,&quot;134233118&quot;:false,&quot;335559738&quot;:240,&quot;335559739&quot;:240}\">\u00a0<\/span><\/li>\n<\/ul>\n<ul>\n<li data-leveltext=\"\uf0b7\" data-font=\"Symbol\" data-listid=\"5\" data-list-defn-props=\"{&quot;335552541&quot;:1,&quot;335559685&quot;:720,&quot;335559991&quot;:360,&quot;469769226&quot;:&quot;Symbol&quot;,&quot;469769242&quot;:[8226],&quot;469777803&quot;:&quot;left&quot;,&quot;469777804&quot;:&quot;\uf0b7&quot;,&quot;469777815&quot;:&quot;hybridMultilevel&quot;}\" aria-setsize=\"-1\" data-aria-posinset=\"4\" data-aria-level=\"1\"><b><span data-contrast=\"auto\">Smartes Motor-Management f\u00fcr reaktionsschnelles Fahren<\/span><\/b><span data-contrast=\"auto\">: Die optimierte Motorsteuerung reagiert genau auf deine Tretbewegungen und passt die Unterst\u00fctzung in Echtzeit an. Das gibt dir ein flie\u00dfendes, harmonisches Fahrgef\u00fchl, egal ob auf der Stra\u00dfe oder auf anspruchsvollen Trails.<\/span><span data-ccp-props=\"{&quot;134233117&quot;:false,&quot;134233118&quot;:false,&quot;335559738&quot;:240,&quot;335559739&quot;:240}\">\u00a0<\/span><\/li>\n<\/ul>\n<ul>\n<li data-leveltext=\"\uf0b7\" data-font=\"Symbol\" data-listid=\"5\" data-list-defn-props=\"{&quot;335552541&quot;:1,&quot;335559685&quot;:720,&quot;335559991&quot;:360,&quot;469769226&quot;:&quot;Symbol&quot;,&quot;469769242&quot;:[8226],&quot;469777803&quot;:&quot;left&quot;,&quot;469777804&quot;:&quot;\uf0b7&quot;,&quot;469777815&quot;:&quot;hybridMultilevel&quot;}\" aria-setsize=\"-1\" data-aria-posinset=\"5\" data-aria-level=\"1\"><b><span data-contrast=\"auto\">Kompatibilit\u00e4t mit der eBike Flow App<\/span><\/b><span data-contrast=\"auto\">: Der SX 2.0 l\u00e4sst sich nahtlos mit der eBike Flow App verbinden, die dir umfassende Informationen \u00fcber deine Fahrten liefert. \u00dcber die App kannst du personalisierte Einstellungen vornehmen und den Motor genau auf deinen Fahrstil abstimmen \u2013 f\u00fcr noch mehr Performance und optimierte Trainingsm\u00f6glichkeiten.<\/span><span data-ccp-props=\"{&quot;134233117&quot;:false,&quot;134233118&quot;:false,&quot;335559738&quot;:240,&quot;335559739&quot;:240}\">\u00a0<\/span><\/li>\n<\/ul>\n<p><span data-contrast=\"auto\">Mit dem Performance Line SX 2.0 Motor erlebst du ein v\u00f6llig neues Niveau an Fahrspa\u00df. Ob f\u00fcr das t\u00e4gliche Pendeln, lange Abenteuertouren oder anspruchsvolle Passagen im Gel\u00e4nde: Dieser Motor ist gemacht f\u00fcr alle, die sportlich fahren und dennoch die Leichtigkeit und Flexibilit\u00e4t eines E-Bikes erleben m\u00f6chten.<\/span><span data-ccp-props=\"{&quot;134233117&quot;:false,&quot;134233118&quot;:false,&quot;335559738&quot;:240,&quot;335559739&quot;:240}\">\u00a0<\/span>[\/vc_column_text]<div class=\"newdivider align-center\" style=\"border-bottom-style: solid; border-color: #999999; border-bottom-width: 1px; margin-top: 0; margin-bottom: 0; width: 100%; \"><\/div><div class=\"clear\"><\/div>[\/vc_column][\/vc_row][vc_row][vc_column width=&#8220;1\/1&#8243;][vc_column_text]<\/p>\n<h2 aria-level=\"2\"><span class=\"ez-toc-section\" id=\"bosch-powertube-600-und-powertube-800-leichter-kompakter-effizienter\"><\/span><span class=\"TextRun SCXW142122572 BCX0\" lang=\"DE-DE\" xml:lang=\"DE-DE\" data-contrast=\"auto\"><span class=\"NormalTextRun SCXW142122572 BCX0\">Bosch <\/span><span class=\"NormalTextRun SpellingErrorV2Themed SCXW142122572 BCX0\">PowerTube<\/span><span class=\"NormalTextRun SCXW142122572 BCX0\"> 600 und <\/span><span class=\"NormalTextRun SpellingErrorV2Themed SCXW142122572 BCX0\">PowerTube<\/span><span class=\"NormalTextRun SCXW142122572 BCX0\"> 800: Leichter, kompakter, effizienter<\/span><\/span><span class=\"EOP SCXW142122572 BCX0\" data-ccp-props=\"{&quot;134233117&quot;:false,&quot;134233118&quot;:false,&quot;335559738&quot;:240,&quot;335559739&quot;:240}\">\u00a0<\/span><span class=\"ez-toc-section-end\"><\/span><\/h2>\n<p><span data-contrast=\"auto\">In der Saison 2025 bringt Bosch zwei neue PowerTube-Akkus auf den Markt, die speziell f\u00fcr ein leichteres, flexibleres und umweltfreundlicheres Fahrerlebnis entwickelt wurden. Mit dem PowerTube 600 und PowerTube 800 profitieren Fahrer von reduzierter Baugr\u00f6\u00dfe und h\u00f6herer Energiedichte, wodurch das Gewicht im Vergleich zu den bisherigen Modellen deutlich gesenkt werden konnte. Durch die Einf\u00fchrung der neuen 21700er Akkuzellen in einem optimierten Layout bietet Bosch eine \u00fcberlegene Leistung bei gleichzeitig geringerer Last.<\/span><span data-ccp-props=\"{&quot;134233117&quot;:false,&quot;134233118&quot;:false,&quot;335559738&quot;:240,&quot;335559739&quot;:240}\">\u00a0<\/span>[\/vc_column_text][\/vc_column][\/vc_row][vc_row][vc_column width=&#8220;1\/2&#8243;]<div class=\"single_image wpb_content_element align-left    \" data-animation=\"none\" data-delay=\"0\"><\/div>[\/vc_column][vc_column width=&#8220;1\/2&#8243;]<div class=\"single_image wpb_content_element align-left    \" data-animation=\"none\" data-delay=\"0\"><\/div>[\/vc_column][\/vc_row][vc_row][vc_column width=&#8220;1\/1&#8243;][vc_column_text]<b><span data-contrast=\"auto\">Highlights der neuen PowerTube-Akkus:<\/span><\/b><span data-ccp-props=\"{&quot;134233117&quot;:false,&quot;134233118&quot;:false,&quot;335559738&quot;:240,&quot;335559739&quot;:240}\">\u00a0<\/span><\/p>\n<ul>\n<li data-leveltext=\"\uf0b7\" data-font=\"Symbol\" data-listid=\"10\" data-list-defn-props=\"{&quot;335552541&quot;:1,&quot;335559685&quot;:720,&quot;335559991&quot;:360,&quot;469769226&quot;:&quot;Symbol&quot;,&quot;469769242&quot;:[8226],&quot;469777803&quot;:&quot;left&quot;,&quot;469777804&quot;:&quot;\uf0b7&quot;,&quot;469777815&quot;:&quot;hybridMultilevel&quot;}\" aria-setsize=\"-1\" data-aria-posinset=\"1\" data-aria-level=\"1\"><b><span data-contrast=\"auto\">Leichter und kompakter<\/span><\/b><span data-contrast=\"auto\">: Mit 3,9 kg beim PowerTube 800 und 3 kg beim PowerTube 600 sind die neuen Akkus um 400 bzw. 600 Gramm leichter als ihre Vorg\u00e4nger, der PowerTube 750 und PowerTube 625. Die neue Bauweise macht sie f\u00fcr kleine Rahmen bestens geeignet, wodurch auch bei kompakten Designs keine Leistungseinbu\u00dfen entstehen. Beide Akkus sind 430 mm lang und passen dank identischer Halterungen problemlos in dieselbe Aufnahme \u2013 ideal f\u00fcr eine flexible Nutzung und Nachr\u00fcstung.<\/span><span data-ccp-props=\"{&quot;134233117&quot;:false,&quot;134233118&quot;:false,&quot;335559738&quot;:240,&quot;335559739&quot;:240}\">\u00a0<\/span><\/li>\n<\/ul>\n<ul>\n<li data-leveltext=\"\uf0b7\" data-font=\"Symbol\" data-listid=\"10\" data-list-defn-props=\"{&quot;335552541&quot;:1,&quot;335559685&quot;:720,&quot;335559991&quot;:360,&quot;469769226&quot;:&quot;Symbol&quot;,&quot;469769242&quot;:[8226],&quot;469777803&quot;:&quot;left&quot;,&quot;469777804&quot;:&quot;\uf0b7&quot;,&quot;469777815&quot;:&quot;hybridMultilevel&quot;}\" aria-setsize=\"-1\" data-aria-posinset=\"2\" data-aria-level=\"1\"><b><span data-contrast=\"auto\">H\u00f6here Energiedichte und verbesserte Effizienz<\/span><\/b><span data-contrast=\"auto\">: Mit einer Energiedichte von 205 Wh\/kg erreicht der PowerTube 800 einen internen Bestwert und liefert mit seiner 800-Wh-Kapazit\u00e4t mehr Energie bei reduziertem Gewicht. Der PowerTube 600 folgt mit 200 Wh\/kg dicht dahinter. Das sorgt f\u00fcr l\u00e4ngere Strecken und mehr Fahrzeit bei minimalem Gewicht \u2013 perfekt f\u00fcr anspruchsvolle Touren und Pendelstrecken.<\/span><span data-ccp-props=\"{&quot;134233117&quot;:false,&quot;134233118&quot;:false,&quot;335559738&quot;:240,&quot;335559739&quot;:240}\">\u00a0<\/span><\/li>\n<\/ul>\n<ul>\n<li data-leveltext=\"\uf0b7\" data-font=\"Symbol\" data-listid=\"10\" data-list-defn-props=\"{&quot;335552541&quot;:1,&quot;335559685&quot;:720,&quot;335559991&quot;:360,&quot;469769226&quot;:&quot;Symbol&quot;,&quot;469769242&quot;:[8226],&quot;469777803&quot;:&quot;left&quot;,&quot;469777804&quot;:&quot;\uf0b7&quot;,&quot;469777815&quot;:&quot;hybridMultilevel&quot;}\" aria-setsize=\"-1\" data-aria-posinset=\"3\" data-aria-level=\"1\"><b><span data-contrast=\"auto\">Umweltfreundliches Geh\u00e4use<\/span><\/b><span data-contrast=\"auto\">: Beide Modelle kommen in einem neuen Geh\u00e4use aus recyceltem Aluminium, das nicht nur leicht, sondern auch robust ist. Die kompakte Bauweise erlaubt eine unauff\u00e4llige Integration ins Rahmenrohr und unterst\u00fctzt das Design eines sportlichen E-Bikes, ohne klobig zu wirken.<\/span><span data-ccp-props=\"{&quot;134233117&quot;:false,&quot;134233118&quot;:false,&quot;335559738&quot;:240,&quot;335559739&quot;:240}\">\u00a0<\/span><\/li>\n<\/ul>\n<ul>\n<li data-leveltext=\"\uf0b7\" data-font=\"Symbol\" data-listid=\"10\" data-list-defn-props=\"{&quot;335552541&quot;:1,&quot;335559685&quot;:720,&quot;335559991&quot;:360,&quot;469769226&quot;:&quot;Symbol&quot;,&quot;469769242&quot;:[8226],&quot;469777803&quot;:&quot;left&quot;,&quot;469777804&quot;:&quot;\uf0b7&quot;,&quot;469777815&quot;:&quot;hybridMultilevel&quot;}\" aria-setsize=\"-1\" data-aria-posinset=\"4\" data-aria-level=\"1\"><b><span data-contrast=\"auto\">Flexible Einbaum\u00f6glichkeiten<\/span><\/b><span data-contrast=\"auto\">: Bosch bietet den PowerTube 800 in zwei Ausf\u00fchrungen f\u00fcr horizontale und vertikale Integration an, was Fahrradherstellern mehr Freiheit bei der Rahmenkonstruktion gibt. Die k\u00fcrzeren Abmessungen erm\u00f6glichen eine dezentere Integration in kompakte Rahmen \u2013 eine wichtige Neuerung f\u00fcr Fahrer, die Design und Leistung optimal kombinieren wollen.<\/span><span data-ccp-props=\"{&quot;134233117&quot;:false,&quot;134233118&quot;:false,&quot;335559738&quot;:240,&quot;335559739&quot;:240}\">\u00a0<\/span><\/li>\n<\/ul>\n<ul>\n<li data-leveltext=\"\uf0b7\" data-font=\"Symbol\" data-listid=\"10\" data-list-defn-props=\"{&quot;335552541&quot;:1,&quot;335559685&quot;:720,&quot;335559991&quot;:360,&quot;469769226&quot;:&quot;Symbol&quot;,&quot;469769242&quot;:[8226],&quot;469777803&quot;:&quot;left&quot;,&quot;469777804&quot;:&quot;\uf0b7&quot;,&quot;469777815&quot;:&quot;hybridMultilevel&quot;}\" aria-setsize=\"-1\" data-aria-posinset=\"5\" data-aria-level=\"1\"><b><span data-contrast=\"auto\">DualBattery-Kompatibilit\u00e4t<\/span><\/b><span data-contrast=\"auto\">: Beide Akkus sind DualBattery-kompatibel und bieten so eine flexible Erweiterungsm\u00f6glichkeit f\u00fcr mehr Reichweite. Insbesondere f\u00fcr Langstreckenfahrer und Lastenradfahrer ist dies eine ideale L\u00f6sung, um auch auf gro\u00dfen Touren immer bestens versorgt zu sein.<\/span><span data-ccp-props=\"{&quot;134233117&quot;:false,&quot;134233118&quot;:false,&quot;335559738&quot;:240,&quot;335559739&quot;:240}\">\u00a0<\/span><\/li>\n<\/ul>\n<p><b><span data-contrast=\"auto\">Perfekt f\u00fcr jeden Fahrstil<\/span><\/b><span data-ccp-props=\"{&quot;134233117&quot;:false,&quot;134233118&quot;:false,&quot;335559738&quot;:240,&quot;335559739&quot;:240}\">\u00a0<\/span><\/p>\n<p><span data-contrast=\"auto\">Ob f\u00fcr ein minimalistisches E-Gravel Bike, ein sportliches eMTB oder ein voll beladenes eCargo Bike \u2013 die neuen PowerTube-Modelle sind f\u00fcr alle Anforderungen bestens geeignet. Die PowerTube 600 ist ideal f\u00fcr Stadtfahrten und k\u00fcrzere Strecken, w\u00e4hrend der PowerTube 800 auf langen Touren und bei hohen Leistungsanspr\u00fcchen \u00fcberzeugt. Beide Akkus passen sich durch das smarte System ideal an und k\u00f6nnen bei Bedarf problemlos ausgetauscht werden.<\/span><span data-ccp-props=\"{&quot;134233117&quot;:false,&quot;134233118&quot;:false,&quot;335559738&quot;:240,&quot;335559739&quot;:240}\">\u00a0<\/span><\/p>\n<p><span data-contrast=\"auto\">Mit den PowerTube 600 und PowerTube 800 setzt Bosch neue Ma\u00dfst\u00e4be f\u00fcr Energieeffizienz, Flexibilit\u00e4t und Nachhaltigkeit \u2013 und bietet ein verbessertes Fahrerlebnis auf allen Wegen.<\/span><span data-ccp-props=\"{&quot;134233117&quot;:false,&quot;134233118&quot;:false,&quot;335559738&quot;:240,&quot;335559739&quot;:240}\">\u00a0<\/span>[\/vc_column_text][\/vc_column][\/vc_row][vc_row][vc_column]<div class=\"newdivider align-center\" style=\"border-bottom-style: solid; border-color: #999999; border-bottom-width: 1px; margin-top: 0; margin-bottom: 0; width: 100%; \"><\/div><div class=\"clear\"><\/div>[\/vc_column][vc_column][vc_column_text]<\/p>\n<h2><span class=\"ez-toc-section\" id=\"bosch-purion-400-das-neue-display-fuer-den-trail\"><\/span><b><span data-contrast=\"auto\">Bosch Purion 400: Das neue Display f\u00fcr den Trail<\/span><\/b><span data-ccp-props=\"{&quot;134233117&quot;:false,&quot;134233118&quot;:false,&quot;335559738&quot;:240,&quot;335559739&quot;:240}\">\u00a0<\/span><span class=\"ez-toc-section-end\"><\/span><\/h2>\n<p><img decoding=\"async\" loading=\"lazy\" class=\"size-full wp-image-33958 aligncenter\" src=\"https:\/\/www.fahrrad-xxl.de\/blog\/wp-content\/uploads\/2023\/07\/bosch-ebike_performance_line_cx_pressebild_6_img_w760-3.jpg\" alt=\"Bosch Purion 400\" width=\"760\" height=\"507\" \/><\/p>\n<p><span data-contrast=\"auto\">F\u00fcr die Saison 2025 stellt Bosch das Purion 400 vor \u2013 ein neues Display, das sportliches Design mit innovativen Funktionen vereint. Das kompakte 1,6-Zoll-Display wird in einem einzigartigen Winkel zwischen Lenker und Vorbau platziert, was ihm nicht nur eine klare Sicht, sondern auch mehr Schutz bietet. Ob auf rasanten Abfahrten oder technikintensiven Trails, das Purion 400 ist ideal f\u00fcr E-Mountainbiker und alle, die ein robustes, minimalistisches Display bevorzugen.<\/span><span data-ccp-props=\"{&quot;134233117&quot;:false,&quot;134233118&quot;:false,&quot;335559738&quot;:240,&quot;335559739&quot;:240}\">\u00a0<\/span><\/p>\n<p><b><span data-contrast=\"auto\">Highlights und Funktionen des Purion 400:<\/span><\/b><span data-ccp-props=\"{&quot;134233117&quot;:false,&quot;134233118&quot;:false,&quot;335559738&quot;:240,&quot;335559739&quot;:240}\">\u00a0<\/span><\/p>\n<ul>\n<li data-leveltext=\"\uf0b7\" data-font=\"Symbol\" data-listid=\"9\" data-list-defn-props=\"{&quot;335552541&quot;:1,&quot;335559685&quot;:720,&quot;335559991&quot;:360,&quot;469769226&quot;:&quot;Symbol&quot;,&quot;469769242&quot;:[8226],&quot;469777803&quot;:&quot;left&quot;,&quot;469777804&quot;:&quot;\uf0b7&quot;,&quot;469777815&quot;:&quot;hybridMultilevel&quot;}\" aria-setsize=\"-1\" data-aria-posinset=\"1\" data-aria-level=\"1\"><b><span data-contrast=\"auto\">Durchdachte Position und robuste Bauweise<\/span><\/b><span data-contrast=\"auto\">: Mit einer Schelle befestigt, sitzt das Purion 400 gesch\u00fctzt im Dreieck zwischen Lenker und Vorbau. Diese Position sch\u00fctzt das Display im Falle eines Sturzes und bewahrt es zus\u00e4tzlich vor Spritzwasser und Staub \u2013 ideal f\u00fcr anspruchsvolle Touren auf dem Trail.<\/span><span data-ccp-props=\"{&quot;134233117&quot;:false,&quot;134233118&quot;:false,&quot;335559738&quot;:240,&quot;335559739&quot;:240}\">\u00a0<\/span><\/li>\n<\/ul>\n<ul>\n<li data-leveltext=\"\uf0b7\" data-font=\"Symbol\" data-listid=\"9\" data-list-defn-props=\"{&quot;335552541&quot;:1,&quot;335559685&quot;:720,&quot;335559991&quot;:360,&quot;469769226&quot;:&quot;Symbol&quot;,&quot;469769242&quot;:[8226],&quot;469777803&quot;:&quot;left&quot;,&quot;469777804&quot;:&quot;\uf0b7&quot;,&quot;469777815&quot;:&quot;hybridMultilevel&quot;}\" aria-setsize=\"-1\" data-aria-posinset=\"2\" data-aria-level=\"1\"><b><span data-contrast=\"auto\">Sportliches Design und klare Linien<\/span><\/b><span data-contrast=\"auto\">: Das Purion 400 setzt auf moderne, sportliche \u00c4sthetik und f\u00fcgt sich durch seine kompakte Bauweise harmonisch in das Cockpit ein. Die klare Linienf\u00fchrung und das minimalistische Design geben deinem E-Bike einen eleganten Look, ohne den Fokus von der Fahrt abzulenken.<\/span><span data-ccp-props=\"{&quot;134233117&quot;:false,&quot;134233118&quot;:false,&quot;335559738&quot;:240,&quot;335559739&quot;:240}\">\u00a0<\/span><\/li>\n<\/ul>\n<ul>\n<li data-leveltext=\"\uf0b7\" data-font=\"Symbol\" data-listid=\"9\" data-list-defn-props=\"{&quot;335552541&quot;:1,&quot;335559685&quot;:720,&quot;335559991&quot;:360,&quot;469769226&quot;:&quot;Symbol&quot;,&quot;469769242&quot;:[8226],&quot;469777803&quot;:&quot;left&quot;,&quot;469777804&quot;:&quot;\uf0b7&quot;,&quot;469777815&quot;:&quot;hybridMultilevel&quot;}\" aria-setsize=\"-1\" data-aria-posinset=\"3\" data-aria-level=\"1\"><b><span data-contrast=\"auto\">Hochaufl\u00f6sende und gut lesbare Anzeige<\/span><\/b><span data-contrast=\"auto\">: Mit einer Aufl\u00f6sung von 320 x 160 Pixeln und starken Kontrasten erm\u00f6glicht das Purion 400 eine optimale Ablesbarkeit bei jeder Witterung und selbst bei schnellen Blicken. Dank der kompakten Gr\u00f6\u00dfe von nur 1,6 Zoll kannst du wichtige Informationen wie Geschwindigkeit, Akkustand, Trittfrequenz und Leistung auch bei wechselnden Lichtverh\u00e4ltnissen m\u00fchelos erfassen.<\/span><span data-ccp-props=\"{&quot;134233117&quot;:false,&quot;134233118&quot;:false,&quot;335559738&quot;:240,&quot;335559739&quot;:240}\">\u00a0<\/span><\/li>\n<\/ul>\n<ul>\n<li data-leveltext=\"\uf0b7\" data-font=\"Symbol\" data-listid=\"9\" data-list-defn-props=\"{&quot;335552541&quot;:1,&quot;335559685&quot;:720,&quot;335559991&quot;:360,&quot;469769226&quot;:&quot;Symbol&quot;,&quot;469769242&quot;:[8226],&quot;469777803&quot;:&quot;left&quot;,&quot;469777804&quot;:&quot;\uf0b7&quot;,&quot;469777815&quot;:&quot;hybridMultilevel&quot;}\" aria-setsize=\"-1\" data-aria-posinset=\"4\" data-aria-level=\"1\"><b><span data-contrast=\"auto\">Akustische Signale f\u00fcr Systemmeldungen<\/span><\/b><span data-contrast=\"auto\">: Ein integrierter Lautsprecher sendet bei Bedarf akustische Hinweise, sodass du \u00fcber wichtige Systemmeldungen informiert bleibst, ohne st\u00e4ndig auf das Display zu schauen. Diese Funktion sorgt f\u00fcr zus\u00e4tzliche Sicherheit und hilft dir, dich voll auf den Trail zu konzentrieren.<\/span><span data-ccp-props=\"{&quot;134233117&quot;:false,&quot;134233118&quot;:false,&quot;335559738&quot;:240,&quot;335559739&quot;:240}\">\u00a0<\/span><\/li>\n<\/ul>\n<ul>\n<li data-leveltext=\"\uf0b7\" data-font=\"Symbol\" data-listid=\"9\" data-list-defn-props=\"{&quot;335552541&quot;:1,&quot;335559685&quot;:720,&quot;335559991&quot;:360,&quot;469769226&quot;:&quot;Symbol&quot;,&quot;469769242&quot;:[8226],&quot;469777803&quot;:&quot;left&quot;,&quot;469777804&quot;:&quot;\uf0b7&quot;,&quot;469777815&quot;:&quot;hybridMultilevel&quot;}\" aria-setsize=\"-1\" data-aria-posinset=\"5\" data-aria-level=\"1\"><b><span data-contrast=\"auto\">Kompatibel mit dem Bosch Smart System und vielf\u00e4ltigen Bedieneinheiten<\/span><\/b><span data-contrast=\"auto\">: Das Purion 400 erfordert eine separate Bedieneinheit, etwa die LED Remote oder Mini Remote, da es keine eigenen Tasten besitzt. Es ist mit dem Bosch Smart System kompatibel und l\u00e4sst sich unkompliziert an zahlreichen E-Bikes nachr\u00fcsten. Ein weiterer Vorteil ist die M\u00f6glichkeit, in Kombination mit dem Purion 200 ein Display-Duo zu schaffen, wobei das Purion 400 f\u00fcr Basisinformationen und das Purion 200 f\u00fcr weiterf\u00fchrende Daten genutzt werden kann.<\/span><span data-ccp-props=\"{&quot;134233117&quot;:false,&quot;134233118&quot;:false,&quot;335559738&quot;:240,&quot;335559739&quot;:240}\">\u00a0<\/span><\/li>\n<\/ul>\n<p><b><span data-contrast=\"auto\">Alles auf einen Blick \u2013 ideal f\u00fcr den Trail<\/span><\/b><span data-ccp-props=\"{&quot;134233117&quot;:false,&quot;134233118&quot;:false,&quot;335559738&quot;:240,&quot;335559739&quot;:240}\">\u00a0<\/span><\/p>\n<p><span data-contrast=\"auto\">Das Purion 400 Display wurde f\u00fcr E-Biker entwickelt, die Wert auf klare Information und hohe Belastbarkeit legen. Ob du Geschwindigkeit, Akkustand oder Trittfrequenz \u00fcberpr\u00fcfen willst \u2013 ein kurzer Blick reicht aus, um den \u00dcberblick zu behalten und die Fahrt sicher zu genie\u00dfen. Dank des modernen, sportlichen Designs und der hochwertigen Displaytechnik ist das Purion 400 ein perfekter Begleiter f\u00fcr schnelle Abfahrten und anspruchsvolle Trails.<\/span><span data-ccp-props=\"{&quot;134233117&quot;:false,&quot;134233118&quot;:false,&quot;335559738&quot;:240,&quot;335559739&quot;:240}\">\u00a0<\/span>[\/vc_column_text]<div class=\"newdivider align-center\" style=\"border-bottom-style: solid; border-color: #999999; border-bottom-width: 1px; margin-top: 0; margin-bottom: 0; width: 100%; \"><\/div><div class=\"clear\"><\/div>[\/vc_column][\/vc_row][vc_row][vc_column width=&#8220;1\/2&#8243;][vc_column_text]<\/p>\n<h2><span class=\"ez-toc-section\" id=\"bosch-abs-pro-mehr-sicherheit-und-kontrolle-beim-bremsen\"><\/span><b><span data-contrast=\"auto\">Bosch ABS Pro: Mehr Sicherheit und Kontrolle beim Bremsen<\/span><\/b><span data-ccp-props=\"{&quot;134233117&quot;:false,&quot;134233118&quot;:false,&quot;335559738&quot;:240,&quot;335559739&quot;:240}\">\u00a0<\/span><span class=\"ez-toc-section-end\"><\/span><\/h2>\n<p><span data-contrast=\"auto\">Ein weiteres Highlight f\u00fcr 2025 ist das Bosch ABS Pro, das speziell f\u00fcr E-Mountainbikes entwickelt wurde, um den Standard in puncto Sicherheit und Performance neu zu definieren. Dieses kompakte Anti-Blockier-System bietet E-Mountainbikern mehr Stabilit\u00e4t und Kontrolle beim Bremsen und ist optimal f\u00fcr Fahrer, die auch bei sportlichen Abfahrten die maximale Kontrolle behalten m\u00f6chten.<\/span><span data-ccp-props=\"{&quot;134233117&quot;:false,&quot;134233118&quot;:false,&quot;335559738&quot;:240,&quot;335559739&quot;:240}\">\u00a0<\/span>[\/vc_column_text][\/vc_column][vc_column width=&#8220;1\/2&#8243;]<div class=\"single_image wpb_content_element align-left    \" data-animation=\"none\" data-delay=\"0\"><\/div>[\/vc_column][\/vc_row][vc_row][vc_column width=&#8220;1\/1&#8243;][vc_column_text]<b><span data-contrast=\"auto\">ABS Pro im \u00dcberblick:<\/span><\/b><span data-ccp-props=\"{&quot;134233117&quot;:false,&quot;134233118&quot;:false,&quot;335559738&quot;:240,&quot;335559739&quot;:240}\">\u00a0<\/span><\/p>\n<ul>\n<li data-leveltext=\"\uf0b7\" data-font=\"Symbol\" data-listid=\"7\" data-list-defn-props=\"{&quot;335552541&quot;:1,&quot;335559685&quot;:720,&quot;335559991&quot;:360,&quot;469769226&quot;:&quot;Symbol&quot;,&quot;469769242&quot;:[8226],&quot;469777803&quot;:&quot;left&quot;,&quot;469777804&quot;:&quot;\uf0b7&quot;,&quot;469777815&quot;:&quot;hybridMultilevel&quot;}\" aria-setsize=\"-1\" data-aria-posinset=\"1\" data-aria-level=\"1\"><b><span data-contrast=\"auto\">Zwei ABS-Modi f\u00fcr individuelle Anpassung<\/span><\/b><span data-contrast=\"auto\">: Bosch ABS Pro bietet zwei Modi \u2013 Trail Pro und Race. Im Trail Pro-Modus erh\u00e4ltst du eine optimale Stabilit\u00e4t, die auch auf losem Untergrund f\u00fcr sicheres, effizientes Bremsen sorgt, sodass du dich voll auf die ideale Kurvenlinie konzentrieren kannst. Der Race-Modus hingegen setzt auf maximale Performance und reagiert ultraschnell \u2013 ideal f\u00fcr h\u00f6here Geschwindigkeiten und pr\u00e4zise, sportliche Bremsman\u00f6ver.<\/span><span data-ccp-props=\"{&quot;134233117&quot;:false,&quot;134233118&quot;:false,&quot;335559738&quot;:240,&quot;335559739&quot;:240}\">\u00a0<\/span><\/li>\n<\/ul>\n<ul>\n<li data-leveltext=\"\uf0b7\" data-font=\"Symbol\" data-listid=\"7\" data-list-defn-props=\"{&quot;335552541&quot;:1,&quot;335559685&quot;:720,&quot;335559991&quot;:360,&quot;469769226&quot;:&quot;Symbol&quot;,&quot;469769242&quot;:[8226],&quot;469777803&quot;:&quot;left&quot;,&quot;469777804&quot;:&quot;\uf0b7&quot;,&quot;469777815&quot;:&quot;hybridMultilevel&quot;}\" aria-setsize=\"-1\" data-aria-posinset=\"2\" data-aria-level=\"1\"><b><span data-contrast=\"auto\">Vorderrad-ABS f\u00fcr verbesserte Bremskontrolle<\/span><\/b><span data-contrast=\"auto\">: Die Bremskraft am Vorderrad ist entscheidend, und das Bosch ABS Pro \u00fcberwacht die Drehzahl der R\u00e4der kontinuierlich. Bremst du, sorgt das ABS f\u00fcr Stabilit\u00e4t, und nach dem ersten Bremsmoment greift es sp\u00fcrbar weniger ein, sodass du die Kontrolle zur\u00fcckbekommst. Selbst auf losem Untergrund wie Schotter beh\u00e4ltst du die Kontrolle und kannst dich ganz auf deine Linie konzentrieren.<\/span><span data-ccp-props=\"{&quot;134233117&quot;:false,&quot;134233118&quot;:false,&quot;335559738&quot;:240,&quot;335559739&quot;:240}\">\u00a0<\/span><\/li>\n<\/ul>\n<ul>\n<li data-leveltext=\"\uf0b7\" data-font=\"Symbol\" data-listid=\"7\" data-list-defn-props=\"{&quot;335552541&quot;:1,&quot;335559685&quot;:720,&quot;335559991&quot;:360,&quot;469769226&quot;:&quot;Symbol&quot;,&quot;469769242&quot;:[8226],&quot;469777803&quot;:&quot;left&quot;,&quot;469777804&quot;:&quot;\uf0b7&quot;,&quot;469777815&quot;:&quot;hybridMultilevel&quot;}\" aria-setsize=\"-1\" data-aria-posinset=\"3\" data-aria-level=\"1\"><b><span data-contrast=\"auto\">Hinterrad-Abheberegelung f\u00fcr zus\u00e4tzliche Sicherheit<\/span><\/b><span data-contrast=\"auto\">: Im Trail Pro-Modus sch\u00fctzt die integrierte Hinterrad-Abheberegelung davor, dass das Hinterrad bei starkem Bremsen abhebt, sodass du die Vorderradbremse aktiv nutzen kannst, ohne die Kontrolle zu verlieren. F\u00fcr Fans von technischen Man\u00f6vern gibt es im Race-Modus keine Abheberegelung, was dir die Freiheit gibt, das Hinterrad gezielt anzuheben oder zu versetzen.<\/span><span data-ccp-props=\"{&quot;134233117&quot;:false,&quot;134233118&quot;:false,&quot;335559738&quot;:240,&quot;335559739&quot;:240}\">\u00a0<\/span><\/li>\n<\/ul>\n<ul>\n<li data-leveltext=\"\uf0b7\" data-font=\"Symbol\" data-listid=\"7\" data-list-defn-props=\"{&quot;335552541&quot;:1,&quot;335559685&quot;:720,&quot;335559991&quot;:360,&quot;469769226&quot;:&quot;Symbol&quot;,&quot;469769242&quot;:[8226],&quot;469777803&quot;:&quot;left&quot;,&quot;469777804&quot;:&quot;\uf0b7&quot;,&quot;469777815&quot;:&quot;hybridMultilevel&quot;}\" aria-setsize=\"-1\" data-aria-posinset=\"4\" data-aria-level=\"1\"><b><span data-contrast=\"auto\">Unaufdringliches Bremsen<\/span><\/b><span data-contrast=\"auto\">: Das Bosch ABS Pro greift gezielt in die erste Bremsphase ein und \u00fcberl\u00e4sst dir danach wieder die Kontrolle. Das System erm\u00f6glicht dir, selbstsicher und pr\u00e4zise zu bremsen, und passt sich deinem Fahrstil optimal an. Je nach Druck auf den Bremshebel kannst du bestimmen, wie lange das ABS eingreift \u2013 ideal f\u00fcr Fahrer, die ihre Bremstechnik perfektionieren wollen.<\/span><span data-ccp-props=\"{&quot;134233117&quot;:false,&quot;134233118&quot;:false,&quot;335559738&quot;:240,&quot;335559739&quot;:240}\">\u00a0<\/span><\/li>\n<\/ul>\n<p><b><span data-contrast=\"auto\">Volle Kontrolle und Analyse via eBike Flow App<\/span><\/b><span data-contrast=\"auto\">:<\/span><span data-ccp-props=\"{&quot;134233117&quot;:false,&quot;134233118&quot;:false,&quot;335559738&quot;:240,&quot;335559739&quot;:240}\">\u00a0<\/span><\/p>\n<p><span data-contrast=\"auto\">Dank der Integration mit der eBike Flow App kannst du deine Bremsstatistiken nach jeder Fahrt auswerten. Die App bietet detaillierte Insights zu Bremsh\u00e4ufigkeit, -dauer und -weg sowie Informationen, wie oft das ABS Pro-System eingegriffen hat. Auf deinem Display, wie etwa Purion 200 oder Kiox 300, wird der aktuelle ABS-Modus angezeigt, sodass du jederzeit wei\u00dft, welcher Modus aktiv ist. Vergleiche in der App deinen Anteil an Bremsungen mit und ohne ABS-Unterst\u00fctzung und verbessere so dein Bremsverhalten gezielt.<\/span><span data-ccp-props=\"{&quot;134233117&quot;:false,&quot;134233118&quot;:false,&quot;335559738&quot;:240,&quot;335559739&quot;:240}\">\u00a0<\/span><\/p>\n<p><span data-contrast=\"auto\">Mit dem Bosch ABS Pro setzt du auf h\u00f6chste Sicherheit und ein verbessertes Bremsgef\u00fchl \u2013 perfekt f\u00fcr alle, die ihre Geschwindigkeit sportlich kontrollieren und gleichzeitig neue Performance-M\u00f6glichkeiten auf dem Trail nutzen m\u00f6chten.<\/span><span data-ccp-props=\"{&quot;134233117&quot;:false,&quot;134233118&quot;:false,&quot;335559738&quot;:240,&quot;335559739&quot;:240}\">\u00a0<\/span>[\/vc_column_text]<div class=\"newdivider align-center\" style=\"border-bottom-style: solid; border-color: #999999; border-bottom-width: 1px; margin-top: 0; margin-bottom: 0; width: 100%; \"><\/div><div class=\"clear\"><\/div>[\/vc_column][\/vc_row][vc_row][vc_column width=&#8220;1\/2&#8243;][vc_column_text]<\/p>\n<h2><span class=\"ez-toc-section\" id=\"bosch-eshift-smarter-schalten-einfacher-fahren\"><\/span><b><span data-contrast=\"auto\">Bosch eShift: Smarter Schalten, einfacher Fahren<\/span><\/b><span data-ccp-props=\"{&quot;134233117&quot;:false,&quot;134233118&quot;:false,&quot;335559738&quot;:240,&quot;335559739&quot;:240}\">\u00a0<\/span><span class=\"ez-toc-section-end\"><\/span><\/h2>\n<p><span data-contrast=\"auto\">Zus\u00e4tzlich zur Bremsinnovation bringt Bosch 2025 mit eShift ein Schaltsystem auf den Markt, das Komfort und Effizienz auf ein neues Level hebt. Die elektrische Schaltl\u00f6sung, entwickelt in Zusammenarbeit mit TRP und weiteren f\u00fchrenden Schaltsystem-Experten, ist speziell auf die Bed\u00fcrfnisse moderner E-Biker abgestimmt. Egal ob auf dem Trail, beim Stadtpendeln oder bei Langstreckenabenteuern \u2013 eShift bietet die perfekte Kombination aus harmonischen Gangwechseln, einfacher Bedienung und flie\u00dfendem Fahrgef\u00fchl.<\/span><span data-ccp-props=\"{&quot;134233117&quot;:false,&quot;134233118&quot;:false,&quot;335559738&quot;:240,&quot;335559739&quot;:240}\">\u00a0<\/span>[\/vc_column_text][\/vc_column][vc_column width=&#8220;1\/2&#8243;]<div class=\"single_image wpb_content_element align-left    \" data-animation=\"none\" data-delay=\"0\"><\/div>[\/vc_column][\/vc_row][vc_row][vc_column width=&#8220;1\/1&#8243;][vc_column_text]<b><span data-contrast=\"auto\">Highlights des Bosch eShift-Systems:<\/span><\/b><span data-ccp-props=\"{&quot;134233117&quot;:false,&quot;134233118&quot;:false,&quot;335559738&quot;:240,&quot;335559739&quot;:240}\">\u00a0<\/span><\/p>\n<ul>\n<li data-leveltext=\"\uf0b7\" data-font=\"Symbol\" data-listid=\"8\" data-list-defn-props=\"{&quot;335552541&quot;:1,&quot;335559685&quot;:720,&quot;335559991&quot;:360,&quot;469769226&quot;:&quot;Symbol&quot;,&quot;469769242&quot;:[8226],&quot;469777803&quot;:&quot;left&quot;,&quot;469777804&quot;:&quot;\uf0b7&quot;,&quot;469777815&quot;:&quot;hybridMultilevel&quot;}\" aria-setsize=\"-1\" data-aria-posinset=\"1\" data-aria-level=\"1\"><b><span data-contrast=\"auto\">Automatische und manuelle Schaltoptionen<\/span><\/b><span data-contrast=\"auto\">: Mit eShift kannst du w\u00e4hlen, ob du selbst schalten oder das System f\u00fcr dich \u00fcbernehmen lassen m\u00f6chtest. Durch eine einfache Einstellung in der eBike Flow App oder auf deinem Display kannst du deine Wunsch-Trittfrequenz festlegen. F\u00fcr sportliches Fahren eignet sich eine h\u00f6here Frequenz (ab 75 U\/min), w\u00e4hrend eine entspanntere Fahrt bei etwa 60 U\/min liegt. Ein Knopfdruck gen\u00fcgt, um zwischen manuellem und automatischem Modus zu wechseln \u2013 ideal f\u00fcr jede Fahrsituation.<\/span><span data-ccp-props=\"{&quot;134233117&quot;:false,&quot;134233118&quot;:false,&quot;335559738&quot;:240,&quot;335559739&quot;:240}\">\u00a0<\/span><\/li>\n<\/ul>\n<ul>\n<li data-leveltext=\"\uf0b7\" data-font=\"Symbol\" data-listid=\"8\" data-list-defn-props=\"{&quot;335552541&quot;:1,&quot;335559685&quot;:720,&quot;335559991&quot;:360,&quot;469769226&quot;:&quot;Symbol&quot;,&quot;469769242&quot;:[8226],&quot;469777803&quot;:&quot;left&quot;,&quot;469777804&quot;:&quot;\uf0b7&quot;,&quot;469777815&quot;:&quot;hybridMultilevel&quot;}\" aria-setsize=\"-1\" data-aria-posinset=\"2\" data-aria-level=\"1\"><b><span data-contrast=\"auto\">Nahtlose Gangwechsel dank intelligenter Automatik<\/span><\/b><span data-contrast=\"auto\">: Ob du eine stufenlose Automatik-Schaltung wie enviolo AUTOMATIQ nutzt oder die Shimano Di2 Nexus f\u00fcr die Stadt, eShift schaltet immer zum perfekten Zeitpunkt und sorgt f\u00fcr gleichm\u00e4\u00dfiges, leises Fahren. Mit RollShift kannst du zudem im Stand oder ohne zu pedalieren schalten \u2013 perfekt f\u00fcr technische Passagen oder den Start an einer Ampel.<\/span><span data-ccp-props=\"{&quot;134233117&quot;:false,&quot;134233118&quot;:false,&quot;335559738&quot;:240,&quot;335559739&quot;:240}\">\u00a0<\/span><\/li>\n<\/ul>\n<ul>\n<li data-leveltext=\"\uf0b7\" data-font=\"Symbol\" data-listid=\"8\" data-list-defn-props=\"{&quot;335552541&quot;:1,&quot;335559685&quot;:720,&quot;335559991&quot;:360,&quot;469769226&quot;:&quot;Symbol&quot;,&quot;469769242&quot;:[8226],&quot;469777803&quot;:&quot;left&quot;,&quot;469777804&quot;:&quot;\uf0b7&quot;,&quot;469777815&quot;:&quot;hybridMultilevel&quot;}\" aria-setsize=\"-1\" data-aria-posinset=\"3\" data-aria-level=\"1\"><b><span data-contrast=\"auto\">Flexibilit\u00e4t und Pr\u00e4zision f\u00fcr anspruchsvolle Fahrten<\/span><\/b><span data-contrast=\"auto\">: F\u00fcr sportliche Fahrer gibt es die Shimano Di2 CUES-Option, die besonders leise und harmonisch arbeitet, und die TRP E.A.S.I. A12-Kettenschaltung, die dir bei anspruchsvollen Trailfahrten schnelles und pr\u00e4zises Schalten erm\u00f6glicht. Mit einem l\u00e4ngeren Druck auf die Schalt-Taste kannst du bei TRP au\u00dferdem mehrere G\u00e4nge auf einmal wechseln, ideal f\u00fcr schnelle Antritte nach einer Abfahrt.<\/span><span data-ccp-props=\"{&quot;134233117&quot;:false,&quot;134233118&quot;:false,&quot;335559738&quot;:240,&quot;335559739&quot;:240}\">\u00a0<\/span><\/li>\n<\/ul>\n<ul>\n<li data-leveltext=\"\uf0b7\" data-font=\"Symbol\" data-listid=\"8\" data-list-defn-props=\"{&quot;335552541&quot;:1,&quot;335559685&quot;:720,&quot;335559991&quot;:360,&quot;469769226&quot;:&quot;Symbol&quot;,&quot;469769242&quot;:[8226],&quot;469777803&quot;:&quot;left&quot;,&quot;469777804&quot;:&quot;\uf0b7&quot;,&quot;469777815&quot;:&quot;hybridMultilevel&quot;}\" aria-setsize=\"-1\" data-aria-posinset=\"4\" data-aria-level=\"1\"><b><span data-contrast=\"auto\">Maximale Kontrolle und Schaltanzeige in Echtzeit<\/span><\/b><span data-contrast=\"auto\">: Dein Display, ob Purion 200, Kiox 300 oder Kiox 500, zeigt dir stets den aktuellen Gang und die Anzahl der verf\u00fcgbaren G\u00e4nge an. \u00dcber die eBike Flow App erh\u00e4ltst du au\u00dferdem detaillierte Einblicke in deine Schaltaktivit\u00e4ten und kannst deine bevorzugte Trittfrequenz jederzeit anpassen.<\/span><span data-ccp-props=\"{&quot;134233117&quot;:false,&quot;134233118&quot;:false,&quot;335559738&quot;:240,&quot;335559739&quot;:240}\">\u00a0<\/span><\/li>\n<\/ul>\n<ul>\n<li data-leveltext=\"\uf0b7\" data-font=\"Symbol\" data-listid=\"8\" data-list-defn-props=\"{&quot;335552541&quot;:1,&quot;335559685&quot;:720,&quot;335559991&quot;:360,&quot;469769226&quot;:&quot;Symbol&quot;,&quot;469769242&quot;:[8226],&quot;469777803&quot;:&quot;left&quot;,&quot;469777804&quot;:&quot;\uf0b7&quot;,&quot;469777815&quot;:&quot;hybridMultilevel&quot;}\" aria-setsize=\"-1\" data-aria-posinset=\"5\" data-aria-level=\"1\"><b><span data-contrast=\"auto\">Effizienz und Komfort f\u00fcr jeden E-Bike-Typ<\/span><\/b><span data-contrast=\"auto\">: Mit einer gro\u00dfen Auswahl an Schaltsystemen von Partnern wie Rohloff E-14 und 3X3 SHIFT E9 findest du die ideale Schaltl\u00f6sung f\u00fcr dein E-Bike. Diese Systeme bieten eine hohe \u00dcbersetzungsbandbreite und sind ideal f\u00fcr anspruchsvolle Touren oder st\u00e4dtische Fahrten. Die M\u00f6glichkeit, einen Anfahrgang vorab zu definieren, erleichtert zudem das Anfahren nach einem Halt.<\/span><span data-ccp-props=\"{&quot;134233117&quot;:false,&quot;134233118&quot;:false,&quot;335559738&quot;:240,&quot;335559739&quot;:240}\">\u00a0<\/span><\/li>\n<\/ul>\n<p><span data-contrast=\"auto\">Mit Bosch eShift wird Schalten zu einem flie\u00dfenden, intuitiven Erlebnis. Egal, ob du in die Pedale trittst oder dich auf Automatik verl\u00e4sst \u2013 das System passt sich deinem Fahrstil an und erm\u00f6glicht dir, voll fokussiert zu fahren. So bleibst du immer im idealen Gang, ohne deine Fahrt unterbrechen zu m\u00fcssen.<\/span><span data-ccp-props=\"{&quot;134233117&quot;:false,&quot;134233118&quot;:false,&quot;335559738&quot;:240,&quot;335559739&quot;:240}\">\u00a0<\/span>[\/vc_column_text]<div class=\"newdivider align-center\" style=\"border-bottom-style: solid; border-color: #999999; border-bottom-width: 1px; margin-top: 0; margin-bottom: 0; width: 100%; \"><\/div><div class=\"clear\"><\/div>[\/vc_column][\/vc_row][vc_row][vc_column width=&#8220;1\/2&#8243;][vc_column_text]<\/p>\n<h2 aria-level=\"4\"><span class=\"ez-toc-section\" id=\"ebike-flow-app-smarte-konnektivitaet-fuer-dein-bike\"><\/span><b>eBike Flow App: Smarte Konnektivit\u00e4t f\u00fcr dein Bike<\/b><span class=\"ez-toc-section-end\"><\/span><\/h2>\n<p><span data-contrast=\"auto\">Die <\/span><b><span data-contrast=\"auto\">eBike Flow App 2025<\/span><\/b><span data-contrast=\"auto\"> bringt ein Update, das es in sich hat. Mehr Kontrolle, mehr Individualisierung \u2013 und das einfach \u00fcber dein Smartphone. Jetzt kannst du Profile f\u00fcr unterschiedliche Fahrbedingungen anlegen und die wichtigsten Daten sofort abrufen.<\/span><span data-ccp-props=\"{&quot;134233117&quot;:false,&quot;134233118&quot;:false,&quot;335559738&quot;:240,&quot;335559739&quot;:240}\">\u00a0<\/span><\/p>\n<p><span data-contrast=\"auto\">Was die neue Version kann:<\/span><span data-ccp-props=\"{&quot;134233117&quot;:false,&quot;134233118&quot;:false,&quot;335559738&quot;:240,&quot;335559739&quot;:240}\">\u00a0<\/span><\/p>\n<ul>\n<li data-leveltext=\"\uf0b7\" data-font=\"Symbol\" data-listid=\"4\" data-list-defn-props=\"{&quot;335552541&quot;:1,&quot;335559685&quot;:720,&quot;335559991&quot;:360,&quot;469769226&quot;:&quot;Symbol&quot;,&quot;469769242&quot;:[8226],&quot;469777803&quot;:&quot;left&quot;,&quot;469777804&quot;:&quot;\uf0b7&quot;,&quot;469777815&quot;:&quot;hybridMultilevel&quot;}\" aria-setsize=\"-1\" data-aria-posinset=\"1\" data-aria-level=\"1\"><b><span data-contrast=\"auto\">Personalisierte Fahrprofile \u2013 blitzschnell zwischen verschiedenen Stilen wechseln<\/span><\/b><span data-contrast=\"auto\">: Passe dein E-Bike an unterschiedliche Fahrbedingungen und Strecken an. Ob du durch die Stadt cruist oder dich ins Gel\u00e4nde wagst \u2013 das Fahrprofil l\u00e4sst sich einfach und schnell wechseln.<\/span><span data-ccp-props=\"{&quot;134233117&quot;:false,&quot;134233118&quot;:false,&quot;335559738&quot;:0,&quot;335559739&quot;:0}\">\u00a0<\/span><\/li>\n<\/ul>\n<ul>\n<li data-leveltext=\"\uf0b7\" data-font=\"Symbol\" data-listid=\"4\" data-list-defn-props=\"{&quot;335552541&quot;:1,&quot;335559685&quot;:720,&quot;335559991&quot;:360,&quot;469769226&quot;:&quot;Symbol&quot;,&quot;469769242&quot;:[8226],&quot;469777803&quot;:&quot;left&quot;,&quot;469777804&quot;:&quot;\uf0b7&quot;,&quot;469777815&quot;:&quot;hybridMultilevel&quot;}\" aria-setsize=\"-1\" data-aria-posinset=\"2\" data-aria-level=\"1\"><b><span data-contrast=\"auto\">Diagnose-Tools f\u00fcr effiziente Wartung und Pflege<\/span><\/b><span data-contrast=\"auto\">: Die App bietet dir nun umfassende Diagnose-Tools, die dir helfen, dein E-Bike stets in Topform zu halten. So wei\u00dft du immer, wenn ein Service f\u00e4llig ist, und kannst die Wartung effizient planen.<\/span><span data-ccp-props=\"{&quot;134233117&quot;:false,&quot;134233118&quot;:false,&quot;335559738&quot;:240,&quot;335559739&quot;:240}\">\u00a0<\/span><\/li>\n<\/ul>\n<ul>\n<li data-leveltext=\"\uf0b7\" data-font=\"Symbol\" data-listid=\"4\" data-list-defn-props=\"{&quot;335552541&quot;:1,&quot;335559685&quot;:720,&quot;335559991&quot;:360,&quot;469769226&quot;:&quot;Symbol&quot;,&quot;469769242&quot;:[8226],&quot;469777803&quot;:&quot;left&quot;,&quot;469777804&quot;:&quot;\uf0b7&quot;,&quot;469777815&quot;:&quot;hybridMultilevel&quot;}\" aria-setsize=\"-1\" data-aria-posinset=\"3\" data-aria-level=\"1\"><b><span data-contrast=\"auto\">Kompatibilit\u00e4t mit Apple Health und anderen Fitness-Apps<\/span><\/b><span data-contrast=\"auto\">: F\u00fcr alle Fitness-Begeisterten bietet die App jetzt die M\u00f6glichkeit, deine Fahrdaten mit Apple Health und anderen beliebten Fitness-Apps zu synchronisieren. So beh\u00e4ltst du nicht nur deine Leistung auf dem E-Bike im Blick, sondern integrierst sie nahtlos in dein t\u00e4gliches Fitness-Tracking.<\/span><span data-ccp-props=\"{&quot;134233117&quot;:false,&quot;134233118&quot;:false,&quot;335559738&quot;:240,&quot;335559739&quot;:240}\">\u00a0<\/span><\/li>\n<\/ul>\n<ul>\n<li data-leveltext=\"\uf0b7\" data-font=\"Symbol\" data-listid=\"4\" data-list-defn-props=\"{&quot;335552541&quot;:1,&quot;335559685&quot;:720,&quot;335559991&quot;:360,&quot;469769226&quot;:&quot;Symbol&quot;,&quot;469769242&quot;:[8226],&quot;469777803&quot;:&quot;left&quot;,&quot;469777804&quot;:&quot;\uf0b7&quot;,&quot;469777815&quot;:&quot;hybridMultilevel&quot;}\" aria-setsize=\"-1\" data-aria-posinset=\"4\" data-aria-level=\"1\"><b><span data-contrast=\"auto\">Live-Tracking und Navigation<\/span><\/b><span data-contrast=\"auto\">: Mit der neuen Navigation und dem Live-Tracking verfolgst du deine Route und hast jederzeit die Kontrolle \u00fcber deinen Weg. Perfekt f\u00fcr alle, die gerne neue Strecken entdecken und ihre Fahrt genau dokumentieren m\u00f6chten.<\/span><span data-ccp-props=\"{&quot;134233117&quot;:false,&quot;134233118&quot;:false,&quot;335559738&quot;:240,&quot;335559739&quot;:240}\">\u00a0<\/span><\/li>\n<\/ul>\n<p><span data-contrast=\"auto\">Die App ist dein digitales Cockpit, das dir hilft, dein Bike perfekt auf dich abzustimmen.<\/span><span data-ccp-props=\"{&quot;134233117&quot;:false,&quot;134233118&quot;:false,&quot;335559738&quot;:240,&quot;335559739&quot;:240}\">\u00a0<\/span>[\/vc_column_text][\/vc_column][vc_column width=&#8220;1\/2&#8243;][vc_column_text]<img decoding=\"async\" loading=\"lazy\" class=\"size-full wp-image-33955\" src=\"https:\/\/www.fahrrad-xxl.de\/blog\/wp-content\/uploads\/2023\/07\/bosch-ebike_connected_biking_pressebild_5_img_w760-2.jpg\" alt=\"Bosch eBike Flow App 2025\" width=\"760\" height=\"830\" \/><\/p>\n<p><img decoding=\"async\" loading=\"lazy\" class=\"size-full wp-image-33956\" src=\"https:\/\/www.fahrrad-xxl.de\/blog\/wp-content\/uploads\/2023\/07\/bosch-ebike_connected_biking_pressebild_6_img_w760-2.jpg\" alt=\"Bosch Eco+ Fahrstil\" width=\"760\" height=\"760\" \/><\/p>\n<p>[\/vc_column_text][\/vc_column][\/vc_row][vc_row][vc_column width=&#8220;1\/1&#8243;][vc_column_text]<\/p>\n<p aria-level=\"4\"><b><i><span data-contrast=\"none\">Individuelle Einstellungen: Dein Fahrstil, dein Bike<\/span><\/i><\/b><span data-ccp-props=\"{&quot;134233117&quot;:false,&quot;134233118&quot;:false,&quot;134245418&quot;:true,&quot;134245529&quot;:true,&quot;335559738&quot;:319,&quot;335559739&quot;:319}\">\u00a0<\/span><\/p>\n<p><span data-contrast=\"auto\">Mit den neuen Bosch-Features kannst du jetzt auch die <\/span><b><span data-contrast=\"auto\">Unterst\u00fctzungsstufen<\/span><\/b><span data-contrast=\"auto\"> und <\/span><b><span data-contrast=\"auto\">Reaktionszeiten<\/span><\/b><span data-contrast=\"auto\"> deines Motors exakt an deinen Fahrstil anpassen. So f\u00e4hrst du genauso, wie es f\u00fcr dich passt \u2013 egal ob entspannt oder sportlich.<\/span><span data-ccp-props=\"{&quot;134233117&quot;:false,&quot;134233118&quot;:false,&quot;335559738&quot;:240,&quot;335559739&quot;:240}\">\u00a0<\/span><\/p>\n<p><span data-contrast=\"auto\">Das bieten die neuen Optionen:<\/span><span data-ccp-props=\"{&quot;134233117&quot;:false,&quot;134233118&quot;:false,&quot;335559738&quot;:240,&quot;335559739&quot;:240}\">\u00a0<\/span><\/p>\n<ul>\n<li data-leveltext=\"\uf0b7\" data-font=\"Symbol\" data-listid=\"5\" data-list-defn-props=\"{&quot;335552541&quot;:1,&quot;335559685&quot;:720,&quot;335559991&quot;:360,&quot;469769226&quot;:&quot;Symbol&quot;,&quot;469769242&quot;:[8226],&quot;469777803&quot;:&quot;left&quot;,&quot;469777804&quot;:&quot;\uf0b7&quot;,&quot;469777815&quot;:&quot;hybridMultilevel&quot;}\" aria-setsize=\"-1\" data-aria-posinset=\"6\" data-aria-level=\"1\"><b><span data-contrast=\"auto\">Einstellbare Intensit\u00e4t<\/span><\/b><span data-contrast=\"auto\"> in allen Unterst\u00fctzungsstufen<\/span><span data-ccp-props=\"{&quot;134233117&quot;:false,&quot;134233118&quot;:false,&quot;335559738&quot;:0,&quot;335559739&quot;:0}\">\u00a0<\/span><\/li>\n<\/ul>\n<ul>\n<li data-leveltext=\"\uf0b7\" data-font=\"Symbol\" data-listid=\"5\" data-list-defn-props=\"{&quot;335552541&quot;:1,&quot;335559685&quot;:720,&quot;335559991&quot;:360,&quot;469769226&quot;:&quot;Symbol&quot;,&quot;469769242&quot;:[8226],&quot;469777803&quot;:&quot;left&quot;,&quot;469777804&quot;:&quot;\uf0b7&quot;,&quot;469777815&quot;:&quot;hybridMultilevel&quot;}\" aria-setsize=\"-1\" data-aria-posinset=\"7\" data-aria-level=\"1\"><b><span data-contrast=\"auto\">Personalisierte Reaktionszeiten<\/span><\/b><span data-contrast=\"auto\"> f\u00fcr perfekte Kontrolle<\/span><span data-ccp-props=\"{&quot;134233117&quot;:false,&quot;134233118&quot;:false,&quot;335559738&quot;:0,&quot;335559739&quot;:0}\">\u00a0<\/span><\/li>\n<\/ul>\n<ul>\n<li data-leveltext=\"\uf0b7\" data-font=\"Symbol\" data-listid=\"5\" data-list-defn-props=\"{&quot;335552541&quot;:1,&quot;335559685&quot;:720,&quot;335559991&quot;:360,&quot;469769226&quot;:&quot;Symbol&quot;,&quot;469769242&quot;:[8226],&quot;469777803&quot;:&quot;left&quot;,&quot;469777804&quot;:&quot;\uf0b7&quot;,&quot;469777815&quot;:&quot;hybridMultilevel&quot;}\" aria-setsize=\"-1\" data-aria-posinset=\"8\" data-aria-level=\"1\"><b><span data-contrast=\"auto\">Flexible Voreinstellungen<\/span><\/b><span data-contrast=\"auto\"> f\u00fcr die g\u00e4ngigsten Fahrstile<\/span><span data-ccp-props=\"{&quot;134233117&quot;:false,&quot;134233118&quot;:false,&quot;335559738&quot;:0,&quot;335559739&quot;:0}\">\u00a0<\/span><\/li>\n<\/ul>\n<ul>\n<li data-leveltext=\"\uf0b7\" data-font=\"Symbol\" data-listid=\"5\" data-list-defn-props=\"{&quot;335552541&quot;:1,&quot;335559685&quot;:720,&quot;335559991&quot;:360,&quot;469769226&quot;:&quot;Symbol&quot;,&quot;469769242&quot;:[8226],&quot;469777803&quot;:&quot;left&quot;,&quot;469777804&quot;:&quot;\uf0b7&quot;,&quot;469777815&quot;:&quot;hybridMultilevel&quot;}\" aria-setsize=\"-1\" data-aria-posinset=\"9\" data-aria-level=\"1\"><b><span data-contrast=\"auto\">Einfache Anpassung<\/span><\/b><span data-contrast=\"auto\"> \u00fcber die eBike Flow App<\/span><span data-ccp-props=\"{&quot;134233117&quot;:false,&quot;134233118&quot;:false,&quot;335559738&quot;:0,&quot;335559739&quot;:0}\">\u00a0<\/span><\/li>\n<\/ul>\n<p><span data-contrast=\"auto\">Das macht dein E-Bike zu einem echten Unikat \u2013 perfekt abgestimmt auf deinen Stil und deine Anforderungen.<\/span><span data-ccp-props=\"{&quot;134233117&quot;:false,&quot;134233118&quot;:false,&quot;335559738&quot;:240,&quot;335559739&quot;:240}\">\u00a0<\/span>[\/vc_column_text][\/vc_column][\/vc_row]<\/p>\n\n\n<div class=\"kk-star-ratings kksr-auto kksr-align-left kksr-valign-bottom\"\n    data-payload='{&quot;align&quot;:&quot;left&quot;,&quot;id&quot;:&quot;34078&quot;,&quot;slug&quot;:&quot;default&quot;,&quot;valign&quot;:&quot;bottom&quot;,&quot;ignore&quot;:&quot;&quot;,&quot;reference&quot;:&quot;auto&quot;,&quot;class&quot;:&quot;&quot;,&quot;count&quot;:&quot;0&quot;,&quot;legendonly&quot;:&quot;&quot;,&quot;readonly&quot;:&quot;&quot;,&quot;score&quot;:&quot;0&quot;,&quot;starsonly&quot;:&quot;&quot;,&quot;best&quot;:&quot;5&quot;,&quot;gap&quot;:&quot;5&quot;,&quot;greet&quot;:&quot;Rate this post&quot;,&quot;legend&quot;:&quot;0\\\/5 - (0 votes)&quot;,&quot;size&quot;:&quot;22&quot;,&quot;title&quot;:&quot;Bosch E-Bike Neuheiten 2025: Der Bosch Performance Line SX 2.0 Motor&quot;,&quot;width&quot;:&quot;0&quot;,&quot;_legend&quot;:&quot;{score}\\\/{best} - ({count} {votes})&quot;,&quot;font_factor&quot;:&quot;1.25&quot;}'>\n            \n<div class=\"kksr-stars\">\n    \n<div class=\"kksr-stars-inactive\">\n            <div class=\"kksr-star\" data-star=\"1\" style=\"padding-right: 5px\">\n            \n\n<div class=\"kksr-icon\" style=\"width: 22px; height: 22px;\"><\/div>\n        <\/div>\n            <div class=\"kksr-star\" data-star=\"2\" style=\"padding-right: 5px\">\n            \n\n<div class=\"kksr-icon\" style=\"width: 22px; height: 22px;\"><\/div>\n        <\/div>\n            <div class=\"kksr-star\" data-star=\"3\" style=\"padding-right: 5px\">\n            \n\n<div class=\"kksr-icon\" style=\"width: 22px; height: 22px;\"><\/div>\n        <\/div>\n            <div class=\"kksr-star\" data-star=\"4\" style=\"padding-right: 5px\">\n            \n\n<div class=\"kksr-icon\" style=\"width: 22px; height: 22px;\"><\/div>\n        <\/div>\n            <div class=\"kksr-star\" data-star=\"5\" style=\"padding-right: 5px\">\n            \n\n<div class=\"kksr-icon\" style=\"width: 22px; height: 22px;\"><\/div>\n        <\/div>\n    <\/div>\n    \n<div class=\"kksr-stars-active\" style=\"width: 0px;\">\n            <div class=\"kksr-star\" style=\"padding-right: 5px\">\n            \n\n<div class=\"kksr-icon\" style=\"width: 22px; height: 22px;\"><\/div>\n        <\/div>\n            <div class=\"kksr-star\" style=\"padding-right: 5px\">\n            \n\n<div class=\"kksr-icon\" style=\"width: 22px; height: 22px;\"><\/div>\n        <\/div>\n            <div class=\"kksr-star\" style=\"padding-right: 5px\">\n            \n\n<div class=\"kksr-icon\" style=\"width: 22px; height: 22px;\"><\/div>\n        <\/div>\n            <div class=\"kksr-star\" style=\"padding-right: 5px\">\n            \n\n<div class=\"kksr-icon\" style=\"width: 22px; height: 22px;\"><\/div>\n        <\/div>\n            <div class=\"kksr-star\" style=\"padding-right: 5px\">\n            \n\n<div class=\"kksr-icon\" style=\"width: 22px; height: 22px;\"><\/div>\n        <\/div>\n    <\/div>\n<\/div>\n                \n\n<div class=\"kksr-legend\" style=\"font-size: 17.6px;\">\n            <span class=\"kksr-muted\">Rate this post<\/span>\n    <\/div>\n    <\/div>\n<\/section>","protected":false},"excerpt":{"rendered":"<p>[vc_row][vc_column width=&#8220;1\/1&#8243;][vc_column_text]2025 bringt Bosch frischen Wind in die E-Bike-Welt. Weniger Gewicht, mehr Reichweite und smarte Technik machen dein Bike nicht nur schneller, sondern auch flexibler und individuell anpassbar. Von Motor und Akku bis hin zur App hat Bosch an alles gedacht. Hier kommen die Bosch Neuheiten und Highlights, die dein Fahrerlebnis auf das n\u00e4chste Level heben.\u00a0 &nbsp; Die Bosch E-Bike Neuheiten 2025 im \u00dcberblick: Bosch Performance Line SX 2.0 Motor Bosch PowerTube 600 und PowerTube 800 Bosch Purion 400 Display Bosch ABS Pro Bosch eShift Bosch eBike Flow App [\/vc_column_text][\/vc_column][\/vc_row][vc_row][vc_column width=&#8220;1\/6&#8243;][\/vc_column][vc_column width=&#8220;2\/3&#8243;][\/vc_column][vc_column width=&#8220;1\/6&#8243;][\/vc_column][\/vc_row][vc_row][vc_column][vc_column_text] Der neue Bosch Performance Line SX 2.0 Motor \u2013 leichter, st\u00e4rker, smarter\u00a0 Bosch hat die Performance Line SX weiterentwickelt und mit der neuen SX 2.0-Version einen Motor geschaffen, der nicht nur kraftvoll, sondern auch extrem leicht ist. Mit einem Gewicht von nur 1,8 kg und einer Spitzenleistung von bis zu 600 Watt bietet der SX 2.0 die perfekte Balance zwischen Leistung und Effizienz. Der Motor reagiert feinf\u00fchlig auf deine Tretbewegungen und sorgt daf\u00fcr, dass du jederzeit das Gef\u00fchl von Kontrolle und Sicherheit beh\u00e4ltst \u2013 ideal f\u00fcr sportliche Fahrer.\u00a0 Einige Besonderheiten, die den Unterschied machen:\u00a0 H\u00f6here Unterst\u00fctzung bei maximaler Effizienz: Der SX 2.0 Motor bietet eine Unterst\u00fctzung von [&hellip;]<\/p>\n","protected":false},"author":29,"featured_media":33492,"comment_status":"open","ping_status":"open","sticky":false,"template":"","format":"standard","meta":[],"categories":[1,29],"tags":[],"yoast_head":"<!-- This site is optimized with the Yoast SEO plugin v19.10 - https:\/\/yoast.com\/wordpress\/plugins\/seo\/ -->\n<title>Bosch E-Bike Neuheiten 2025: Bosch Performance Line SX 2.0<\/title>\n<meta name=\"description\" content=\"Bosch E-Bike 2025 Neuheiten - Bosch Performance Line SX Motor \u26a1 Bosch Purion 400 Display \u26a1 Bosch eShift und ABS Pro \u2705 jetzt im Blog von Fahrrad XXL\" \/>\n<meta name=\"robots\" content=\"index, follow, max-snippet:-1, max-image-preview:large, max-video-preview:-1\" \/>\n<link rel=\"canonical\" href=\"https:\/\/www.fahrrad-xxl.at\/blog\/bosch-e-bike-neuheiten\/\" \/>\n<meta property=\"og:locale\" content=\"de_DE\" \/>\n<meta property=\"og:type\" content=\"article\" \/>\n<meta property=\"og:title\" content=\"Bosch E-Bike Neuheiten 2025: Bosch Performance Line SX 2.0\" \/>\n<meta property=\"og:description\" content=\"Bosch E-Bike 2025 Neuheiten - Bosch Performance Line SX Motor \u26a1 Bosch Purion 400 Display \u26a1 Bosch eShift und ABS Pro \u2705 jetzt im Blog von Fahrrad XXL\" \/>\n<meta property=\"og:url\" content=\"https:\/\/www.fahrrad-xxl.at\/blog\/bosch-e-bike-neuheiten\/\" \/>\n<meta property=\"og:site_name\" content=\"Fahrrad XXL AT Blog\" \/>\n<meta property=\"article:publisher\" content=\"https:\/\/www.facebook.com\/FahrradXXL\" \/>\n<meta property=\"article:published_time\" content=\"2025-01-28T09:20:15+00:00\" \/>\n<meta property=\"article:modified_time\" content=\"2025-01-28T09:28:24+00:00\" \/>\n<meta property=\"og:image\" content=\"https:\/\/www.fahrrad-xxl.at\/blog\/wp-content\/uploads\/2023\/07\/Bosch-Neuheiten-2024.jpg\" \/>\n\t<meta property=\"og:image:width\" content=\"2100\" \/>\n\t<meta property=\"og:image:height\" content=\"1400\" \/>\n\t<meta property=\"og:image:type\" content=\"image\/jpeg\" \/>\n<meta name=\"author\" content=\"Alicia\" \/>\n<meta name=\"twitter:card\" content=\"summary_large_image\" \/>\n<meta name=\"twitter:label1\" content=\"Verfasst von\" \/>\n\t<meta name=\"twitter:data1\" content=\"Alicia\" \/>\n\t<meta name=\"twitter:label2\" content=\"Gesch\u00e4tzte Lesezeit\" \/>\n\t<meta name=\"twitter:data2\" content=\"15\u00a0Minuten\" \/>\n<script type=\"application\/ld+json\" class=\"yoast-schema-graph\">{\"@context\":\"https:\/\/schema.org\",\"@graph\":[{\"@type\":\"Article\",\"@id\":\"https:\/\/www.fahrrad-xxl.at\/blog\/bosch-e-bike-neuheiten\/#article\",\"isPartOf\":{\"@id\":\"https:\/\/www.fahrrad-xxl.at\/blog\/bosch-e-bike-neuheiten\/\"},\"author\":{\"name\":\"Alicia\",\"@id\":\"https:\/\/www.fahrrad-xxl.at\/blog\/#\/schema\/person\/f4b754915dd65ad37f37994cdd21b14a\"},\"headline\":\"Bosch E-Bike Neuheiten 2025: Der Bosch Performance Line SX 2.0 Motor\",\"datePublished\":\"2025-01-28T09:20:15+00:00\",\"dateModified\":\"2025-01-28T09:28:24+00:00\",\"mainEntityOfPage\":{\"@id\":\"https:\/\/www.fahrrad-xxl.at\/blog\/bosch-e-bike-neuheiten\/\"},\"wordCount\":2881,\"commentCount\":0,\"publisher\":{\"@id\":\"https:\/\/www.fahrrad-xxl.at\/blog\/#organization\"},\"articleSection\":{\"1\":\"News\/Interessantes\"},\"inLanguage\":\"de\",\"potentialAction\":[{\"@type\":\"CommentAction\",\"name\":\"Comment\",\"target\":[\"https:\/\/www.fahrrad-xxl.at\/blog\/bosch-e-bike-neuheiten\/#respond\"]}]},{\"@type\":\"WebPage\",\"@id\":\"https:\/\/www.fahrrad-xxl.at\/blog\/bosch-e-bike-neuheiten\/\",\"url\":\"https:\/\/www.fahrrad-xxl.at\/blog\/bosch-e-bike-neuheiten\/\",\"name\":\"Bosch E-Bike Neuheiten 2025: Bosch Performance Line SX 2.0\",\"isPartOf\":{\"@id\":\"https:\/\/www.fahrrad-xxl.at\/blog\/#website\"},\"datePublished\":\"2025-01-28T09:20:15+00:00\",\"dateModified\":\"2025-01-28T09:28:24+00:00\",\"description\":\"Bosch E-Bike 2025 Neuheiten - Bosch Performance Line SX Motor \u26a1 Bosch Purion 400 Display \u26a1 Bosch eShift und ABS Pro \u2705 jetzt im Blog von Fahrrad XXL\",\"breadcrumb\":{\"@id\":\"https:\/\/www.fahrrad-xxl.at\/blog\/bosch-e-bike-neuheiten\/#breadcrumb\"},\"inLanguage\":\"de\",\"potentialAction\":[{\"@type\":\"ReadAction\",\"target\":[\"https:\/\/www.fahrrad-xxl.at\/blog\/bosch-e-bike-neuheiten\/\"]}]},{\"@type\":\"BreadcrumbList\",\"@id\":\"https:\/\/www.fahrrad-xxl.at\/blog\/bosch-e-bike-neuheiten\/#breadcrumb\",\"itemListElement\":[{\"@type\":\"ListItem\",\"position\":1,\"name\":\"Startseite\",\"item\":\"https:\/\/www.fahrrad-xxl.at\/blog\/\"},{\"@type\":\"ListItem\",\"position\":2,\"name\":\"Bosch E-Bike Neuheiten 2025: Der Bosch Performance Line SX 2.0 Motor\"}]},{\"@type\":\"WebSite\",\"@id\":\"https:\/\/www.fahrrad-xxl.at\/blog\/#website\",\"url\":\"https:\/\/www.fahrrad-xxl.at\/blog\/\",\"name\":\"Fahrrad XXL AT Blog\",\"description\":\"Erleben | Testen | Losfahren\",\"publisher\":{\"@id\":\"https:\/\/www.fahrrad-xxl.at\/blog\/#organization\"},\"potentialAction\":[{\"@type\":\"SearchAction\",\"target\":{\"@type\":\"EntryPoint\",\"urlTemplate\":\"https:\/\/www.fahrrad-xxl.at\/blog\/?s={search_term_string}\"},\"query-input\":\"required name=search_term_string\"}],\"inLanguage\":\"de\"},{\"@type\":\"Organization\",\"@id\":\"https:\/\/www.fahrrad-xxl.at\/blog\/#organization\",\"name\":\"Fahrrad XXL\",\"url\":\"https:\/\/www.fahrrad-xxl.at\/blog\/\",\"logo\":{\"@type\":\"ImageObject\",\"inLanguage\":\"de\",\"@id\":\"https:\/\/www.fahrrad-xxl.at\/blog\/#\/schema\/logo\/image\/\",\"url\":\"https:\/\/www.fahrrad-xxl.at\/blog\/wp-content\/uploads\/2018\/03\/FXXL-Blog-Logo-100-c.png\",\"contentUrl\":\"https:\/\/www.fahrrad-xxl.at\/blog\/wp-content\/uploads\/2018\/03\/FXXL-Blog-Logo-100-c.png\",\"width\":450,\"height\":100,\"caption\":\"Fahrrad XXL\"},\"image\":{\"@id\":\"https:\/\/www.fahrrad-xxl.at\/blog\/#\/schema\/logo\/image\/\"},\"sameAs\":[\"https:\/\/www.instagram.com\/fahrradxxl\/\",\"https:\/\/www.youtube.com\/user\/FahrradXXLde\",\"https:\/\/www.facebook.com\/FahrradXXL\"]},{\"@type\":\"Person\",\"@id\":\"https:\/\/www.fahrrad-xxl.at\/blog\/#\/schema\/person\/f4b754915dd65ad37f37994cdd21b14a\",\"name\":\"Alicia\",\"description\":\"F\u00e4hrt gerne:\u00a0Stra\u00dfe, Feldwege Bikes:\u00a0Cube Nuroad, Canyon Endurace, Bianchi Aria Lieblings-Radrevier: Mallorca\",\"url\":\"https:\/\/www.fahrrad-xxl.at\/blog\/author\/a-freyfahrrad-xxl-de\/\"}]}<\/script>\n<!-- \/ Yoast SEO plugin. -->","yoast_head_json":{"title":"Bosch E-Bike Neuheiten 2025: Bosch Performance Line SX 2.0","description":"Bosch E-Bike 2025 Neuheiten - Bosch Performance Line SX Motor \u26a1 Bosch Purion 400 Display \u26a1 Bosch eShift und ABS Pro \u2705 jetzt im Blog von Fahrrad XXL","robots":{"index":"index","follow":"follow","max-snippet":"max-snippet:-1","max-image-preview":"max-image-preview:large","max-video-preview":"max-video-preview:-1"},"canonical":"https:\/\/www.fahrrad-xxl.at\/blog\/bosch-e-bike-neuheiten\/","og_locale":"de_DE","og_type":"article","og_title":"Bosch E-Bike Neuheiten 2025: Bosch Performance Line SX 2.0","og_description":"Bosch E-Bike 2025 Neuheiten - Bosch Performance Line SX Motor \u26a1 Bosch Purion 400 Display \u26a1 Bosch eShift und ABS Pro \u2705 jetzt im Blog von Fahrrad XXL","og_url":"https:\/\/www.fahrrad-xxl.at\/blog\/bosch-e-bike-neuheiten\/","og_site_name":"Fahrrad XXL AT Blog","article_publisher":"https:\/\/www.facebook.com\/FahrradXXL","article_published_time":"2025-01-28T09:20:15+00:00","article_modified_time":"2025-01-28T09:28:24+00:00","og_image":[{"width":2100,"height":1400,"url":"https:\/\/www.fahrrad-xxl.at\/blog\/wp-content\/uploads\/2023\/07\/Bosch-Neuheiten-2024.jpg","type":"image\/jpeg"}],"author":"Alicia","twitter_card":"summary_large_image","twitter_misc":{"Verfasst von":"Alicia","Gesch\u00e4tzte Lesezeit":"15\u00a0Minuten"},"schema":{"@context":"https:\/\/schema.org","@graph":[{"@type":"Article","@id":"https:\/\/www.fahrrad-xxl.at\/blog\/bosch-e-bike-neuheiten\/#article","isPartOf":{"@id":"https:\/\/www.fahrrad-xxl.at\/blog\/bosch-e-bike-neuheiten\/"},"author":{"name":"Alicia","@id":"https:\/\/www.fahrrad-xxl.at\/blog\/#\/schema\/person\/f4b754915dd65ad37f37994cdd21b14a"},"headline":"Bosch E-Bike Neuheiten 2025: Der Bosch Performance Line SX 2.0 Motor","datePublished":"2025-01-28T09:20:15+00:00","dateModified":"2025-01-28T09:28:24+00:00","mainEntityOfPage":{"@id":"https:\/\/www.fahrrad-xxl.at\/blog\/bosch-e-bike-neuheiten\/"},"wordCount":2881,"commentCount":0,"publisher":{"@id":"https:\/\/www.fahrrad-xxl.at\/blog\/#organization"},"articleSection":{"1":"News\/Interessantes"},"inLanguage":"de","potentialAction":[{"@type":"CommentAction","name":"Comment","target":["https:\/\/www.fahrrad-xxl.at\/blog\/bosch-e-bike-neuheiten\/#respond"]}]},{"@type":"WebPage","@id":"https:\/\/www.fahrrad-xxl.at\/blog\/bosch-e-bike-neuheiten\/","url":"https:\/\/www.fahrrad-xxl.at\/blog\/bosch-e-bike-neuheiten\/","name":"Bosch E-Bike Neuheiten 2025: Bosch Performance Line SX 2.0","isPartOf":{"@id":"https:\/\/www.fahrrad-xxl.at\/blog\/#website"},"datePublished":"2025-01-28T09:20:15+00:00","dateModified":"2025-01-28T09:28:24+00:00","description":"Bosch E-Bike 2025 Neuheiten - Bosch Performance Line SX Motor \u26a1 Bosch Purion 400 Display \u26a1 Bosch eShift und ABS Pro \u2705 jetzt im Blog von Fahrrad XXL","breadcrumb":{"@id":"https:\/\/www.fahrrad-xxl.at\/blog\/bosch-e-bike-neuheiten\/#breadcrumb"},"inLanguage":"de","potentialAction":[{"@type":"ReadAction","target":["https:\/\/www.fahrrad-xxl.at\/blog\/bosch-e-bike-neuheiten\/"]}]},{"@type":"BreadcrumbList","@id":"https:\/\/www.fahrrad-xxl.at\/blog\/bosch-e-bike-neuheiten\/#breadcrumb","itemListElement":[{"@type":"ListItem","position":1,"name":"Startseite","item":"https:\/\/www.fahrrad-xxl.at\/blog\/"},{"@type":"ListItem","position":2,"name":"Bosch E-Bike Neuheiten 2025: Der Bosch Performance Line SX 2.0 Motor"}]},{"@type":"WebSite","@id":"https:\/\/www.fahrrad-xxl.at\/blog\/#website","url":"https:\/\/www.fahrrad-xxl.at\/blog\/","name":"Fahrrad XXL AT Blog","description":"Erleben | Testen | Losfahren","publisher":{"@id":"https:\/\/www.fahrrad-xxl.at\/blog\/#organization"},"potentialAction":[{"@type":"SearchAction","target":{"@type":"EntryPoint","urlTemplate":"https:\/\/www.fahrrad-xxl.at\/blog\/?s={search_term_string}"},"query-input":"required name=search_term_string"}],"inLanguage":"de"},{"@type":"Organization","@id":"https:\/\/www.fahrrad-xxl.at\/blog\/#organization","name":"Fahrrad XXL","url":"https:\/\/www.fahrrad-xxl.at\/blog\/","logo":{"@type":"ImageObject","inLanguage":"de","@id":"https:\/\/www.fahrrad-xxl.at\/blog\/#\/schema\/logo\/image\/","url":"https:\/\/www.fahrrad-xxl.at\/blog\/wp-content\/uploads\/2018\/03\/FXXL-Blog-Logo-100-c.png","contentUrl":"https:\/\/www.fahrrad-xxl.at\/blog\/wp-content\/uploads\/2018\/03\/FXXL-Blog-Logo-100-c.png","width":450,"height":100,"caption":"Fahrrad XXL"},"image":{"@id":"https:\/\/www.fahrrad-xxl.at\/blog\/#\/schema\/logo\/image\/"},"sameAs":["https:\/\/www.instagram.com\/fahrradxxl\/","https:\/\/www.youtube.com\/user\/FahrradXXLde","https:\/\/www.facebook.com\/FahrradXXL"]},{"@type":"Person","@id":"https:\/\/www.fahrrad-xxl.at\/blog\/#\/schema\/person\/f4b754915dd65ad37f37994cdd21b14a","name":"Alicia","description":"F\u00e4hrt gerne:\u00a0Stra\u00dfe, Feldwege Bikes:\u00a0Cube Nuroad, Canyon Endurace, Bianchi Aria Lieblings-Radrevier: Mallorca","url":"https:\/\/www.fahrrad-xxl.at\/blog\/author\/a-freyfahrrad-xxl-de\/"}]}},"_links":{"self":[{"href":"https:\/\/www.fahrrad-xxl.at\/blog\/wp-json\/wp\/v2\/posts\/34078"}],"collection":[{"href":"https:\/\/www.fahrrad-xxl.at\/blog\/wp-json\/wp\/v2\/posts"}],"about":[{"href":"https:\/\/www.fahrrad-xxl.at\/blog\/wp-json\/wp\/v2\/types\/post"}],"author":[{"embeddable":true,"href":"https:\/\/www.fahrrad-xxl.at\/blog\/wp-json\/wp\/v2\/users\/29"}],"replies":[{"embeddable":true,"href":"https:\/\/www.fahrrad-xxl.at\/blog\/wp-json\/wp\/v2\/comments?post=34078"}],"version-history":[{"count":1,"href":"https:\/\/www.fahrrad-xxl.at\/blog\/wp-json\/wp\/v2\/posts\/34078\/revisions"}],"predecessor-version":[{"id":34079,"href":"https:\/\/www.fahrrad-xxl.at\/blog\/wp-json\/wp\/v2\/posts\/34078\/revisions\/34079"}],"wp:featuredmedia":[{"embeddable":true,"href":"https:\/\/www.fahrrad-xxl.at\/blog\/wp-json\/wp\/v2\/media\/33492"}],"wp:attachment":[{"href":"https:\/\/www.fahrrad-xxl.at\/blog\/wp-json\/wp\/v2\/media?parent=34078"}],"wp:term":[{"taxonomy":"category","embeddable":true,"href":"https:\/\/www.fahrrad-xxl.at\/blog\/wp-json\/wp\/v2\/categories?post=34078"},{"taxonomy":"post_tag","embeddable":true,"href":"https:\/\/www.fahrrad-xxl.at\/blog\/wp-json\/wp\/v2\/tags?post=34078"}],"curies":[{"name":"wp","href":"https:\/\/api.w.org\/{rel}","templated":true}]}}