{"id":34080,"date":"2025-01-28T10:26:48","date_gmt":"2025-01-28T09:26:48","guid":{"rendered":"https:\/\/www.fahrrad-xxl.at\/blog\/?p=34080"},"modified":"2025-01-28T10:28:48","modified_gmt":"2025-01-28T09:28:48","slug":"die-besten-city-bikes-und-city-e-bikes-2024-im-test","status":"publish","type":"post","link":"https:\/\/www.fahrrad-xxl.at\/blog\/die-besten-city-bikes-und-city-e-bikes-2024-im-test\/","title":{"rendered":"Die besten City-Bikes und City-E-Bikes 2024 im Test"},"content":{"rendered":"<section class=\"wpb-content-wrapper\"><p>[vc_section][vc_row][vc_column width=&#8220;1\/1&#8243;][vc_column_text]<span data-contrast=\"auto\">Du suchst das perfekte City-Bike oder City-E-Bike f\u00fcr den urbanen Alltag? Du bist auf der richtigen Spur. Hier erf\u00e4hrst du alles Wichtige zu den besten City-Bikes 2024 \u2013 ob f\u00fcr Damen oder Herren, ob mit oder ohne Elektroantrieb. Wir schauen uns die wichtigsten Features an, auf die du bei der Wahl deines City-Bikes achten solltest, und zeigen dir, welche Modelle im Test 2024 besonders gut abgeschnitten haben.<\/span><span data-ccp-props=\"{&quot;134233117&quot;:false,&quot;134233118&quot;:false,&quot;201341983&quot;:0,&quot;335551550&quot;:0,&quot;335551620&quot;:0,&quot;335559738&quot;:240,&quot;335559739&quot;:240,&quot;335559740&quot;:279}\">\u00a0<\/span><\/p>\n<h2 aria-level=\"4\"><span class=\"ez-toc-section\" id=\"warum-city-e-bikes-die-stadt-erobern\"><\/span><b>Warum City-E-Bikes die Stadt erobern<\/b><span class=\"ez-toc-section-end\"><\/span><\/h2>\n<p><span data-contrast=\"auto\">City-Bikes sind einfach die perfekten Begleiter f\u00fcr den urbanen Raum. Sie bieten dir eine bequeme, aufrechte Sitzposition und einen stabilen Rahmen, der f\u00fcr den t\u00e4glichen Einsatz im Stadtverkehr geeignet ist. Mit praktischen Extras wie Schutzblechen, Gep\u00e4cktr\u00e4gern und integrierten Lichtanlagen bist du bestens ausgestattet. City-Bikes f\u00fcr Damen haben oft einen tiefen Einstieg und eine ergonomische Rahmengeometrie, w\u00e4hrend Herren-Modelle auf Stabilit\u00e4t und Funktionalit\u00e4t setzen. E-City-Bikes sind gerade sehr beliebt, weil sie mehr Unterst\u00fctzung und Reichweite bieten.<\/span><span data-ccp-props=\"{&quot;134233117&quot;:false,&quot;134233118&quot;:false,&quot;201341983&quot;:0,&quot;335551550&quot;:0,&quot;335551620&quot;:0,&quot;335559738&quot;:240,&quot;335559739&quot;:240,&quot;335559740&quot;:279}\">\u00a0<\/span><\/p>\n<p>&nbsp;<\/p>\n<h3 aria-level=\"4\"><b>Worauf du bei einem City-Bike achten solltest<\/b><\/h3>\n<p><span data-contrast=\"auto\">Hier sind die wichtigsten Punkte, die du beim Kauf eines E-City-Bikes oder normalen City-Bikes auf jeden Fall beachten solltest:<\/span><span data-ccp-props=\"{&quot;134233117&quot;:false,&quot;134233118&quot;:false,&quot;201341983&quot;:0,&quot;335551550&quot;:0,&quot;335551620&quot;:0,&quot;335559738&quot;:240,&quot;335559739&quot;:240,&quot;335559740&quot;:279}\">\u00a0<\/span><\/p>\n<ul>\n<li data-leveltext=\"\uf0b7\" data-font=\"Symbol\" data-listid=\"1\" data-list-defn-props=\"{&quot;335552541&quot;:1,&quot;335559683&quot;:0,&quot;335559684&quot;:-2,&quot;335559685&quot;:720,&quot;335559991&quot;:360,&quot;469769226&quot;:&quot;Symbol&quot;,&quot;469769242&quot;:[8226],&quot;469777803&quot;:&quot;left&quot;,&quot;469777804&quot;:&quot;\uf0b7&quot;,&quot;469777815&quot;:&quot;hybridMultilevel&quot;}\" aria-setsize=\"-1\" data-aria-posinset=\"1\" data-aria-level=\"1\"><b><span data-contrast=\"auto\">Komfort und Ergonomie:<\/span><\/b><span data-contrast=\"auto\"> Die Sitzposition ist bei einem City-Bike besonders wichtig. Ein leicht erh\u00f6hter Lenker und ein breiter, gut gepolsterter Sattel sorgen daf\u00fcr, dass man auch auf l\u00e4ngeren Strecken entspannt unterwegs ist. Der Clou dabei: Modelle mit Federgabeln und gefederten Sattelst\u00fctzen sind perfekt f\u00fcr Kopfsteinpflaster und holprige Stra\u00dfen.<\/span><span data-ccp-props=\"{&quot;134233117&quot;:false,&quot;134233118&quot;:false,&quot;201341983&quot;:0,&quot;335551550&quot;:0,&quot;335551620&quot;:0,&quot;335559738&quot;:240,&quot;335559739&quot;:240,&quot;335559740&quot;:279}\">\u00a0<\/span><\/li>\n<\/ul>\n<ul>\n<li data-leveltext=\"\uf0b7\" data-font=\"Symbol\" data-listid=\"1\" data-list-defn-props=\"{&quot;335552541&quot;:1,&quot;335559683&quot;:0,&quot;335559684&quot;:-2,&quot;335559685&quot;:720,&quot;335559991&quot;:360,&quot;469769226&quot;:&quot;Symbol&quot;,&quot;469769242&quot;:[8226],&quot;469777803&quot;:&quot;left&quot;,&quot;469777804&quot;:&quot;\uf0b7&quot;,&quot;469777815&quot;:&quot;hybridMultilevel&quot;}\" aria-setsize=\"-1\" data-aria-posinset=\"2\" data-aria-level=\"1\"><b><span data-contrast=\"auto\">Wartungsfreundlichkeit <\/span><\/b><span data-contrast=\"auto\">ist ein Muss! Schlie\u00dflich will niemand st\u00e4ndig nachjustieren oder mit einem unerwarteten Kettenwechsel rechnen m\u00fcssen. Hier haben City-Bikes mit Riemenantrieb und Nabenschaltung die Nase vorne. Diese Teile halten nicht nur lange, sondern m\u00fcssen auch kaum gewartet werden.\u00a0 <\/span><span data-ccp-props=\"{&quot;134233117&quot;:false,&quot;134233118&quot;:false,&quot;201341983&quot;:0,&quot;335551550&quot;:0,&quot;335551620&quot;:0,&quot;335559738&quot;:240,&quot;335559739&quot;:240,&quot;335559740&quot;:279}\">\u00a0<\/span><\/li>\n<\/ul>\n<ul>\n<li data-leveltext=\"\uf0b7\" data-font=\"Symbol\" data-listid=\"1\" data-list-defn-props=\"{&quot;335552541&quot;:1,&quot;335559683&quot;:0,&quot;335559684&quot;:-2,&quot;335559685&quot;:720,&quot;335559991&quot;:360,&quot;469769226&quot;:&quot;Symbol&quot;,&quot;469769242&quot;:[8226],&quot;469777803&quot;:&quot;left&quot;,&quot;469777804&quot;:&quot;\uf0b7&quot;,&quot;469777815&quot;:&quot;hybridMultilevel&quot;}\" aria-setsize=\"-1\" data-aria-posinset=\"3\" data-aria-level=\"1\"><b><span data-contrast=\"auto\">Ausstattung:<\/span><\/b><span data-contrast=\"auto\"> Im Stadtverkehr ist Sicherheit das A und O. Hochwertige Bremsen, wie hydraulische Scheibenbremsen, geben dir jederzeit das gute Gef\u00fchl, sicher unterwegs zu sein \u2013 auch bei Regen. Die Beleuchtung sollte hell und zuverl\u00e4ssig sein, am besten mit Standlichtfunktion, damit du auch im Dunkeln gesehen wirst. Moderne City-E-Bikes haben oft schon integrierte Lichtsysteme, die fest mit dem Rahmen verbunden sind und sich nahtlos ins Design einf\u00fcgen.<\/span><span data-ccp-props=\"{&quot;134233117&quot;:false,&quot;134233118&quot;:false,&quot;201341983&quot;:0,&quot;335551550&quot;:0,&quot;335551620&quot;:0,&quot;335559738&quot;:240,&quot;335559739&quot;:240,&quot;335559740&quot;:279}\">\u00a0<\/span><\/li>\n<\/ul>\n<ul>\n<li data-leveltext=\"\uf0b7\" data-font=\"Symbol\" data-listid=\"1\" data-list-defn-props=\"{&quot;335552541&quot;:1,&quot;335559683&quot;:0,&quot;335559684&quot;:-2,&quot;335559685&quot;:720,&quot;335559991&quot;:360,&quot;469769226&quot;:&quot;Symbol&quot;,&quot;469769242&quot;:[8226],&quot;469777803&quot;:&quot;left&quot;,&quot;469777804&quot;:&quot;\uf0b7&quot;,&quot;469777815&quot;:&quot;hybridMultilevel&quot;}\" aria-setsize=\"-1\" data-aria-posinset=\"4\" data-aria-level=\"1\"><b><span data-contrast=\"auto\">Design und Stil:<\/span><\/b><span data-contrast=\"auto\"> Das Auge f\u00e4hrt mit \u2013 gerade bei Damen-Citybikes ist das Design oft ein entscheidender Faktor. Marken wie Cube und KTM bieten Modelle, die nicht nur funktional, sondern auch optisch ein Highlight sind. Der Trend geht hier zu minimalistischen Designs mit klaren Linien und eleganten Farben.<\/span><span data-ccp-props=\"{&quot;134233117&quot;:false,&quot;134233118&quot;:false,&quot;201341983&quot;:0,&quot;335551550&quot;:0,&quot;335551620&quot;:0,&quot;335559738&quot;:240,&quot;335559739&quot;:240,&quot;335559740&quot;:279}\">\u00a0<\/span><\/li>\n<\/ul>\n<p>&nbsp;<\/p>\n<h3 aria-level=\"4\"><b>Die Top City-Bikes und City-E-Bikes 2024<\/b><\/h3>\n<p><span data-contrast=\"auto\">F\u00fcr diesen Artikel haben wir uns die aktuellen Tests angeschaut und pr\u00e4sentieren dir die Top-Modelle f\u00fcr 2024. Egal, ob du ein klassisches Fahrrad oder ein modernes E-Bike suchst, die Auswahl ist gro\u00df und bietet f\u00fcr jeden Bedarf das passende Bike.<\/span><span data-ccp-props=\"{&quot;134233117&quot;:false,&quot;134233118&quot;:false,&quot;201341983&quot;:0,&quot;335551550&quot;:0,&quot;335551620&quot;:0,&quot;335559738&quot;:240,&quot;335559739&quot;:240,&quot;335559740&quot;:279}\">\u00a0<\/span><\/p>\n<p><span data-contrast=\"auto\">Was macht ein Modell zum Testsieger? Neben den oben genannten Aspekten spielen auch die Fahrdynamik und das Gewicht eine Rolle. Ein leichtes Bike l\u00e4sst sich besser man\u00f6vrieren, w\u00e4hrend ein schwereres Modell mit mehr Stabilit\u00e4t punkten kann. Die Tests geben dir einen detaillierten \u00dcberblick \u00fcber die Vor- und Nachteile der verschiedenen Modelle, damit du eine informierte Entscheidung treffen kannst.<\/span><span data-ccp-props=\"{&quot;134233117&quot;:false,&quot;134233118&quot;:false,&quot;201341983&quot;:0,&quot;335551550&quot;:0,&quot;335551620&quot;:0,&quot;335559738&quot;:240,&quot;335559739&quot;:240,&quot;335559740&quot;:279}\">\u00a0<\/span><\/p>\n<p><span data-contrast=\"auto\">Klick dich jetzt durch die Tests, entdecke die besten City-Bikes 2024 und finde das Modell, das am besten zu dir und deinem Lifestyle passt.<\/span><span data-ccp-props=\"{&quot;134233117&quot;:false,&quot;134233118&quot;:false,&quot;201341983&quot;:0,&quot;335551550&quot;:0,&quot;335551620&quot;:0,&quot;335559738&quot;:240,&quot;335559739&quot;:240,&quot;335559740&quot;:279}\">\u00a0<\/span>[\/vc_column_text][\/vc_column][\/vc_row][vc_row][vc_column width=&#8220;1\/1&#8243;][vc_column_text]<\/p>\n<h2><span class=\"ez-toc-section\" id=\"raymon-tourray-e-10-solider-stadtbegleiter-mit-stil\"><\/span><span class=\"TextRun SCXW80290984 BCX0\" lang=\"DE-DE\" xml:lang=\"DE-DE\" data-contrast=\"none\"><span class=\"NormalTextRun SpellingErrorV2Themed SCXW80290984 BCX0\" data-ccp-parastyle=\"heading 3\">Raymon<\/span> <span class=\"NormalTextRun SpellingErrorV2Themed SCXW80290984 BCX0\" data-ccp-parastyle=\"heading 3\">TourRay<\/span><span class=\"NormalTextRun SCXW80290984 BCX0\" data-ccp-parastyle=\"heading 3\"> E 1.0: Solider Stadtbegleiter mit Stil<\/span><\/span><span class=\"ez-toc-section-end\"><\/span><\/h2>\n<div id=\"attachment_33931\" style=\"width: 1157px\" class=\"wp-caption aligncenter\"><a href=\"https:\/\/www.fahrrad-xxl.de\/raymon-tourray-e-1-0-p00059463m002\"><img aria-describedby=\"caption-attachment-33931\" decoding=\"async\" loading=\"lazy\" class=\"wp-image-33931 size-full\" src=\"https:\/\/www.fahrrad-xxl.de\/blog\/wp-content\/uploads\/2019\/03\/Raymon-TourRay-E-1.0-e1724663120557.jpg\" alt=\"Raymon TourRay E 1.0\" width=\"1147\" height=\"820\" \/><\/a><p id=\"caption-attachment-33931\" class=\"wp-caption-text\">Raymon TourRay E 1.0<\/p><\/div>\n<p>[\/vc_column_text][\/vc_column][\/vc_row][vc_row][vc_column width=&#8220;1\/2&#8243;][vc_column_text]<b><span data-contrast=\"auto\">Vorteile:<\/span><\/b><span data-ccp-props=\"{&quot;134233117&quot;:false,&quot;134233118&quot;:false,&quot;201341983&quot;:0,&quot;335551550&quot;:0,&quot;335551620&quot;:0,&quot;335559738&quot;:240,&quot;335559739&quot;:240,&quot;335559740&quot;:279}\">\u00a0<\/span><\/p>\n<ul>\n<li data-leveltext=\"\uf0b7\" data-font=\"Symbol\" data-listid=\"1\" data-list-defn-props=\"{&quot;335552541&quot;:1,&quot;335559683&quot;:0,&quot;335559684&quot;:-2,&quot;335559685&quot;:720,&quot;335559991&quot;:360,&quot;469769226&quot;:&quot;Symbol&quot;,&quot;469769242&quot;:[8226],&quot;469777803&quot;:&quot;left&quot;,&quot;469777804&quot;:&quot;\uf0b7&quot;,&quot;469777815&quot;:&quot;hybridMultilevel&quot;}\" aria-setsize=\"-1\" data-aria-posinset=\"5\" data-aria-level=\"1\"><span data-contrast=\"auto\">Attraktiver Preis<\/span><span data-ccp-props=\"{&quot;134233117&quot;:false,&quot;134233118&quot;:false,&quot;201341983&quot;:0,&quot;335551550&quot;:0,&quot;335551620&quot;:0,&quot;335559738&quot;:0,&quot;335559739&quot;:0,&quot;335559740&quot;:279}\">\u00a0<\/span><\/li>\n<\/ul>\n<ul>\n<li data-leveltext=\"\uf0b7\" data-font=\"Symbol\" data-listid=\"1\" data-list-defn-props=\"{&quot;335552541&quot;:1,&quot;335559683&quot;:0,&quot;335559684&quot;:-2,&quot;335559685&quot;:720,&quot;335559991&quot;:360,&quot;469769226&quot;:&quot;Symbol&quot;,&quot;469769242&quot;:[8226],&quot;469777803&quot;:&quot;left&quot;,&quot;469777804&quot;:&quot;\uf0b7&quot;,&quot;469777815&quot;:&quot;hybridMultilevel&quot;}\" aria-setsize=\"-1\" data-aria-posinset=\"6\" data-aria-level=\"1\"><span data-contrast=\"auto\">Gute Ausstattung<\/span><span data-ccp-props=\"{&quot;134233117&quot;:false,&quot;134233118&quot;:false,&quot;201341983&quot;:0,&quot;335551550&quot;:0,&quot;335551620&quot;:0,&quot;335559738&quot;:0,&quot;335559739&quot;:0,&quot;335559740&quot;:279}\">\u00a0<\/span><\/li>\n<\/ul>\n<ul>\n<li data-leveltext=\"\uf0b7\" data-font=\"Symbol\" data-listid=\"1\" data-list-defn-props=\"{&quot;335552541&quot;:1,&quot;335559683&quot;:0,&quot;335559684&quot;:-2,&quot;335559685&quot;:720,&quot;335559991&quot;:360,&quot;469769226&quot;:&quot;Symbol&quot;,&quot;469769242&quot;:[8226],&quot;469777803&quot;:&quot;left&quot;,&quot;469777804&quot;:&quot;\uf0b7&quot;,&quot;469777815&quot;:&quot;hybridMultilevel&quot;}\" aria-setsize=\"-1\" data-aria-posinset=\"7\" data-aria-level=\"1\"><span data-contrast=\"auto\">Schnellladeger\u00e4t<\/span><span data-ccp-props=\"{&quot;134233117&quot;:false,&quot;134233118&quot;:false,&quot;201341983&quot;:0,&quot;335551550&quot;:0,&quot;335551620&quot;:0,&quot;335559738&quot;:0,&quot;335559739&quot;:0,&quot;335559740&quot;:279}\">\u00a0<\/span><\/li>\n<\/ul>\n<p><b><span data-contrast=\"auto\">Nachteile:<\/span><\/b><span data-ccp-props=\"{&quot;134233117&quot;:false,&quot;134233118&quot;:false,&quot;201341983&quot;:0,&quot;335551550&quot;:0,&quot;335551620&quot;:0,&quot;335559738&quot;:240,&quot;335559739&quot;:240,&quot;335559740&quot;:279}\">\u00a0<\/span><\/p>\n<ul>\n<li data-leveltext=\"\uf0b7\" data-font=\"Symbol\" data-listid=\"1\" data-list-defn-props=\"{&quot;335552541&quot;:1,&quot;335559683&quot;:0,&quot;335559684&quot;:-2,&quot;335559685&quot;:720,&quot;335559991&quot;:360,&quot;469769226&quot;:&quot;Symbol&quot;,&quot;469769242&quot;:[8226],&quot;469777803&quot;:&quot;left&quot;,&quot;469777804&quot;:&quot;\uf0b7&quot;,&quot;469777815&quot;:&quot;hybridMultilevel&quot;}\" aria-setsize=\"-1\" data-aria-posinset=\"8\" data-aria-level=\"1\"><span data-contrast=\"auto\">Relativ kleiner Akku (400 Wh)<\/span><span data-ccp-props=\"{&quot;134233117&quot;:false,&quot;134233118&quot;:false,&quot;201341983&quot;:0,&quot;335551550&quot;:0,&quot;335551620&quot;:0,&quot;335559738&quot;:0,&quot;335559739&quot;:0,&quot;335559740&quot;:279}\">\u00a0<\/span><\/li>\n<\/ul>\n<p>[\/vc_column_text][\/vc_column][vc_column width=&#8220;1\/2&#8243;][vc_column_text]<span data-contrast=\"auto\">Das <a href=\"https:\/\/www.fahrrad-xxl.de\/raymon-tourray-e-1-0-p00059463m002\">Raymon TourRay E 1.0<\/a> ist eine gelungene Kombination aus solider Technik und einem auff\u00e4lligen Design. F\u00fcr einen fairen Preis von etwa 2.000 Euro bekommt man hier jede Menge Leistung. Es ist mit einem zuverl\u00e4ssigen Yamaha PW-XE-Mittelmotor und einem Shimano-Altus-Schaltwerk mit acht G\u00e4ngen ausgestattet, was es perfekt f\u00fcr den Stadtverkehr und leichte Touren macht. Die hydraulischen Scheibenbremsen von Tektro sorgen daf\u00fcr, dass du auch bei N\u00e4sse sicher bremsen kannst. Das Schnellladeger\u00e4t ist ein echtes Highlight, denn es l\u00e4dt den 400-Wh-Akku in nur drei Stunden vollst\u00e4ndig auf \u2013 perfekt f\u00fcr Pendler, die das Bike t\u00e4glich nutzen. <\/span><span data-ccp-props=\"{&quot;134233117&quot;:false,&quot;134233118&quot;:false,&quot;201341983&quot;:0,&quot;335551550&quot;:0,&quot;335551620&quot;:0,&quot;335559738&quot;:240,&quot;335559739&quot;:240,&quot;335559740&quot;:279}\">\u00a0<\/span><\/p>\n<p><span data-contrast=\"auto\">Der Akku mit 400 Wh ist zwar kleiner als bei einigen Konkurrenzmodellen, reicht aber f\u00fcr den allt\u00e4glichen Einsatz in der Stadt vollkommen aus. Das TourRay E 1.0 ist perfekt f\u00fcr alle, die ein zuverl\u00e4ssiges, g\u00fcnstiges E-Bike suchen, das schnell aufgeladen ist und gut aussieht &#8211; so efahrer.com-.<\/span><span data-ccp-props=\"{&quot;134233117&quot;:false,&quot;134233118&quot;:false,&quot;201341983&quot;:0,&quot;335551550&quot;:0,&quot;335551620&quot;:0,&quot;335559738&quot;:240,&quot;335559739&quot;:240,&quot;335559740&quot;:279}\">\u00a0<\/span>[\/vc_column_text][\/vc_column][\/vc_row][vc_row][vc_column width=&#8220;1\/4&#8243;][\/vc_column][vc_column width=&#8220;1\/2&#8243;]<a href=\"https:\/\/www.fahrrad-xxl.de\/serie\/raymon-tourray\/saison.2024\/\" target=\"_self\" class=\"button button-appear custom large \" style=\"background-color: #a82323; border-color: #a82323;border-radius: 30px;\"><span>Entdecke die Raymon Tourray Modelle 2024<i class='fa fas fa-chevron-circle-right'><\/i><\/span><\/a><div class=\"spacer\" style=\"height: 40px;\"><\/div>[\/vc_column][vc_column width=&#8220;1\/4&#8243;][\/vc_column][\/vc_row][vc_row][vc_column][vc_column_text]<\/p>\n<h2><span class=\"ez-toc-section\" id=\"husqvarna-gran-city-1-skandinavisches-design-trifft-urbane-funktionalitaet\"><\/span><span class=\"TextRun SCXW142341442 BCX0\" lang=\"DE-DE\" xml:lang=\"DE-DE\" data-contrast=\"none\"><span class=\"NormalTextRun SCXW142341442 BCX0\" data-ccp-parastyle=\"heading 3\">Husqvarna Gran City 1: Skandinavisches Design trifft urbane Funktionalit\u00e4t<\/span><\/span><span class=\"ez-toc-section-end\"><\/span><\/h2>\n<div id=\"attachment_33934\" style=\"width: 1258px\" class=\"wp-caption aligncenter\"><a href=\"https:\/\/www.fahrrad-xxl.de\/husqvarna-gran-city-1-m000071055\"><img aria-describedby=\"caption-attachment-33934\" decoding=\"async\" loading=\"lazy\" class=\"wp-image-33934 size-full\" src=\"https:\/\/www.fahrrad-xxl.de\/blog\/wp-content\/uploads\/2019\/03\/Husqvarna-Gran-City-1-e1724663317975.jpg\" alt=\"Husqvarna Gran City 1\" width=\"1248\" height=\"878\" \/><\/a><p id=\"caption-attachment-33934\" class=\"wp-caption-text\">Husqvarna Gran City 1<\/p><\/div>\n<p>[\/vc_column_text][\/vc_column][vc_column width=&#8220;1\/2&#8243;][vc_row_inner][vc_column_inner][vc_column_text]<b><span data-contrast=\"auto\">Vorteile:<\/span><\/b><span data-ccp-props=\"{&quot;134233117&quot;:false,&quot;134233118&quot;:false,&quot;201341983&quot;:0,&quot;335551550&quot;:0,&quot;335551620&quot;:0,&quot;335559738&quot;:240,&quot;335559739&quot;:240,&quot;335559740&quot;:279}\">\u00a0<\/span><\/p>\n<ul>\n<li data-leveltext=\"\uf0b7\" data-font=\"Symbol\" data-listid=\"1\" data-list-defn-props=\"{&quot;335552541&quot;:1,&quot;335559683&quot;:0,&quot;335559684&quot;:-2,&quot;335559685&quot;:720,&quot;335559991&quot;:360,&quot;469769226&quot;:&quot;Symbol&quot;,&quot;469769242&quot;:[8226],&quot;469777803&quot;:&quot;left&quot;,&quot;469777804&quot;:&quot;\uf0b7&quot;,&quot;469777815&quot;:&quot;hybridMultilevel&quot;}\" aria-setsize=\"-1\" data-aria-posinset=\"9\" data-aria-level=\"1\"><span data-contrast=\"auto\">Gute Ausstattung<\/span><span data-ccp-props=\"{&quot;134233117&quot;:false,&quot;134233118&quot;:false,&quot;201341983&quot;:0,&quot;335551550&quot;:0,&quot;335551620&quot;:0,&quot;335559738&quot;:0,&quot;335559739&quot;:0,&quot;335559740&quot;:279}\">\u00a0<\/span><\/li>\n<\/ul>\n<ul>\n<li data-leveltext=\"\uf0b7\" data-font=\"Symbol\" data-listid=\"1\" data-list-defn-props=\"{&quot;335552541&quot;:1,&quot;335559683&quot;:0,&quot;335559684&quot;:-2,&quot;335559685&quot;:720,&quot;335559991&quot;:360,&quot;469769226&quot;:&quot;Symbol&quot;,&quot;469769242&quot;:[8226],&quot;469777803&quot;:&quot;left&quot;,&quot;469777804&quot;:&quot;\uf0b7&quot;,&quot;469777815&quot;:&quot;hybridMultilevel&quot;}\" aria-setsize=\"-1\" data-aria-posinset=\"10\" data-aria-level=\"1\"><span data-contrast=\"auto\">Schnellladeger\u00e4t<\/span><span data-ccp-props=\"{&quot;134233117&quot;:false,&quot;134233118&quot;:false,&quot;201341983&quot;:0,&quot;335551550&quot;:0,&quot;335551620&quot;:0,&quot;335559738&quot;:0,&quot;335559739&quot;:0,&quot;335559740&quot;:279}\">\u00a0<\/span><\/li>\n<\/ul>\n<p><b><span data-contrast=\"auto\">Nachteile:<\/span><\/b><span data-ccp-props=\"{&quot;134233117&quot;:false,&quot;134233118&quot;:false,&quot;201341983&quot;:0,&quot;335551550&quot;:0,&quot;335551620&quot;:0,&quot;335559738&quot;:240,&quot;335559739&quot;:240,&quot;335559740&quot;:279}\">\u00a0<\/span><\/p>\n<ul>\n<li data-leveltext=\"\uf0b7\" data-font=\"Symbol\" data-listid=\"1\" data-list-defn-props=\"{&quot;335552541&quot;:1,&quot;335559683&quot;:0,&quot;335559684&quot;:-2,&quot;335559685&quot;:720,&quot;335559991&quot;:360,&quot;469769226&quot;:&quot;Symbol&quot;,&quot;469769242&quot;:[8226],&quot;469777803&quot;:&quot;left&quot;,&quot;469777804&quot;:&quot;\uf0b7&quot;,&quot;469777815&quot;:&quot;hybridMultilevel&quot;}\" aria-setsize=\"-1\" data-aria-posinset=\"11\" data-aria-level=\"1\"><span data-contrast=\"auto\">Zul\u00e4ssiges Gesamtgewicht nur Standard<\/span><span data-ccp-props=\"{&quot;134233117&quot;:false,&quot;134233118&quot;:false,&quot;201341983&quot;:0,&quot;335551550&quot;:0,&quot;335551620&quot;:0,&quot;335559738&quot;:0,&quot;335559739&quot;:0,&quot;335559740&quot;:279}\">\u00a0<\/span><\/li>\n<\/ul>\n<p>[\/vc_column_text][\/vc_column_inner][\/vc_row_inner][\/vc_column][vc_column width=&#8220;1\/2&#8243;][vc_column_text]<span data-contrast=\"auto\">Mit dem <a href=\"https:\/\/www.fahrrad-xxl.de\/husqvarna-gran-city-1-m000071055\">Husqvarna Gran City 1<\/a> holst du dir ein St\u00fcck skandinavischen Charme in die Stadt. Dieses E-City-Bike punktet mit einem kraftvollen Shimano Steps E 6100 Motor und einer 8-Gang Shimano Alivio Schaltung, die f\u00fcr reibungslose Gangwechsel sorgt. Der 500-Wh-Akku ist in weniger als vier Stunden wieder voll aufgeladen und macht damit lange Ausfl\u00fcge m\u00f6glich. Die hydraulischen Scheibenbremsen sorgen daf\u00fcr, dass du auch im dichten Stadtverkehr sicher bremsen kannst. <\/span><span data-ccp-props=\"{&quot;134233117&quot;:false,&quot;134233118&quot;:false,&quot;201341983&quot;:0,&quot;335551550&quot;:0,&quot;335551620&quot;:0,&quot;335559738&quot;:240,&quot;335559739&quot;:240,&quot;335559740&quot;:279}\">\u00a0<\/span><\/p>\n<p><span data-contrast=\"auto\">F\u00fcr rund 3.100 Euro bekommt man mit dem Gran City 1 ein starkes E-Bike mit hochwertiger Ausstattung. Der einzige kleine Nachteil ist das Standard-Gesamtgewicht, das man bei schwerer Beladung beachten sollte. Trotzdem ist das Modell eine gute Wahl f\u00fcr alle, die ein stilvolles und funktionales E-Bike f\u00fcr den urbanen Raum suchen.\u00a0So die Meinung von <\/span><a href=\"https:\/\/efahrer.chip.de\/e-bikes\/die-besten-e-bikes-2024-das-sind-die-raeder-mit-der-besten-preis-leistung_104123#husqvarna-gran-city-1\"><span data-contrast=\"none\">efahrer.com<\/span><\/a><span data-contrast=\"auto\">.<\/span><span data-ccp-props=\"{&quot;134233117&quot;:false,&quot;134233118&quot;:false,&quot;201341983&quot;:0,&quot;335551550&quot;:0,&quot;335551620&quot;:0,&quot;335559738&quot;:240,&quot;335559739&quot;:240,&quot;335559740&quot;:279}\">\u00a0<\/span>[\/vc_column_text][\/vc_column][\/vc_row][vc_row][vc_column width=&#8220;1\/6&#8243;][\/vc_column][vc_column width=&#8220;2\/3&#8243;]<a href=\"https:\/\/www.fahrrad-xxl.de\/serie\/husqvarna-gran-city\/\" target=\"_self\" class=\"button button-appear custom large \" style=\"background-color: #a82323; border-color: #a82323;border-radius: 30px;\"><span>Entdecke die Husqvarna Gran City Modelle<i class='fa fas fa-chevron-circle-right'><\/i><\/span><\/a><div class=\"spacer\" style=\"height: 40px;\"><\/div>[\/vc_column][vc_column width=&#8220;1\/6&#8243;][\/vc_column][\/vc_row][vc_row][vc_column][vc_row_inner][vc_column_inner][vc_column_text]<\/p>\n<h2><span class=\"ez-toc-section\" id=\"diamant-139-stilvolles-design-und-sportliche-performance\"><\/span><span class=\"TextRun SCXW68038586 BCX0\" lang=\"DE-DE\" xml:lang=\"DE-DE\" data-contrast=\"none\"><span class=\"NormalTextRun SCXW68038586 BCX0\" data-ccp-parastyle=\"heading 3\">Diamant 139: Stilvolles Design und sportliche Performance<\/span><\/span><span class=\"ez-toc-section-end\"><\/span><\/h2>\n<div id=\"attachment_33935\" style=\"width: 1930px\" class=\"wp-caption aligncenter\"><a href=\"https:\/\/www.fahrrad-xxl.de\/diamant-139-m000084967\"><img aria-describedby=\"caption-attachment-33935\" decoding=\"async\" loading=\"lazy\" class=\"size-full wp-image-33935\" src=\"https:\/\/www.fahrrad-xxl.de\/blog\/wp-content\/uploads\/2019\/03\/Diamant-139.jpg\" alt=\"Diamant 139\" width=\"1920\" height=\"1280\" \/><\/a><p id=\"caption-attachment-33935\" class=\"wp-caption-text\">Diamant 139<\/p><\/div>\n<p>[\/vc_column_text][\/vc_column_inner][\/vc_row_inner][\/vc_column][vc_column width=&#8220;1\/2&#8243;][vc_column_text]<b><span data-contrast=\"auto\">Vorteile:<\/span><\/b><span data-ccp-props=\"{&quot;134233117&quot;:false,&quot;134233118&quot;:false,&quot;201341983&quot;:0,&quot;335551550&quot;:0,&quot;335551620&quot;:0,&quot;335559738&quot;:240,&quot;335559739&quot;:240,&quot;335559740&quot;:279}\">\u00a0<\/span><\/p>\n<ul>\n<li data-leveltext=\"\uf0b7\" data-font=\"Symbol\" data-listid=\"1\" data-list-defn-props=\"{&quot;335552541&quot;:1,&quot;335559683&quot;:0,&quot;335559684&quot;:-2,&quot;335559685&quot;:720,&quot;335559991&quot;:360,&quot;469769226&quot;:&quot;Symbol&quot;,&quot;469769242&quot;:[8226],&quot;469777803&quot;:&quot;left&quot;,&quot;469777804&quot;:&quot;\uf0b7&quot;,&quot;469777815&quot;:&quot;hybridMultilevel&quot;}\" aria-setsize=\"-1\" data-aria-posinset=\"12\" data-aria-level=\"1\"><span data-contrast=\"auto\">Attraktive, mutige Farbgebung<\/span><span data-ccp-props=\"{&quot;134233117&quot;:false,&quot;134233118&quot;:false,&quot;201341983&quot;:0,&quot;335551550&quot;:0,&quot;335551620&quot;:0,&quot;335559738&quot;:0,&quot;335559739&quot;:0,&quot;335559740&quot;:279}\">\u00a0<\/span><\/li>\n<\/ul>\n<ul>\n<li data-leveltext=\"\uf0b7\" data-font=\"Symbol\" data-listid=\"1\" data-list-defn-props=\"{&quot;335552541&quot;:1,&quot;335559683&quot;:0,&quot;335559684&quot;:-2,&quot;335559685&quot;:720,&quot;335559991&quot;:360,&quot;469769226&quot;:&quot;Symbol&quot;,&quot;469769242&quot;:[8226],&quot;469777803&quot;:&quot;left&quot;,&quot;469777804&quot;:&quot;\uf0b7&quot;,&quot;469777815&quot;:&quot;hybridMultilevel&quot;}\" aria-setsize=\"-1\" data-aria-posinset=\"13\" data-aria-level=\"1\"><span data-contrast=\"auto\">Wartungsarmer Riemenantrieb<\/span><span data-ccp-props=\"{&quot;134233117&quot;:false,&quot;134233118&quot;:false,&quot;201341983&quot;:0,&quot;335551550&quot;:0,&quot;335551620&quot;:0,&quot;335559738&quot;:0,&quot;335559739&quot;:0,&quot;335559740&quot;:279}\">\u00a0<\/span><\/li>\n<\/ul>\n<ul>\n<li data-leveltext=\"\uf0b7\" data-font=\"Symbol\" data-listid=\"1\" data-list-defn-props=\"{&quot;335552541&quot;:1,&quot;335559683&quot;:0,&quot;335559684&quot;:-2,&quot;335559685&quot;:720,&quot;335559991&quot;:360,&quot;469769226&quot;:&quot;Symbol&quot;,&quot;469769242&quot;:[8226],&quot;469777803&quot;:&quot;left&quot;,&quot;469777804&quot;:&quot;\uf0b7&quot;,&quot;469777815&quot;:&quot;hybridMultilevel&quot;}\" aria-setsize=\"-1\" data-aria-posinset=\"14\" data-aria-level=\"1\"><span data-contrast=\"auto\">Hochwertige Lichtanlage<\/span><span data-ccp-props=\"{&quot;134233117&quot;:false,&quot;134233118&quot;:false,&quot;201341983&quot;:0,&quot;335551550&quot;:0,&quot;335551620&quot;:0,&quot;335559738&quot;:0,&quot;335559739&quot;:0,&quot;335559740&quot;:279}\">\u00a0<\/span><\/li>\n<\/ul>\n<p><b><span data-contrast=\"auto\">Nachteile:<\/span><\/b><span data-ccp-props=\"{&quot;134233117&quot;:false,&quot;134233118&quot;:false,&quot;201341983&quot;:0,&quot;335551550&quot;:0,&quot;335551620&quot;:0,&quot;335559738&quot;:240,&quot;335559739&quot;:240,&quot;335559740&quot;:279}\">\u00a0<\/span><\/p>\n<ul>\n<li data-leveltext=\"\uf0b7\" data-font=\"Symbol\" data-listid=\"1\" data-list-defn-props=\"{&quot;335552541&quot;:1,&quot;335559683&quot;:0,&quot;335559684&quot;:-2,&quot;335559685&quot;:720,&quot;335559991&quot;:360,&quot;469769226&quot;:&quot;Symbol&quot;,&quot;469769242&quot;:[8226],&quot;469777803&quot;:&quot;left&quot;,&quot;469777804&quot;:&quot;\uf0b7&quot;,&quot;469777815&quot;:&quot;hybridMultilevel&quot;}\" aria-setsize=\"-1\" data-aria-posinset=\"15\" data-aria-level=\"1\"><span data-contrast=\"auto\">Kein Gep\u00e4cktr\u00e4ger<\/span><span data-ccp-props=\"{&quot;134233117&quot;:false,&quot;134233118&quot;:false,&quot;201341983&quot;:0,&quot;335551550&quot;:0,&quot;335551620&quot;:0,&quot;335559738&quot;:0,&quot;335559739&quot;:0,&quot;335559740&quot;:279}\">\u00a0<\/span><\/li>\n<\/ul>\n<p>[\/vc_column_text][\/vc_column][vc_column width=&#8220;1\/2&#8243;][vc_column_text]<span data-contrast=\"auto\">Das <a href=\"https:\/\/www.fahrrad-xxl.de\/diamant-139-m000084967\">Diamant 139<\/a> ist ein stylisches Urbanbike mit einer auff\u00e4lligen, verlaufsartigen Farbgebung und sportlichen Fahreigenschaften.\u00a0Dieses Modell ist perfekt f\u00fcr Pendler und stilbewusste Fahrer, die auf der Suche nach einem dynamischen und gleichzeitig wartungsarmen Fahrrad sind. Dank des Riemenantriebs l\u00e4uft es leise und ben\u00f6tigt kaum Wartung.<\/span><span data-ccp-props=\"{&quot;134233117&quot;:false,&quot;134233118&quot;:false,&quot;201341983&quot;:0,&quot;335551550&quot;:0,&quot;335551620&quot;:0,&quot;335559738&quot;:240,&quot;335559739&quot;:240,&quot;335559740&quot;:279}\">\u00a0<\/span><\/p>\n<p><span data-contrast=\"auto\">Trotz des minimalistischen Designs, das auf einen Gep\u00e4cktr\u00e4ger verzichtet, bietet das Diamant 139 alle notwendigen Features f\u00fcr den st\u00e4dtischen Einsatz, darunter eine hochwertige Lichtanlage f\u00fcr optimale Sichtbarkeit. Der breite Lenker und die MTB-inspirierte Geometrie sorgen f\u00fcr agiles Handling und machen das Fahren zu einem echten Vergn\u00fcgen. Ideal f\u00fcr alle, die gerne stilvoll durch die Stadt cruisen. <\/span><a href=\"https:\/\/www.radfahren.de\/test-technik\/diamant-139-test\/\"><span data-contrast=\"none\">Radfahren.de<\/span><\/a><span data-contrast=\"auto\"> bewertet das Modell mit 1,8 \u2013 Gut.<\/span><span data-ccp-props=\"{&quot;134233117&quot;:false,&quot;134233118&quot;:false,&quot;201341983&quot;:0,&quot;335551550&quot;:0,&quot;335551620&quot;:0,&quot;335559738&quot;:240,&quot;335559739&quot;:240,&quot;335559740&quot;:279}\">\u00a0<\/span>[\/vc_column_text][\/vc_column][\/vc_row][vc_row][vc_column width=&#8220;1\/6&#8243;][\/vc_column][vc_column width=&#8220;2\/3&#8243;]<a href=\"https:\/\/www.fahrrad-xxl.de\/marken\/diamant\/saison.2024\/\" target=\"_self\" class=\"button button-appear custom small \" style=\"background-color: #a82323; border-color: #a82323;border-radius: 30px;\"><span>Entdecke die Diamant City-Bike Modelle 2024<i class='fa fas fa-chevron-circle-right'><\/i><\/span><\/a><div class=\"spacer\" style=\"height: 40px;\"><\/div>[\/vc_column][vc_column width=&#8220;1\/6&#8243;][\/vc_column][\/vc_row][vc_row][vc_column][vc_column_text]<\/p>\n<h2><span class=\"ez-toc-section\" id=\"brompton-t-line-das-titanwunder-unter-den-faltraedern\"><\/span><span class=\"TextRun SCXW106825231 BCX0\" lang=\"DE-DE\" xml:lang=\"DE-DE\" data-contrast=\"none\"><span class=\"NormalTextRun SCXW106825231 BCX0\" data-ccp-parastyle=\"heading 3\">Brompton<\/span><span class=\"NormalTextRun SCXW106825231 BCX0\" data-ccp-parastyle=\"heading 3\"> T-Line: Das Titanwunder unter den Faltr\u00e4dern<\/span><\/span><span class=\"ez-toc-section-end\"><\/span><\/h2>\n<div id=\"attachment_33936\" style=\"width: 1214px\" class=\"wp-caption aligncenter\"><a href=\"https:\/\/www.fahrrad-xxl.de\/brompton-t-line-explore-m000088250\"><img aria-describedby=\"caption-attachment-33936\" decoding=\"async\" loading=\"lazy\" class=\"size-full wp-image-33936\" src=\"https:\/\/www.fahrrad-xxl.de\/blog\/wp-content\/uploads\/2019\/03\/Brompton-T-Line-e1724663639419.jpg\" alt=\"Brompton T-Line Explore\" width=\"1204\" height=\"912\" \/><\/a><p id=\"caption-attachment-33936\" class=\"wp-caption-text\">Brompton T-Line Explore<\/p><\/div>\n<p>[\/vc_column_text][\/vc_column][vc_column width=&#8220;1\/2&#8243;][vc_column_text]<b><span data-contrast=\"auto\">Vorteile:<\/span><\/b><span data-ccp-props=\"{&quot;134233117&quot;:false,&quot;134233118&quot;:false,&quot;201341983&quot;:0,&quot;335551550&quot;:0,&quot;335551620&quot;:0,&quot;335559738&quot;:240,&quot;335559739&quot;:240,&quot;335559740&quot;:279}\">\u00a0<\/span><\/p>\n<ul>\n<li data-leveltext=\"\uf0b7\" data-font=\"Symbol\" data-listid=\"1\" data-list-defn-props=\"{&quot;335552541&quot;:1,&quot;335559683&quot;:0,&quot;335559684&quot;:-2,&quot;335559685&quot;:720,&quot;335559991&quot;:360,&quot;469769226&quot;:&quot;Symbol&quot;,&quot;469769242&quot;:[8226],&quot;469777803&quot;:&quot;left&quot;,&quot;469777804&quot;:&quot;\uf0b7&quot;,&quot;469777815&quot;:&quot;hybridMultilevel&quot;}\" aria-setsize=\"-1\" data-aria-posinset=\"16\" data-aria-level=\"1\"><span data-contrast=\"auto\">Ultraleichtes Gewicht (8,8 kg)<\/span><span data-ccp-props=\"{&quot;134233117&quot;:false,&quot;134233118&quot;:false,&quot;201341983&quot;:0,&quot;335551550&quot;:0,&quot;335551620&quot;:0,&quot;335559738&quot;:0,&quot;335559739&quot;:0,&quot;335559740&quot;:279}\">\u00a0<\/span><\/li>\n<\/ul>\n<ul>\n<li data-leveltext=\"\uf0b7\" data-font=\"Symbol\" data-listid=\"1\" data-list-defn-props=\"{&quot;335552541&quot;:1,&quot;335559683&quot;:0,&quot;335559684&quot;:-2,&quot;335559685&quot;:720,&quot;335559991&quot;:360,&quot;469769226&quot;:&quot;Symbol&quot;,&quot;469769242&quot;:[8226],&quot;469777803&quot;:&quot;left&quot;,&quot;469777804&quot;:&quot;\uf0b7&quot;,&quot;469777815&quot;:&quot;hybridMultilevel&quot;}\" aria-setsize=\"-1\" data-aria-posinset=\"17\" data-aria-level=\"1\"><span data-contrast=\"auto\">Hochwertige Verarbeitung und edles Design<\/span><span data-ccp-props=\"{&quot;134233117&quot;:false,&quot;134233118&quot;:false,&quot;201341983&quot;:0,&quot;335551550&quot;:0,&quot;335551620&quot;:0,&quot;335559738&quot;:0,&quot;335559739&quot;:0,&quot;335559740&quot;:279}\">\u00a0<\/span><\/li>\n<\/ul>\n<ul>\n<li data-leveltext=\"\uf0b7\" data-font=\"Symbol\" data-listid=\"1\" data-list-defn-props=\"{&quot;335552541&quot;:1,&quot;335559683&quot;:0,&quot;335559684&quot;:-2,&quot;335559685&quot;:720,&quot;335559991&quot;:360,&quot;469769226&quot;:&quot;Symbol&quot;,&quot;469769242&quot;:[8226],&quot;469777803&quot;:&quot;left&quot;,&quot;469777804&quot;:&quot;\uf0b7&quot;,&quot;469777815&quot;:&quot;hybridMultilevel&quot;}\" aria-setsize=\"-1\" data-aria-posinset=\"18\" data-aria-level=\"1\"><span data-contrast=\"auto\">Innovative 12-Gang-Schaltung<\/span><span data-ccp-props=\"{&quot;134233117&quot;:false,&quot;134233118&quot;:false,&quot;201341983&quot;:0,&quot;335551550&quot;:0,&quot;335551620&quot;:0,&quot;335559738&quot;:0,&quot;335559739&quot;:0,&quot;335559740&quot;:279}\">\u00a0<\/span><\/li>\n<\/ul>\n<p><b><span data-contrast=\"auto\">Nachteile:<\/span><\/b><span data-ccp-props=\"{&quot;134233117&quot;:false,&quot;134233118&quot;:false,&quot;201341983&quot;:0,&quot;335551550&quot;:0,&quot;335551620&quot;:0,&quot;335559738&quot;:240,&quot;335559739&quot;:240,&quot;335559740&quot;:279}\">\u00a0<\/span><\/p>\n<ul>\n<li data-leveltext=\"\uf0b7\" data-font=\"Symbol\" data-listid=\"1\" data-list-defn-props=\"{&quot;335552541&quot;:1,&quot;335559683&quot;:0,&quot;335559684&quot;:-2,&quot;335559685&quot;:720,&quot;335559991&quot;:360,&quot;469769226&quot;:&quot;Symbol&quot;,&quot;469769242&quot;:[8226],&quot;469777803&quot;:&quot;left&quot;,&quot;469777804&quot;:&quot;\uf0b7&quot;,&quot;469777815&quot;:&quot;hybridMultilevel&quot;}\" aria-setsize=\"-1\" data-aria-posinset=\"19\" data-aria-level=\"1\"><span data-contrast=\"auto\">Hoher Preis<\/span><span data-ccp-props=\"{&quot;134233117&quot;:false,&quot;134233118&quot;:false,&quot;201341983&quot;:0,&quot;335551550&quot;:0,&quot;335551620&quot;:0,&quot;335559738&quot;:0,&quot;335559739&quot;:0,&quot;335559740&quot;:279}\">\u00a0<\/span><\/li>\n<\/ul>\n<ul>\n<li data-leveltext=\"\uf0b7\" data-font=\"Symbol\" data-listid=\"1\" data-list-defn-props=\"{&quot;335552541&quot;:1,&quot;335559683&quot;:0,&quot;335559684&quot;:-2,&quot;335559685&quot;:720,&quot;335559991&quot;:360,&quot;469769226&quot;:&quot;Symbol&quot;,&quot;469769242&quot;:[8226],&quot;469777803&quot;:&quot;left&quot;,&quot;469777804&quot;:&quot;\uf0b7&quot;,&quot;469777815&quot;:&quot;hybridMultilevel&quot;}\" aria-setsize=\"-1\" data-aria-posinset=\"20\" data-aria-level=\"1\"><span data-contrast=\"auto\">Eingeschr\u00e4nkter Komfort f\u00fcr gr\u00f6\u00dfere Fahrer<\/span><span data-ccp-props=\"{&quot;134233117&quot;:false,&quot;134233118&quot;:false,&quot;201341983&quot;:0,&quot;335551550&quot;:0,&quot;335551620&quot;:0,&quot;335559738&quot;:0,&quot;335559739&quot;:0,&quot;335559740&quot;:279}\">\u00a0<\/span><\/li>\n<\/ul>\n<ul>\n<li data-leveltext=\"\uf0b7\" data-font=\"Symbol\" data-listid=\"1\" data-list-defn-props=\"{&quot;335552541&quot;:1,&quot;335559683&quot;:0,&quot;335559684&quot;:-2,&quot;335559685&quot;:720,&quot;335559991&quot;:360,&quot;469769226&quot;:&quot;Symbol&quot;,&quot;469769242&quot;:[8226],&quot;469777803&quot;:&quot;left&quot;,&quot;469777804&quot;:&quot;\uf0b7&quot;,&quot;469777815&quot;:&quot;hybridMultilevel&quot;}\" aria-setsize=\"-1\" data-aria-posinset=\"21\" data-aria-level=\"1\"><span data-contrast=\"auto\">Keine integrierte Lichtanlage<\/span><span data-ccp-props=\"{&quot;134233117&quot;:false,&quot;134233118&quot;:false,&quot;201341983&quot;:0,&quot;335551550&quot;:0,&quot;335551620&quot;:0,&quot;335559738&quot;:0,&quot;335559739&quot;:0,&quot;335559740&quot;:279}\">\u00a0<\/span><\/li>\n<\/ul>\n<p>[\/vc_column_text][\/vc_column][vc_column width=&#8220;1\/2&#8243;][vc_column_text]<span data-contrast=\"auto\">Das <a href=\"https:\/\/www.fahrrad-xxl.de\/brompton-t-line-explore-m000088250\">Brompton T-Line<\/a> ist eines der leichtesten und innovativsten Faltr\u00e4der auf dem Markt. Mit nur 8,8 kg dank Titanrahmen und Carbonbauteilen ist es ideal f\u00fcr Pendler, die ihr Rad h\u00e4ufig tragen oder in \u00f6ffentlichen Verkehrsmitteln mitnehmen m\u00fcssen. Die 12-Gang-Schaltung, die eine 4-Gang-Kettenschaltung mit einer 3-Gang-Nabe kombiniert, bietet Flexibilit\u00e4t f\u00fcr st\u00e4dtische Fahrten und Touren.<\/span><span data-ccp-props=\"{&quot;134233117&quot;:false,&quot;134233118&quot;:false,&quot;201341983&quot;:0,&quot;335551550&quot;:0,&quot;335551620&quot;:0,&quot;335559738&quot;:240,&quot;335559739&quot;:240,&quot;335559740&quot;:279}\">\u00a0<\/span><\/p>\n<p><span data-contrast=\"auto\">Die hochwertigen Materialien sorgen daf\u00fcr, dass das Rad nicht nur leicht, sondern auch richtig robust und langlebig ist. Der hohe Preis und der eingeschr\u00e4nkte Komfort f\u00fcr gr\u00f6\u00dfere Fahrer k\u00f6nnten potenzielle K\u00e4ufer aber abschrecken. F\u00fcr alle anderen ist das Brompton T-Line eine erstklassige Wahl f\u00fcr ein kompaktes und vielseitiges Faltrad. F\u00fcr <\/span><a href=\"https:\/\/www.radfahren.de\/test-technik\/brompton-t-line-test\/\"><span data-contrast=\"none\">Radfahren.de<\/span><\/a><span data-contrast=\"auto\"> eine 1,9 \u2013 Gut.<\/span><span data-ccp-props=\"{&quot;134233117&quot;:false,&quot;134233118&quot;:false,&quot;201341983&quot;:0,&quot;335551550&quot;:0,&quot;335551620&quot;:0,&quot;335559738&quot;:240,&quot;335559739&quot;:240,&quot;335559740&quot;:279}\">\u00a0<\/span>[\/vc_column_text][\/vc_column][\/vc_row][vc_row][vc_column width=&#8220;1\/6&#8243;][\/vc_column][vc_column width=&#8220;2\/3&#8243;]<a href=\"https:\/\/www.fahrrad-xxl.de\/marken\/brompton\/saison.2024\/\" target=\"_self\" class=\"button button-appear custom full \" style=\"background-color: #a82323; border-color: #a82323;border-radius: 30px;\"><span>Entdecke Brompton Faltr\u00e4der 2024<i class='fa fas fa-chevron-circle-right'><\/i><\/span><\/a><div class=\"spacer\" style=\"height: 40px;\"><\/div>[\/vc_column][vc_column width=&#8220;1\/6&#8243;][\/vc_column][\/vc_row][vc_row][vc_column width=&#8220;1\/1&#8243;][vc_column_text]<\/p>\n<h2><span class=\"ez-toc-section\" id=\"brompton-c-line-electric-kompakt-praktisch-leistungsstark\"><\/span><span class=\"TextRun SCXW101651580 BCX0\" lang=\"DE-DE\" xml:lang=\"DE-DE\" data-contrast=\"none\"><span class=\"NormalTextRun SpellingErrorV2Themed SCXW101651580 BCX0\" data-ccp-parastyle=\"heading 3\">Brompton<\/span><span class=\"NormalTextRun SCXW101651580 BCX0\" data-ccp-parastyle=\"heading 3\"> C Line Electric: Kompakt, praktisch, leistungsstark<\/span><\/span><span class=\"EOP SCXW101651580 BCX0\" data-ccp-props=\"{&quot;134233117&quot;:false,&quot;134233118&quot;:false,&quot;134245418&quot;:true,&quot;134245529&quot;:true,&quot;201341983&quot;:0,&quot;335551550&quot;:0,&quot;335551620&quot;:0,&quot;335559738&quot;:281,&quot;335559739&quot;:281,&quot;335559740&quot;:279}\">\u00a0<\/span><span class=\"ez-toc-section-end\"><\/span><\/h2>\n<div id=\"attachment_33937\" style=\"width: 1310px\" class=\"wp-caption aligncenter\"><a href=\"https:\/\/www.fahrrad-xxl.de\/brompton-electric-c-line-explore-m000086572\"><img aria-describedby=\"caption-attachment-33937\" decoding=\"async\" loading=\"lazy\" class=\"wp-image-33937 size-full\" src=\"https:\/\/www.fahrrad-xxl.de\/blog\/wp-content\/uploads\/2019\/03\/Brompton-C-Line-Electric-e1724664006430.jpg\" alt=\"Brompton C Line Electric\" width=\"1300\" height=\"940\" \/><\/a><p id=\"caption-attachment-33937\" class=\"wp-caption-text\">Brompton C Line Electric<\/p><\/div>\n<p>[\/vc_column_text][\/vc_column][\/vc_row][vc_row][vc_column width=&#8220;1\/2&#8243;][vc_column_text]<b><span data-contrast=\"auto\">Vorteile:<\/span><\/b><span data-ccp-props=\"{&quot;134233117&quot;:false,&quot;134233118&quot;:false,&quot;201341983&quot;:0,&quot;335551550&quot;:0,&quot;335551620&quot;:0,&quot;335559738&quot;:240,&quot;335559739&quot;:240,&quot;335559740&quot;:279}\">\u00a0<\/span><\/p>\n<ul>\n<li data-leveltext=\"\uf0b7\" data-font=\"Symbol\" data-listid=\"1\" data-list-defn-props=\"{&quot;335552541&quot;:1,&quot;335559683&quot;:0,&quot;335559684&quot;:-2,&quot;335559685&quot;:720,&quot;335559991&quot;:360,&quot;469769226&quot;:&quot;Symbol&quot;,&quot;469769242&quot;:[8226],&quot;469777803&quot;:&quot;left&quot;,&quot;469777804&quot;:&quot;\uf0b7&quot;,&quot;469777815&quot;:&quot;hybridMultilevel&quot;}\" aria-setsize=\"-1\" data-aria-posinset=\"22\" data-aria-level=\"1\"><span data-contrast=\"auto\">Kompaktes Faltma\u00df<\/span><span data-ccp-props=\"{&quot;134233117&quot;:false,&quot;134233118&quot;:false,&quot;201341983&quot;:0,&quot;335551550&quot;:0,&quot;335551620&quot;:0,&quot;335559738&quot;:0,&quot;335559739&quot;:0,&quot;335559740&quot;:279}\">\u00a0<\/span><\/li>\n<\/ul>\n<ul>\n<li data-leveltext=\"\uf0b7\" data-font=\"Symbol\" data-listid=\"1\" data-list-defn-props=\"{&quot;335552541&quot;:1,&quot;335559683&quot;:0,&quot;335559684&quot;:-2,&quot;335559685&quot;:720,&quot;335559991&quot;:360,&quot;469769226&quot;:&quot;Symbol&quot;,&quot;469769242&quot;:[8226],&quot;469777803&quot;:&quot;left&quot;,&quot;469777804&quot;:&quot;\uf0b7&quot;,&quot;469777815&quot;:&quot;hybridMultilevel&quot;}\" aria-setsize=\"-1\" data-aria-posinset=\"23\" data-aria-level=\"1\"><span data-contrast=\"auto\">Durchdachte Details<\/span><span data-ccp-props=\"{&quot;134233117&quot;:false,&quot;134233118&quot;:false,&quot;201341983&quot;:0,&quot;335551550&quot;:0,&quot;335551620&quot;:0,&quot;335559738&quot;:0,&quot;335559739&quot;:0,&quot;335559740&quot;:279}\">\u00a0<\/span><\/li>\n<\/ul>\n<ul>\n<li data-leveltext=\"\uf0b7\" data-font=\"Symbol\" data-listid=\"1\" data-list-defn-props=\"{&quot;335552541&quot;:1,&quot;335559683&quot;:0,&quot;335559684&quot;:-2,&quot;335559685&quot;:720,&quot;335559991&quot;:360,&quot;469769226&quot;:&quot;Symbol&quot;,&quot;469769242&quot;:[8226],&quot;469777803&quot;:&quot;left&quot;,&quot;469777804&quot;:&quot;\uf0b7&quot;,&quot;469777815&quot;:&quot;hybridMultilevel&quot;}\" aria-setsize=\"-1\" data-aria-posinset=\"24\" data-aria-level=\"1\"><span data-contrast=\"auto\">Inklusive Akkutasche<\/span><span data-ccp-props=\"{&quot;134233117&quot;:false,&quot;134233118&quot;:false,&quot;201341983&quot;:0,&quot;335551550&quot;:0,&quot;335551620&quot;:0,&quot;335559738&quot;:0,&quot;335559739&quot;:0,&quot;335559740&quot;:279}\">\u00a0<\/span><\/li>\n<\/ul>\n<ul>\n<li data-leveltext=\"\uf0b7\" data-font=\"Symbol\" data-listid=\"1\" data-list-defn-props=\"{&quot;335552541&quot;:1,&quot;335559683&quot;:0,&quot;335559684&quot;:-2,&quot;335559685&quot;:720,&quot;335559991&quot;:360,&quot;469769226&quot;:&quot;Symbol&quot;,&quot;469769242&quot;:[8226],&quot;469777803&quot;:&quot;left&quot;,&quot;469777804&quot;:&quot;\uf0b7&quot;,&quot;469777815&quot;:&quot;hybridMultilevel&quot;}\" aria-setsize=\"-1\" data-aria-posinset=\"25\" data-aria-level=\"1\"><span data-contrast=\"auto\">Robuste Bauweise<\/span><span data-ccp-props=\"{&quot;134233117&quot;:false,&quot;134233118&quot;:false,&quot;201341983&quot;:0,&quot;335551550&quot;:0,&quot;335551620&quot;:0,&quot;335559738&quot;:0,&quot;335559739&quot;:0,&quot;335559740&quot;:279}\">\u00a0<\/span><\/li>\n<\/ul>\n<p><b><span data-contrast=\"auto\">Nachteile:<\/span><\/b><span data-ccp-props=\"{&quot;134233117&quot;:false,&quot;134233118&quot;:false,&quot;201341983&quot;:0,&quot;335551550&quot;:0,&quot;335551620&quot;:0,&quot;335559738&quot;:240,&quot;335559739&quot;:240,&quot;335559740&quot;:279}\">\u00a0<\/span><\/p>\n<ul>\n<li data-leveltext=\"\uf0b7\" data-font=\"Symbol\" data-listid=\"1\" data-list-defn-props=\"{&quot;335552541&quot;:1,&quot;335559683&quot;:0,&quot;335559684&quot;:-2,&quot;335559685&quot;:720,&quot;335559991&quot;:360,&quot;469769226&quot;:&quot;Symbol&quot;,&quot;469769242&quot;:[8226],&quot;469777803&quot;:&quot;left&quot;,&quot;469777804&quot;:&quot;\uf0b7&quot;,&quot;469777815&quot;:&quot;hybridMultilevel&quot;}\" aria-setsize=\"-1\" data-aria-posinset=\"26\" data-aria-level=\"1\"><span data-contrast=\"auto\">Eingeschr\u00e4nkter Komfort bei l\u00e4ngeren Fahrten<\/span><span data-ccp-props=\"{&quot;134233117&quot;:false,&quot;134233118&quot;:false,&quot;201341983&quot;:0,&quot;335551550&quot;:0,&quot;335551620&quot;:0,&quot;335559738&quot;:0,&quot;335559739&quot;:0,&quot;335559740&quot;:279}\">\u00a0<\/span><\/li>\n<\/ul>\n<ul>\n<li data-leveltext=\"\uf0b7\" data-font=\"Symbol\" data-listid=\"1\" data-list-defn-props=\"{&quot;335552541&quot;:1,&quot;335559683&quot;:0,&quot;335559684&quot;:-2,&quot;335559685&quot;:720,&quot;335559991&quot;:360,&quot;469769226&quot;:&quot;Symbol&quot;,&quot;469769242&quot;:[8226],&quot;469777803&quot;:&quot;left&quot;,&quot;469777804&quot;:&quot;\uf0b7&quot;,&quot;469777815&quot;:&quot;hybridMultilevel&quot;}\" aria-setsize=\"-1\" data-aria-posinset=\"27\" data-aria-level=\"1\"><span data-contrast=\"auto\">Gep\u00e4cktr\u00e4ger nur als optionales Zubeh\u00f6r<\/span><span data-ccp-props=\"{&quot;134233117&quot;:false,&quot;134233118&quot;:false,&quot;201341983&quot;:0,&quot;335551550&quot;:0,&quot;335551620&quot;:0,&quot;335559738&quot;:0,&quot;335559739&quot;:0,&quot;335559740&quot;:279}\">\u00a0<\/span><\/li>\n<\/ul>\n<p>[\/vc_column_text][\/vc_column][vc_column width=&#8220;1\/2&#8243;][vc_column_text]<span data-contrast=\"auto\">Das <a href=\"https:\/\/www.fahrrad-xxl.de\/brompton-electric-c-line-explore-m000086572\">Brompton C Line Electric<\/a> verbindet die bew\u00e4hrte Faltmechanik des Klassikers mit moderner E-Bike-Technologie. Mit nur 17,4 kg inklusive Akkutasche ist es sch\u00f6n leicht und hat trotzdem genug Power f\u00fcr den Stadtverkehr.\u00a0Der frontbetriebene Motor und die Kombination aus 3-Gang-Nabenschaltung und 4-Gang-Kettenschaltung erm\u00f6glichen eine breite \u00dcbersetzung.<\/span><span data-ccp-props=\"{&quot;134233117&quot;:false,&quot;134233118&quot;:false,&quot;201341983&quot;:0,&quot;335551550&quot;:0,&quot;335551620&quot;:0,&quot;335559738&quot;:240,&quot;335559739&quot;:240,&quot;335559740&quot;:279}\">\u00a0<\/span><\/p>\n<p><span data-contrast=\"auto\">Die Faltmechanik ist intuitiv und macht das Rad schnell transportf\u00e4hig. Perfekt also f\u00fcr Pendler, die oft zwischen Rad und \u00f6ffentlichen Verkehrsmitteln wechseln. Klar, f\u00fcr l\u00e4ngere Fahrten ist der Komfort etwas eingeschr\u00e4nkt. Aber daf\u00fcr hat das Brompton C Line Electric durchdachte Details und eine robuste Bauweise, die es zu einem zuverl\u00e4ssigen Begleiter im Alltag machen.\u00a0<\/span><a href=\"https:\/\/www.radfahren.de\/test-technik\/brompton-c-line-electric-test\/\"><span data-contrast=\"none\">Radfahren.de<\/span><\/a><span data-contrast=\"auto\"> kommt zu einer 1,5 Sehr gut.<\/span><span data-ccp-props=\"{&quot;134233117&quot;:false,&quot;134233118&quot;:false,&quot;201341983&quot;:0,&quot;335551550&quot;:0,&quot;335551620&quot;:0,&quot;335559738&quot;:240,&quot;335559739&quot;:240,&quot;335559740&quot;:279}\">\u00a0<\/span>[\/vc_column_text][\/vc_column][\/vc_row][vc_row][vc_column width=&#8220;1\/6&#8243;][\/vc_column][vc_column width=&#8220;2\/3&#8243;]<a href=\"https:\/\/www.fahrrad-xxl.de\/marken\/brompton\/saison.2024\/\" target=\"_self\" class=\"button button-appear custom full \" style=\"background-color: #a82323; border-color: #a82323;border-radius: 30px;\"><span>Entdecke Brompton Faltr\u00e4der 2024<i class='fa fas fa-chevron-circle-right'><\/i><\/span><\/a><div class=\"spacer\" style=\"height: 40px;\"><\/div>[\/vc_column][vc_column width=&#8220;1\/6&#8243;][\/vc_column][\/vc_row][vc_row][vc_column][vc_column_text]<\/p>\n<h2><span class=\"ez-toc-section\" id=\"i-sy-skyfly-e5-zr-f-leichter-himmelsstuermer\"><\/span><span class=\"TextRun SCXW12459316 BCX0\" lang=\"DE-DE\" xml:lang=\"DE-DE\" data-contrast=\"auto\"><span class=\"NormalTextRun SpellingErrorV2Themed SCXW12459316 BCX0\">i:SY<\/span> <\/span><span class=\"TextRun SCXW12459316 BCX0\" lang=\"DE-DE\" xml:lang=\"DE-DE\" data-contrast=\"auto\"><span class=\"NormalTextRun SpellingErrorV2Themed SCXW12459316 BCX0\">Skyfly<\/span><span class=\"NormalTextRun SCXW12459316 BCX0\"> E5 ZR F: Leichter Himmelsst\u00fcrmer<\/span><\/span><span class=\"ez-toc-section-end\"><\/span><\/h2>\n<div id=\"attachment_33938\" style=\"width: 1210px\" class=\"wp-caption aligncenter\"><a href=\"https:\/\/www.fahrrad-xxl.de\/marken\/i-sy\/saison.2024\/\"><img aria-describedby=\"caption-attachment-33938\" decoding=\"async\" loading=\"lazy\" class=\"size-full wp-image-33938\" src=\"https:\/\/www.fahrrad-xxl.de\/blog\/wp-content\/uploads\/2019\/03\/i.SY-Skyfly-E5-ZR-F.png\" alt=\"i.SY Skyfly E5 ZR F\" width=\"1200\" height=\"800\" \/><\/a><p id=\"caption-attachment-33938\" class=\"wp-caption-text\">i.SY Skyfly E5 ZR F<\/p><\/div>\n<p>[\/vc_column_text][\/vc_column][vc_column width=&#8220;1\/2&#8243;][vc_column_text]<b><span data-contrast=\"auto\">Vorteile:<\/span><\/b><span data-ccp-props=\"{&quot;134233117&quot;:false,&quot;134233118&quot;:false,&quot;201341983&quot;:0,&quot;335551550&quot;:0,&quot;335551620&quot;:0,&quot;335559738&quot;:240,&quot;335559739&quot;:240,&quot;335559740&quot;:279}\">\u00a0<\/span><\/p>\n<ul>\n<li data-leveltext=\"\uf0b7\" data-font=\"Symbol\" data-listid=\"1\" data-list-defn-props=\"{&quot;335552541&quot;:1,&quot;335559683&quot;:0,&quot;335559684&quot;:-2,&quot;335559685&quot;:720,&quot;335559991&quot;:360,&quot;469769226&quot;:&quot;Symbol&quot;,&quot;469769242&quot;:[8226],&quot;469777803&quot;:&quot;left&quot;,&quot;469777804&quot;:&quot;\uf0b7&quot;,&quot;469777815&quot;:&quot;hybridMultilevel&quot;}\" aria-setsize=\"-1\" data-aria-posinset=\"28\" data-aria-level=\"1\"><span data-contrast=\"auto\">Leichtes Gewicht<\/span><span data-ccp-props=\"{&quot;134233117&quot;:false,&quot;134233118&quot;:false,&quot;201341983&quot;:0,&quot;335551550&quot;:0,&quot;335551620&quot;:0,&quot;335559738&quot;:0,&quot;335559739&quot;:0,&quot;335559740&quot;:279}\">\u00a0<\/span><\/li>\n<\/ul>\n<ul>\n<li data-leveltext=\"\uf0b7\" data-font=\"Symbol\" data-listid=\"1\" data-list-defn-props=\"{&quot;335552541&quot;:1,&quot;335559683&quot;:0,&quot;335559684&quot;:-2,&quot;335559685&quot;:720,&quot;335559991&quot;:360,&quot;469769226&quot;:&quot;Symbol&quot;,&quot;469769242&quot;:[8226],&quot;469777803&quot;:&quot;left&quot;,&quot;469777804&quot;:&quot;\uf0b7&quot;,&quot;469777815&quot;:&quot;hybridMultilevel&quot;}\" aria-setsize=\"-1\" data-aria-posinset=\"29\" data-aria-level=\"1\"><span data-contrast=\"auto\">Hohe Zuladung bis 150 kg<\/span><span data-ccp-props=\"{&quot;134233117&quot;:false,&quot;134233118&quot;:false,&quot;201341983&quot;:0,&quot;335551550&quot;:0,&quot;335551620&quot;:0,&quot;335559738&quot;:0,&quot;335559739&quot;:0,&quot;335559740&quot;:279}\">\u00a0<\/span><\/li>\n<\/ul>\n<ul>\n<li data-leveltext=\"\uf0b7\" data-font=\"Symbol\" data-listid=\"1\" data-list-defn-props=\"{&quot;335552541&quot;:1,&quot;335559683&quot;:0,&quot;335559684&quot;:-2,&quot;335559685&quot;:720,&quot;335559991&quot;:360,&quot;469769226&quot;:&quot;Symbol&quot;,&quot;469769242&quot;:[8226],&quot;469777803&quot;:&quot;left&quot;,&quot;469777804&quot;:&quot;\uf0b7&quot;,&quot;469777815&quot;:&quot;hybridMultilevel&quot;}\" aria-setsize=\"-1\" data-aria-posinset=\"30\" data-aria-level=\"1\"><span data-contrast=\"auto\">Stimmiger Komponentenmix<\/span><span data-ccp-props=\"{&quot;134233117&quot;:false,&quot;134233118&quot;:false,&quot;201341983&quot;:0,&quot;335551550&quot;:0,&quot;335551620&quot;:0,&quot;335559738&quot;:0,&quot;335559739&quot;:0,&quot;335559740&quot;:279}\">\u00a0<\/span><\/li>\n<\/ul>\n<ul>\n<li data-leveltext=\"\uf0b7\" data-font=\"Symbol\" data-listid=\"1\" data-list-defn-props=\"{&quot;335552541&quot;:1,&quot;335559683&quot;:0,&quot;335559684&quot;:-2,&quot;335559685&quot;:720,&quot;335559991&quot;:360,&quot;469769226&quot;:&quot;Symbol&quot;,&quot;469769242&quot;:[8226],&quot;469777803&quot;:&quot;left&quot;,&quot;469777804&quot;:&quot;\uf0b7&quot;,&quot;469777815&quot;:&quot;hybridMultilevel&quot;}\" aria-setsize=\"-1\" data-aria-posinset=\"31\" data-aria-level=\"1\"><span data-contrast=\"auto\">Kindersitzfreigabe<\/span><span data-ccp-props=\"{&quot;134233117&quot;:false,&quot;134233118&quot;:false,&quot;201341983&quot;:0,&quot;335551550&quot;:0,&quot;335551620&quot;:0,&quot;335559738&quot;:0,&quot;335559739&quot;:0,&quot;335559740&quot;:279}\">\u00a0<\/span><\/li>\n<\/ul>\n<p><b><span data-contrast=\"auto\">Nachteile:<\/span><\/b><span data-ccp-props=\"{&quot;134233117&quot;:false,&quot;134233118&quot;:false,&quot;201341983&quot;:0,&quot;335551550&quot;:0,&quot;335551620&quot;:0,&quot;335559738&quot;:240,&quot;335559739&quot;:240,&quot;335559740&quot;:279}\">\u00a0<\/span><\/p>\n<ul>\n<li data-leveltext=\"\uf0b7\" data-font=\"Symbol\" data-listid=\"1\" data-list-defn-props=\"{&quot;335552541&quot;:1,&quot;335559683&quot;:0,&quot;335559684&quot;:-2,&quot;335559685&quot;:720,&quot;335559991&quot;:360,&quot;469769226&quot;:&quot;Symbol&quot;,&quot;469769242&quot;:[8226],&quot;469777803&quot;:&quot;left&quot;,&quot;469777804&quot;:&quot;\uf0b7&quot;,&quot;469777815&quot;:&quot;hybridMultilevel&quot;}\" aria-setsize=\"-1\" data-aria-posinset=\"32\" data-aria-level=\"1\"><span data-contrast=\"auto\">Kleine Tasten bei der Bosch-Kompakt-Remote<\/span><span data-ccp-props=\"{&quot;134233117&quot;:false,&quot;134233118&quot;:false,&quot;201341983&quot;:0,&quot;335551550&quot;:0,&quot;335551620&quot;:0,&quot;335559738&quot;:0,&quot;335559739&quot;:0,&quot;335559740&quot;:279}\">\u00a0<\/span><\/li>\n<\/ul>\n<p>[\/vc_column_text][\/vc_column][vc_column width=&#8220;1\/2&#8243;][vc_column_text]<span data-contrast=\"auto\">Das<a href=\"https:\/\/www.fahrrad-xxl.de\/marken\/i-sy\/saison.2024\/\"> i:SY Skyfly E5 ZR F<\/a>\u00a0ist ein echter Himmelsst\u00fcrmer unter den Kompaktr\u00e4dern. Mit einem Gewicht von nur 20,1 kg und einem stabilen Carbonrahmen bietet es die perfekte Kombination aus Leichtigkeit und Stabilit\u00e4t. Dank der Einheitsgr\u00f6\u00dfe und des variablen Vorbaus ist das Rad f\u00fcr alle von 1,50 bis 1,85 Meter K\u00f6rpergr\u00f6\u00dfe geeignet.<\/span><span data-ccp-props=\"{&quot;134233117&quot;:false,&quot;134233118&quot;:false,&quot;201341983&quot;:0,&quot;335551550&quot;:0,&quot;335551620&quot;:0,&quot;335559738&quot;:240,&quot;335559739&quot;:240,&quot;335559740&quot;:279}\">\u00a0<\/span><\/p>\n<p><span data-contrast=\"auto\">Der Bosch SX-Leichtmotor sorgt mit 55 Nm Drehmoment f\u00fcr eine leise und laufruhige Unterst\u00fctzung, ideal f\u00fcr den Stadtverkehr und l\u00e4ngere Touren. Die 4-Kolben-Bremse und die vielseitigen Schutzfunktionen der Bosch-Flow-App erh\u00f6hen die Sicherheit. Die Lichtanlage mit Fernlicht und Bremslicht macht das Rad auch bei Dunkelheit gut sichtbar.<\/span><span data-ccp-props=\"{&quot;134233117&quot;:false,&quot;134233118&quot;:false,&quot;201341983&quot;:0,&quot;335551550&quot;:0,&quot;335551620&quot;:0,&quot;335559738&quot;:240,&quot;335559739&quot;:240,&quot;335559740&quot;:279}\">\u00a0<\/span><\/p>\n<p><span data-contrast=\"auto\">Das i:SY Skyfly ist ein vielseitiger Allrounder, der sich sowohl f\u00fcr Familien als auch f\u00fcr anspruchsvolle Solo-Fahrer eignet.\u00a0Sehr gut (1,4) f\u00fcr <\/span><a href=\"https:\/\/www.radfahren.de\/test-technik\/isy-skyfly-e5-zr-f-test\/\"><span data-contrast=\"none\">Radfahren.de<\/span><\/a><span data-contrast=\"auto\">.<\/span><span data-ccp-props=\"{&quot;134233117&quot;:false,&quot;134233118&quot;:false,&quot;201341983&quot;:0,&quot;335551550&quot;:0,&quot;335551620&quot;:0,&quot;335559738&quot;:240,&quot;335559739&quot;:240,&quot;335559740&quot;:279}\">\u00a0<\/span>[\/vc_column_text][\/vc_column][\/vc_row][vc_row][vc_column width=&#8220;1\/6&#8243;][\/vc_column][vc_column width=&#8220;2\/3&#8243;]<a href=\"https:\/\/www.fahrrad-xxl.de\/marken\/i-sy\/saison.2024\/\" target=\"_self\" class=\"button button-appear custom full \" style=\"background-color: #a82323; border-color: #a82323;border-radius: 30px;\"><span>Entdecke unsere i:SY City-Bike Modelle 2024<i class='fa fas fa-chevron-circle-right'><\/i><\/span><\/a><div class=\"spacer\" style=\"height: 40px;\"><\/div>[\/vc_column][vc_column width=&#8220;1\/6&#8243;][\/vc_column][\/vc_row][vc_row][vc_column][vc_column_text]<\/p>\n<h2><span class=\"ez-toc-section\" id=\"kalkhoff-image-cb-advance-der-komfortable-packesel\"><\/span><span class=\"TextRun SCXW142168823 BCX0\" lang=\"DE-DE\" xml:lang=\"DE-DE\" data-contrast=\"none\"><span class=\"NormalTextRun SpellingErrorV2Themed SCXW142168823 BCX0\" data-ccp-parastyle=\"heading 3\">Kalkhoff<\/span><span class=\"NormalTextRun SCXW142168823 BCX0\" data-ccp-parastyle=\"heading 3\"> Image C.B Advance+: Der komfortable Packesel<\/span><\/span><span class=\"EOP SCXW142168823 BCX0\" data-ccp-props=\"{&quot;134233117&quot;:false,&quot;134233118&quot;:false,&quot;134245418&quot;:true,&quot;134245529&quot;:true,&quot;201341983&quot;:0,&quot;335551550&quot;:0,&quot;335551620&quot;:0,&quot;335559738&quot;:281,&quot;335559739&quot;:281,&quot;335559740&quot;:279}\">\u00a0<\/span><span class=\"ez-toc-section-end\"><\/span><\/h2>\n<div id=\"attachment_33928\" style=\"width: 1930px\" class=\"wp-caption aligncenter\"><a href=\"https:\/\/www.fahrrad-xxl.de\/serie\/kalkhoff-image\/saison.2024\/\"><img aria-describedby=\"caption-attachment-33928\" decoding=\"async\" loading=\"lazy\" class=\"size-full wp-image-33928\" src=\"https:\/\/www.fahrrad-xxl.de\/blog\/wp-content\/uploads\/2019\/03\/Kalkhoff-Image-C.B-Advance.jpg\" alt=\"Kalkhoff Image C.B Advance+\" width=\"1920\" height=\"1358\" \/><\/a><p id=\"caption-attachment-33928\" class=\"wp-caption-text\">Kalkhoff Image C.B Advance+<\/p><\/div>\n<p>[\/vc_column_text][\/vc_column][vc_column width=&#8220;1\/2&#8243;][vc_column_text]<b><span data-contrast=\"auto\">Vorteile:<\/span><\/b><span data-ccp-props=\"{&quot;134233117&quot;:false,&quot;134233118&quot;:false,&quot;201341983&quot;:0,&quot;335551550&quot;:0,&quot;335551620&quot;:0,&quot;335559738&quot;:240,&quot;335559739&quot;:240,&quot;335559740&quot;:279}\">\u00a0<\/span><\/p>\n<ul>\n<li data-leveltext=\"\uf0b7\" data-font=\"Symbol\" data-listid=\"1\" data-list-defn-props=\"{&quot;335552541&quot;:1,&quot;335559683&quot;:0,&quot;335559684&quot;:-2,&quot;335559685&quot;:720,&quot;335559991&quot;:360,&quot;469769226&quot;:&quot;Symbol&quot;,&quot;469769242&quot;:[8226],&quot;469777803&quot;:&quot;left&quot;,&quot;469777804&quot;:&quot;\uf0b7&quot;,&quot;469777815&quot;:&quot;hybridMultilevel&quot;}\" aria-setsize=\"-1\" data-aria-posinset=\"33\" data-aria-level=\"1\"><span data-contrast=\"auto\">Hohe Zuladung (bis 170 kg Gesamtgewicht)<\/span><span data-ccp-props=\"{&quot;134233117&quot;:false,&quot;134233118&quot;:false,&quot;201341983&quot;:0,&quot;335551550&quot;:0,&quot;335551620&quot;:0,&quot;335559738&quot;:0,&quot;335559739&quot;:0,&quot;335559740&quot;:279}\">\u00a0<\/span><\/li>\n<\/ul>\n<ul>\n<li data-leveltext=\"\uf0b7\" data-font=\"Symbol\" data-listid=\"1\" data-list-defn-props=\"{&quot;335552541&quot;:1,&quot;335559683&quot;:0,&quot;335559684&quot;:-2,&quot;335559685&quot;:720,&quot;335559991&quot;:360,&quot;469769226&quot;:&quot;Symbol&quot;,&quot;469769242&quot;:[8226],&quot;469777803&quot;:&quot;left&quot;,&quot;469777804&quot;:&quot;\uf0b7&quot;,&quot;469777815&quot;:&quot;hybridMultilevel&quot;}\" aria-setsize=\"-1\" data-aria-posinset=\"34\" data-aria-level=\"1\"><span data-contrast=\"auto\">Vielseitige Gep\u00e4cktr\u00e4ger vorne und hinten<\/span><span data-ccp-props=\"{&quot;134233117&quot;:false,&quot;134233118&quot;:false,&quot;201341983&quot;:0,&quot;335551550&quot;:0,&quot;335551620&quot;:0,&quot;335559738&quot;:0,&quot;335559739&quot;:0,&quot;335559740&quot;:279}\">\u00a0<\/span><\/li>\n<\/ul>\n<ul>\n<li data-leveltext=\"\uf0b7\" data-font=\"Symbol\" data-listid=\"1\" data-list-defn-props=\"{&quot;335552541&quot;:1,&quot;335559683&quot;:0,&quot;335559684&quot;:-2,&quot;335559685&quot;:720,&quot;335559991&quot;:360,&quot;469769226&quot;:&quot;Symbol&quot;,&quot;469769242&quot;:[8226],&quot;469777803&quot;:&quot;left&quot;,&quot;469777804&quot;:&quot;\uf0b7&quot;,&quot;469777815&quot;:&quot;hybridMultilevel&quot;}\" aria-setsize=\"-1\" data-aria-posinset=\"35\" data-aria-level=\"1\"><span data-contrast=\"auto\">Leiser, kr\u00e4ftiger Bosch Performance Line-Motor<\/span><span data-ccp-props=\"{&quot;134233117&quot;:false,&quot;134233118&quot;:false,&quot;201341983&quot;:0,&quot;335551550&quot;:0,&quot;335551620&quot;:0,&quot;335559738&quot;:0,&quot;335559739&quot;:0,&quot;335559740&quot;:279}\">\u00a0<\/span><\/li>\n<\/ul>\n<ul>\n<li data-leveltext=\"\uf0b7\" data-font=\"Symbol\" data-listid=\"1\" data-list-defn-props=\"{&quot;335552541&quot;:1,&quot;335559683&quot;:0,&quot;335559684&quot;:-2,&quot;335559685&quot;:720,&quot;335559991&quot;:360,&quot;469769226&quot;:&quot;Symbol&quot;,&quot;469769242&quot;:[8226],&quot;469777803&quot;:&quot;left&quot;,&quot;469777804&quot;:&quot;\uf0b7&quot;,&quot;469777815&quot;:&quot;hybridMultilevel&quot;}\" aria-setsize=\"-1\" data-aria-posinset=\"36\" data-aria-level=\"1\"><span data-contrast=\"auto\">Variable Sitzposition dank Speedlifter und langer Sattelst\u00fctze<\/span><span data-ccp-props=\"{&quot;134233117&quot;:false,&quot;134233118&quot;:false,&quot;201341983&quot;:0,&quot;335551550&quot;:0,&quot;335551620&quot;:0,&quot;335559738&quot;:0,&quot;335559739&quot;:0,&quot;335559740&quot;:279}\">\u00a0<\/span><\/li>\n<\/ul>\n<p><b><span data-contrast=\"auto\">Nachteile:<\/span><\/b><span data-ccp-props=\"{&quot;134233117&quot;:false,&quot;134233118&quot;:false,&quot;201341983&quot;:0,&quot;335551550&quot;:0,&quot;335551620&quot;:0,&quot;335559738&quot;:240,&quot;335559739&quot;:240,&quot;335559740&quot;:279}\">\u00a0<\/span><\/p>\n<ul>\n<li data-leveltext=\"\uf0b7\" data-font=\"Symbol\" data-listid=\"1\" data-list-defn-props=\"{&quot;335552541&quot;:1,&quot;335559683&quot;:0,&quot;335559684&quot;:-2,&quot;335559685&quot;:720,&quot;335559991&quot;:360,&quot;469769226&quot;:&quot;Symbol&quot;,&quot;469769242&quot;:[8226],&quot;469777803&quot;:&quot;left&quot;,&quot;469777804&quot;:&quot;\uf0b7&quot;,&quot;469777815&quot;:&quot;hybridMultilevel&quot;}\" aria-setsize=\"-1\" data-aria-posinset=\"37\" data-aria-level=\"1\"><span data-contrast=\"auto\">Bremsscheiben k\u00f6nnten f\u00fcr das hohe Gesamtgewicht gr\u00f6\u00dfer sein<\/span><span data-ccp-props=\"{&quot;134233117&quot;:false,&quot;134233118&quot;:false,&quot;201341983&quot;:0,&quot;335551550&quot;:0,&quot;335551620&quot;:0,&quot;335559738&quot;:0,&quot;335559739&quot;:0,&quot;335559740&quot;:279}\">\u00a0<\/span><\/li>\n<\/ul>\n<p>[\/vc_column_text][\/vc_column][vc_column width=&#8220;1\/2&#8243;][vc_column_text]<span data-contrast=\"auto\">Das<a href=\"https:\/\/www.fahrrad-xxl.de\/serie\/kalkhoff-image\/saison.2024\/\"> Kalkhoff Image C.B. Advance+<\/a> ist ein echtes Schwergewicht, wenn es um Zuladungskapazit\u00e4t geht. Bis zu 170 kg kann das E-Bike m\u00fchelos stemmen \u2013 perfekt f\u00fcr alle, die viel Gep\u00e4ck oder einen Kindersitz transportieren wollen. Der Bosch Performance Line-Motor und die Shimano Inter 5E-Nabenschaltung sorgen f\u00fcr kraftvolle und leise Unterst\u00fctzung.<\/span><span data-ccp-props=\"{&quot;134233117&quot;:false,&quot;134233118&quot;:false,&quot;201341983&quot;:0,&quot;335551550&quot;:0,&quot;335551620&quot;:0,&quot;335559738&quot;:240,&quot;335559739&quot;:240,&quot;335559740&quot;:279}\">\u00a0<\/span><\/p>\n<p><span data-contrast=\"auto\">Die aufrechte Sitzposition und die breiten Schwalbe-Reifen bieten Komfort, auch ohne Federgabel. Mit einem Gewicht von 26,8 kg ist es zwar nicht das leichteste Modell, aber durch den ergonomisch platzierten Griff im Durchstieg gut zu handhaben. Das Intuvia-Display mit Bluetooth-Anbindung und das neue Smart-System machen die Bedienung des E-Bikes besonders einfach. Ein perfektes Modell f\u00fcr den Stadtverkehr und lange Touren.\u00a01,5 \u2013 Sehr gut, urteilt\u00a0<\/span><a href=\"https:\/\/www.radfahren.de\/test-technik\/kalkhoff-image-c-b-advance-test\/\"><span data-contrast=\"none\">Radfahren.de<\/span><\/a><span data-contrast=\"auto\">.<\/span><span data-ccp-props=\"{&quot;134233117&quot;:false,&quot;134233118&quot;:false,&quot;201341983&quot;:0,&quot;335551550&quot;:0,&quot;335551620&quot;:0,&quot;335559738&quot;:240,&quot;335559739&quot;:240,&quot;335559740&quot;:279}\">\u00a0<\/span>[\/vc_column_text][\/vc_column][\/vc_row][vc_row][vc_column width=&#8220;1\/6&#8243;][\/vc_column][vc_column width=&#8220;2\/3&#8243;]<a href=\"https:\/\/www.fahrrad-xxl.de\/serie\/kalkhoff-image\/saison.2024\/\" target=\"_self\" class=\"button button-appear custom full \" style=\"background-color: #a82323; border-color: #a82323;border-radius: 30px;\"><span>Entdecke unseren Kalkhoff Image City-E-Bike Modelle 2024<i class='fa fas fa-chevron-circle-right'><\/i><\/span><\/a><div class=\"spacer\" style=\"height: 40px;\"><\/div>[\/vc_column][vc_column width=&#8220;1\/6&#8243;][\/vc_column][\/vc_row][vc_row][vc_column][vc_column_text]<\/p>\n<h2><span class=\"ez-toc-section\" id=\"flyer-upstreet-sl-363-schweizer-praezision-fuer-die-stadt\"><\/span><span class=\"TextRun SCXW221834440 BCX0\" lang=\"DE-DE\" xml:lang=\"DE-DE\" data-contrast=\"none\"><span class=\"NormalTextRun SCXW221834440 BCX0\" data-ccp-parastyle=\"heading 3\">Flyer <\/span><span class=\"NormalTextRun SpellingErrorV2Themed SCXW221834440 BCX0\" data-ccp-parastyle=\"heading 3\">Upstreet<\/span><span class=\"NormalTextRun SCXW221834440 BCX0\" data-ccp-parastyle=\"heading 3\"> SL 3.63: Schweizer Pr\u00e4zision f\u00fcr die Stadt<\/span><\/span><span class=\"EOP SCXW221834440 BCX0\" data-ccp-props=\"{&quot;134233117&quot;:false,&quot;134233118&quot;:false,&quot;134245418&quot;:true,&quot;134245529&quot;:true,&quot;201341983&quot;:0,&quot;335551550&quot;:0,&quot;335551620&quot;:0,&quot;335559738&quot;:281,&quot;335559739&quot;:281,&quot;335559740&quot;:279}\">\u00a0<\/span><span class=\"ez-toc-section-end\"><\/span><\/h2>\n<div id=\"attachment_33926\" style=\"width: 1930px\" class=\"wp-caption aligncenter\"><a href=\"https:\/\/www.fahrrad-xxl.de\/flyer-upstreet-sl-3-63-m000077505\"><img aria-describedby=\"caption-attachment-33926\" decoding=\"async\" loading=\"lazy\" class=\"size-full wp-image-33926\" src=\"https:\/\/www.fahrrad-xxl.de\/blog\/wp-content\/uploads\/2019\/03\/Flyer-Upstreet-SL-3.63.jpg\" alt=\"Flyer Upstreet SL 3.63\" width=\"1920\" height=\"1280\" \/><\/a><p id=\"caption-attachment-33926\" class=\"wp-caption-text\">Flyer Upstreet SL 3.63<\/p><\/div>\n<p>[\/vc_column_text][\/vc_column][vc_column width=&#8220;1\/2&#8243;][vc_column_text]<b><span data-contrast=\"auto\">Vorteile:<\/span><\/b><span data-ccp-props=\"{&quot;134233117&quot;:false,&quot;134233118&quot;:false,&quot;201341983&quot;:0,&quot;335551550&quot;:0,&quot;335551620&quot;:0,&quot;335559738&quot;:240,&quot;335559739&quot;:240,&quot;335559740&quot;:279}\">\u00a0<\/span><\/p>\n<ul>\n<li data-leveltext=\"\uf0b7\" data-font=\"Symbol\" data-listid=\"1\" data-list-defn-props=\"{&quot;335552541&quot;:1,&quot;335559683&quot;:0,&quot;335559684&quot;:-2,&quot;335559685&quot;:720,&quot;335559991&quot;:360,&quot;469769226&quot;:&quot;Symbol&quot;,&quot;469769242&quot;:[8226],&quot;469777803&quot;:&quot;left&quot;,&quot;469777804&quot;:&quot;\uf0b7&quot;,&quot;469777815&quot;:&quot;hybridMultilevel&quot;}\" aria-setsize=\"-1\" data-aria-posinset=\"38\" data-aria-level=\"1\"><span data-contrast=\"auto\">Hervorragendes Zusammenspiel von Motor und Schaltung<\/span><span data-ccp-props=\"{&quot;134233117&quot;:false,&quot;134233118&quot;:false,&quot;201341983&quot;:0,&quot;335551550&quot;:0,&quot;335551620&quot;:0,&quot;335559738&quot;:0,&quot;335559739&quot;:0,&quot;335559740&quot;:279}\">\u00a0<\/span><\/li>\n<\/ul>\n<ul>\n<li data-leveltext=\"\uf0b7\" data-font=\"Symbol\" data-listid=\"1\" data-list-defn-props=\"{&quot;335552541&quot;:1,&quot;335559683&quot;:0,&quot;335559684&quot;:-2,&quot;335559685&quot;:720,&quot;335559991&quot;:360,&quot;469769226&quot;:&quot;Symbol&quot;,&quot;469769242&quot;:[8226],&quot;469777803&quot;:&quot;left&quot;,&quot;469777804&quot;:&quot;\uf0b7&quot;,&quot;469777815&quot;:&quot;hybridMultilevel&quot;}\" aria-setsize=\"-1\" data-aria-posinset=\"39\" data-aria-level=\"1\"><span data-contrast=\"auto\">Hochwertige Lichtanlage mit 100 Lux Scheinwerfer<\/span><span data-ccp-props=\"{&quot;134233117&quot;:false,&quot;134233118&quot;:false,&quot;201341983&quot;:0,&quot;335551550&quot;:0,&quot;335551620&quot;:0,&quot;335559738&quot;:0,&quot;335559739&quot;:0,&quot;335559740&quot;:279}\">\u00a0<\/span><\/li>\n<\/ul>\n<ul>\n<li data-leveltext=\"\uf0b7\" data-font=\"Symbol\" data-listid=\"1\" data-list-defn-props=\"{&quot;335552541&quot;:1,&quot;335559683&quot;:0,&quot;335559684&quot;:-2,&quot;335559685&quot;:720,&quot;335559991&quot;:360,&quot;469769226&quot;:&quot;Symbol&quot;,&quot;469769242&quot;:[8226],&quot;469777803&quot;:&quot;left&quot;,&quot;469777804&quot;:&quot;\uf0b7&quot;,&quot;469777815&quot;:&quot;hybridMultilevel&quot;}\" aria-setsize=\"-1\" data-aria-posinset=\"40\" data-aria-level=\"1\"><span data-contrast=\"auto\">Leichtes Gewicht (17,99 kg)<\/span><span data-ccp-props=\"{&quot;134233117&quot;:false,&quot;134233118&quot;:false,&quot;201341983&quot;:0,&quot;335551550&quot;:0,&quot;335551620&quot;:0,&quot;335559738&quot;:0,&quot;335559739&quot;:0,&quot;335559740&quot;:279}\">\u00a0<\/span><\/li>\n<\/ul>\n<ul>\n<li data-leveltext=\"\uf0b7\" data-font=\"Symbol\" data-listid=\"1\" data-list-defn-props=\"{&quot;335552541&quot;:1,&quot;335559683&quot;:0,&quot;335559684&quot;:-2,&quot;335559685&quot;:720,&quot;335559991&quot;:360,&quot;469769226&quot;:&quot;Symbol&quot;,&quot;469769242&quot;:[8226],&quot;469777803&quot;:&quot;left&quot;,&quot;469777804&quot;:&quot;\uf0b7&quot;,&quot;469777815&quot;:&quot;hybridMultilevel&quot;}\" aria-setsize=\"-1\" data-aria-posinset=\"41\" data-aria-level=\"1\"><span data-contrast=\"auto\">Hohe Wartungsarmut<\/span><span data-ccp-props=\"{&quot;134233117&quot;:false,&quot;134233118&quot;:false,&quot;201341983&quot;:0,&quot;335551550&quot;:0,&quot;335551620&quot;:0,&quot;335559738&quot;:0,&quot;335559739&quot;:0,&quot;335559740&quot;:279}\">\u00a0<\/span><\/li>\n<\/ul>\n<p><b><span data-contrast=\"auto\">Nachteile:<\/span><\/b><span data-ccp-props=\"{&quot;134233117&quot;:false,&quot;134233118&quot;:false,&quot;201341983&quot;:0,&quot;335551550&quot;:0,&quot;335551620&quot;:0,&quot;335559738&quot;:240,&quot;335559739&quot;:240,&quot;335559740&quot;:279}\">\u00a0<\/span><\/p>\n<ul>\n<li data-leveltext=\"\uf0b7\" data-font=\"Symbol\" data-listid=\"1\" data-list-defn-props=\"{&quot;335552541&quot;:1,&quot;335559683&quot;:0,&quot;335559684&quot;:-2,&quot;335559685&quot;:720,&quot;335559991&quot;:360,&quot;469769226&quot;:&quot;Symbol&quot;,&quot;469769242&quot;:[8226],&quot;469777803&quot;:&quot;left&quot;,&quot;469777804&quot;:&quot;\uf0b7&quot;,&quot;469777815&quot;:&quot;hybridMultilevel&quot;}\" aria-setsize=\"-1\" data-aria-posinset=\"42\" data-aria-level=\"1\"><span data-contrast=\"auto\">Begrenzte Gep\u00e4cktr\u00e4gerzuladung<\/span><span data-ccp-props=\"{&quot;134233117&quot;:false,&quot;134233118&quot;:false,&quot;201341983&quot;:0,&quot;335551550&quot;:0,&quot;335551620&quot;:0,&quot;335559738&quot;:0,&quot;335559739&quot;:0,&quot;335559740&quot;:279}\">\u00a0<\/span><\/li>\n<\/ul>\n<p>[\/vc_column_text][\/vc_column][vc_column width=&#8220;1\/2&#8243;][vc_column_text]<span data-contrast=\"auto\">Das <a href=\"https:\/\/www.fahrrad-xxl.de\/flyer-upstreet-sl-3-63-m000077505\">Flyer Upstreet SL 3.63<\/a> besticht durch seine exzellente Verarbeitung und innovative Technik. Mit nur 18 kg ist es perfekt f\u00fcr den urbanen Einsatz geeignet und dank des robusten Alu-Rahmens auch noch richtig stabil. Der Bosch-SX-Leichtmotor und die Classified-Zwei-Gang-Nabenschaltung sorgen f\u00fcr eine dynamische und gleichzeitig intuitive Fahrweise.<\/span><span data-ccp-props=\"{&quot;134233117&quot;:false,&quot;134233118&quot;:false,&quot;201341983&quot;:0,&quot;335551550&quot;:0,&quot;335551620&quot;:0,&quot;335559738&quot;:240,&quot;335559739&quot;:240,&quot;335559740&quot;:279}\">\u00a0<\/span><\/p>\n<p><span data-contrast=\"auto\">Die breiten Vittoria-Reifen und die ergonomischen Griffe sorgen f\u00fcr hohen Komfort, w\u00e4hrend der 100-Lux-Scheinwerfer f\u00fcr beste Sichtbarkeit sorgt. Die Gep\u00e4cktr\u00e4gerzuladung ist zwar begrenzt, aber das Upstreet SL 3.63 ist trotzdem ein wartungsarmes Urbanbike, das durch Agilit\u00e4t und hohe Qualit\u00e4t \u00fcberzeugt.\u00a0Ideal f\u00fcr alle, die Wert auf Stil und Leistung legen. 1,4 \u2013 Sehr gut von <\/span><a href=\"https:\/\/www.radfahren.de\/test-technik\/flyer-upstreet-sl-3-63-test\/\"><span data-contrast=\"none\">Radfahren.de<\/span><\/a><span data-contrast=\"auto\">.<\/span><span data-ccp-props=\"{&quot;134233117&quot;:false,&quot;134233118&quot;:false,&quot;201341983&quot;:0,&quot;335551550&quot;:0,&quot;335551620&quot;:0,&quot;335559738&quot;:240,&quot;335559739&quot;:240,&quot;335559740&quot;:279}\">\u00a0<\/span>[\/vc_column_text][\/vc_column][\/vc_row][vc_row][vc_column width=&#8220;1\/6&#8243;][\/vc_column][vc_column width=&#8220;2\/3&#8243;]<a href=\"https:\/\/www.fahrrad-xxl.de\/serie\/flyer-upstreet\/saison.2024\/\" target=\"_self\" class=\"button button-appear custom full \" style=\"background-color: #a82323; border-color: #a82323;border-radius: 30px;\"><span>Entdecke die Flyer Upstreet Modelle 2024<i class='fa fas fa-chevron-circle-right'><\/i><\/span><\/a><div class=\"spacer\" style=\"height: 40px;\"><\/div>[\/vc_column][vc_column width=&#8220;1\/6&#8243;][\/vc_column][\/vc_row][vc_row][vc_column][vc_column_text]<\/p>\n<h2><span class=\"ez-toc-section\" id=\"specialized-como-igh-50-luxurioeses-e-bike-mit-high-tech-features\"><\/span><span class=\"TextRun SCXW26335236 BCX0\" lang=\"DE-DE\" xml:lang=\"DE-DE\" data-contrast=\"none\"><span class=\"NormalTextRun SCXW26335236 BCX0\" data-ccp-parastyle=\"heading 3\">Specialized Como IGH 5.0: Luxuri\u00f6ses E-Bike mit High-Tech-Features<\/span><\/span><span class=\"ez-toc-section-end\"><\/span><\/h2>\n<div id=\"attachment_33932\" style=\"width: 1214px\" class=\"wp-caption aligncenter\"><a href=\"https:\/\/www.fahrrad-xxl.de\/specialized-como-5-0-igh-m000045912\"><img aria-describedby=\"caption-attachment-33932\" decoding=\"async\" loading=\"lazy\" class=\"size-full wp-image-33932\" src=\"https:\/\/www.fahrrad-xxl.de\/blog\/wp-content\/uploads\/2019\/03\/Specialized-Como-IGH-5.0-e1724664254896.jpg\" alt=\"Specialized Como IGH 5.0\" width=\"1204\" height=\"768\" \/><\/a><p id=\"caption-attachment-33932\" class=\"wp-caption-text\">Specialized Como IGH 5.0<\/p><\/div>\n<p>[\/vc_column_text][\/vc_column][vc_column width=&#8220;1\/2&#8243;][vc_column_text]<b><span data-contrast=\"auto\">Vorteile:<\/span><\/b><span data-ccp-props=\"{&quot;134233117&quot;:false,&quot;134233118&quot;:false,&quot;201341983&quot;:0,&quot;335551550&quot;:0,&quot;335551620&quot;:0,&quot;335559738&quot;:240,&quot;335559739&quot;:240,&quot;335559740&quot;:279}\">\u00a0<\/span><\/p>\n<ul>\n<li data-leveltext=\"\uf0b7\" data-font=\"Symbol\" data-listid=\"1\" data-list-defn-props=\"{&quot;335552541&quot;:1,&quot;335559683&quot;:0,&quot;335559684&quot;:-2,&quot;335559685&quot;:720,&quot;335559991&quot;:360,&quot;469769226&quot;:&quot;Symbol&quot;,&quot;469769242&quot;:[8226],&quot;469777803&quot;:&quot;left&quot;,&quot;469777804&quot;:&quot;\uf0b7&quot;,&quot;469777815&quot;:&quot;hybridMultilevel&quot;}\" aria-setsize=\"-1\" data-aria-posinset=\"43\" data-aria-level=\"1\"><span data-contrast=\"auto\">Starke Motorleistung und individuelle Anpassungsm\u00f6glichkeiten<\/span><span data-ccp-props=\"{&quot;134233117&quot;:false,&quot;134233118&quot;:false,&quot;201341983&quot;:0,&quot;335551550&quot;:0,&quot;335551620&quot;:0,&quot;335559738&quot;:0,&quot;335559739&quot;:0,&quot;335559740&quot;:279}\">\u00a0<\/span><\/li>\n<\/ul>\n<ul>\n<li data-leveltext=\"\uf0b7\" data-font=\"Symbol\" data-listid=\"1\" data-list-defn-props=\"{&quot;335552541&quot;:1,&quot;335559683&quot;:0,&quot;335559684&quot;:-2,&quot;335559685&quot;:720,&quot;335559991&quot;:360,&quot;469769226&quot;:&quot;Symbol&quot;,&quot;469769242&quot;:[8226],&quot;469777803&quot;:&quot;left&quot;,&quot;469777804&quot;:&quot;\uf0b7&quot;,&quot;469777815&quot;:&quot;hybridMultilevel&quot;}\" aria-setsize=\"-1\" data-aria-posinset=\"44\" data-aria-level=\"1\"><span data-contrast=\"auto\">Hervorragender Fahrkomfort durch Federgabel und gefederte Sattelst\u00fctze<\/span><span data-ccp-props=\"{&quot;134233117&quot;:false,&quot;134233118&quot;:false,&quot;201341983&quot;:0,&quot;335551550&quot;:0,&quot;335551620&quot;:0,&quot;335559738&quot;:0,&quot;335559739&quot;:0,&quot;335559740&quot;:279}\">\u00a0<\/span><\/li>\n<\/ul>\n<ul>\n<li data-leveltext=\"\uf0b7\" data-font=\"Symbol\" data-listid=\"1\" data-list-defn-props=\"{&quot;335552541&quot;:1,&quot;335559683&quot;:0,&quot;335559684&quot;:-2,&quot;335559685&quot;:720,&quot;335559991&quot;:360,&quot;469769226&quot;:&quot;Symbol&quot;,&quot;469769242&quot;:[8226],&quot;469777803&quot;:&quot;left&quot;,&quot;469777804&quot;:&quot;\uf0b7&quot;,&quot;469777815&quot;:&quot;hybridMultilevel&quot;}\" aria-setsize=\"-1\" data-aria-posinset=\"45\" data-aria-level=\"1\"><span data-contrast=\"auto\">Hochwertige automatische Enviolo-Getriebeschaltung<\/span><span data-ccp-props=\"{&quot;134233117&quot;:false,&quot;134233118&quot;:false,&quot;201341983&quot;:0,&quot;335551550&quot;:0,&quot;335551620&quot;:0,&quot;335559738&quot;:0,&quot;335559739&quot;:0,&quot;335559740&quot;:279}\">\u00a0<\/span><\/li>\n<\/ul>\n<ul>\n<li data-leveltext=\"\uf0b7\" data-font=\"Symbol\" data-listid=\"1\" data-list-defn-props=\"{&quot;335552541&quot;:1,&quot;335559683&quot;:0,&quot;335559684&quot;:-2,&quot;335559685&quot;:720,&quot;335559991&quot;:360,&quot;469769226&quot;:&quot;Symbol&quot;,&quot;469769242&quot;:[8226],&quot;469777803&quot;:&quot;left&quot;,&quot;469777804&quot;:&quot;\uf0b7&quot;,&quot;469777815&quot;:&quot;hybridMultilevel&quot;}\" aria-setsize=\"-1\" data-aria-posinset=\"46\" data-aria-level=\"1\"><span data-contrast=\"auto\">Umfassender Diebstahlschutz mit Turbo System Lock und Bewegungssensor<\/span><span data-ccp-props=\"{&quot;134233117&quot;:false,&quot;134233118&quot;:false,&quot;201341983&quot;:0,&quot;335551550&quot;:0,&quot;335551620&quot;:0,&quot;335559738&quot;:0,&quot;335559739&quot;:0,&quot;335559740&quot;:279}\">\u00a0<\/span><\/li>\n<\/ul>\n<p><b><span data-contrast=\"auto\">Nachteile:<\/span><\/b><span data-ccp-props=\"{&quot;134233117&quot;:false,&quot;134233118&quot;:false,&quot;201341983&quot;:0,&quot;335551550&quot;:0,&quot;335551620&quot;:0,&quot;335559738&quot;:240,&quot;335559739&quot;:240,&quot;335559740&quot;:279}\">\u00a0<\/span><\/p>\n<ul>\n<li data-leveltext=\"\uf0b7\" data-font=\"Symbol\" data-listid=\"1\" data-list-defn-props=\"{&quot;335552541&quot;:1,&quot;335559683&quot;:0,&quot;335559684&quot;:-2,&quot;335559685&quot;:720,&quot;335559991&quot;:360,&quot;469769226&quot;:&quot;Symbol&quot;,&quot;469769242&quot;:[8226],&quot;469777803&quot;:&quot;left&quot;,&quot;469777804&quot;:&quot;\uf0b7&quot;,&quot;469777815&quot;:&quot;hybridMultilevel&quot;}\" aria-setsize=\"-1\" data-aria-posinset=\"47\" data-aria-level=\"1\"><span data-contrast=\"auto\">Akku-Ausbau gestaltet sich etwas umst\u00e4ndlich<\/span><span data-ccp-props=\"{&quot;134233117&quot;:false,&quot;134233118&quot;:false,&quot;201341983&quot;:0,&quot;335551550&quot;:0,&quot;335551620&quot;:0,&quot;335559738&quot;:0,&quot;335559739&quot;:0,&quot;335559740&quot;:279}\">\u00a0<\/span><\/li>\n<\/ul>\n<ul>\n<li data-leveltext=\"\uf0b7\" data-font=\"Symbol\" data-listid=\"1\" data-list-defn-props=\"{&quot;335552541&quot;:1,&quot;335559683&quot;:0,&quot;335559684&quot;:-2,&quot;335559685&quot;:720,&quot;335559991&quot;:360,&quot;469769226&quot;:&quot;Symbol&quot;,&quot;469769242&quot;:[8226],&quot;469777803&quot;:&quot;left&quot;,&quot;469777804&quot;:&quot;\uf0b7&quot;,&quot;469777815&quot;:&quot;hybridMultilevel&quot;}\" aria-setsize=\"-1\" data-aria-posinset=\"48\" data-aria-level=\"1\"><span data-contrast=\"auto\">Kabelmanagement im Cockpit k\u00f6nnte sauberer sein<\/span><span data-ccp-props=\"{&quot;134233117&quot;:false,&quot;134233118&quot;:false,&quot;201341983&quot;:0,&quot;335551550&quot;:0,&quot;335551620&quot;:0,&quot;335559738&quot;:0,&quot;335559739&quot;:0,&quot;335559740&quot;:279}\">\u00a0<\/span><\/li>\n<\/ul>\n<ul>\n<li data-leveltext=\"\uf0b7\" data-font=\"Symbol\" data-listid=\"1\" data-list-defn-props=\"{&quot;335552541&quot;:1,&quot;335559683&quot;:0,&quot;335559684&quot;:-2,&quot;335559685&quot;:720,&quot;335559991&quot;:360,&quot;469769226&quot;:&quot;Symbol&quot;,&quot;469769242&quot;:[8226],&quot;469777803&quot;:&quot;left&quot;,&quot;469777804&quot;:&quot;\uf0b7&quot;,&quot;469777815&quot;:&quot;hybridMultilevel&quot;}\" aria-setsize=\"-1\" data-aria-posinset=\"49\" data-aria-level=\"1\"><span data-contrast=\"auto\">Relativ hohes Gewicht (28,94 kg)<\/span><span data-ccp-props=\"{&quot;134233117&quot;:false,&quot;134233118&quot;:false,&quot;201341983&quot;:0,&quot;335551550&quot;:0,&quot;335551620&quot;:0,&quot;335559738&quot;:0,&quot;335559739&quot;:0,&quot;335559740&quot;:279}\">\u00a0<\/span><\/li>\n<\/ul>\n<p>[\/vc_column_text][\/vc_column][vc_column width=&#8220;1\/2&#8243;][vc_column_text]<span data-contrast=\"auto\">Das <a href=\"https:\/\/www.fahrrad-xxl.de\/specialized-como-5-0-igh-m000045912\">Specialized Como IGH 5.0<\/a> ist ein echtes Komfortwunder und setzt neue Ma\u00dfst\u00e4be f\u00fcr Technologie im City-Bike-Bereich. Das Bike ist mit einem starken Specialized 2.2-Motor und einer vollautomatischen Enviolo-Nabenschaltung ausgestattet. Dadurch f\u00e4hrt es sich angenehm gleichm\u00e4\u00dfig und sanft. Die Kombination aus tiefem Durchstieg und gefederter Sattelst\u00fctze sorgt f\u00fcr hohen Komfort \u2013 perfekt f\u00fcr den t\u00e4glichen Weg zur Arbeit und lange Touren. Mit einer beeindruckenden Akkukapazit\u00e4t von 710 Wh kannst du mit dem Como IGH 5.0 ganz entspannt auch mal eine ausgedehnte Tagestour machen, ohne dir Gedanken \u00fcber die Reichweite machen zu m\u00fcssen.<\/span><span data-ccp-props=\"{&quot;134233117&quot;:false,&quot;134233118&quot;:false,&quot;201341983&quot;:0,&quot;335551550&quot;:0,&quot;335551620&quot;:0,&quot;335559738&quot;:240,&quot;335559739&quot;:240,&quot;335559740&quot;:279}\">\u00a0<\/span><\/p>\n<p><span data-contrast=\"auto\">Die Sicherheitsfeatures sind besonders hervorzuheben: Das integrierte Garmin Radar warnt vor herannahendem Verkehr, und das Turbo System Lock sch\u00fctzt vor Diebstahl, indem es den Motor sperrt und Bewegungssensoren nutzt. Die ergonomischen Griffe und der breite V-Lenker tragen zum Komfort bei, w\u00e4hrend die breiten Reifen Stabilit\u00e4t und Laufruhe bieten. Die SRAM G2 RS-Bremsen garantieren zuverl\u00e4ssige Bremskraft. Der Akku l\u00e4sst sich etwas umst\u00e4ndlich nach unten ausbauen und das Kabelmanagement im Cockpit k\u00f6nnte etwas aufger\u00e4umter sein. Aber trotz dieser Kleinigkeiten \u00fcberzeugt das Specialized Como IGH 5.0 durch Luxus, starke Motorleistung und umfassende Sicherheitsfeatures \u2013 perfekt f\u00fcr anspruchsvolle Stadtfahrer. 1,5 \u2013 Sehr gut, urteilte\u00a0<\/span><a href=\"https:\/\/www.radfahren.de\/test-technik\/specialized-como-igh-5-0-test\/\"><span data-contrast=\"none\">Radfahren.de<\/span><\/a><span data-contrast=\"auto\">.<\/span><span data-ccp-props=\"{&quot;134233117&quot;:false,&quot;134233118&quot;:false,&quot;201341983&quot;:0,&quot;335551550&quot;:0,&quot;335551620&quot;:0,&quot;335559738&quot;:240,&quot;335559739&quot;:240,&quot;335559740&quot;:279}\">\u00a0<\/span>[\/vc_column_text][\/vc_column][\/vc_row][vc_row][vc_column width=&#8220;1\/6&#8243;][\/vc_column][vc_column width=&#8220;2\/3&#8243;]<a href=\"https:\/\/www.fahrrad-xxl.de\/serie\/specialized-como\/\" target=\"_self\" class=\"button button-appear custom full \" style=\"background-color: #a82323; border-color: #a82323;border-radius: 30px;\"><span>Entdecke die Specialized Como E-City-Bike Modelle<i class='fa fas fa-chevron-circle-right'><\/i><\/span><\/a><div class=\"spacer\" style=\"height: 40px;\"><\/div>[\/vc_column][vc_column width=&#8220;1\/6&#8243;][\/vc_column][\/vc_row][vc_row][vc_column][vc_column_text]<\/p>\n<h2><span class=\"ez-toc-section\" id=\"koga-evia-pro-stilvolles-stadtrad-mit-optimalem-fahrkomfort\"><\/span><span class=\"TextRun SCXW118545755 BCX0\" lang=\"DE-DE\" xml:lang=\"DE-DE\" data-contrast=\"none\"><span class=\"NormalTextRun SCXW118545755 BCX0\" data-ccp-parastyle=\"heading 3\">Koga<\/span> <span class=\"NormalTextRun SCXW118545755 BCX0\" data-ccp-parastyle=\"heading 3\">Evia<\/span><span class=\"NormalTextRun SCXW118545755 BCX0\" data-ccp-parastyle=\"heading 3\"> Pro: Stilvolles <\/span><span class=\"NormalTextRun SCXW118545755 BCX0\" data-ccp-parastyle=\"heading 3\">Stadtrad<\/span><span class=\"NormalTextRun SCXW118545755 BCX0\" data-ccp-parastyle=\"heading 3\"> mit optimalem Fahrkomfort<\/span><\/span><span class=\"ez-toc-section-end\"><\/span><\/h2>\n<div id=\"attachment_33930\" style=\"width: 1930px\" class=\"wp-caption aligncenter\"><a href=\"https:\/\/www.fahrrad-xxl.de\/koga-evia-pro-m000076675\"><img aria-describedby=\"caption-attachment-33930\" decoding=\"async\" loading=\"lazy\" class=\"size-full wp-image-33930\" src=\"https:\/\/www.fahrrad-xxl.de\/blog\/wp-content\/uploads\/2019\/03\/Koga-Evia-Pro.jpg\" alt=\"Koga Evia Pro\" width=\"1920\" height=\"1280\" \/><\/a><p id=\"caption-attachment-33930\" class=\"wp-caption-text\">Koga Evia Pro<\/p><\/div>\n<p>[\/vc_column_text][\/vc_column][vc_column width=&#8220;1\/2&#8243;][vc_column_text]<b><span data-contrast=\"auto\">Vorteile:<\/span><\/b><span data-ccp-props=\"{&quot;134233117&quot;:false,&quot;134233118&quot;:false,&quot;201341983&quot;:0,&quot;335551550&quot;:0,&quot;335551620&quot;:0,&quot;335559738&quot;:240,&quot;335559739&quot;:240,&quot;335559740&quot;:279}\">\u00a0<\/span><\/p>\n<ul>\n<li data-leveltext=\"\uf0b7\" data-font=\"Symbol\" data-listid=\"1\" data-list-defn-props=\"{&quot;335552541&quot;:1,&quot;335559683&quot;:0,&quot;335559684&quot;:-2,&quot;335559685&quot;:720,&quot;335559991&quot;:360,&quot;469769226&quot;:&quot;Symbol&quot;,&quot;469769242&quot;:[8226],&quot;469777803&quot;:&quot;left&quot;,&quot;469777804&quot;:&quot;\uf0b7&quot;,&quot;469777815&quot;:&quot;hybridMultilevel&quot;}\" aria-setsize=\"-1\" data-aria-posinset=\"50\" data-aria-level=\"1\"><span data-contrast=\"auto\">Harmonischer und ger\u00e4uscharmer Bosch-Motor<\/span><span data-ccp-props=\"{&quot;134233117&quot;:false,&quot;134233118&quot;:false,&quot;201341983&quot;:0,&quot;335551550&quot;:0,&quot;335551620&quot;:0,&quot;335559738&quot;:0,&quot;335559739&quot;:0,&quot;335559740&quot;:279}\">\u00a0<\/span><\/li>\n<\/ul>\n<ul>\n<li data-leveltext=\"\uf0b7\" data-font=\"Symbol\" data-listid=\"1\" data-list-defn-props=\"{&quot;335552541&quot;:1,&quot;335559683&quot;:0,&quot;335559684&quot;:-2,&quot;335559685&quot;:720,&quot;335559991&quot;:360,&quot;469769226&quot;:&quot;Symbol&quot;,&quot;469769242&quot;:[8226],&quot;469777803&quot;:&quot;left&quot;,&quot;469777804&quot;:&quot;\uf0b7&quot;,&quot;469777815&quot;:&quot;hybridMultilevel&quot;}\" aria-setsize=\"-1\" data-aria-posinset=\"51\" data-aria-level=\"1\"><span data-contrast=\"auto\">Hochwertige Verarbeitung des Rahmens<\/span><span data-ccp-props=\"{&quot;134233117&quot;:false,&quot;134233118&quot;:false,&quot;201341983&quot;:0,&quot;335551550&quot;:0,&quot;335551620&quot;:0,&quot;335559738&quot;:0,&quot;335559739&quot;:0,&quot;335559740&quot;:279}\">\u00a0<\/span><\/li>\n<\/ul>\n<ul>\n<li data-leveltext=\"\uf0b7\" data-font=\"Symbol\" data-listid=\"1\" data-list-defn-props=\"{&quot;335552541&quot;:1,&quot;335559683&quot;:0,&quot;335559684&quot;:-2,&quot;335559685&quot;:720,&quot;335559991&quot;:360,&quot;469769226&quot;:&quot;Symbol&quot;,&quot;469769242&quot;:[8226],&quot;469777803&quot;:&quot;left&quot;,&quot;469777804&quot;:&quot;\uf0b7&quot;,&quot;469777815&quot;:&quot;hybridMultilevel&quot;}\" aria-setsize=\"-1\" data-aria-posinset=\"52\" data-aria-level=\"1\"><span data-contrast=\"auto\">Komfortable Federsattelst\u00fctze<\/span><span data-ccp-props=\"{&quot;134233117&quot;:false,&quot;134233118&quot;:false,&quot;201341983&quot;:0,&quot;335551550&quot;:0,&quot;335551620&quot;:0,&quot;335559738&quot;:0,&quot;335559739&quot;:0,&quot;335559740&quot;:279}\">\u00a0<\/span><\/li>\n<\/ul>\n<ul>\n<li data-leveltext=\"\uf0b7\" data-font=\"Symbol\" data-listid=\"1\" data-list-defn-props=\"{&quot;335552541&quot;:1,&quot;335559683&quot;:0,&quot;335559684&quot;:-2,&quot;335559685&quot;:720,&quot;335559991&quot;:360,&quot;469769226&quot;:&quot;Symbol&quot;,&quot;469769242&quot;:[8226],&quot;469777803&quot;:&quot;left&quot;,&quot;469777804&quot;:&quot;\uf0b7&quot;,&quot;469777815&quot;:&quot;hybridMultilevel&quot;}\" aria-setsize=\"-1\" data-aria-posinset=\"53\" data-aria-level=\"1\"><span data-contrast=\"auto\">Stufenlose Enviolo-Nabenschaltung<\/span><span data-ccp-props=\"{&quot;134233117&quot;:false,&quot;134233118&quot;:false,&quot;201341983&quot;:0,&quot;335551550&quot;:0,&quot;335551620&quot;:0,&quot;335559738&quot;:0,&quot;335559739&quot;:0,&quot;335559740&quot;:279}\">\u00a0<\/span><\/li>\n<\/ul>\n<ul>\n<li data-leveltext=\"\uf0b7\" data-font=\"Symbol\" data-listid=\"1\" data-list-defn-props=\"{&quot;335552541&quot;:1,&quot;335559683&quot;:0,&quot;335559684&quot;:-2,&quot;335559685&quot;:720,&quot;335559991&quot;:360,&quot;469769226&quot;:&quot;Symbol&quot;,&quot;469769242&quot;:[8226],&quot;469777803&quot;:&quot;left&quot;,&quot;469777804&quot;:&quot;\uf0b7&quot;,&quot;469777815&quot;:&quot;hybridMultilevel&quot;}\" aria-setsize=\"-1\" data-aria-posinset=\"54\" data-aria-level=\"1\"><span data-contrast=\"auto\">Integrierte Beleuchtung<\/span><span data-ccp-props=\"{&quot;134233117&quot;:false,&quot;134233118&quot;:false,&quot;201341983&quot;:0,&quot;335551550&quot;:0,&quot;335551620&quot;:0,&quot;335559738&quot;:0,&quot;335559739&quot;:0,&quot;335559740&quot;:279}\">\u00a0<\/span><\/li>\n<\/ul>\n<p><b><span data-contrast=\"auto\">Nachteile:<\/span><\/b><span data-ccp-props=\"{&quot;134233117&quot;:false,&quot;134233118&quot;:false,&quot;201341983&quot;:0,&quot;335551550&quot;:0,&quot;335551620&quot;:0,&quot;335559738&quot;:240,&quot;335559739&quot;:240,&quot;335559740&quot;:279}\">\u00a0<\/span><\/p>\n<ul>\n<li data-leveltext=\"\uf0b7\" data-font=\"Symbol\" data-listid=\"1\" data-list-defn-props=\"{&quot;335552541&quot;:1,&quot;335559683&quot;:0,&quot;335559684&quot;:-2,&quot;335559685&quot;:720,&quot;335559991&quot;:360,&quot;469769226&quot;:&quot;Symbol&quot;,&quot;469769242&quot;:[8226],&quot;469777803&quot;:&quot;left&quot;,&quot;469777804&quot;:&quot;\uf0b7&quot;,&quot;469777815&quot;:&quot;hybridMultilevel&quot;}\" aria-setsize=\"-1\" data-aria-posinset=\"55\" data-aria-level=\"1\"><span data-contrast=\"auto\">Etwas schmale Schutzbleche<\/span><span data-ccp-props=\"{&quot;134233117&quot;:false,&quot;134233118&quot;:false,&quot;201341983&quot;:0,&quot;335551550&quot;:0,&quot;335551620&quot;:0,&quot;335559738&quot;:0,&quot;335559739&quot;:0,&quot;335559740&quot;:279}\">\u00a0<\/span><\/li>\n<\/ul>\n<ul>\n<li data-leveltext=\"\uf0b7\" data-font=\"Symbol\" data-listid=\"1\" data-list-defn-props=\"{&quot;335552541&quot;:1,&quot;335559683&quot;:0,&quot;335559684&quot;:-2,&quot;335559685&quot;:720,&quot;335559991&quot;:360,&quot;469769226&quot;:&quot;Symbol&quot;,&quot;469769242&quot;:[8226],&quot;469777803&quot;:&quot;left&quot;,&quot;469777804&quot;:&quot;\uf0b7&quot;,&quot;469777815&quot;:&quot;hybridMultilevel&quot;}\" aria-setsize=\"-1\" data-aria-posinset=\"56\" data-aria-level=\"1\"><span data-contrast=\"auto\">Griffe k\u00f6nnten ergonomischer sein<\/span><span data-ccp-props=\"{&quot;134233117&quot;:false,&quot;134233118&quot;:false,&quot;201341983&quot;:0,&quot;335551550&quot;:0,&quot;335551620&quot;:0,&quot;335559738&quot;:0,&quot;335559739&quot;:0,&quot;335559740&quot;:279}\">\u00a0<\/span><\/li>\n<\/ul>\n<p>[\/vc_column_text][\/vc_column][vc_column width=&#8220;1\/2&#8243;][vc_column_text]<span data-contrast=\"auto\">Das <a href=\"https:\/\/www.fahrrad-xxl.de\/koga-evia-pro-m000076675\">Koga Evia Pro<\/a> vereint elegantes Design und komfortables Fahrverhalten. Der matt-schwarze Aluminiumrahmen und die nahtlose Kabelf\u00fchrung sorgen f\u00fcr einen modernen, aufger\u00e4umten Look. Die 30-mm-Federung in der Starrgabel ist praktisch unsichtbar und sorgt f\u00fcr zus\u00e4tzliche D\u00e4mpfung, ohne das minimalistische Design zu beeintr\u00e4chtigen. Der leise Bosch Performance Line-Motor unterst\u00fctzt dich perfekt, wenn du in der Stadt unterwegs bist. Zusammen mit der stufenlosen Enviolo-Nabenschaltung hast du immer die richtige Power, ohne dass es zu laut wird.<\/span><span data-ccp-props=\"{&quot;134233117&quot;:false,&quot;134233118&quot;:false,&quot;201341983&quot;:0,&quot;335551550&quot;:0,&quot;335551620&quot;:0,&quot;335559738&quot;:240,&quot;335559739&quot;:240,&quot;335559740&quot;:279}\">\u00a0<\/span><\/p>\n<p><span data-contrast=\"auto\">Mit einer Akkukapazit\u00e4t von 625 Wh und einem wartungsarmen Gates-Carbonriemen liefert das Evia Pro gen\u00fcgend Power und ist einfach zu pflegen. Die komfortable Sitzposition und die gut d\u00e4mpfenden Reifen machen es ideal f\u00fcr urbane Fahrten, w\u00e4hrend die Shimano-Scheibenbremsen zuverl\u00e4ssige Bremsleistung bieten. Einige Schw\u00e4chen zeigen sich bei den schmalen Schutzblechen, die bei starkem Regen weniger effektiv sind, und den etwas kantigen Griffen, die in Kombination mit dem Drehgriff der Schaltung nicht die bequemste L\u00f6sung darstellen. Insgesamt ist das Koga Evia Pro dennoch ein elegantes, komfortables und technisch ausgereiftes City-Bike, das f\u00fcr stilbewusste Stadtfahrer eine hervorragende Wahl darstellt. Das findet zumindest die Redaktion von <\/span><a href=\"https:\/\/www.radfahren.de\/test-technik\/koga-evia-pro-test\/\"><span data-contrast=\"none\">Radfahren.de<\/span><\/a><span data-contrast=\"auto\">, die dem Bike eine 1,6 \u2013 Sehr gut gegeben hat.<\/span><span data-ccp-props=\"{&quot;134233117&quot;:false,&quot;134233118&quot;:false,&quot;201341983&quot;:0,&quot;335551550&quot;:0,&quot;335551620&quot;:0,&quot;335559738&quot;:240,&quot;335559739&quot;:240,&quot;335559740&quot;:279}\">\u00a0<\/span>[\/vc_column_text][\/vc_column][\/vc_row][vc_row][vc_column width=&#8220;1\/6&#8243;][\/vc_column][vc_column width=&#8220;2\/3&#8243;]<a href=\"https:\/\/www.fahrrad-xxl.de\/marken\/koga\/saison.2024\/\" target=\"_self\" class=\"button button-appear custom full \" style=\"background-color: #a82323; border-color: #a82323;border-radius: 30px;\"><span>Entdecke die Koga Modelle 2024<i class='fa fas fa-chevron-circle-right'><\/i><\/span><\/a><div class=\"spacer\" style=\"height: 40px;\"><\/div>[\/vc_column][vc_column width=&#8220;1\/6&#8243;][\/vc_column][\/vc_row][vc_row][vc_column][vc_column_text]<\/p>\n<h2><span class=\"ez-toc-section\" id=\"specialized-turbo-vado-50-igh-smarter-alleskoenner-fuer-die-stadt\"><\/span><span class=\"TextRun SCXW170557779 BCX0\" lang=\"DE-DE\" xml:lang=\"DE-DE\" data-contrast=\"none\"><span class=\"NormalTextRun SCXW170557779 BCX0\" data-ccp-parastyle=\"heading 3\">Specialized Turbo <\/span><span class=\"NormalTextRun SpellingErrorV2Themed SCXW170557779 BCX0\" data-ccp-parastyle=\"heading 3\">Vado<\/span><span class=\"NormalTextRun SCXW170557779 BCX0\" data-ccp-parastyle=\"heading 3\"> 5.0 IGH: Smarter Allesk\u00f6nner f\u00fcr die Stadt<\/span><\/span><span class=\"EOP SCXW170557779 BCX0\" data-ccp-props=\"{&quot;134233117&quot;:false,&quot;134233118&quot;:false,&quot;134245418&quot;:true,&quot;134245529&quot;:true,&quot;201341983&quot;:0,&quot;335551550&quot;:0,&quot;335551620&quot;:0,&quot;335559738&quot;:281,&quot;335559739&quot;:281,&quot;335559740&quot;:279}\">\u00a0<\/span><span class=\"ez-toc-section-end\"><\/span><\/h2>\n<div id=\"attachment_33933\" style=\"width: 1930px\" class=\"wp-caption aligncenter\"><a href=\"https:\/\/www.fahrrad-xxl.de\/specialized-vado-4-0-igh-nb-m000087595\"><img aria-describedby=\"caption-attachment-33933\" decoding=\"async\" loading=\"lazy\" class=\"size-full wp-image-33933\" src=\"https:\/\/www.fahrrad-xxl.de\/blog\/wp-content\/uploads\/2019\/03\/Specialized-Turbo-Vado-5.0-IGH.jpg\" alt=\"Specialized Turbo Vado 5.0 IGH\" width=\"1920\" height=\"1280\" \/><\/a><p id=\"caption-attachment-33933\" class=\"wp-caption-text\">Specialized Turbo Vado 5.0 IGH<\/p><\/div>\n<p>[\/vc_column_text][\/vc_column][vc_column width=&#8220;1\/2&#8243;][vc_column_text]<b><span data-contrast=\"auto\">Vorteile:<\/span><\/b><span data-ccp-props=\"{&quot;134233117&quot;:false,&quot;134233118&quot;:false,&quot;201341983&quot;:0,&quot;335551550&quot;:0,&quot;335551620&quot;:0,&quot;335559738&quot;:240,&quot;335559739&quot;:240,&quot;335559740&quot;:279}\">\u00a0<\/span><\/p>\n<ul>\n<li data-leveltext=\"\uf0b7\" data-font=\"Symbol\" data-listid=\"1\" data-list-defn-props=\"{&quot;335552541&quot;:1,&quot;335559683&quot;:0,&quot;335559684&quot;:-2,&quot;335559685&quot;:720,&quot;335559991&quot;:360,&quot;469769226&quot;:&quot;Symbol&quot;,&quot;469769242&quot;:[8226],&quot;469777803&quot;:&quot;left&quot;,&quot;469777804&quot;:&quot;\uf0b7&quot;,&quot;469777815&quot;:&quot;hybridMultilevel&quot;}\" aria-setsize=\"-1\" data-aria-posinset=\"57\" data-aria-level=\"1\"><span data-contrast=\"auto\">Automatisierter Antrieb mit nat\u00fcrlichem Fahrgef\u00fchl<\/span><span data-ccp-props=\"{&quot;134233117&quot;:false,&quot;134233118&quot;:false,&quot;201341983&quot;:0,&quot;335551550&quot;:0,&quot;335551620&quot;:0,&quot;335559738&quot;:0,&quot;335559739&quot;:0,&quot;335559740&quot;:279}\">\u00a0<\/span><\/li>\n<\/ul>\n<ul>\n<li data-leveltext=\"\uf0b7\" data-font=\"Symbol\" data-listid=\"1\" data-list-defn-props=\"{&quot;335552541&quot;:1,&quot;335559683&quot;:0,&quot;335559684&quot;:-2,&quot;335559685&quot;:720,&quot;335559991&quot;:360,&quot;469769226&quot;:&quot;Symbol&quot;,&quot;469769242&quot;:[8226],&quot;469777803&quot;:&quot;left&quot;,&quot;469777804&quot;:&quot;\uf0b7&quot;,&quot;469777815&quot;:&quot;hybridMultilevel&quot;}\" aria-setsize=\"-1\" data-aria-posinset=\"58\" data-aria-level=\"1\"><span data-contrast=\"auto\">Hervorragende Fahreigenschaften und hoher Komfort<\/span><span data-ccp-props=\"{&quot;134233117&quot;:false,&quot;134233118&quot;:false,&quot;201341983&quot;:0,&quot;335551550&quot;:0,&quot;335551620&quot;:0,&quot;335559738&quot;:0,&quot;335559739&quot;:0,&quot;335559740&quot;:279}\">\u00a0<\/span><\/li>\n<\/ul>\n<ul>\n<li data-leveltext=\"\uf0b7\" data-font=\"Symbol\" data-listid=\"1\" data-list-defn-props=\"{&quot;335552541&quot;:1,&quot;335559683&quot;:0,&quot;335559684&quot;:-2,&quot;335559685&quot;:720,&quot;335559991&quot;:360,&quot;469769226&quot;:&quot;Symbol&quot;,&quot;469769242&quot;:[8226],&quot;469777803&quot;:&quot;left&quot;,&quot;469777804&quot;:&quot;\uf0b7&quot;,&quot;469777815&quot;:&quot;hybridMultilevel&quot;}\" aria-setsize=\"-1\" data-aria-posinset=\"59\" data-aria-level=\"1\"><span data-contrast=\"auto\">Umfangreiche Sicherheits-Features wie integrierter Garmin Radar<\/span><span data-ccp-props=\"{&quot;134233117&quot;:false,&quot;134233118&quot;:false,&quot;201341983&quot;:0,&quot;335551550&quot;:0,&quot;335551620&quot;:0,&quot;335559738&quot;:0,&quot;335559739&quot;:0,&quot;335559740&quot;:279}\">\u00a0<\/span><\/li>\n<\/ul>\n<ul>\n<li data-leveltext=\"\uf0b7\" data-font=\"Symbol\" data-listid=\"1\" data-list-defn-props=\"{&quot;335552541&quot;:1,&quot;335559683&quot;:0,&quot;335559684&quot;:-2,&quot;335559685&quot;:720,&quot;335559991&quot;:360,&quot;469769226&quot;:&quot;Symbol&quot;,&quot;469769242&quot;:[8226],&quot;469777803&quot;:&quot;left&quot;,&quot;469777804&quot;:&quot;\uf0b7&quot;,&quot;469777815&quot;:&quot;hybridMultilevel&quot;}\" aria-setsize=\"-1\" data-aria-posinset=\"60\" data-aria-level=\"1\"><span data-contrast=\"auto\">Starke Motorleistung mit 90 Nm Drehmoment<\/span><span data-ccp-props=\"{&quot;134233117&quot;:false,&quot;134233118&quot;:false,&quot;201341983&quot;:0,&quot;335551550&quot;:0,&quot;335551620&quot;:0,&quot;335559738&quot;:0,&quot;335559739&quot;:0,&quot;335559740&quot;:279}\">\u00a0<\/span><\/li>\n<\/ul>\n<p><b><span data-contrast=\"auto\">Nachteile:<\/span><\/b><span data-ccp-props=\"{&quot;134233117&quot;:false,&quot;134233118&quot;:false,&quot;201341983&quot;:0,&quot;335551550&quot;:0,&quot;335551620&quot;:0,&quot;335559738&quot;:240,&quot;335559739&quot;:240,&quot;335559740&quot;:279}\">\u00a0<\/span><\/p>\n<ul>\n<li data-leveltext=\"\uf0b7\" data-font=\"Symbol\" data-listid=\"1\" data-list-defn-props=\"{&quot;335552541&quot;:1,&quot;335559683&quot;:0,&quot;335559684&quot;:-2,&quot;335559685&quot;:720,&quot;335559991&quot;:360,&quot;469769226&quot;:&quot;Symbol&quot;,&quot;469769242&quot;:[8226],&quot;469777803&quot;:&quot;left&quot;,&quot;469777804&quot;:&quot;\uf0b7&quot;,&quot;469777815&quot;:&quot;hybridMultilevel&quot;}\" aria-setsize=\"-1\" data-aria-posinset=\"61\" data-aria-level=\"1\"><span data-contrast=\"auto\">Akkuentnahme erfolgt nach unten, was unpraktisch sein kann<\/span><span data-ccp-props=\"{&quot;134233117&quot;:false,&quot;134233118&quot;:false,&quot;201341983&quot;:0,&quot;335551550&quot;:0,&quot;335551620&quot;:0,&quot;335559738&quot;:0,&quot;335559739&quot;:0,&quot;335559740&quot;:279}\">\u00a0<\/span><\/li>\n<\/ul>\n<p>[\/vc_column_text][\/vc_column][vc_column width=&#8220;1\/2&#8243;][vc_column_text]<span data-contrast=\"auto\">Das <a href=\"https:\/\/www.fahrrad-xxl.de\/specialized-vado-4-0-igh-nb-m000087595\">Specialized Turbo Vado 5.0 IGH<\/a> kombiniert fortschrittliche Technologie mit h\u00f6chstem Komfort. Die 80-mm-RockShox-Federgabel und die gefederte Sattelst\u00fctze sorgen f\u00fcr eine hervorragende D\u00e4mpfung, ideal f\u00fcr unebene Stadtstra\u00dfen. Der leistungsstarke Specialized 2.2-Motor arbeitet harmonisch mit der stufenlosen Enviolo-Nabenschaltung zusammen, was ein reibungsloses und kraftvolles Fahrerlebnis erm\u00f6glicht.\u00a0Besonders erw\u00e4hnenswert sind\u00a0das integrierte Garmin Radar, das vor herannahendem Verkehr warnt, sowie das Turbo System Lock, das durch Bewegungssensoren und Motorsperre Diebstahl effektiv verhindert.<\/span><span data-ccp-props=\"{&quot;134233117&quot;:false,&quot;134233118&quot;:false,&quot;201341983&quot;:0,&quot;335551550&quot;:0,&quot;335551620&quot;:0,&quot;335559738&quot;:240,&quot;335559739&quot;:240,&quot;335559740&quot;:279}\">\u00a0<\/span><\/p>\n<p><span data-contrast=\"auto\">Mit einer Akkukapazit\u00e4t von 710 Wh und breiten Reifen f\u00fcr zus\u00e4tzliche Stabilit\u00e4t bietet das Turbo Vado 5.0 IGH alles, was du f\u00fcr komfortable und sichere Fahrten im Stadtverkehr ben\u00f6tigst. Die Sram G2 RS-Bremsen sorgen f\u00fcr zuverl\u00e4ssige und starke Bremsleistung. Ein kleiner Nachteil ist die nach unten gerichtete Akkuentnahme, die das Handling etwas erschwert. Dennoch bleibt das Turbo Vado 5.0 IGH ein beeindruckendes E-Bike, das durch seine Automatisierung, hohen Komfort und starke Sicherheitsfeatures \u00fcberzeugt \u2013 ideal f\u00fcr anspruchsvolle Stadtfahrten.<\/span> <a href=\"https:\/\/www.radfahren.de\/test-technik\/specialized-turbo-vado-5-0-igh-test\/\"><span data-contrast=\"none\">Radfahren.de<\/span><\/a><span data-contrast=\"auto\"> bewertet dies mit 1,3 &#8211; Sehr gut.<\/span><span data-ccp-props=\"{&quot;134233117&quot;:false,&quot;134233118&quot;:false,&quot;201341983&quot;:0,&quot;335551550&quot;:0,&quot;335551620&quot;:0,&quot;335559738&quot;:240,&quot;335559739&quot;:240,&quot;335559740&quot;:279}\">\u00a0<\/span>[\/vc_column_text][\/vc_column][\/vc_row][vc_row][vc_column width=&#8220;1\/6&#8243;][\/vc_column][vc_column width=&#8220;2\/3&#8243;]<a href=\"https:\/\/www.fahrrad-xxl.de\/serie\/specialized-vado\/saison.2024\/\" target=\"_self\" class=\"button button-appear custom full \" style=\"background-color: #a82323; border-color: #a82323;border-radius: 30px;\"><span>Entdecke unsere Specialized Vado E-City-Bike Modelle 2024<i class='fa fas fa-chevron-circle-right'><\/i><\/span><\/a><div class=\"spacer\" style=\"height: 40px;\"><\/div>[\/vc_column][vc_column width=&#8220;1\/6&#8243;][\/vc_column][\/vc_row][vc_row][vc_column][vc_column_text]<\/p>\n<h2><span class=\"ez-toc-section\" id=\"kalkhoff-image-5b-advance-komfort-und-vielseitigkeit-fuer-den-urbanen-alltag\"><\/span><span class=\"TextRun SCXW218867942 BCX0\" lang=\"DE-DE\" xml:lang=\"DE-DE\" data-contrast=\"none\"><span class=\"NormalTextRun SpellingErrorV2Themed SCXW218867942 BCX0\" data-ccp-parastyle=\"heading 3\">Kalkhoff<\/span><span class=\"NormalTextRun SCXW218867942 BCX0\" data-ccp-parastyle=\"heading 3\"> Image 5.B Advance+: Komfort und Vielseitigkeit f\u00fcr den urbanen Alltag<\/span><\/span><span class=\"EOP SCXW218867942 BCX0\" data-ccp-props=\"{&quot;134233117&quot;:false,&quot;134233118&quot;:false,&quot;134245418&quot;:true,&quot;134245529&quot;:true,&quot;201341983&quot;:0,&quot;335551550&quot;:0,&quot;335551620&quot;:0,&quot;335559738&quot;:281,&quot;335559739&quot;:281,&quot;335559740&quot;:279}\">\u00a0<\/span><span class=\"ez-toc-section-end\"><\/span><\/h2>\n<div id=\"attachment_33940\" style=\"width: 1510px\" class=\"wp-caption aligncenter\"><a href=\"https:\/\/www.fahrrad-xxl.de\/serie\/kalkhoff-image\/\"><img aria-describedby=\"caption-attachment-33940\" decoding=\"async\" loading=\"lazy\" class=\"size-full wp-image-33940\" src=\"https:\/\/www.fahrrad-xxl.de\/blog\/wp-content\/uploads\/2019\/03\/Kalkhoff-Image-5.B-Advance.jpg\" alt=\"Kalkhoff Image 5.B Advance+\" width=\"1500\" height=\"944\" \/><\/a><p id=\"caption-attachment-33940\" class=\"wp-caption-text\">Kalkhoff Image 5.B Advance+<\/p><\/div>\n<p>[\/vc_column_text][\/vc_column][vc_column width=&#8220;1\/2&#8243;][vc_column_text]<b><span data-contrast=\"auto\">Vorteile:<\/span><\/b><span data-ccp-props=\"{&quot;134233117&quot;:false,&quot;134233118&quot;:false,&quot;201341983&quot;:0,&quot;335551550&quot;:0,&quot;335551620&quot;:0,&quot;335559738&quot;:240,&quot;335559739&quot;:240,&quot;335559740&quot;:279}\">\u00a0<\/span><\/p>\n<ul>\n<li data-leveltext=\"\uf0b7\" data-font=\"Symbol\" data-listid=\"1\" data-list-defn-props=\"{&quot;335552541&quot;:1,&quot;335559683&quot;:0,&quot;335559684&quot;:-2,&quot;335559685&quot;:720,&quot;335559991&quot;:360,&quot;469769226&quot;:&quot;Symbol&quot;,&quot;469769242&quot;:[8226],&quot;469777803&quot;:&quot;left&quot;,&quot;469777804&quot;:&quot;\uf0b7&quot;,&quot;469777815&quot;:&quot;hybridMultilevel&quot;}\" aria-setsize=\"-1\" data-aria-posinset=\"62\" data-aria-level=\"1\"><span data-contrast=\"auto\">Hoher Fahrkomfort durch aufrechte Sitzposition und tiefen Einstieg<\/span><span data-ccp-props=\"{&quot;134233117&quot;:false,&quot;134233118&quot;:false,&quot;201341983&quot;:0,&quot;335551550&quot;:0,&quot;335551620&quot;:0,&quot;335559738&quot;:0,&quot;335559739&quot;:0,&quot;335559740&quot;:279}\">\u00a0<\/span><\/li>\n<\/ul>\n<ul>\n<li data-leveltext=\"\uf0b7\" data-font=\"Symbol\" data-listid=\"1\" data-list-defn-props=\"{&quot;335552541&quot;:1,&quot;335559683&quot;:0,&quot;335559684&quot;:-2,&quot;335559685&quot;:720,&quot;335559991&quot;:360,&quot;469769226&quot;:&quot;Symbol&quot;,&quot;469769242&quot;:[8226],&quot;469777803&quot;:&quot;left&quot;,&quot;469777804&quot;:&quot;\uf0b7&quot;,&quot;469777815&quot;:&quot;hybridMultilevel&quot;}\" aria-setsize=\"-1\" data-aria-posinset=\"63\" data-aria-level=\"1\"><span data-contrast=\"auto\">Beeindruckende Reichweite von 78 Kilometern<\/span><span data-ccp-props=\"{&quot;134233117&quot;:false,&quot;134233118&quot;:false,&quot;201341983&quot;:0,&quot;335551550&quot;:0,&quot;335551620&quot;:0,&quot;335559738&quot;:0,&quot;335559739&quot;:0,&quot;335559740&quot;:279}\">\u00a0<\/span><\/li>\n<\/ul>\n<ul>\n<li data-leveltext=\"\uf0b7\" data-font=\"Symbol\" data-listid=\"1\" data-list-defn-props=\"{&quot;335552541&quot;:1,&quot;335559683&quot;:0,&quot;335559684&quot;:-2,&quot;335559685&quot;:720,&quot;335559991&quot;:360,&quot;469769226&quot;:&quot;Symbol&quot;,&quot;469769242&quot;:[8226],&quot;469777803&quot;:&quot;left&quot;,&quot;469777804&quot;:&quot;\uf0b7&quot;,&quot;469777815&quot;:&quot;hybridMultilevel&quot;}\" aria-setsize=\"-1\" data-aria-posinset=\"64\" data-aria-level=\"1\"><span data-contrast=\"auto\">Leistungsstarker Bosch Performance Line-Motor mit 75 Nm Drehmoment<\/span><span data-ccp-props=\"{&quot;134233117&quot;:false,&quot;134233118&quot;:false,&quot;201341983&quot;:0,&quot;335551550&quot;:0,&quot;335551620&quot;:0,&quot;335559738&quot;:0,&quot;335559739&quot;:0,&quot;335559740&quot;:279}\">\u00a0<\/span><\/li>\n<\/ul>\n<ul>\n<li data-leveltext=\"\uf0b7\" data-font=\"Symbol\" data-listid=\"1\" data-list-defn-props=\"{&quot;335552541&quot;:1,&quot;335559683&quot;:0,&quot;335559684&quot;:-2,&quot;335559685&quot;:720,&quot;335559991&quot;:360,&quot;469769226&quot;:&quot;Symbol&quot;,&quot;469769242&quot;:[8226],&quot;469777803&quot;:&quot;left&quot;,&quot;469777804&quot;:&quot;\uf0b7&quot;,&quot;469777815&quot;:&quot;hybridMultilevel&quot;}\" aria-setsize=\"-1\" data-aria-posinset=\"65\" data-aria-level=\"1\"><span data-contrast=\"auto\">Hohe Zuladungskapazit\u00e4t bis 170 kg<\/span><span data-ccp-props=\"{&quot;134233117&quot;:false,&quot;134233118&quot;:false,&quot;201341983&quot;:0,&quot;335551550&quot;:0,&quot;335551620&quot;:0,&quot;335559738&quot;:0,&quot;335559739&quot;:0,&quot;335559740&quot;:279}\">\u00a0<\/span><\/li>\n<\/ul>\n<p><b><span data-contrast=\"auto\">Nachteile:<\/span><\/b><span data-ccp-props=\"{&quot;134233117&quot;:false,&quot;134233118&quot;:false,&quot;201341983&quot;:0,&quot;335551550&quot;:0,&quot;335551620&quot;:0,&quot;335559738&quot;:240,&quot;335559739&quot;:240,&quot;335559740&quot;:279}\">\u00a0<\/span><\/p>\n<ul>\n<li data-leveltext=\"\uf0b7\" data-font=\"Symbol\" data-listid=\"1\" data-list-defn-props=\"{&quot;335552541&quot;:1,&quot;335559683&quot;:0,&quot;335559684&quot;:-2,&quot;335559685&quot;:720,&quot;335559991&quot;:360,&quot;469769226&quot;:&quot;Symbol&quot;,&quot;469769242&quot;:[8226],&quot;469777803&quot;:&quot;left&quot;,&quot;469777804&quot;:&quot;\uf0b7&quot;,&quot;469777815&quot;:&quot;hybridMultilevel&quot;}\" aria-setsize=\"-1\" data-aria-posinset=\"66\" data-aria-level=\"1\"><span data-contrast=\"auto\">Hohes Gewicht von 30,1 kg macht das Tragen erschwert<\/span><span data-ccp-props=\"{&quot;134233117&quot;:false,&quot;134233118&quot;:false,&quot;201341983&quot;:0,&quot;335551550&quot;:0,&quot;335551620&quot;:0,&quot;335559738&quot;:0,&quot;335559739&quot;:0,&quot;335559740&quot;:279}\">\u00a0<\/span><\/li>\n<\/ul>\n<ul>\n<li data-leveltext=\"\uf0b7\" data-font=\"Symbol\" data-listid=\"1\" data-list-defn-props=\"{&quot;335552541&quot;:1,&quot;335559683&quot;:0,&quot;335559684&quot;:-2,&quot;335559685&quot;:720,&quot;335559991&quot;:360,&quot;469769226&quot;:&quot;Symbol&quot;,&quot;469769242&quot;:[8226],&quot;469777803&quot;:&quot;left&quot;,&quot;469777804&quot;:&quot;\uf0b7&quot;,&quot;469777815&quot;:&quot;hybridMultilevel&quot;}\" aria-setsize=\"-1\" data-aria-posinset=\"67\" data-aria-level=\"1\"><span data-contrast=\"auto\">Etwas tr\u00e4ger Antritt in der niedrigsten Unterst\u00fctzungsstufe<\/span><span data-ccp-props=\"{&quot;134233117&quot;:false,&quot;134233118&quot;:false,&quot;201341983&quot;:0,&quot;335551550&quot;:0,&quot;335551620&quot;:0,&quot;335559738&quot;:0,&quot;335559739&quot;:0,&quot;335559740&quot;:279}\">\u00a0<\/span><\/li>\n<\/ul>\n<p>[\/vc_column_text][\/vc_column][vc_column width=&#8220;1\/2&#8243;][vc_column_text]<span data-contrast=\"auto\">Das <a href=\"https:\/\/www.fahrrad-xxl.de\/serie\/kalkhoff-image\/\">Kalkhoff Image 5.B Advance+<\/a> ist das perfekte City-Bike f\u00fcr alle, die Wert auf Komfort und Vielseitigkeit legen. Dank aufrechter Sitzposition, breitem Sattel und ergonomischen Griffen ist h\u00f6chster Fahrkomfort garantiert. Der tiefe Einstieg macht das Auf- und Absteigen super einfach, wodurch das Bike besonders benutzerfreundlich wird. Der Bosch Performance Line-Motor mit 75 Nm Drehmoment sorgt zusammen mit der Shimano Inter-5-E-Nabenschaltung f\u00fcr kraftvolle und gleichm\u00e4\u00dfige Unterst\u00fctzung. Der 625-Wh-Akku bietet genug Energie f\u00fcr bis zu 78 Kilometer Reichweite.<\/span><span data-ccp-props=\"{&quot;134233117&quot;:false,&quot;134233118&quot;:false,&quot;201341983&quot;:0,&quot;335551550&quot;:0,&quot;335551620&quot;:0,&quot;335559738&quot;:240,&quot;335559739&quot;:240,&quot;335559740&quot;:279}\">\u00a0<\/span><\/p>\n<p><span data-contrast=\"auto\">Besonders beeindruckend ist die hohe Zuladungskapazit\u00e4t von bis zu 170 kg. Damit ist das Bike ideal f\u00fcr den Transport von schweren Lasten oder die Nutzung eines Kindersitzes. Die breiten Schwalbe-Reifen sorgen f\u00fcr zus\u00e4tzlichen Komfort, und das Intuvia-Display mit Bluetooth-Anbindung macht die Bedienung einfacher. Das hohe Gewicht von 30,1 kg k\u00f6nnte beim Tragen des Bikes hinderlich sein, aber daf\u00fcr ist es super belastbar und l\u00e4sst sich komfortabel handhaben. Das Kalkhoff Image 5.B Advance+ ist perfekt f\u00fcr den st\u00e4dtischen Alltag und ausgedehnte Touren \u2013 ein echtes Multitalent, wenn es um Komfort und Funktionalit\u00e4t geht.\u00a0<\/span><a href=\"https:\/\/www.imtest.de\/kaufberatung\/city-e-bike-federgabel-test-vergleich-sicherheit-fahrgefuehl-riese-mueller-kalkhoff-stevens-velo-de-ville-hoheacht-canyon-tenways-a\/471358\"><span data-contrast=\"none\">Imtest.de<\/span><\/a><span data-contrast=\"auto\"> bewertet es mit einer 1,8 gut.<\/span><span data-ccp-props=\"{&quot;134233117&quot;:false,&quot;134233118&quot;:false,&quot;201341983&quot;:0,&quot;335551550&quot;:0,&quot;335551620&quot;:0,&quot;335559738&quot;:240,&quot;335559739&quot;:240,&quot;335559740&quot;:279}\">\u00a0<\/span>[\/vc_column_text][\/vc_column][\/vc_row][vc_row][vc_column width=&#8220;1\/6&#8243;][\/vc_column][vc_column width=&#8220;2\/3&#8243;]<a href=\"https:\/\/www.fahrrad-xxl.de\/serie\/kalkhoff-image\/saison.2024\/\" target=\"_self\" class=\"button button-appear custom full \" style=\"background-color: #a82323; border-color: #a82323;border-radius: 30px;\"><span>Entdecke die Kalkhoff Image Modelle 2024<i class='fa fas fa-chevron-circle-right'><\/i><\/span><\/a><div class=\"spacer\" style=\"height: 40px;\"><\/div>[\/vc_column][vc_column width=&#8220;1\/6&#8243;][\/vc_column][\/vc_row][vc_row][vc_column][vc_column_text]<\/p>\n<h2><span class=\"ez-toc-section\" id=\"hercules-intero-i-r8-der-alleskoenner-fuer-das-taegliche-pendeln\"><\/span><span class=\"TextRun SCXW34600633 BCX0\" lang=\"DE-DE\" xml:lang=\"DE-DE\" data-contrast=\"none\"><span class=\"NormalTextRun SCXW34600633 BCX0\" data-ccp-parastyle=\"heading 3\">Hercules <\/span><span class=\"NormalTextRun SpellingErrorV2Themed SCXW34600633 BCX0\" data-ccp-parastyle=\"heading 3\">Intero<\/span><span class=\"NormalTextRun SCXW34600633 BCX0\" data-ccp-parastyle=\"heading 3\"> I-R8: Der Allesk\u00f6nner f\u00fcr das t\u00e4gliche Pendeln<\/span><\/span><span class=\"EOP SCXW34600633 BCX0\" data-ccp-props=\"{&quot;134233117&quot;:false,&quot;134233118&quot;:false,&quot;134245418&quot;:true,&quot;134245529&quot;:true,&quot;201341983&quot;:0,&quot;335551550&quot;:0,&quot;335551620&quot;:0,&quot;335559738&quot;:281,&quot;335559739&quot;:281,&quot;335559740&quot;:279}\">\u00a0<\/span><span class=\"ez-toc-section-end\"><\/span><\/h2>\n<div id=\"attachment_33927\" style=\"width: 1930px\" class=\"wp-caption aligncenter\"><a href=\"https:\/\/www.fahrrad-xxl.de\/hercules-intero-i-r8-m000034211\"><img aria-describedby=\"caption-attachment-33927\" decoding=\"async\" loading=\"lazy\" class=\"size-full wp-image-33927\" src=\"https:\/\/www.fahrrad-xxl.de\/blog\/wp-content\/uploads\/2019\/03\/Hercules-Intero-I-R8.jpg\" alt=\"Hercules Intero I-R8\" width=\"1920\" height=\"1280\" \/><\/a><p id=\"caption-attachment-33927\" class=\"wp-caption-text\">Hercules Intero I-R8<\/p><\/div>\n<p>[\/vc_column_text][\/vc_column][vc_column width=&#8220;1\/2&#8243;][vc_column_text]<b><span data-contrast=\"auto\">Vorteile:<\/span><\/b><span data-ccp-props=\"{&quot;134233117&quot;:false,&quot;134233118&quot;:false,&quot;201341983&quot;:0,&quot;335551550&quot;:0,&quot;335551620&quot;:0,&quot;335559738&quot;:240,&quot;335559739&quot;:240,&quot;335559740&quot;:279}\">\u00a0<\/span><\/p>\n<ul>\n<li data-leveltext=\"\uf0b7\" data-font=\"Symbol\" data-listid=\"1\" data-list-defn-props=\"{&quot;335552541&quot;:1,&quot;335559683&quot;:0,&quot;335559684&quot;:-2,&quot;335559685&quot;:720,&quot;335559991&quot;:360,&quot;469769226&quot;:&quot;Symbol&quot;,&quot;469769242&quot;:[8226],&quot;469777803&quot;:&quot;left&quot;,&quot;469777804&quot;:&quot;\uf0b7&quot;,&quot;469777815&quot;:&quot;hybridMultilevel&quot;}\" aria-setsize=\"-1\" data-aria-posinset=\"68\" data-aria-level=\"1\"><span data-contrast=\"auto\">Preiswertes E-Bike mit solider Ausstattung<\/span><span data-ccp-props=\"{&quot;134233117&quot;:false,&quot;134233118&quot;:false,&quot;201341983&quot;:0,&quot;335551550&quot;:0,&quot;335551620&quot;:0,&quot;335559738&quot;:0,&quot;335559739&quot;:0,&quot;335559740&quot;:279}\">\u00a0<\/span><\/li>\n<\/ul>\n<ul>\n<li data-leveltext=\"\uf0b7\" data-font=\"Symbol\" data-listid=\"1\" data-list-defn-props=\"{&quot;335552541&quot;:1,&quot;335559683&quot;:0,&quot;335559684&quot;:-2,&quot;335559685&quot;:720,&quot;335559991&quot;:360,&quot;469769226&quot;:&quot;Symbol&quot;,&quot;469769242&quot;:[8226],&quot;469777803&quot;:&quot;left&quot;,&quot;469777804&quot;:&quot;\uf0b7&quot;,&quot;469777815&quot;:&quot;hybridMultilevel&quot;}\" aria-setsize=\"-1\" data-aria-posinset=\"69\" data-aria-level=\"1\"><span data-contrast=\"auto\">M\u00f6glichkeit, das Drehmoment auf 75 Nm zu erh\u00f6hen<\/span><span data-ccp-props=\"{&quot;134233117&quot;:false,&quot;134233118&quot;:false,&quot;201341983&quot;:0,&quot;335551550&quot;:0,&quot;335551620&quot;:0,&quot;335559738&quot;:0,&quot;335559739&quot;:0,&quot;335559740&quot;:279}\">\u00a0<\/span><\/li>\n<\/ul>\n<ul>\n<li data-leveltext=\"\uf0b7\" data-font=\"Symbol\" data-listid=\"1\" data-list-defn-props=\"{&quot;335552541&quot;:1,&quot;335559683&quot;:0,&quot;335559684&quot;:-2,&quot;335559685&quot;:720,&quot;335559991&quot;:360,&quot;469769226&quot;:&quot;Symbol&quot;,&quot;469769242&quot;:[8226],&quot;469777803&quot;:&quot;left&quot;,&quot;469777804&quot;:&quot;\uf0b7&quot;,&quot;469777815&quot;:&quot;hybridMultilevel&quot;}\" aria-setsize=\"-1\" data-aria-posinset=\"70\" data-aria-level=\"1\"><span data-contrast=\"auto\">Stabile und komfortable Tiefeinsteiger-Rahmenkonstruktion<\/span><span data-ccp-props=\"{&quot;134233117&quot;:false,&quot;134233118&quot;:false,&quot;201341983&quot;:0,&quot;335551550&quot;:0,&quot;335551620&quot;:0,&quot;335559738&quot;:0,&quot;335559739&quot;:0,&quot;335559740&quot;:279}\">\u00a0<\/span><\/li>\n<\/ul>\n<p><b><span data-contrast=\"auto\">Nachteile:<\/span><\/b><span data-ccp-props=\"{&quot;134233117&quot;:false,&quot;134233118&quot;:false,&quot;201341983&quot;:0,&quot;335551550&quot;:0,&quot;335551620&quot;:0,&quot;335559738&quot;:240,&quot;335559739&quot;:240,&quot;335559740&quot;:279}\">\u00a0<\/span><\/p>\n<ul>\n<li data-leveltext=\"\uf0b7\" data-font=\"Symbol\" data-listid=\"1\" data-list-defn-props=\"{&quot;335552541&quot;:1,&quot;335559683&quot;:0,&quot;335559684&quot;:-2,&quot;335559685&quot;:720,&quot;335559991&quot;:360,&quot;469769226&quot;:&quot;Symbol&quot;,&quot;469769242&quot;:[8226],&quot;469777803&quot;:&quot;left&quot;,&quot;469777804&quot;:&quot;\uf0b7&quot;,&quot;469777815&quot;:&quot;hybridMultilevel&quot;}\" aria-setsize=\"-1\" data-aria-posinset=\"71\" data-aria-level=\"1\"><span data-contrast=\"auto\">Akkuentnahme erfolgt nach unten<\/span><span data-ccp-props=\"{&quot;134233117&quot;:false,&quot;134233118&quot;:false,&quot;201341983&quot;:0,&quot;335551550&quot;:0,&quot;335551620&quot;:0,&quot;335559738&quot;:0,&quot;335559739&quot;:0,&quot;335559740&quot;:279}\">\u00a0<\/span><\/li>\n<\/ul>\n<ul>\n<li data-leveltext=\"\uf0b7\" data-font=\"Symbol\" data-listid=\"1\" data-list-defn-props=\"{&quot;335552541&quot;:1,&quot;335559683&quot;:0,&quot;335559684&quot;:-2,&quot;335559685&quot;:720,&quot;335559991&quot;:360,&quot;469769226&quot;:&quot;Symbol&quot;,&quot;469769242&quot;:[8226],&quot;469777803&quot;:&quot;left&quot;,&quot;469777804&quot;:&quot;\uf0b7&quot;,&quot;469777815&quot;:&quot;hybridMultilevel&quot;}\" aria-setsize=\"-1\" data-aria-posinset=\"72\" data-aria-level=\"1\"><span data-contrast=\"auto\">Kein wartungsarmer Riemenantrieb<\/span><span data-ccp-props=\"{&quot;134233117&quot;:false,&quot;134233118&quot;:false,&quot;201341983&quot;:0,&quot;335551550&quot;:0,&quot;335551620&quot;:0,&quot;335559738&quot;:0,&quot;335559739&quot;:0,&quot;335559740&quot;:279}\">\u00a0<\/span><\/li>\n<\/ul>\n<p>[\/vc_column_text][\/vc_column][vc_column width=&#8220;1\/2&#8243;][vc_column_text]<span data-contrast=\"auto\">Das <a href=\"https:\/\/www.fahrrad-xxl.de\/hercules-intero-i-r8-m000034211\">Hercules Intero I-R8<\/a> ist ein echtes Preis-Leistungs-Wunder und perfekt f\u00fcr den Einsatz in der Stadt. Dank des stabilen Tiefeinsteiger-Rahmens l\u00e4sst es sich leicht handhaben und bietet hohen Fahrkomfort. Der Panasonic GX Force Eco Fit-Motor gibt sanfte Unterst\u00fctzung mit 60 Nm Drehmoment. Der 630-Wh-Akku gibt eine gute Reichweite, und die Shimano Nexus 8-Gang-Nabenschaltung sowie die Tektro HD-T280 Scheibenbremsen sorgen f\u00fcr zuverl\u00e4ssige Performance im Stadtverkehr.<\/span><span data-ccp-props=\"{&quot;134233117&quot;:false,&quot;134233118&quot;:false,&quot;201341983&quot;:0,&quot;335551550&quot;:0,&quot;335551620&quot;:0,&quot;335559738&quot;:240,&quot;335559739&quot;:240,&quot;335559740&quot;:279}\">\u00a0<\/span><\/p>\n<p><span data-contrast=\"auto\">Die Akkuentnahme erfolgt nach unten, was in engen Abstellr\u00e4umen etwas unpraktisch sein kann. Dennoch bietet das Intero I-R8 solide Leistung und Zuverl\u00e4ssigkeit f\u00fcr den t\u00e4glichen Gebrauch. Es ist die richtige Wahl f\u00fcr Fahrer, die ein komfortables, preiswertes und gut ausgestattetes City-E-Bike suchen.\u00a0<\/span><a href=\"https:\/\/focus-mobility.de\/test\/hercules-intero-i-r8-2024\"><span data-contrast=\"none\">Focus Mobility<\/span><\/a><span data-contrast=\"auto\"> gibt eine Gesamtnote von 1,5.<\/span><span data-ccp-props=\"{&quot;134233117&quot;:false,&quot;134233118&quot;:false,&quot;201341983&quot;:0,&quot;335551550&quot;:0,&quot;335551620&quot;:0,&quot;335559738&quot;:240,&quot;335559739&quot;:240,&quot;335559740&quot;:279}\">\u00a0<\/span>[\/vc_column_text][\/vc_column][\/vc_row][vc_row][vc_column width=&#8220;1\/6&#8243;][\/vc_column][vc_column width=&#8220;2\/3&#8243;]<a href=\"https:\/\/www.fahrrad-xxl.de\/serie\/hercules-intero\/\" target=\"_self\" class=\"button button-appear custom full \" style=\"background-color: #a82323; border-color: #a82323;border-radius: 30px;\"><span>Entdecke unsere Hercules Intero City-Bike Modelle<i class='fa fas fa-chevron-circle-right'><\/i><\/span><\/a><div class=\"spacer\" style=\"height: 40px;\"><\/div>[\/vc_column][vc_column width=&#8220;1\/6&#8243;][\/vc_column][\/vc_row][vc_row][vc_column][vc_column_text]<\/p>\n<h2><span class=\"ez-toc-section\" id=\"kettler-quadriga-cx10-lg-kraft-und-praezision-im-klassischen-design\"><\/span><span class=\"TextRun SCXW71540852 BCX0\" lang=\"DE-DE\" xml:lang=\"DE-DE\" data-contrast=\"none\"><span class=\"NormalTextRun SCXW71540852 BCX0\" data-ccp-parastyle=\"heading 3\">Kettler Quadriga CX10 LG: Kraft und Pr\u00e4zision im klassischen Design<\/span><\/span><span class=\"EOP SCXW71540852 BCX0\" data-ccp-props=\"{&quot;134233117&quot;:false,&quot;134233118&quot;:false,&quot;134245418&quot;:true,&quot;134245529&quot;:true,&quot;201341983&quot;:0,&quot;335551550&quot;:0,&quot;335551620&quot;:0,&quot;335559738&quot;:281,&quot;335559739&quot;:281,&quot;335559740&quot;:279}\">\u00a0<\/span><span class=\"ez-toc-section-end\"><\/span><\/h2>\n<div id=\"attachment_33929\" style=\"width: 1930px\" class=\"wp-caption aligncenter\"><a href=\"https:\/\/www.fahrrad-xxl.de\/kettler-quadriga-cx10-lg-625-m000063516\"><img aria-describedby=\"caption-attachment-33929\" decoding=\"async\" loading=\"lazy\" class=\"size-full wp-image-33929\" src=\"https:\/\/www.fahrrad-xxl.de\/blog\/wp-content\/uploads\/2019\/03\/Kettler-Quadriga-CX10-LG.jpg\" alt=\"Kettler Quadriga CX10 LG\" width=\"1920\" height=\"1280\" \/><\/a><p id=\"caption-attachment-33929\" class=\"wp-caption-text\">Kettler Quadriga CX10 LG<\/p><\/div>\n<p>[\/vc_column_text][\/vc_column][vc_column width=&#8220;1\/2&#8243;][vc_column_text]<b><span data-contrast=\"auto\">Vorteile:<\/span><\/b><span data-ccp-props=\"{&quot;134233117&quot;:false,&quot;134233118&quot;:false,&quot;201341983&quot;:0,&quot;335551550&quot;:0,&quot;335551620&quot;:0,&quot;335559738&quot;:240,&quot;335559739&quot;:240,&quot;335559740&quot;:279}\">\u00a0<\/span><\/p>\n<ul>\n<li data-leveltext=\"\uf0b7\" data-font=\"Symbol\" data-listid=\"1\" data-list-defn-props=\"{&quot;335552541&quot;:1,&quot;335559683&quot;:0,&quot;335559684&quot;:-2,&quot;335559685&quot;:720,&quot;335559991&quot;:360,&quot;469769226&quot;:&quot;Symbol&quot;,&quot;469769242&quot;:[8226],&quot;469777803&quot;:&quot;left&quot;,&quot;469777804&quot;:&quot;\uf0b7&quot;,&quot;469777815&quot;:&quot;hybridMultilevel&quot;}\" aria-setsize=\"-1\" data-aria-posinset=\"73\" data-aria-level=\"1\"><span data-contrast=\"auto\">Starke Motorleistung mit \u00fcber 700 Watt Spitzenleistung<\/span><span data-ccp-props=\"{&quot;134233117&quot;:false,&quot;134233118&quot;:false,&quot;201341983&quot;:0,&quot;335551550&quot;:0,&quot;335551620&quot;:0,&quot;335559738&quot;:0,&quot;335559739&quot;:0,&quot;335559740&quot;:279}\">\u00a0<\/span><\/li>\n<\/ul>\n<ul>\n<li data-leveltext=\"\uf0b7\" data-font=\"Symbol\" data-listid=\"1\" data-list-defn-props=\"{&quot;335552541&quot;:1,&quot;335559683&quot;:0,&quot;335559684&quot;:-2,&quot;335559685&quot;:720,&quot;335559991&quot;:360,&quot;469769226&quot;:&quot;Symbol&quot;,&quot;469769242&quot;:[8226],&quot;469777803&quot;:&quot;left&quot;,&quot;469777804&quot;:&quot;\uf0b7&quot;,&quot;469777815&quot;:&quot;hybridMultilevel&quot;}\" aria-setsize=\"-1\" data-aria-posinset=\"74\" data-aria-level=\"1\"><span data-contrast=\"auto\">Reduzierter Verschlei\u00df dank Shimano Link-Glide<\/span><span data-ccp-props=\"{&quot;134233117&quot;:false,&quot;134233118&quot;:false,&quot;201341983&quot;:0,&quot;335551550&quot;:0,&quot;335551620&quot;:0,&quot;335559738&quot;:0,&quot;335559739&quot;:0,&quot;335559740&quot;:279}\">\u00a0<\/span><\/li>\n<\/ul>\n<ul>\n<li data-leveltext=\"\uf0b7\" data-font=\"Symbol\" data-listid=\"1\" data-list-defn-props=\"{&quot;335552541&quot;:1,&quot;335559683&quot;:0,&quot;335559684&quot;:-2,&quot;335559685&quot;:720,&quot;335559991&quot;:360,&quot;469769226&quot;:&quot;Symbol&quot;,&quot;469769242&quot;:[8226],&quot;469777803&quot;:&quot;left&quot;,&quot;469777804&quot;:&quot;\uf0b7&quot;,&quot;469777815&quot;:&quot;hybridMultilevel&quot;}\" aria-setsize=\"-1\" data-aria-posinset=\"75\" data-aria-level=\"1\"><span data-contrast=\"auto\">Praktische seitliche Klappe zur Akkuentnahme<\/span><span data-ccp-props=\"{&quot;134233117&quot;:false,&quot;134233118&quot;:false,&quot;201341983&quot;:0,&quot;335551550&quot;:0,&quot;335551620&quot;:0,&quot;335559738&quot;:0,&quot;335559739&quot;:0,&quot;335559740&quot;:279}\">\u00a0<\/span><\/li>\n<\/ul>\n<ul>\n<li data-leveltext=\"\uf0b7\" data-font=\"Symbol\" data-listid=\"1\" data-list-defn-props=\"{&quot;335552541&quot;:1,&quot;335559683&quot;:0,&quot;335559684&quot;:-2,&quot;335559685&quot;:720,&quot;335559991&quot;:360,&quot;469769226&quot;:&quot;Symbol&quot;,&quot;469769242&quot;:[8226],&quot;469777803&quot;:&quot;left&quot;,&quot;469777804&quot;:&quot;\uf0b7&quot;,&quot;469777815&quot;:&quot;hybridMultilevel&quot;}\" aria-setsize=\"-1\" data-aria-posinset=\"76\" data-aria-level=\"1\"><span data-contrast=\"auto\">Sensibel ansprechende Federgabel mit 63 mm Federweg<\/span><span data-ccp-props=\"{&quot;134233117&quot;:false,&quot;134233118&quot;:false,&quot;201341983&quot;:0,&quot;335551550&quot;:0,&quot;335551620&quot;:0,&quot;335559738&quot;:0,&quot;335559739&quot;:0,&quot;335559740&quot;:279}\">\u00a0<\/span><\/li>\n<\/ul>\n<p><b><span data-contrast=\"auto\">Nachteile:<\/span><\/b><span data-ccp-props=\"{&quot;134233117&quot;:false,&quot;134233118&quot;:false,&quot;201341983&quot;:0,&quot;335551550&quot;:0,&quot;335551620&quot;:0,&quot;335559738&quot;:240,&quot;335559739&quot;:240,&quot;335559740&quot;:279}\">\u00a0<\/span><\/p>\n<ul>\n<li data-leveltext=\"\uf0b7\" data-font=\"Symbol\" data-listid=\"1\" data-list-defn-props=\"{&quot;335552541&quot;:1,&quot;335559683&quot;:0,&quot;335559684&quot;:-2,&quot;335559685&quot;:720,&quot;335559991&quot;:360,&quot;469769226&quot;:&quot;Symbol&quot;,&quot;469769242&quot;:[8226],&quot;469777803&quot;:&quot;left&quot;,&quot;469777804&quot;:&quot;\uf0b7&quot;,&quot;469777815&quot;:&quot;hybridMultilevel&quot;}\" aria-setsize=\"-1\" data-aria-posinset=\"77\" data-aria-level=\"1\"><span data-contrast=\"auto\">Eng abgestufte Zehngang-Schaltung, weniger Spielraum f\u00fcr verschiedene Terrains<\/span><span data-ccp-props=\"{&quot;134233117&quot;:false,&quot;134233118&quot;:false,&quot;201341983&quot;:0,&quot;335551550&quot;:0,&quot;335551620&quot;:0,&quot;335559738&quot;:0,&quot;335559739&quot;:0,&quot;335559740&quot;:279}\">\u00a0<\/span><\/li>\n<\/ul>\n<p>[\/vc_column_text][\/vc_column][vc_column width=&#8220;1\/2&#8243;][vc_column_text]<span data-contrast=\"auto\">Das <a href=\"https:\/\/www.fahrrad-xxl.de\/kettler-quadriga-cx10-lg-625-m000063516\">Kettler Quadriga CX10 LG<\/a> kombiniert klassische Designelemente mit moderner Technologie und \u00fcberzeugt durch starke Performance. Der Bosch Performance Line CX-Motor mit \u00fcber 700 Watt Spitzenleistung sorgt f\u00fcr kraftvolle Unterst\u00fctzung, selbst bei steilen Anstiegen. Der 625-Wh-Akku bietet ausreichend Energie f\u00fcr lange Fahrten, und die Shimano Link-Glide-Technologie minimiert den Verschlei\u00df des Antriebsstrangs.<\/span><span data-ccp-props=\"{&quot;134233117&quot;:false,&quot;134233118&quot;:false,&quot;201341983&quot;:0,&quot;335551550&quot;:0,&quot;335551620&quot;:0,&quot;335559738&quot;:240,&quot;335559739&quot;:240,&quot;335559740&quot;:279}\">\u00a0<\/span><\/p>\n<p><span data-contrast=\"auto\">Die Federgabel mit 63 mm Federweg reagiert schnell und bietet zus\u00e4tzlichen Komfort auf unebenen Wegen. Die seitliche Klappe zur Akkuentnahme macht das Aufladen und den Umgang mit dem E-Bike einfacher. Die Zehngang-Schaltung von Shimano Deore ist sportlich und pr\u00e4zise, k\u00f6nnte aber bei stark wechselndem Terrain etwas mehr Flexibilit\u00e4t bieten. Das Kettler Quadriga CX10 LG ist perfekt f\u00fcr alle, die ein leistungsstarkes und zuverl\u00e4ssiges City-E-Bike mit klassischem Design suchen. <\/span><a href=\"https:\/\/focus-mobility.de\/test\/kettler-quadriga-cx10-lg-2024\"><span data-contrast=\"none\">Focus Mobility<\/span><\/a><span data-contrast=\"auto\"> gibt dem Modell die Gesamtnote 1,1.<\/span><span data-ccp-props=\"{&quot;134233117&quot;:false,&quot;134233118&quot;:false,&quot;201341983&quot;:0,&quot;335551550&quot;:0,&quot;335551620&quot;:0,&quot;335559738&quot;:240,&quot;335559739&quot;:240,&quot;335559740&quot;:279}\">\u00a0<\/span>[\/vc_column_text][\/vc_column][\/vc_row][vc_row][vc_column width=&#8220;1\/3&#8243;][\/vc_column][vc_column width=&#8220;1\/3&#8243;]<a href=\"https:\/\/www.fahrrad-xxl.de\/serie\/kettler-quadriga\/\" target=\"_self\" class=\"button button-appear custom full \" style=\"background-color: #a82323; border-color: #a82323;border-radius: 30px;\"><span>Entdecke unsere Kettler Quadria Modelle<i class='fa fas fa-chevron-circle-right'><\/i><\/span><\/a><div class=\"spacer\" style=\"height: 40px;\"><\/div>[\/vc_column][vc_column width=&#8220;1\/3&#8243;][\/vc_column][\/vc_row][vc_row][vc_column width=&#8220;1\/1&#8243;][vc_column_text]<span class=\"dkdai-headline\">Das k\u00f6nnte dich auch interessieren<\/span>[\/vc_column_text][vc_column_text]<div class=\"rpbt_shortcode\">\n\n<style type=\"text\/css\">\n\t\t\t#rpbt-related-gallery-1 {\n\t\t\t\tmargin: auto;\n\t\t\t}\n\t\t\t#rpbt-related-gallery-1 .gallery-item {\n\t\t\t\tfloat: left;\n\t\t\t\tmargin-top: 10px;\n\t\t\t\ttext-align: center;\n\t\t\t\twidth: 33%;\n\t\t\t}\n\t\t\t#rpbt-related-gallery-1 img {\n\t\t\t\tborder: 2px solid #cfcfcf;\n\t\t\t}\n\t\t\t#rpbt-related-gallery-1 .gallery-caption {\n\t\t\t\tmargin-left: 0;\n\t\t\t}\n\t\t\t\/* see gallery_shortcode() in wp-includes\/media.php *\/\n\t\t<\/style>\n\t\t<div id='rpbt-related-gallery-1' class='gallery related-gallery related-galleryid-34080 gallery-columns-3 gallery-size-medium'><dl class='gallery-item' role='figure' aria-label='Cube Neuheiten 2025 &#8211; Alle Infos &#038; Highlights der neuen (E-)Bikes'>\n\t\t\t<dt class='gallery-icon landscape'>\n\t\t\t\t<a href='https:\/\/www.fahrrad-xxl.at\/blog\/cube-neuheiten\/'><img width=\"300\" height=\"200\" src=\"https:\/\/www.fahrrad-xxl.at\/blog\/wp-content\/uploads\/2024\/12\/Cube_2023_12_06266_low-300x200.jpg\" class=\"attachment-medium size-medium\" alt=\"Cube Neuheiten 2025\" decoding=\"async\" loading=\"lazy\" aria-describedby=\"rpbt-related-gallery-1-34068\" srcset=\"https:\/\/www.fahrrad-xxl.at\/blog\/wp-content\/uploads\/2024\/12\/Cube_2023_12_06266_low-300x200.jpg 300w, https:\/\/www.fahrrad-xxl.at\/blog\/wp-content\/uploads\/2024\/12\/Cube_2023_12_06266_low-1024x683.jpg 1024w, https:\/\/www.fahrrad-xxl.at\/blog\/wp-content\/uploads\/2024\/12\/Cube_2023_12_06266_low-768x512.jpg 768w, https:\/\/www.fahrrad-xxl.at\/blog\/wp-content\/uploads\/2024\/12\/Cube_2023_12_06266_low-1536x1024.jpg 1536w, https:\/\/www.fahrrad-xxl.at\/blog\/wp-content\/uploads\/2024\/12\/Cube_2023_12_06266_low-2048x1366.jpg 2048w, https:\/\/www.fahrrad-xxl.at\/blog\/wp-content\/uploads\/2024\/12\/Cube_2023_12_06266_low-600x400.jpg 600w\" sizes=\"(max-width: 300px) 100vw, 300px\" title=\"Cube Neuheiten 2025 - Alle Infos &amp; Highlights der neuen (E-)Bikes\" \/><\/a>\n\t\t\t<\/dt>\n\t\t\t\t<dd class='wp-caption-text gallery-caption' id='rpbt-related-gallery-1-34068'>\n\t\t\t\tCube Neuheiten 2025 &#8211; Alle Infos &#038; Highlights der neuen (E-)Bikes\n\t\t\t\t<\/dd><\/dl><dl class='gallery-item' role='figure' aria-label='E-Bike Neuheiten 2024: Trends und Highlights der Saison'>\n\t\t\t<dt class='gallery-icon landscape'>\n\t\t\t\t<a href='https:\/\/www.fahrrad-xxl.at\/blog\/e-bike-neuheiten\/'><img width=\"300\" height=\"200\" src=\"https:\/\/www.fahrrad-xxl.at\/blog\/wp-content\/uploads\/2023\/02\/E-Bike-Neuheiten-2024-300x200.jpg\" class=\"attachment-medium size-medium\" alt=\"E-Bike Neuheiten 2024: Trends und Highlights der Saison\" decoding=\"async\" loading=\"lazy\" aria-describedby=\"rpbt-related-gallery-1-27608\" srcset=\"https:\/\/www.fahrrad-xxl.at\/blog\/wp-content\/uploads\/2023\/02\/E-Bike-Neuheiten-2024-300x200.jpg 300w, https:\/\/www.fahrrad-xxl.at\/blog\/wp-content\/uploads\/2023\/02\/E-Bike-Neuheiten-2024-1024x683.jpg 1024w, https:\/\/www.fahrrad-xxl.at\/blog\/wp-content\/uploads\/2023\/02\/E-Bike-Neuheiten-2024-768x512.jpg 768w, https:\/\/www.fahrrad-xxl.at\/blog\/wp-content\/uploads\/2023\/02\/E-Bike-Neuheiten-2024-1536x1024.jpg 1536w, https:\/\/www.fahrrad-xxl.at\/blog\/wp-content\/uploads\/2023\/02\/E-Bike-Neuheiten-2024-2048x1365.jpg 2048w, https:\/\/www.fahrrad-xxl.at\/blog\/wp-content\/uploads\/2023\/02\/E-Bike-Neuheiten-2024-600x400.jpg 600w\" sizes=\"(max-width: 300px) 100vw, 300px\" title=\"E-Bike Neuheiten 2024: Trends und Highlights der Saison\" \/><\/a>\n\t\t\t<\/dt>\n\t\t\t\t<dd class='wp-caption-text gallery-caption' id='rpbt-related-gallery-1-27608'>\n\t\t\t\tE-Bike Neuheiten 2024: Trends und Highlights der Saison\n\t\t\t\t<\/dd><\/dl><dl class='gallery-item' role='figure' aria-label='Abnehmen durch Fahrradfahren &#8211; schlank und gesund mit Rad'>\n\t\t\t<dt class='gallery-icon landscape'>\n\t\t\t\t<a href='https:\/\/www.fahrrad-xxl.at\/blog\/abnehmen-durch-fahrrad-fahren\/'><img width=\"300\" height=\"200\" src=\"https:\/\/www.fahrrad-xxl.at\/blog\/wp-content\/uploads\/2018\/06\/apple-1189943_1920-300x200.jpeg\" class=\"attachment-medium size-medium\" alt=\"Abnehmen mit radfahren\" decoding=\"async\" loading=\"lazy\" aria-describedby=\"rpbt-related-gallery-1-17583\" srcset=\"https:\/\/www.fahrrad-xxl.at\/blog\/wp-content\/uploads\/2018\/06\/apple-1189943_1920-300x200.jpeg 300w, https:\/\/www.fahrrad-xxl.at\/blog\/wp-content\/uploads\/2018\/06\/apple-1189943_1920-768x512.jpeg 768w, https:\/\/www.fahrrad-xxl.at\/blog\/wp-content\/uploads\/2018\/06\/apple-1189943_1920-1024x683.jpeg 1024w, https:\/\/www.fahrrad-xxl.at\/blog\/wp-content\/uploads\/2018\/06\/apple-1189943_1920-600x400.jpeg 600w, https:\/\/www.fahrrad-xxl.at\/blog\/wp-content\/uploads\/2018\/06\/apple-1189943_1920.jpeg 1500w\" sizes=\"(max-width: 300px) 100vw, 300px\" title=\"Abnehmen durch Fahrradfahren - schlank und gesund mit Rad\" \/><\/a>\n\t\t\t<\/dt>\n\t\t\t\t<dd class='wp-caption-text gallery-caption' id='rpbt-related-gallery-1-17583'>\n\t\t\t\tAbnehmen durch Fahrradfahren &#8211; schlank und gesund mit Rad\n\t\t\t\t<\/dd><\/dl><br style=\"clear: both\" \/>\n\t\t<\/div>\n<\/div>[\/vc_column_text][vc_column_text]<a href=\"#comments\" target=\"_self\" class=\"button color-1 full \" style=\"border-radius: 2px;\">Fehlt dein Lieblings-City Bike? Teile uns deine Empfehlung mit.<\/a>[\/vc_column_text][\/vc_column][\/vc_row][\/vc_section]<\/p>\n\n\n<div class=\"kk-star-ratings kksr-auto kksr-align-left kksr-valign-bottom\"\n    data-payload='{&quot;align&quot;:&quot;left&quot;,&quot;id&quot;:&quot;34080&quot;,&quot;slug&quot;:&quot;default&quot;,&quot;valign&quot;:&quot;bottom&quot;,&quot;ignore&quot;:&quot;&quot;,&quot;reference&quot;:&quot;auto&quot;,&quot;class&quot;:&quot;&quot;,&quot;count&quot;:&quot;0&quot;,&quot;legendonly&quot;:&quot;&quot;,&quot;readonly&quot;:&quot;&quot;,&quot;score&quot;:&quot;0&quot;,&quot;starsonly&quot;:&quot;&quot;,&quot;best&quot;:&quot;5&quot;,&quot;gap&quot;:&quot;5&quot;,&quot;greet&quot;:&quot;Rate this post&quot;,&quot;legend&quot;:&quot;0\\\/5 - (0 votes)&quot;,&quot;size&quot;:&quot;22&quot;,&quot;title&quot;:&quot;Die besten City-Bikes und City-E-Bikes 2024 im Test&quot;,&quot;width&quot;:&quot;0&quot;,&quot;_legend&quot;:&quot;{score}\\\/{best} - ({count} {votes})&quot;,&quot;font_factor&quot;:&quot;1.25&quot;}'>\n            \n<div class=\"kksr-stars\">\n    \n<div class=\"kksr-stars-inactive\">\n            <div class=\"kksr-star\" data-star=\"1\" style=\"padding-right: 5px\">\n            \n\n<div class=\"kksr-icon\" style=\"width: 22px; height: 22px;\"><\/div>\n        <\/div>\n            <div class=\"kksr-star\" data-star=\"2\" style=\"padding-right: 5px\">\n            \n\n<div class=\"kksr-icon\" style=\"width: 22px; height: 22px;\"><\/div>\n        <\/div>\n            <div class=\"kksr-star\" data-star=\"3\" style=\"padding-right: 5px\">\n            \n\n<div class=\"kksr-icon\" style=\"width: 22px; height: 22px;\"><\/div>\n        <\/div>\n            <div class=\"kksr-star\" data-star=\"4\" style=\"padding-right: 5px\">\n            \n\n<div class=\"kksr-icon\" style=\"width: 22px; height: 22px;\"><\/div>\n        <\/div>\n            <div class=\"kksr-star\" data-star=\"5\" style=\"padding-right: 5px\">\n            \n\n<div class=\"kksr-icon\" style=\"width: 22px; height: 22px;\"><\/div>\n        <\/div>\n    <\/div>\n    \n<div class=\"kksr-stars-active\" style=\"width: 0px;\">\n            <div class=\"kksr-star\" style=\"padding-right: 5px\">\n            \n\n<div class=\"kksr-icon\" style=\"width: 22px; height: 22px;\"><\/div>\n        <\/div>\n            <div class=\"kksr-star\" style=\"padding-right: 5px\">\n            \n\n<div class=\"kksr-icon\" style=\"width: 22px; height: 22px;\"><\/div>\n        <\/div>\n            <div class=\"kksr-star\" style=\"padding-right: 5px\">\n            \n\n<div class=\"kksr-icon\" style=\"width: 22px; height: 22px;\"><\/div>\n        <\/div>\n            <div class=\"kksr-star\" style=\"padding-right: 5px\">\n            \n\n<div class=\"kksr-icon\" style=\"width: 22px; height: 22px;\"><\/div>\n        <\/div>\n            <div class=\"kksr-star\" style=\"padding-right: 5px\">\n            \n\n<div class=\"kksr-icon\" style=\"width: 22px; height: 22px;\"><\/div>\n        <\/div>\n    <\/div>\n<\/div>\n                \n\n<div class=\"kksr-legend\" style=\"font-size: 17.6px;\">\n            <span class=\"kksr-muted\">Rate this post<\/span>\n    <\/div>\n    <\/div>\n<\/section>","protected":false},"excerpt":{"rendered":"<p>[vc_section][vc_row][vc_column width=&#8220;1\/1&#8243;][vc_column_text]Du suchst das perfekte City-Bike oder City-E-Bike f\u00fcr den urbanen Alltag? Du bist auf der richtigen Spur. Hier erf\u00e4hrst du alles Wichtige zu den besten City-Bikes 2024 \u2013 ob f\u00fcr Damen oder Herren, ob mit oder ohne Elektroantrieb. Wir schauen uns die wichtigsten Features an, auf die du bei der Wahl deines City-Bikes achten solltest, und zeigen dir, welche Modelle im Test 2024 besonders gut abgeschnitten haben.\u00a0 Warum City-E-Bikes die Stadt erobern City-Bikes sind einfach die perfekten Begleiter f\u00fcr den urbanen Raum. Sie bieten dir eine bequeme, aufrechte Sitzposition und einen stabilen Rahmen, der f\u00fcr den t\u00e4glichen Einsatz im Stadtverkehr geeignet ist. Mit praktischen Extras wie Schutzblechen, Gep\u00e4cktr\u00e4gern und integrierten Lichtanlagen bist du bestens ausgestattet. City-Bikes f\u00fcr Damen haben oft einen tiefen Einstieg und eine ergonomische Rahmengeometrie, w\u00e4hrend Herren-Modelle auf Stabilit\u00e4t und Funktionalit\u00e4t setzen. E-City-Bikes sind gerade sehr beliebt, weil sie mehr Unterst\u00fctzung und Reichweite bieten.\u00a0 &nbsp; Worauf du bei einem City-Bike achten solltest Hier sind die wichtigsten Punkte, die du beim Kauf eines E-City-Bikes oder normalen City-Bikes auf jeden Fall beachten solltest:\u00a0 Komfort und Ergonomie: Die Sitzposition ist bei einem City-Bike besonders wichtig. Ein leicht erh\u00f6hter Lenker und ein breiter, gut gepolsterter Sattel sorgen daf\u00fcr, dass man auch [&hellip;]<\/p>\n","protected":false},"author":29,"featured_media":34081,"comment_status":"open","ping_status":"open","sticky":false,"template":"","format":"standard","meta":[],"categories":[1,29],"tags":[],"yoast_head":"<!-- This site is optimized with the Yoast SEO plugin v19.10 - https:\/\/yoast.com\/wordpress\/plugins\/seo\/ -->\n<title>Die besten City-Bikes und City-E-Bikes 2024 im Test<\/title>\n<meta name=\"description\" content=\"Die besten City-Bikes und City-E-Bikes 2024 im \u00dcberblick: Finde das perfekte Modell f\u00fcr den urbanen Alltag. Tipps zu wichtigen Features und die Top-Modelle im Test!\" \/>\n<meta name=\"robots\" content=\"index, follow, max-snippet:-1, max-image-preview:large, max-video-preview:-1\" \/>\n<link rel=\"canonical\" href=\"https:\/\/www.fahrrad-xxl.at\/blog\/die-besten-city-bikes-und-city-e-bikes-2024-im-test\/\" \/>\n<meta property=\"og:locale\" content=\"de_DE\" \/>\n<meta property=\"og:type\" content=\"article\" \/>\n<meta property=\"og:title\" content=\"Die besten City-Bikes und City-E-Bikes 2024 im Test\" \/>\n<meta property=\"og:description\" content=\"Die besten City-Bikes und City-E-Bikes 2024 im \u00dcberblick: Finde das perfekte Modell f\u00fcr den urbanen Alltag. Tipps zu wichtigen Features und die Top-Modelle im Test!\" \/>\n<meta property=\"og:url\" content=\"https:\/\/www.fahrrad-xxl.at\/blog\/die-besten-city-bikes-und-city-e-bikes-2024-im-test\/\" \/>\n<meta property=\"og:site_name\" content=\"Fahrrad XXL AT Blog\" \/>\n<meta property=\"article:publisher\" content=\"https:\/\/www.facebook.com\/FahrradXXL\" \/>\n<meta property=\"article:published_time\" content=\"2025-01-28T09:26:48+00:00\" \/>\n<meta property=\"article:modified_time\" content=\"2025-01-28T09:28:48+00:00\" \/>\n<meta property=\"og:image\" content=\"https:\/\/www.fahrrad-xxl.at\/blog\/wp-content\/uploads\/2025\/01\/2434-Header-Blog-City-Bike-Test-03.jpg\" \/>\n\t<meta property=\"og:image:width\" content=\"2100\" \/>\n\t<meta property=\"og:image:height\" content=\"1400\" \/>\n\t<meta property=\"og:image:type\" content=\"image\/jpeg\" \/>\n<meta name=\"author\" content=\"Alicia\" \/>\n<meta name=\"twitter:card\" content=\"summary_large_image\" \/>\n<meta name=\"twitter:label1\" content=\"Verfasst von\" \/>\n\t<meta name=\"twitter:data1\" content=\"Alicia\" \/>\n\t<meta name=\"twitter:label2\" content=\"Gesch\u00e4tzte Lesezeit\" \/>\n\t<meta name=\"twitter:data2\" content=\"22\u00a0Minuten\" \/>\n<script type=\"application\/ld+json\" class=\"yoast-schema-graph\">{\"@context\":\"https:\/\/schema.org\",\"@graph\":[{\"@type\":\"Article\",\"@id\":\"https:\/\/www.fahrrad-xxl.at\/blog\/die-besten-city-bikes-und-city-e-bikes-2024-im-test\/#article\",\"isPartOf\":{\"@id\":\"https:\/\/www.fahrrad-xxl.at\/blog\/die-besten-city-bikes-und-city-e-bikes-2024-im-test\/\"},\"author\":{\"name\":\"Alicia\",\"@id\":\"https:\/\/www.fahrrad-xxl.at\/blog\/#\/schema\/person\/f4b754915dd65ad37f37994cdd21b14a\"},\"headline\":\"Die besten City-Bikes und City-E-Bikes 2024 im Test\",\"datePublished\":\"2025-01-28T09:26:48+00:00\",\"dateModified\":\"2025-01-28T09:28:48+00:00\",\"mainEntityOfPage\":{\"@id\":\"https:\/\/www.fahrrad-xxl.at\/blog\/die-besten-city-bikes-und-city-e-bikes-2024-im-test\/\"},\"wordCount\":4571,\"commentCount\":0,\"publisher\":{\"@id\":\"https:\/\/www.fahrrad-xxl.at\/blog\/#organization\"},\"articleSection\":{\"1\":\"News\/Interessantes\"},\"inLanguage\":\"de\",\"potentialAction\":[{\"@type\":\"CommentAction\",\"name\":\"Comment\",\"target\":[\"https:\/\/www.fahrrad-xxl.at\/blog\/die-besten-city-bikes-und-city-e-bikes-2024-im-test\/#respond\"]}]},{\"@type\":\"WebPage\",\"@id\":\"https:\/\/www.fahrrad-xxl.at\/blog\/die-besten-city-bikes-und-city-e-bikes-2024-im-test\/\",\"url\":\"https:\/\/www.fahrrad-xxl.at\/blog\/die-besten-city-bikes-und-city-e-bikes-2024-im-test\/\",\"name\":\"Die besten City-Bikes und City-E-Bikes 2024 im Test\",\"isPartOf\":{\"@id\":\"https:\/\/www.fahrrad-xxl.at\/blog\/#website\"},\"datePublished\":\"2025-01-28T09:26:48+00:00\",\"dateModified\":\"2025-01-28T09:28:48+00:00\",\"description\":\"Die besten City-Bikes und City-E-Bikes 2024 im \u00dcberblick: Finde das perfekte Modell f\u00fcr den urbanen Alltag. Tipps zu wichtigen Features und die Top-Modelle im Test!\",\"breadcrumb\":{\"@id\":\"https:\/\/www.fahrrad-xxl.at\/blog\/die-besten-city-bikes-und-city-e-bikes-2024-im-test\/#breadcrumb\"},\"inLanguage\":\"de\",\"potentialAction\":[{\"@type\":\"ReadAction\",\"target\":[\"https:\/\/www.fahrrad-xxl.at\/blog\/die-besten-city-bikes-und-city-e-bikes-2024-im-test\/\"]}]},{\"@type\":\"BreadcrumbList\",\"@id\":\"https:\/\/www.fahrrad-xxl.at\/blog\/die-besten-city-bikes-und-city-e-bikes-2024-im-test\/#breadcrumb\",\"itemListElement\":[{\"@type\":\"ListItem\",\"position\":1,\"name\":\"Startseite\",\"item\":\"https:\/\/www.fahrrad-xxl.at\/blog\/\"},{\"@type\":\"ListItem\",\"position\":2,\"name\":\"Die besten City-Bikes und City-E-Bikes 2024 im Test\"}]},{\"@type\":\"WebSite\",\"@id\":\"https:\/\/www.fahrrad-xxl.at\/blog\/#website\",\"url\":\"https:\/\/www.fahrrad-xxl.at\/blog\/\",\"name\":\"Fahrrad XXL AT Blog\",\"description\":\"Erleben | Testen | Losfahren\",\"publisher\":{\"@id\":\"https:\/\/www.fahrrad-xxl.at\/blog\/#organization\"},\"potentialAction\":[{\"@type\":\"SearchAction\",\"target\":{\"@type\":\"EntryPoint\",\"urlTemplate\":\"https:\/\/www.fahrrad-xxl.at\/blog\/?s={search_term_string}\"},\"query-input\":\"required name=search_term_string\"}],\"inLanguage\":\"de\"},{\"@type\":\"Organization\",\"@id\":\"https:\/\/www.fahrrad-xxl.at\/blog\/#organization\",\"name\":\"Fahrrad XXL\",\"url\":\"https:\/\/www.fahrrad-xxl.at\/blog\/\",\"logo\":{\"@type\":\"ImageObject\",\"inLanguage\":\"de\",\"@id\":\"https:\/\/www.fahrrad-xxl.at\/blog\/#\/schema\/logo\/image\/\",\"url\":\"https:\/\/www.fahrrad-xxl.at\/blog\/wp-content\/uploads\/2018\/03\/FXXL-Blog-Logo-100-c.png\",\"contentUrl\":\"https:\/\/www.fahrrad-xxl.at\/blog\/wp-content\/uploads\/2018\/03\/FXXL-Blog-Logo-100-c.png\",\"width\":450,\"height\":100,\"caption\":\"Fahrrad XXL\"},\"image\":{\"@id\":\"https:\/\/www.fahrrad-xxl.at\/blog\/#\/schema\/logo\/image\/\"},\"sameAs\":[\"https:\/\/www.instagram.com\/fahrradxxl\/\",\"https:\/\/www.youtube.com\/user\/FahrradXXLde\",\"https:\/\/www.facebook.com\/FahrradXXL\"]},{\"@type\":\"Person\",\"@id\":\"https:\/\/www.fahrrad-xxl.at\/blog\/#\/schema\/person\/f4b754915dd65ad37f37994cdd21b14a\",\"name\":\"Alicia\",\"description\":\"F\u00e4hrt gerne:\u00a0Stra\u00dfe, Feldwege Bikes:\u00a0Cube Nuroad, Canyon Endurace, Bianchi Aria Lieblings-Radrevier: Mallorca\",\"url\":\"https:\/\/www.fahrrad-xxl.at\/blog\/author\/a-freyfahrrad-xxl-de\/\"}]}<\/script>\n<!-- \/ Yoast SEO plugin. -->","yoast_head_json":{"title":"Die besten City-Bikes und City-E-Bikes 2024 im Test","description":"Die besten City-Bikes und City-E-Bikes 2024 im \u00dcberblick: Finde das perfekte Modell f\u00fcr den urbanen Alltag. Tipps zu wichtigen Features und die Top-Modelle im Test!","robots":{"index":"index","follow":"follow","max-snippet":"max-snippet:-1","max-image-preview":"max-image-preview:large","max-video-preview":"max-video-preview:-1"},"canonical":"https:\/\/www.fahrrad-xxl.at\/blog\/die-besten-city-bikes-und-city-e-bikes-2024-im-test\/","og_locale":"de_DE","og_type":"article","og_title":"Die besten City-Bikes und City-E-Bikes 2024 im Test","og_description":"Die besten City-Bikes und City-E-Bikes 2024 im \u00dcberblick: Finde das perfekte Modell f\u00fcr den urbanen Alltag. Tipps zu wichtigen Features und die Top-Modelle im Test!","og_url":"https:\/\/www.fahrrad-xxl.at\/blog\/die-besten-city-bikes-und-city-e-bikes-2024-im-test\/","og_site_name":"Fahrrad XXL AT Blog","article_publisher":"https:\/\/www.facebook.com\/FahrradXXL","article_published_time":"2025-01-28T09:26:48+00:00","article_modified_time":"2025-01-28T09:28:48+00:00","og_image":[{"width":2100,"height":1400,"url":"https:\/\/www.fahrrad-xxl.at\/blog\/wp-content\/uploads\/2025\/01\/2434-Header-Blog-City-Bike-Test-03.jpg","type":"image\/jpeg"}],"author":"Alicia","twitter_card":"summary_large_image","twitter_misc":{"Verfasst von":"Alicia","Gesch\u00e4tzte Lesezeit":"22\u00a0Minuten"},"schema":{"@context":"https:\/\/schema.org","@graph":[{"@type":"Article","@id":"https:\/\/www.fahrrad-xxl.at\/blog\/die-besten-city-bikes-und-city-e-bikes-2024-im-test\/#article","isPartOf":{"@id":"https:\/\/www.fahrrad-xxl.at\/blog\/die-besten-city-bikes-und-city-e-bikes-2024-im-test\/"},"author":{"name":"Alicia","@id":"https:\/\/www.fahrrad-xxl.at\/blog\/#\/schema\/person\/f4b754915dd65ad37f37994cdd21b14a"},"headline":"Die besten City-Bikes und City-E-Bikes 2024 im Test","datePublished":"2025-01-28T09:26:48+00:00","dateModified":"2025-01-28T09:28:48+00:00","mainEntityOfPage":{"@id":"https:\/\/www.fahrrad-xxl.at\/blog\/die-besten-city-bikes-und-city-e-bikes-2024-im-test\/"},"wordCount":4571,"commentCount":0,"publisher":{"@id":"https:\/\/www.fahrrad-xxl.at\/blog\/#organization"},"articleSection":{"1":"News\/Interessantes"},"inLanguage":"de","potentialAction":[{"@type":"CommentAction","name":"Comment","target":["https:\/\/www.fahrrad-xxl.at\/blog\/die-besten-city-bikes-und-city-e-bikes-2024-im-test\/#respond"]}]},{"@type":"WebPage","@id":"https:\/\/www.fahrrad-xxl.at\/blog\/die-besten-city-bikes-und-city-e-bikes-2024-im-test\/","url":"https:\/\/www.fahrrad-xxl.at\/blog\/die-besten-city-bikes-und-city-e-bikes-2024-im-test\/","name":"Die besten City-Bikes und City-E-Bikes 2024 im Test","isPartOf":{"@id":"https:\/\/www.fahrrad-xxl.at\/blog\/#website"},"datePublished":"2025-01-28T09:26:48+00:00","dateModified":"2025-01-28T09:28:48+00:00","description":"Die besten City-Bikes und City-E-Bikes 2024 im \u00dcberblick: Finde das perfekte Modell f\u00fcr den urbanen Alltag. Tipps zu wichtigen Features und die Top-Modelle im Test!","breadcrumb":{"@id":"https:\/\/www.fahrrad-xxl.at\/blog\/die-besten-city-bikes-und-city-e-bikes-2024-im-test\/#breadcrumb"},"inLanguage":"de","potentialAction":[{"@type":"ReadAction","target":["https:\/\/www.fahrrad-xxl.at\/blog\/die-besten-city-bikes-und-city-e-bikes-2024-im-test\/"]}]},{"@type":"BreadcrumbList","@id":"https:\/\/www.fahrrad-xxl.at\/blog\/die-besten-city-bikes-und-city-e-bikes-2024-im-test\/#breadcrumb","itemListElement":[{"@type":"ListItem","position":1,"name":"Startseite","item":"https:\/\/www.fahrrad-xxl.at\/blog\/"},{"@type":"ListItem","position":2,"name":"Die besten City-Bikes und City-E-Bikes 2024 im Test"}]},{"@type":"WebSite","@id":"https:\/\/www.fahrrad-xxl.at\/blog\/#website","url":"https:\/\/www.fahrrad-xxl.at\/blog\/","name":"Fahrrad XXL AT Blog","description":"Erleben | Testen | Losfahren","publisher":{"@id":"https:\/\/www.fahrrad-xxl.at\/blog\/#organization"},"potentialAction":[{"@type":"SearchAction","target":{"@type":"EntryPoint","urlTemplate":"https:\/\/www.fahrrad-xxl.at\/blog\/?s={search_term_string}"},"query-input":"required name=search_term_string"}],"inLanguage":"de"},{"@type":"Organization","@id":"https:\/\/www.fahrrad-xxl.at\/blog\/#organization","name":"Fahrrad XXL","url":"https:\/\/www.fahrrad-xxl.at\/blog\/","logo":{"@type":"ImageObject","inLanguage":"de","@id":"https:\/\/www.fahrrad-xxl.at\/blog\/#\/schema\/logo\/image\/","url":"https:\/\/www.fahrrad-xxl.at\/blog\/wp-content\/uploads\/2018\/03\/FXXL-Blog-Logo-100-c.png","contentUrl":"https:\/\/www.fahrrad-xxl.at\/blog\/wp-content\/uploads\/2018\/03\/FXXL-Blog-Logo-100-c.png","width":450,"height":100,"caption":"Fahrrad XXL"},"image":{"@id":"https:\/\/www.fahrrad-xxl.at\/blog\/#\/schema\/logo\/image\/"},"sameAs":["https:\/\/www.instagram.com\/fahrradxxl\/","https:\/\/www.youtube.com\/user\/FahrradXXLde","https:\/\/www.facebook.com\/FahrradXXL"]},{"@type":"Person","@id":"https:\/\/www.fahrrad-xxl.at\/blog\/#\/schema\/person\/f4b754915dd65ad37f37994cdd21b14a","name":"Alicia","description":"F\u00e4hrt gerne:\u00a0Stra\u00dfe, Feldwege Bikes:\u00a0Cube Nuroad, Canyon Endurace, Bianchi Aria Lieblings-Radrevier: Mallorca","url":"https:\/\/www.fahrrad-xxl.at\/blog\/author\/a-freyfahrrad-xxl-de\/"}]}},"_links":{"self":[{"href":"https:\/\/www.fahrrad-xxl.at\/blog\/wp-json\/wp\/v2\/posts\/34080"}],"collection":[{"href":"https:\/\/www.fahrrad-xxl.at\/blog\/wp-json\/wp\/v2\/posts"}],"about":[{"href":"https:\/\/www.fahrrad-xxl.at\/blog\/wp-json\/wp\/v2\/types\/post"}],"author":[{"embeddable":true,"href":"https:\/\/www.fahrrad-xxl.at\/blog\/wp-json\/wp\/v2\/users\/29"}],"replies":[{"embeddable":true,"href":"https:\/\/www.fahrrad-xxl.at\/blog\/wp-json\/wp\/v2\/comments?post=34080"}],"version-history":[{"count":1,"href":"https:\/\/www.fahrrad-xxl.at\/blog\/wp-json\/wp\/v2\/posts\/34080\/revisions"}],"predecessor-version":[{"id":34082,"href":"https:\/\/www.fahrrad-xxl.at\/blog\/wp-json\/wp\/v2\/posts\/34080\/revisions\/34082"}],"wp:featuredmedia":[{"embeddable":true,"href":"https:\/\/www.fahrrad-xxl.at\/blog\/wp-json\/wp\/v2\/media\/34081"}],"wp:attachment":[{"href":"https:\/\/www.fahrrad-xxl.at\/blog\/wp-json\/wp\/v2\/media?parent=34080"}],"wp:term":[{"taxonomy":"category","embeddable":true,"href":"https:\/\/www.fahrrad-xxl.at\/blog\/wp-json\/wp\/v2\/categories?post=34080"},{"taxonomy":"post_tag","embeddable":true,"href":"https:\/\/www.fahrrad-xxl.at\/blog\/wp-json\/wp\/v2\/tags?post=34080"}],"curies":[{"name":"wp","href":"https:\/\/api.w.org\/{rel}","templated":true}]}}